{"id":31483,"date":"2025-02-11T17:39:00","date_gmt":"2025-02-11T16:39:00","guid":{"rendered":"https:\/\/wp-es.poland.travel\/?p=31483"},"modified":"2025-05-07T12:32:30","modified_gmt":"2025-05-07T10:32:30","slug":"mas-alla-de-san-valentin","status":"publish","type":"post","link":"https:\/\/www.polonia.travel\/es\/mas-alla-de-san-valentin\/","title":{"rendered":"M\u00e1s all\u00e1 de San Valent\u00edn &#8211; viajes en pareja"},"content":{"rendered":"\n<div class=\"wp-block-group is-style-container-medium\"><div class=\"wp-block-group__inner-container is-layout-constrained wp-block-group-is-layout-constrained\">\n<h2 class=\"wp-block-heading\">M\u00e1s all\u00e1 de San Valent\u00edn &#8211; viajes en pareja<\/h2>\n<\/div><\/div>\n\n\n\n<div style=\"height:100px\" aria-hidden=\"true\" class=\"wp-block-spacer is-style-spacer-small\"><\/div>\n\n\n\n<div class=\"wp-block-group is-style-container-medium\"><div class=\"wp-block-group__inner-container is-layout-constrained wp-block-group-is-layout-constrained\">\n<p>El San Valent\u00edn ha ganado mucha popularidad para hacer planes en pareja. Nuestras propuestas de cinco y m\u00e1s planes rom\u00e1nticos en Polonia os permiten celebrar el d\u00eda de los enamorados durante todo el a\u00f1o.<\/p>\n<\/div><\/div>\n\n\n\n<div style=\"height:100px\" aria-hidden=\"true\" class=\"wp-block-spacer is-style-spacer-medium\"><\/div>\n\n\n\n<h3 class=\"wp-block-heading has-text-align-center\">El Jard\u00edn Real de Lazienki, Varsovia<\/h3>\n\n\n\n<div class=\"wp-block-group is-style-container-medium\"><div class=\"wp-block-group__inner-container is-layout-constrained wp-block-group-is-layout-constrained\">\n<figure class=\"wp-block-image size-large\"><img loading=\"lazy\" decoding=\"async\" width=\"1200\" height=\"801\" src=\"https:\/\/www.polonia.travel\/es\/wp-content\/uploads\/sites\/18\/2024\/04\/wot_photos_010_01-1200x801.jpg\" alt=\"\" class=\"wp-image-36103\" srcset=\"https:\/\/www.polonia.travel\/es\/wp-content\/uploads\/sites\/18\/2024\/04\/wot_photos_010_01-1200x801.jpg 1200w, https:\/\/www.polonia.travel\/es\/wp-content\/uploads\/sites\/18\/2024\/04\/wot_photos_010_01-600x400.jpg 600w, https:\/\/www.polonia.travel\/es\/wp-content\/uploads\/sites\/18\/2024\/04\/wot_photos_010_01-768x513.jpg 768w, https:\/\/www.polonia.travel\/es\/wp-content\/uploads\/sites\/18\/2024\/04\/wot_photos_010_01.jpg 1500w\" sizes=\"auto, (max-width: 1200px) 100vw, 1200px\" \/><\/figure>\n<\/div><\/div>\n\n\n\n<p class=\"has-text-align-center\">&nbsp;<\/p>\n\n\n\n<div class=\"wp-block-group is-style-container-medium\"><div class=\"wp-block-group__inner-container is-layout-constrained wp-block-group-is-layout-constrained\">\n<p>Un extenso y tranquilo parque de estilo ingl\u00e9s, un palacio cuya silueta se refleja en el agua y la m\u00fasica del rom\u00e1ntico Chopin, acompa\u00f1ada del ligero viento que juega entre las hojas de los \u00e1rboles. Este es un enclave natural en el coraz\u00f3n de Varsovia que os proporcionar\u00e1 un matiz de lo m\u00e1s rom\u00e1ntico de la capital de Polonia. Disfr\u00fatalo cada domingo desde mediados de mayo hasta mediados de septiembre asistiendo&nbsp;a los conciertos (gratuitos) debajo del monumento dedicado al compositor. Aprovecha este &#8222;pulm\u00f3n verde&#8221; de Varsovia para descubrir m\u00e1s rincones del <strong>Jard\u00edn&nbsp;Real de Lazienki<\/strong> con toda su flora y fauna (patos, pavos reales y ardillas que en Polonia responden al nombre de &#8222;Basia, Basia&#8221;), puedes hacerlo andando o en un barquito navegando por los estanques. Visita el Palacio sobre el Agua y ac\u00e9rcate al Teatro Griego: \u00bfquiz\u00e1s te inspirar\u00e1 a hacer una rom\u00e1ntica declaraci\u00f3n? Una merienda al aire libre o elegante comida o cena en el antiguo invernadero real en el restaurante Belvedere, \u00bfno te parece rom\u00e1ntico tambi\u00e9n?<\/p>\n<\/div><\/div>\n\n\n\n<div style=\"height:100px\" aria-hidden=\"true\" class=\"wp-block-spacer is-style-spacer-small\"><\/div>\n\n\n\n<div class=\"wp-block-group is-style-container-medium\"><div class=\"wp-block-group__inner-container is-layout-constrained wp-block-group-is-layout-constrained\">\n<p><span style=\"text-decoration: underline\">Nota pr\u00e1ctica para los rom\u00e1nticos<\/span>:&nbsp;<\/p>\n\n\n\n<p><span style=\"font-size: 10pt\"><em>El Jard\u00edn Real de Lazienki se encuentra en la <strong>Ruta Real<\/strong> que empieza en la Plaza del Castillo y termina en el Palacio de Wilan\u00f3w, La ruta es larga y probablemente necesitar\u00e1s utilizar el transporte p\u00fablico para llegar a una de las puertas de entrada al parque. Si te alojas en el centro moderno de la ciudad cercano a la <strong>calle Aleje Ujazdowskie<\/strong>, puedes acceder a este parque andando y visitar m\u00e1s espacios verdes contiguos (<strong>El Jard\u00edn Bot\u00e1nico, el Parque y Castillo Ujazdowski<\/strong>). Es recomendable utilizar diferentes puertas de entrada y de salida para disfrutar de la naturaleza y los monumentos del lugar. Si el primer punto de la visita es el concierto del domingo, utiliza la entrada de la calle&nbsp;Aleje Ujazdowskie (la <strong>parada del bus Lazienki Kr\u00f3lewskie<\/strong>) y para volver al centro, la salida por la puerta norte hacia la calle Szwolezer\u00f3w.<\/em><\/span><\/p>\n<\/div><\/div>\n\n\n\n<p>&nbsp;<\/p>\n\n\n\n<div style=\"height:100px\" aria-hidden=\"true\" class=\"wp-block-spacer is-style-spacer-medium\"><\/div>\n\n\n\n<p class=\"has-text-align-center\"><\/p>\n\n\n\n<h3 class=\"wp-block-heading has-text-align-center\">Escapada con encanto a Kazimierz Dolny<\/h3>\n\n\n\n<div class=\"wp-block-group is-style-container-medium\"><div class=\"wp-block-group__inner-container is-layout-constrained wp-block-group-is-layout-constrained\">\n<figure class=\"wp-block-image size-full\"><img loading=\"lazy\" decoding=\"async\" width=\"1170\" height=\"780\" src=\"https:\/\/www.polonia.travel\/es\/wp-content\/uploads\/sites\/18\/2022\/12\/kazimierz_dolny_panorama_1170-2.jpg\" alt=\"\" class=\"wp-image-10348\" srcset=\"https:\/\/www.polonia.travel\/es\/wp-content\/uploads\/sites\/18\/2022\/12\/kazimierz_dolny_panorama_1170-2.jpg 1170w, https:\/\/www.polonia.travel\/es\/wp-content\/uploads\/sites\/18\/2022\/12\/kazimierz_dolny_panorama_1170-2-600x400.jpg 600w, https:\/\/www.polonia.travel\/es\/wp-content\/uploads\/sites\/18\/2022\/12\/kazimierz_dolny_panorama_1170-2-768x512.jpg 768w\" sizes=\"auto, (max-width: 1170px) 100vw, 1170px\" \/><\/figure>\n<\/div><\/div>\n\n\n\n<div class=\"wp-block-group is-style-container-medium\"><div class=\"wp-block-group__inner-container is-layout-constrained wp-block-group-is-layout-constrained\">\n<p>Aunque el&nbsp;Jard\u00edn Real de Lazienki es muy pintoresco, los artistas de Varsovia encontraron otro punto de inspiraci\u00f3n en la peque\u00f1a <strong>Kazimierz Dolny<\/strong>, a 130 km de la capital. No es solamente su cuco casco antiguo y antiguos graneros que han llamado su atenci\u00f3n, sino tambi\u00e9n los espectaculares atardeceres sobre el soberbio r\u00edo V\u00edstula que pasa por la ciudad y los peculiares valles (&#8222;gargantas&#8221;) propios de una zona cercana a un r\u00edo salvaje. De hecho, en el Parque Natural de Kazimierz se encuentra la mayor concentraci\u00f3n de este tipo de gargantas de Europa y la ribera del V\u00edstula es aqu\u00ed de lo m\u00e1s pintoresca del pa\u00eds.<\/p>\n<\/div><\/div>\n\n\n\n<div style=\"height:100px\" aria-hidden=\"true\" class=\"wp-block-spacer\"><\/div>\n\n\n\n<h3 class=\"wp-block-heading has-text-align-center\">A semejanza de una ciudad renacentista italiana<\/h3>\n\n\n\n<div class=\"wp-block-group is-style-container-medium\"><div class=\"wp-block-group__inner-container is-layout-constrained wp-block-group-is-layout-constrained\">\n<figure class=\"wp-block-image size-full\"><img loading=\"lazy\" decoding=\"async\" width=\"1170\" height=\"780\" src=\"https:\/\/www.polonia.travel\/es\/wp-content\/uploads\/sites\/18\/2023\/07\/HERITAGE_0000_347813400_Zamosc_Adobe.jpg\" alt=\"\" class=\"wp-image-27836\" srcset=\"https:\/\/www.polonia.travel\/es\/wp-content\/uploads\/sites\/18\/2023\/07\/HERITAGE_0000_347813400_Zamosc_Adobe.jpg 1170w, https:\/\/www.polonia.travel\/es\/wp-content\/uploads\/sites\/18\/2023\/07\/HERITAGE_0000_347813400_Zamosc_Adobe-600x400.jpg 600w, https:\/\/www.polonia.travel\/es\/wp-content\/uploads\/sites\/18\/2023\/07\/HERITAGE_0000_347813400_Zamosc_Adobe-768x512.jpg 768w\" sizes=\"auto, (max-width: 1170px) 100vw, 1170px\" \/><\/figure>\n<\/div><\/div>\n\n\n\n<div style=\"height:100px\" aria-hidden=\"true\" class=\"wp-block-spacer is-style-spacer-small\"><\/div>\n\n\n\n<div class=\"wp-block-group is-style-container-medium\"><div class=\"wp-block-group__inner-container is-layout-constrained wp-block-group-is-layout-constrained\">\n<p>Encontrarte en la Plaza del Ayuntamiento de <strong>Zamo\u015b\u0107<\/strong>&nbsp;te traslada al renacimiento puro: el arquitecto italiano Bernardo Morando, siguiendo las directrices de Jan Zamoyski, construye una ciudad ideal a semejanza de las ciudades comerciales italianas, pero con toques centroeuropeos. Los colores de las fachadas de las casas de los comerciantes m\u00e1s notables de la ciudad son mucho m\u00e1s vivos y crean el ambiente m\u00e1s festivo y de feria. La ciudad en s\u00ed conserva tambi\u00e9n una fortaleza y los alrededores, el<strong> Parque Nacional de Roztocze<\/strong>. \u00bfPor qu\u00e9 lo recomendamos como un plan rom\u00e1ntico? Si te gusta viajar sin prisa, descubrir nuevas rutas, visitar ciudades monumentales y disfrutar de todas las actividades que ofrecen espacios naturales no masificados, ser\u00e1 todo un descubrimiento pasar algunos ratos agradables tanto en Kazimierz Dolny como en&nbsp;<strong>Zamo\u015b\u0107.<\/strong><\/p>\n<\/div><\/div>\n\n\n\n<div style=\"height:100px\" aria-hidden=\"true\" class=\"wp-block-spacer is-style-spacer-small\"><\/div>\n\n\n\n<div class=\"wp-block-group is-style-container-medium\"><div class=\"wp-block-group__inner-container is-layout-constrained wp-block-group-is-layout-constrained\">\n<p><span style=\"text-decoration: underline\">Nota pr\u00e1ctica para los rom\u00e1nticos<\/span>:&nbsp;<\/p>\n\n\n\n<p><span style=\"font-size: 10pt\"><em>Recomendado hacer esta ruta desde Varsovia en coche, siguiendo al curso del V\u00edstula para llegar por el camino m\u00e1s largo hasta Cracovia. Lo propio ser\u00eda programar hasta cuatro noches en ruta ya que adem\u00e1s de las visitas a Kazimierz y a Zamosc (a 150 km), hay m\u00e1s lugares de inter\u00e9s, como el Palacio de Kozl\u00f3wka, el balneario de Nalecz\u00f3w o la capital de la regi\u00f3n, Lublin.&nbsp;<\/em><\/span><\/p>\n<\/div><\/div>\n\n\n\n<p>&nbsp;<\/p>\n\n\n\n<div style=\"height:100px\" aria-hidden=\"true\" class=\"wp-block-spacer is-style-spacer-medium\"><\/div>\n\n\n\n<h3 class=\"wp-block-heading has-text-align-center\">Los lagos de Masuria<\/h3>\n\n\n\n<p class=\"has-text-align-center\"><\/p>\n\n\n\n<div class=\"wp-block-group is-style-container-medium\"><div class=\"wp-block-group__inner-container is-layout-constrained wp-block-group-is-layout-constrained\">\n<figure class=\"wp-block-image size-full\"><img loading=\"lazy\" decoding=\"async\" width=\"1170\" height=\"780\" src=\"https:\/\/www.polonia.travel\/es\/wp-content\/uploads\/sites\/18\/2024\/04\/298606150_Mazury_Adobe.jpg\" alt=\"\" class=\"wp-image-33562\" srcset=\"https:\/\/www.polonia.travel\/es\/wp-content\/uploads\/sites\/18\/2024\/04\/298606150_Mazury_Adobe.jpg 1170w, https:\/\/www.polonia.travel\/es\/wp-content\/uploads\/sites\/18\/2024\/04\/298606150_Mazury_Adobe-600x400.jpg 600w, https:\/\/www.polonia.travel\/es\/wp-content\/uploads\/sites\/18\/2024\/04\/298606150_Mazury_Adobe-768x512.jpg 768w\" sizes=\"auto, (max-width: 1170px) 100vw, 1170px\" \/><\/figure>\n<\/div><\/div>\n\n\n\n<p class=\"has-text-align-center\">&nbsp;<\/p>\n\n\n\n<div class=\"wp-block-group is-style-container-medium\"><div class=\"wp-block-group__inner-container is-layout-constrained wp-block-group-is-layout-constrained\">\n<p>El verde de los bosques, el azul del cielo y del agua, el amarillo de los campos de colza en flor. Una escapada a los lagos de Masuria ofrece muchas actividades sin dejar de lado el toque rom\u00e1ntico que buscas. Lo puedes encontrar en un castillo g\u00f3tico convertido en un lujoso hotel (hotel Ryn), en navegar tranquilamente en un barquito o canoa, o surcar el agua con el viento entre las velas; buscar frutos del bosque; encontrar una reconfortante sombra despu\u00e9s de una caminata o hacer el alto en el camino ciclista; ba\u00f1arte en un tranquilo lago al atardecer e ir despidiendo el d\u00eda, sin prisas, al lado de una fogata al aire libre preparando una cena informal, s\u00f3lo t\u00fa y la gente que quieres y aprecias.<\/p>\n<\/div><\/div>\n\n\n\n<div style=\"height:100px\" aria-hidden=\"true\" class=\"wp-block-spacer is-style-spacer-small\"><\/div>\n\n\n\n<div class=\"wp-block-group is-style-container-medium\"><div class=\"wp-block-group__inner-container is-layout-constrained wp-block-group-is-layout-constrained\">\n<p>Nota pr\u00e1ctica para los rom\u00e1nticos:<\/p>\n\n\n\n<p><span style=\"font-size: 10pt\"><em>Esta regi\u00f3n fue finalista en las Siete Nuevas Maravillas de la Naturaleza y es un destino sobre todo para descansar de manera activa y en contacto con la naturaleza. Encontrar\u00e1s m\u00e1s informaci\u00f3n en este <a href=\"\/es\/regiones\/warmia-y-masuria-los-tres-colores\">enlace<\/a>.<\/em><\/span><\/p>\n<\/div><\/div>\n\n\n\n<p>&nbsp;<\/p>\n\n\n\n<h3 class=\"wp-block-heading has-text-align-center\">Wroc\u0142aw y el Puente de los Enamorados<\/h3>\n\n\n\n<p class=\"has-text-align-center\"><\/p>\n\n\n\n<div class=\"wp-block-group is-style-container-medium\"><div class=\"wp-block-group__inner-container is-layout-constrained wp-block-group-is-layout-constrained\">\n<figure class=\"wp-block-image size-large\"><img loading=\"lazy\" decoding=\"async\" width=\"1200\" height=\"768\" src=\"https:\/\/www.polonia.travel\/es\/wp-content\/uploads\/sites\/18\/2024\/04\/Wroclaw202-1200x768.jpg\" alt=\"\" class=\"wp-image-32998\" srcset=\"https:\/\/www.polonia.travel\/es\/wp-content\/uploads\/sites\/18\/2024\/04\/Wroclaw202-1200x768.jpg 1200w, https:\/\/www.polonia.travel\/es\/wp-content\/uploads\/sites\/18\/2024\/04\/Wroclaw202-600x384.jpg 600w, https:\/\/www.polonia.travel\/es\/wp-content\/uploads\/sites\/18\/2024\/04\/Wroclaw202-768x491.jpg 768w, https:\/\/www.polonia.travel\/es\/wp-content\/uploads\/sites\/18\/2024\/04\/Wroclaw202-1536x982.jpg 1536w, https:\/\/www.polonia.travel\/es\/wp-content\/uploads\/sites\/18\/2024\/04\/Wroclaw202.jpg 1601w\" sizes=\"auto, (max-width: 1200px) 100vw, 1200px\" \/><\/figure>\n<\/div><\/div>\n\n\n\n<div style=\"height:100px\" aria-hidden=\"true\" class=\"wp-block-spacer is-style-spacer-small\"><\/div>\n\n\n\n<div class=\"wp-block-group is-style-container-medium\"><div class=\"wp-block-group__inner-container is-layout-constrained wp-block-group-is-layout-constrained\">\n<p>Este puente une el casco antiguo de Wroc\u0142aw (Breslavia) con una isla en el r\u00edo Odra, que albergaba desde hace mil a\u00f1os las sedes de instituciones eclesi\u00e1sticas. Sea por ese simbolismo de unir lo sacro con lo profano, las parejas de enamorados &#8222;adoptaron&#8221; el lugar para presentar all\u00ed las muestras del amor mutuo en forma de candados. La tradici\u00f3n se volvi\u00f3 tan popular que peri\u00f3dicamente hay que guardar los candados en almacenes municipales, para que el puente no caiga bajo tal carga (\u00a1tambi\u00e9n afectiva!). No es el \u00fanico lugar rom\u00e1ntico en la ciudad. Seguir a las peque\u00f1as figuritas de los gnomos que se esconden en varios rincones de Wroc\u0142aw, pasear por el Jard\u00edn Japon\u00e9s o cenar en un elegante restaurante a\u00f1aden un toque rom\u00e1ntico a la visita a una ciudad que no decepciona a nadie y seduce al visitante en cualquier \u00e9poca del a\u00f1o.&nbsp;<\/p>\n<\/div><\/div>\n\n\n\n<div style=\"height:100px\" aria-hidden=\"true\" class=\"wp-block-spacer\"><\/div>\n\n\n\n<div class=\"wp-block-group is-style-container-medium\"><div class=\"wp-block-group__inner-container is-layout-constrained wp-block-group-is-layout-constrained\">\n<div class=\"img-gallery-title rs_skip\">M\u00e1s sugerencias<\/div>\n<\/div><\/div>\n\n\n\n<div class=\"wp-block-group is-style-container-medium\"><div class=\"wp-block-group__inner-container is-layout-constrained wp-block-group-is-layout-constrained\">\n<figure class=\"wp-block-gallery has-nested-images columns-default is-cropped wp-block-gallery-1 is-layout-flex wp-block-gallery-is-layout-flex\">\n<figure class=\"wp-block-image size-large\"><img loading=\"lazy\" decoding=\"async\" width=\"1170\" height=\"780\" data-id=\"7032\" src=\"https:\/\/www.polonia.travel\/es\/wp-content\/uploads\/sites\/18\/2022\/12\/zamek_moszna_odbicie_1170.jpg\" alt=\"\" class=\"wp-image-7032\" srcset=\"https:\/\/www.polonia.travel\/es\/wp-content\/uploads\/sites\/18\/2022\/12\/zamek_moszna_odbicie_1170.jpg 1170w, https:\/\/www.polonia.travel\/es\/wp-content\/uploads\/sites\/18\/2022\/12\/zamek_moszna_odbicie_1170-600x400.jpg 600w, https:\/\/www.polonia.travel\/es\/wp-content\/uploads\/sites\/18\/2022\/12\/zamek_moszna_odbicie_1170-768x512.jpg 768w\" sizes=\"auto, (max-width: 1170px) 100vw, 1170px\" \/><figcaption class=\"wp-element-caption\">Moszna, el castillo al estilo Disney<\/figcaption><\/figure>\n\n\n\n<figure class=\"wp-block-image size-large\"><img loading=\"lazy\" decoding=\"async\" width=\"1200\" height=\"800\" data-id=\"34081\" src=\"https:\/\/www.polonia.travel\/es\/wp-content\/uploads\/sites\/18\/2024\/05\/20170701_Zakopane_kosciol_Jaszczurowka_AB_HR-1200x800.jpg\" alt=\"\" class=\"wp-image-34081\" srcset=\"https:\/\/www.polonia.travel\/es\/wp-content\/uploads\/sites\/18\/2024\/05\/20170701_Zakopane_kosciol_Jaszczurowka_AB_HR-1200x800.jpg 1200w, https:\/\/www.polonia.travel\/es\/wp-content\/uploads\/sites\/18\/2024\/05\/20170701_Zakopane_kosciol_Jaszczurowka_AB_HR-600x400.jpg 600w, https:\/\/www.polonia.travel\/es\/wp-content\/uploads\/sites\/18\/2024\/05\/20170701_Zakopane_kosciol_Jaszczurowka_AB_HR-768x512.jpg 768w, https:\/\/www.polonia.travel\/es\/wp-content\/uploads\/sites\/18\/2024\/05\/20170701_Zakopane_kosciol_Jaszczurowka_AB_HR-1536x1024.jpg 1536w, https:\/\/www.polonia.travel\/es\/wp-content\/uploads\/sites\/18\/2024\/05\/20170701_Zakopane_kosciol_Jaszczurowka_AB_HR-1920x1280.jpg 1920w, https:\/\/www.polonia.travel\/es\/wp-content\/uploads\/sites\/18\/2024\/05\/20170701_Zakopane_kosciol_Jaszczurowka_AB_HR.jpg 2000w\" sizes=\"auto, (max-width: 1200px) 100vw, 1200px\" \/><figcaption class=\"wp-element-caption\">Zakopane, relax en los Montes Tatra<\/figcaption><\/figure>\n\n\n\n<figure class=\"wp-block-image size-large\"><img loading=\"lazy\" decoding=\"async\" width=\"1200\" height=\"798\" data-id=\"36104\" src=\"https:\/\/www.polonia.travel\/es\/wp-content\/uploads\/sites\/18\/2024\/04\/Chelmno-rynek-z-fary-fot-e-pawelecDSC_3820-1200x798.jpg\" alt=\"\" class=\"wp-image-36104\" srcset=\"https:\/\/www.polonia.travel\/es\/wp-content\/uploads\/sites\/18\/2024\/04\/Chelmno-rynek-z-fary-fot-e-pawelecDSC_3820-1200x798.jpg 1200w, https:\/\/www.polonia.travel\/es\/wp-content\/uploads\/sites\/18\/2024\/04\/Chelmno-rynek-z-fary-fot-e-pawelecDSC_3820-600x399.jpg 600w, https:\/\/www.polonia.travel\/es\/wp-content\/uploads\/sites\/18\/2024\/04\/Chelmno-rynek-z-fary-fot-e-pawelecDSC_3820-768x511.jpg 768w, https:\/\/www.polonia.travel\/es\/wp-content\/uploads\/sites\/18\/2024\/04\/Chelmno-rynek-z-fary-fot-e-pawelecDSC_3820-1536x1021.jpg 1536w, https:\/\/www.polonia.travel\/es\/wp-content\/uploads\/sites\/18\/2024\/04\/Chelmno-rynek-z-fary-fot-e-pawelecDSC_3820-2048x1362.jpg 2048w, https:\/\/www.polonia.travel\/es\/wp-content\/uploads\/sites\/18\/2024\/04\/Chelmno-rynek-z-fary-fot-e-pawelecDSC_3820-1920x1277.jpg 1920w\" sizes=\"auto, (max-width: 1200px) 100vw, 1200px\" \/><figcaption class=\"wp-element-caption\">Che\u0142mno, la ciudad de los enamorados<\/figcaption><\/figure>\n\n\n\n<figure class=\"wp-block-image size-large\"><img loading=\"lazy\" decoding=\"async\" width=\"1200\" height=\"800\" data-id=\"36105\" src=\"https:\/\/www.polonia.travel\/es\/wp-content\/uploads\/sites\/18\/2024\/04\/44HOTEL-BANIA-TERMA-XII-2014-fot.Szymon-Polanski_HR-1200x800.jpg\" alt=\"\" class=\"wp-image-36105\" srcset=\"https:\/\/www.polonia.travel\/es\/wp-content\/uploads\/sites\/18\/2024\/04\/44HOTEL-BANIA-TERMA-XII-2014-fot.Szymon-Polanski_HR-1200x800.jpg 1200w, https:\/\/www.polonia.travel\/es\/wp-content\/uploads\/sites\/18\/2024\/04\/44HOTEL-BANIA-TERMA-XII-2014-fot.Szymon-Polanski_HR-600x400.jpg 600w, https:\/\/www.polonia.travel\/es\/wp-content\/uploads\/sites\/18\/2024\/04\/44HOTEL-BANIA-TERMA-XII-2014-fot.Szymon-Polanski_HR-768x512.jpg 768w, https:\/\/www.polonia.travel\/es\/wp-content\/uploads\/sites\/18\/2024\/04\/44HOTEL-BANIA-TERMA-XII-2014-fot.Szymon-Polanski_HR-1536x1024.jpg 1536w, https:\/\/www.polonia.travel\/es\/wp-content\/uploads\/sites\/18\/2024\/04\/44HOTEL-BANIA-TERMA-XII-2014-fot.Szymon-Polanski_HR-2048x1365.jpg 2048w, https:\/\/www.polonia.travel\/es\/wp-content\/uploads\/sites\/18\/2024\/04\/44HOTEL-BANIA-TERMA-XII-2014-fot.Szymon-Polanski_HR-1920x1280.jpg 1920w\" sizes=\"auto, (max-width: 1200px) 100vw, 1200px\" \/><figcaption class=\"wp-element-caption\">Ba\u00f1os termales en el sur de Polonia<\/figcaption><\/figure>\n\n\n\n<figure class=\"wp-block-image size-large\"><img loading=\"lazy\" decoding=\"async\" width=\"1170\" height=\"779\" data-id=\"24566\" src=\"https:\/\/www.polonia.travel\/es\/wp-content\/uploads\/sites\/18\/2023\/04\/Tyniec_GettyImages-938070996.jpg\" alt=\"Opactwo w Ty\u0144cu\" class=\"wp-image-24566\" srcset=\"https:\/\/www.polonia.travel\/es\/wp-content\/uploads\/sites\/18\/2023\/04\/Tyniec_GettyImages-938070996.jpg 1170w, https:\/\/www.polonia.travel\/es\/wp-content\/uploads\/sites\/18\/2023\/04\/Tyniec_GettyImages-938070996-600x399.jpg 600w, https:\/\/www.polonia.travel\/es\/wp-content\/uploads\/sites\/18\/2023\/04\/Tyniec_GettyImages-938070996-768x511.jpg 768w\" sizes=\"auto, (max-width: 1170px) 100vw, 1170px\" \/><figcaption class=\"wp-element-caption\">Crucero por el V\u00edstula en la zona de Cracovia<\/figcaption><\/figure>\n<\/figure>\n<\/div><\/div>\n\n\n\n<p class=\"has-text-align-center\">&nbsp;<\/p>\n\n\n\n<p class=\"has-text-align-center\">&nbsp;<\/p>\n\n\n\n<p>&nbsp;<\/p>\n\n\n\n<p>&nbsp;<\/p>\n\n\n","protected":false},"excerpt":{"rendered":"<p>M\u00e1s all\u00e1 de San Valent\u00edn &#8211; viajes en pareja El San Valent\u00edn ha ganado mucha popularidad para hacer planes en pareja. Nuestras propuestas de cinco y m\u00e1s planes rom\u00e1nticos en Polonia os permiten celebrar el d\u00eda de los enamorados durante todo el a\u00f1o. El Jard\u00edn Real de Lazienki, Varsovia &nbsp; Un extenso y tranquilo parque [&hellip;]<\/p>\n","protected":false},"author":1,"featured_media":33839,"comment_status":"open","ping_status":"open","sticky":false,"template":"","format":"standard","meta":{"_acf_changed":false,"footnotes":""},"categories":[1220],"class_list":["post-31483","post","type-post","status-publish","format-standard","has-post-thumbnail","hentry","category-rutas-tematicas"],"acf":[],"yoast_head":"<!-- This site is optimized with the Yoast SEO plugin v27.4 - https:\/\/yoast.com\/product\/yoast-seo-wordpress\/ -->\n<title>M\u00e1s all\u00e1 de San Valent\u00edn - viajes en pareja - Polonia Travel (ES)<\/title>\n<meta name=\"robots\" content=\"index, follow, max-snippet:-1, max-image-preview:large, max-video-preview:-1\" \/>\n<link rel=\"canonical\" href=\"https:\/\/www.polonia.travel\/es\/mas-alla-de-san-valentin\/\" \/>\n<meta property=\"og:locale\" content=\"pl_PL\" \/>\n<meta property=\"og:type\" content=\"article\" \/>\n<meta property=\"og:title\" content=\"M\u00e1s all\u00e1 de San Valent\u00edn - viajes en pareja - Polonia Travel (ES)\" \/>\n<meta property=\"og:description\" content=\"M\u00e1s all\u00e1 de San Valent\u00edn &#8211; viajes en pareja El San Valent\u00edn ha ganado mucha popularidad para hacer planes en pareja. Nuestras propuestas de cinco y m\u00e1s planes rom\u00e1nticos en Polonia os permiten celebrar el d\u00eda de los enamorados durante todo el a\u00f1o. El Jard\u00edn Real de Lazienki, Varsovia &nbsp; Un extenso y tranquilo parque [&hellip;]\" \/>\n<meta property=\"og:url\" content=\"https:\/\/www.polonia.travel\/es\/mas-alla-de-san-valentin\/\" \/>\n<meta property=\"og:site_name\" content=\"Polonia Travel (ES)\" \/>\n<meta property=\"article:published_time\" content=\"2025-02-11T16:39:00+00:00\" \/>\n<meta property=\"article:modified_time\" content=\"2025-05-07T10:32:30+00:00\" \/>\n<meta property=\"og:image\" content=\"https:\/\/www.polonia.travel\/es\/wp-content\/uploads\/sites\/18\/2024\/04\/Lodz_Para_GettyImages-513252262.jpg\" \/>\n\t<meta property=\"og:image:width\" content=\"1170\" \/>\n\t<meta property=\"og:image:height\" content=\"779\" \/>\n\t<meta property=\"og:image:type\" content=\"image\/jpeg\" \/>\n<meta name=\"twitter:card\" content=\"summary_large_image\" \/>\n<meta name=\"twitter:label1\" content=\"Napisane przez\" \/>\n\t<meta name=\"twitter:data1\" content=\"\" \/>\n\t<meta name=\"twitter:label2\" content=\"Szacowany czas czytania\" \/>\n\t<meta name=\"twitter:data2\" content=\"9 minut\" \/>\n<script type=\"application\/ld+json\" class=\"yoast-schema-graph\">{\"@context\":\"https:\\\/\\\/schema.org\",\"@graph\":[{\"@type\":\"Article\",\"@id\":\"https:\\\/\\\/www.polonia.travel\\\/es\\\/mas-alla-de-san-valentin\\\/#article\",\"isPartOf\":{\"@id\":\"https:\\\/\\\/www.polonia.travel\\\/es\\\/mas-alla-de-san-valentin\\\/\"},\"author\":{\"name\":\"\",\"@id\":\"\"},\"headline\":\"M\u00e1s all\u00e1 de San Valent\u00edn &#8211; viajes en pareja\",\"datePublished\":\"2025-02-11T16:39:00+00:00\",\"dateModified\":\"2025-05-07T10:32:30+00:00\",\"mainEntityOfPage\":{\"@id\":\"https:\\\/\\\/www.polonia.travel\\\/es\\\/mas-alla-de-san-valentin\\\/\"},\"wordCount\":1171,\"commentCount\":0,\"publisher\":{\"@id\":\"https:\\\/\\\/www.polonia.travel\\\/es\\\/#organization\"},\"image\":{\"@id\":\"https:\\\/\\\/www.polonia.travel\\\/es\\\/mas-alla-de-san-valentin\\\/#primaryimage\"},\"thumbnailUrl\":\"https:\\\/\\\/www.polonia.travel\\\/es\\\/wp-content\\\/uploads\\\/sites\\\/18\\\/2024\\\/04\\\/Lodz_Para_GettyImages-513252262.jpg\",\"keywords\":[\"es\",\"que-hacer-en-polonia\"],\"articleSection\":[\"Rutas tem\u00e1ticas\"],\"inLanguage\":\"pl-PL\"},{\"@type\":\"WebPage\",\"@id\":\"https:\\\/\\\/www.polonia.travel\\\/es\\\/mas-alla-de-san-valentin\\\/\",\"url\":\"https:\\\/\\\/www.polonia.travel\\\/es\\\/mas-alla-de-san-valentin\\\/\",\"name\":\"M\u00e1s all\u00e1 de San Valent\u00edn - viajes en pareja - Polonia Travel (ES)\",\"isPartOf\":{\"@id\":\"https:\\\/\\\/www.polonia.travel\\\/es\\\/#website\"},\"primaryImageOfPage\":{\"@id\":\"https:\\\/\\\/www.polonia.travel\\\/es\\\/mas-alla-de-san-valentin\\\/#primaryimage\"},\"image\":{\"@id\":\"https:\\\/\\\/www.polonia.travel\\\/es\\\/mas-alla-de-san-valentin\\\/#primaryimage\"},\"thumbnailUrl\":\"https:\\\/\\\/www.polonia.travel\\\/es\\\/wp-content\\\/uploads\\\/sites\\\/18\\\/2024\\\/04\\\/Lodz_Para_GettyImages-513252262.jpg\",\"datePublished\":\"2025-02-11T16:39:00+00:00\",\"dateModified\":\"2025-05-07T10:32:30+00:00\",\"breadcrumb\":{\"@id\":\"https:\\\/\\\/www.polonia.travel\\\/es\\\/mas-alla-de-san-valentin\\\/#breadcrumb\"},\"inLanguage\":\"pl-PL\",\"potentialAction\":[{\"@type\":\"ReadAction\",\"target\":[\"https:\\\/\\\/www.polonia.travel\\\/es\\\/mas-alla-de-san-valentin\\\/\"]}]},{\"@type\":\"ImageObject\",\"inLanguage\":\"pl-PL\",\"@id\":\"https:\\\/\\\/www.polonia.travel\\\/es\\\/mas-alla-de-san-valentin\\\/#primaryimage\",\"url\":\"https:\\\/\\\/www.polonia.travel\\\/es\\\/wp-content\\\/uploads\\\/sites\\\/18\\\/2024\\\/04\\\/Lodz_Para_GettyImages-513252262.jpg\",\"contentUrl\":\"https:\\\/\\\/www.polonia.travel\\\/es\\\/wp-content\\\/uploads\\\/sites\\\/18\\\/2024\\\/04\\\/Lodz_Para_GettyImages-513252262.jpg\",\"width\":1170,\"height\":779,\"caption\":\"Photo of a couple at bus station\"},{\"@type\":\"BreadcrumbList\",\"@id\":\"https:\\\/\\\/www.polonia.travel\\\/es\\\/mas-alla-de-san-valentin\\\/#breadcrumb\",\"itemListElement\":[{\"@type\":\"ListItem\",\"position\":1,\"name\":\"Home page\",\"item\":\"https:\\\/\\\/www.polonia.travel\\\/es\\\/\"},{\"@type\":\"ListItem\",\"position\":2,\"name\":\"Inspiraciones de viaje\",\"item\":\"https:\\\/\\\/www.polonia.travel\\\/es\\\/category\\\/inspiraciones-de-viaje\\\/\"},{\"@type\":\"ListItem\",\"position\":3,\"name\":\"Rutas tem\u00e1ticas\",\"item\":\"https:\\\/\\\/www.polonia.travel\\\/es\\\/category\\\/inspiraciones-de-viaje\\\/rutas-tematicas\\\/\"},{\"@type\":\"ListItem\",\"position\":4,\"name\":\"M\u00e1s all\u00e1 de San Valent\u00edn &#8211; viajes en pareja\"}]},{\"@type\":\"WebSite\",\"@id\":\"https:\\\/\\\/www.polonia.travel\\\/es\\\/#website\",\"url\":\"https:\\\/\\\/www.polonia.travel\\\/es\\\/\",\"name\":\"Polonia Travel (ES)\",\"description\":\"...\",\"publisher\":{\"@id\":\"https:\\\/\\\/www.polonia.travel\\\/es\\\/#organization\"},\"potentialAction\":[{\"@type\":\"SearchAction\",\"target\":{\"@type\":\"EntryPoint\",\"urlTemplate\":\"https:\\\/\\\/www.polonia.travel\\\/es\\\/?s={search_term_string}\"},\"query-input\":{\"@type\":\"PropertyValueSpecification\",\"valueRequired\":true,\"valueName\":\"search_term_string\"}}],\"inLanguage\":\"pl-PL\"},{\"@type\":\"Organization\",\"@id\":\"https:\\\/\\\/www.polonia.travel\\\/es\\\/#organization\",\"name\":\"Polonia Travel (ES)\",\"url\":\"https:\\\/\\\/www.polonia.travel\\\/es\\\/\",\"logo\":{\"@type\":\"ImageObject\",\"inLanguage\":\"pl-PL\",\"@id\":\"https:\\\/\\\/www.polonia.travel\\\/es\\\/#\\\/schema\\\/logo\\\/image\\\/\",\"url\":\"\",\"contentUrl\":\"\",\"caption\":\"Polonia Travel (ES)\"},\"image\":{\"@id\":\"https:\\\/\\\/www.polonia.travel\\\/es\\\/#\\\/schema\\\/logo\\\/image\\\/\"}},{\"@type\":\"Person\",\"@id\":\"\"}]}<\/script>\n<!-- \/ Yoast SEO plugin. -->","yoast_head_json":{"title":"M\u00e1s all\u00e1 de San Valent\u00edn - viajes en pareja - Polonia Travel (ES)","robots":{"index":"index","follow":"follow","max-snippet":"max-snippet:-1","max-image-preview":"max-image-preview:large","max-video-preview":"max-video-preview:-1"},"canonical":"https:\/\/www.polonia.travel\/es\/mas-alla-de-san-valentin\/","og_locale":"pl_PL","og_type":"article","og_title":"M\u00e1s all\u00e1 de San Valent\u00edn - viajes en pareja - Polonia Travel (ES)","og_description":"M\u00e1s all\u00e1 de San Valent\u00edn &#8211; viajes en pareja El San Valent\u00edn ha ganado mucha popularidad para hacer planes en pareja. Nuestras propuestas de cinco y m\u00e1s planes rom\u00e1nticos en Polonia os permiten celebrar el d\u00eda de los enamorados durante todo el a\u00f1o. El Jard\u00edn Real de Lazienki, Varsovia &nbsp; Un extenso y tranquilo parque [&hellip;]","og_url":"https:\/\/www.polonia.travel\/es\/mas-alla-de-san-valentin\/","og_site_name":"Polonia Travel (ES)","article_published_time":"2025-02-11T16:39:00+00:00","article_modified_time":"2025-05-07T10:32:30+00:00","og_image":[{"width":1170,"height":779,"url":"https:\/\/www.polonia.travel\/es\/wp-content\/uploads\/sites\/18\/2024\/04\/Lodz_Para_GettyImages-513252262.jpg","type":"image\/jpeg"}],"twitter_card":"summary_large_image","twitter_misc":{"Napisane przez":"","Szacowany czas czytania":"9 minut"},"schema":{"@context":"https:\/\/schema.org","@graph":[{"@type":"Article","@id":"https:\/\/www.polonia.travel\/es\/mas-alla-de-san-valentin\/#article","isPartOf":{"@id":"https:\/\/www.polonia.travel\/es\/mas-alla-de-san-valentin\/"},"author":{"name":"","@id":""},"headline":"M\u00e1s all\u00e1 de San Valent\u00edn &#8211; viajes en pareja","datePublished":"2025-02-11T16:39:00+00:00","dateModified":"2025-05-07T10:32:30+00:00","mainEntityOfPage":{"@id":"https:\/\/www.polonia.travel\/es\/mas-alla-de-san-valentin\/"},"wordCount":1171,"commentCount":0,"publisher":{"@id":"https:\/\/www.polonia.travel\/es\/#organization"},"image":{"@id":"https:\/\/www.polonia.travel\/es\/mas-alla-de-san-valentin\/#primaryimage"},"thumbnailUrl":"https:\/\/www.polonia.travel\/es\/wp-content\/uploads\/sites\/18\/2024\/04\/Lodz_Para_GettyImages-513252262.jpg","keywords":["es","que-hacer-en-polonia"],"articleSection":["Rutas tem\u00e1ticas"],"inLanguage":"pl-PL"},{"@type":"WebPage","@id":"https:\/\/www.polonia.travel\/es\/mas-alla-de-san-valentin\/","url":"https:\/\/www.polonia.travel\/es\/mas-alla-de-san-valentin\/","name":"M\u00e1s all\u00e1 de San Valent\u00edn - viajes en pareja - Polonia Travel (ES)","isPartOf":{"@id":"https:\/\/www.polonia.travel\/es\/#website"},"primaryImageOfPage":{"@id":"https:\/\/www.polonia.travel\/es\/mas-alla-de-san-valentin\/#primaryimage"},"image":{"@id":"https:\/\/www.polonia.travel\/es\/mas-alla-de-san-valentin\/#primaryimage"},"thumbnailUrl":"https:\/\/www.polonia.travel\/es\/wp-content\/uploads\/sites\/18\/2024\/04\/Lodz_Para_GettyImages-513252262.jpg","datePublished":"2025-02-11T16:39:00+00:00","dateModified":"2025-05-07T10:32:30+00:00","breadcrumb":{"@id":"https:\/\/www.polonia.travel\/es\/mas-alla-de-san-valentin\/#breadcrumb"},"inLanguage":"pl-PL","potentialAction":[{"@type":"ReadAction","target":["https:\/\/www.polonia.travel\/es\/mas-alla-de-san-valentin\/"]}]},{"@type":"ImageObject","inLanguage":"pl-PL","@id":"https:\/\/www.polonia.travel\/es\/mas-alla-de-san-valentin\/#primaryimage","url":"https:\/\/www.polonia.travel\/es\/wp-content\/uploads\/sites\/18\/2024\/04\/Lodz_Para_GettyImages-513252262.jpg","contentUrl":"https:\/\/www.polonia.travel\/es\/wp-content\/uploads\/sites\/18\/2024\/04\/Lodz_Para_GettyImages-513252262.jpg","width":1170,"height":779,"caption":"Photo of a couple at bus station"},{"@type":"BreadcrumbList","@id":"https:\/\/www.polonia.travel\/es\/mas-alla-de-san-valentin\/#breadcrumb","itemListElement":[{"@type":"ListItem","position":1,"name":"Home page","item":"https:\/\/www.polonia.travel\/es\/"},{"@type":"ListItem","position":2,"name":"Inspiraciones de viaje","item":"https:\/\/www.polonia.travel\/es\/category\/inspiraciones-de-viaje\/"},{"@type":"ListItem","position":3,"name":"Rutas tem\u00e1ticas","item":"https:\/\/www.polonia.travel\/es\/category\/inspiraciones-de-viaje\/rutas-tematicas\/"},{"@type":"ListItem","position":4,"name":"M\u00e1s all\u00e1 de San Valent\u00edn &#8211; viajes en pareja"}]},{"@type":"WebSite","@id":"https:\/\/www.polonia.travel\/es\/#website","url":"https:\/\/www.polonia.travel\/es\/","name":"Polonia Travel (ES)","description":"...","publisher":{"@id":"https:\/\/www.polonia.travel\/es\/#organization"},"potentialAction":[{"@type":"SearchAction","target":{"@type":"EntryPoint","urlTemplate":"https:\/\/www.polonia.travel\/es\/?s={search_term_string}"},"query-input":{"@type":"PropertyValueSpecification","valueRequired":true,"valueName":"search_term_string"}}],"inLanguage":"pl-PL"},{"@type":"Organization","@id":"https:\/\/www.polonia.travel\/es\/#organization","name":"Polonia Travel (ES)","url":"https:\/\/www.polonia.travel\/es\/","logo":{"@type":"ImageObject","inLanguage":"pl-PL","@id":"https:\/\/www.polonia.travel\/es\/#\/schema\/logo\/image\/","url":"","contentUrl":"","caption":"Polonia Travel (ES)"},"image":{"@id":"https:\/\/www.polonia.travel\/es\/#\/schema\/logo\/image\/"}},{"@type":"Person","@id":""}]}},"_links":{"self":[{"href":"https:\/\/www.polonia.travel\/es\/wp-json\/wp\/v2\/posts\/31483","targetHints":{"allow":["GET"]}}],"collection":[{"href":"https:\/\/www.polonia.travel\/es\/wp-json\/wp\/v2\/posts"}],"about":[{"href":"https:\/\/www.polonia.travel\/es\/wp-json\/wp\/v2\/types\/post"}],"author":[{"embeddable":true,"href":"https:\/\/www.polonia.travel\/es\/wp-json\/wp\/v2\/users\/1"}],"replies":[{"embeddable":true,"href":"https:\/\/www.polonia.travel\/es\/wp-json\/wp\/v2\/comments?post=31483"}],"version-history":[{"count":10,"href":"https:\/\/www.polonia.travel\/es\/wp-json\/wp\/v2\/posts\/31483\/revisions"}],"predecessor-version":[{"id":37466,"href":"https:\/\/www.polonia.travel\/es\/wp-json\/wp\/v2\/posts\/31483\/revisions\/37466"}],"wp:featuredmedia":[{"embeddable":true,"href":"https:\/\/www.polonia.travel\/es\/wp-json\/wp\/v2\/media\/33839"}],"wp:attachment":[{"href":"https:\/\/www.polonia.travel\/es\/wp-json\/wp\/v2\/media?parent=31483"}],"wp:term":[{"taxonomy":"category","embeddable":true,"href":"https:\/\/www.polonia.travel\/es\/wp-json\/wp\/v2\/categories?post=31483"}],"curies":[{"name":"wp","href":"https:\/\/api.w.org\/{rel}","templated":true}]}}