{"id":31464,"date":"2024-05-25T10:37:00","date_gmt":"2024-05-25T08:37:00","guid":{"rendered":"https:\/\/wp-es.poland.travel\/?p=31464"},"modified":"2024-08-21T11:25:03","modified_gmt":"2024-08-21T09:25:03","slug":"en-clave-de-jazz","status":"publish","type":"post","link":"https:\/\/www.polonia.travel\/es\/en-clave-de-jazz\/","title":{"rendered":"En clave de Jazz"},"content":{"rendered":"\n<div class=\"wp-block-group is-style-container-medium\"><div class=\"wp-block-group__inner-container is-layout-constrained wp-block-group-is-layout-constrained\">\n<h2 class=\"wp-block-heading\">En clave de Jazz<\/h2>\n\n\n\n<div style=\"height:100px\" aria-hidden=\"true\" class=\"wp-block-spacer is-style-spacer-small\"><\/div>\n\n\n\n<p>El jazz es un g\u00e9nero musical que se hizo muy popular en Polonia a partir de los a\u00f1os cincuenta del siglo pasado y la creaci\u00f3n de la &#8222;escuela polaca&#8221; del jazz en las d\u00e9cadas&nbsp;siguientes.&nbsp;Ocurri\u00f3 as\u00ed gracias al haber formado las c\u00e1tedras del jazz en los conservatorios superiores y tambi\u00e9n por considerarlo una forma de abrirse al mundo, m\u00e1s all\u00e1 de los c\u00e1nones culturales impuestos por un estado que se encontraba bajo la influencia (tambi\u00e9n en la cultura) de la desaparecida URSS.<\/p>\n\n\n\n<p>En alg\u00fan momento, el n\u00famero de los m\u00fasicos del jazz en Polonia superaba la media europea y algunos de ellos ganaron fama mundial como int\u00e9rpretes o compositores de jazz. El m\u00e1s famoso de ellos era <strong>Krzysztof Komeda<\/strong>, colaborador y amigo de Roman Polanski, y su canci\u00f3n de cuna creada para la pel\u00edcula <strong><em>La semilla del diablo<\/em><\/strong>, una bella &#8222;tarjeta de visita&#8221; de un prometedor compositor contempor\u00e1neo. A pesar de su prematura muerte, nos dej\u00f3 varias composiciones que siguen actuales hasta la fecha. Para los amantes del jazz, aconsejamos su \u00e1lbum&nbsp;<em>Astigmatic<\/em>, considerado como el mejor del jazz polaco hasta la fecha.<\/p>\n\n\n\n<p>Los festivales de jazz est\u00e1n en la agenda cultural a lo largo y ancho de Polonia. Entre los reconocidos m\u00fasicos nacionales, por ejemplo <strong>Leszek Mo\u017cd\u017cer<\/strong> o <strong>Micha\u0142 Urbaniak<\/strong>, se encuentran siempre los grandes int\u00e9rpretes y conjuntos de jazz extranjeros. Buena excusa para aprovechar la estancia en Polonia y disfrutar del jazz, en los clubes de m\u00fasica o durante un festival. He aqu\u00ed algunas propuestas.<\/p>\n\n\n\n<div style=\"height:100px\" aria-hidden=\"true\" class=\"wp-block-spacer is-style-spacer-medium\"><\/div>\n\n\n\n<p><strong>Wroc\u0142aw (Breslavia)<\/strong><\/p>\n\n\n\n<p>La capital de Baja Silesia acoge quiz\u00e1s el mayor n\u00famero de eventos c\u00edclicos de jazz en Polonia.<\/p>\n\n\n\n<p>La plena temporada musical empieza en la Plaza Mayor de la ciudad cada 1 de mayo. El espacio se llena de miles de guitarristas que interpretan la canci\u00f3n <strong><em>Hey Joe<\/em><\/strong> de <strong>Jimi Hendrix<\/strong>.Adem\u00e1s es un eventoque de a\u00f1o en a\u00f1obate el <strong>r\u00e9cord Guiness<\/strong> ya que cada vez son m\u00e1s los guitarristas que se unen al evento, bien de manera presencial, bien online. El 1 de mayo de este a\u00f1o participaron \u00a17.976 guitarristas! Un nuevo desaf\u00edo para los amantes de la guitarra. Te apuntas para ser parte del nuevo r\u00e9cord en 2024?<\/p>\n<\/div><\/div>\n\n\n\n<div style=\"height:100px\" aria-hidden=\"true\" class=\"wp-block-spacer is-style-spacer-small\"><\/div>\n\n\n\n<div class=\"wp-block-group is-style-container\"><div class=\"wp-block-group__inner-container is-layout-constrained wp-block-group-is-layout-constrained\">\n<div class=\"wp-block-group is-style-container-medium\"><div class=\"wp-block-group__inner-container is-layout-constrained wp-block-group-is-layout-constrained\">\n<figure class=\"wp-block-embed aligncenter is-type-rich is-provider-obsluga-osadzania wp-block-embed-obsluga-osadzania wp-embed-aspect-16-9 wp-has-aspect-ratio\"><div class=\"wp-block-embed__wrapper\">\n<iframe loading=\"lazy\" title=\"Gitarowy Rekord \u015awiata 2022. We Wroc\u0142awiu zagra\u0142o 7676 gitar!\" width=\"500\" height=\"281\" src=\"https:\/\/www.youtube.com\/embed\/404XzuJC_FY?feature=oembed\" frameborder=\"0\" allow=\"accelerometer; autoplay; clipboard-write; encrypted-media; gyroscope; picture-in-picture; web-share\" referrerpolicy=\"strict-origin-when-cross-origin\" allowfullscreen><\/iframe>\n<\/div><\/figure>\n<\/div><\/div>\n<\/div><\/div>\n\n\n\n<div style=\"height:100px\" aria-hidden=\"true\" class=\"wp-block-spacer is-style-spacer-small\"><\/div>\n\n\n\n<div class=\"wp-block-group is-style-container-medium\"><div class=\"wp-block-group__inner-container is-layout-constrained wp-block-group-is-layout-constrained\">\n<p>Al <a href=\"https:\/\/vertigojazz.pl\/en\/\">Vertigo Summer Jazz Festival<\/a> (todo julio), le sigue el Vertigo Summer Blues Festival en agosto.<\/p>\n<\/div><\/div>\n\n\n\n<div style=\"height:100px\" aria-hidden=\"true\" class=\"wp-block-spacer is-style-spacer-small\"><\/div>\n\n\n\n<div class=\"wp-block-group is-style-container\"><div class=\"wp-block-group__inner-container is-layout-constrained wp-block-group-is-layout-constrained\"><div class=\"wp-block-image\">\n<figure class=\"aligncenter size-full\"><img loading=\"lazy\" decoding=\"async\" width=\"1024\" height=\"683\" src=\"https:\/\/www.polonia.travel\/es\/wp-content\/uploads\/sites\/18\/2024\/08\/Vertigo-Jazz-Club-Restaurant-detale-6-1024x683-1.jpg\" alt=\"\" class=\"wp-image-35649\" srcset=\"https:\/\/www.polonia.travel\/es\/wp-content\/uploads\/sites\/18\/2024\/08\/Vertigo-Jazz-Club-Restaurant-detale-6-1024x683-1.jpg 1024w, https:\/\/www.polonia.travel\/es\/wp-content\/uploads\/sites\/18\/2024\/08\/Vertigo-Jazz-Club-Restaurant-detale-6-1024x683-1-600x400.jpg 600w, https:\/\/www.polonia.travel\/es\/wp-content\/uploads\/sites\/18\/2024\/08\/Vertigo-Jazz-Club-Restaurant-detale-6-1024x683-1-768x512.jpg 768w\" sizes=\"auto, (max-width: 1024px) 100vw, 1024px\" \/><figcaption class=\"wp-element-caption\">Foto: Vertigo Jazz Club Restaurant, Wroclaw<\/figcaption><\/figure><\/div><\/div><\/div>\n\n\n\n<div style=\"height:100px\" aria-hidden=\"true\" class=\"wp-block-spacer is-style-spacer-small\"><\/div>\n\n\n\n<div class=\"wp-block-group is-style-container-medium\"><div class=\"wp-block-group__inner-container is-layout-constrained wp-block-group-is-layout-constrained\">\n<p><strong>Varsovia<\/strong><\/p>\n\n\n\n<p>Del&nbsp; 4 al 7 de julio la capital acoge el Warsaw Summer Jazz Days. Tiene lugar en el ic\u00f3nico club de los estudiantes de la Polit\u00e9cnica de Varsovia, Stodo\u0142a (granero). Los or\u00edgenes del lugar est\u00e1n en los a\u00f1os cincuenta; la actual Stodola era el comedor de los obreros que constru\u00edan el Palacio de la Cultura y la Ciencia (regalo de Stalin a Varsovia). A lo largo de los m\u00e1s de sesenta a\u00f1os acogi\u00f3 diversos eventos culturales: desde el jazz hasta cabaret.&nbsp;<\/p>\n<\/div><\/div>\n\n\n\n<div class=\"wp-block-group\"><div class=\"wp-block-group__inner-container is-layout-constrained wp-block-group-is-layout-constrained\">\n<div style=\"height:100px\" aria-hidden=\"true\" class=\"wp-block-spacer is-style-spacer-small\"><\/div>\n<\/div><\/div>\n\n\n\n<div class=\"wp-block-group is-style-container\"><div class=\"wp-block-group__inner-container is-layout-constrained wp-block-group-is-layout-constrained\">\n<figure class=\"wp-block-image size-large\"><img loading=\"lazy\" decoding=\"async\" width=\"1200\" height=\"800\" src=\"https:\/\/www.polonia.travel\/es\/wp-content\/uploads\/sites\/18\/2024\/07\/Jazz-na-Starym-Mieycie_fot.-m.st_.Warszawa-1200x800.jpg\" alt=\"\" class=\"wp-image-35648\" srcset=\"https:\/\/www.polonia.travel\/es\/wp-content\/uploads\/sites\/18\/2024\/07\/Jazz-na-Starym-Mieycie_fot.-m.st_.Warszawa-1200x800.jpg 1200w, https:\/\/www.polonia.travel\/es\/wp-content\/uploads\/sites\/18\/2024\/07\/Jazz-na-Starym-Mieycie_fot.-m.st_.Warszawa-600x400.jpg 600w, https:\/\/www.polonia.travel\/es\/wp-content\/uploads\/sites\/18\/2024\/07\/Jazz-na-Starym-Mieycie_fot.-m.st_.Warszawa-768x512.jpg 768w, https:\/\/www.polonia.travel\/es\/wp-content\/uploads\/sites\/18\/2024\/07\/Jazz-na-Starym-Mieycie_fot.-m.st_.Warszawa-1536x1024.jpg 1536w, https:\/\/www.polonia.travel\/es\/wp-content\/uploads\/sites\/18\/2024\/07\/Jazz-na-Starym-Mieycie_fot.-m.st_.Warszawa-2048x1365.jpg 2048w, https:\/\/www.polonia.travel\/es\/wp-content\/uploads\/sites\/18\/2024\/07\/Jazz-na-Starym-Mieycie_fot.-m.st_.Warszawa-1920x1280.jpg 1920w\" sizes=\"auto, (max-width: 1200px) 100vw, 1200px\" \/><\/figure>\n<\/div><\/div>\n\n\n\n<div class=\"wp-block-group\"><div class=\"wp-block-group__inner-container is-layout-constrained wp-block-group-is-layout-constrained\">\n<div style=\"height:100px\" aria-hidden=\"true\" class=\"wp-block-spacer is-style-spacer-small\"><\/div>\n<\/div><\/div>\n\n\n\n<div class=\"wp-block-group is-style-container-medium\"><div class=\"wp-block-group__inner-container is-layout-constrained wp-block-group-is-layout-constrained\">\n<p>Para escuchar el jazz al aire libre, ac\u00e9rcate un fin de semana (en julio y agosto) a la ic\u00f3nica Plaza del Mercado en el casco viejo. La cartelera suele ser muy ambiciosa con la participaci\u00f3n de los grandes del mundo de jazz.&nbsp;<\/p>\n\n\n\n<div style=\"height:100px\" aria-hidden=\"true\" class=\"wp-block-spacer is-style-spacer-medium\"><\/div>\n\n\n\n<p><strong>Cracovia<\/strong><\/p>\n\n\n\n<p>Adem\u00e1s de los clubes de jazz que tanto en el casco antiguo como en el barrio jud\u00edo de Kazimierz tienen una oferta casi diaria, en la \u00e9poca estival se celebra Jazz Summer Festival.&nbsp;Su edici\u00f3n n\u00ba 29 tiene lugar en varios escenarios de la ciudad en pleno verano (del 29 de junio al 1 de septiembre). Consulta el <a href=\"https:\/\/www.summerjazz.pl\/en\/timeline\/\">programa<\/a>.<\/p>\n\n\n\n<p><\/p>\n\n\n\n<p><\/p>\n\n\n\n<div style=\"height:100px\" aria-hidden=\"true\" class=\"wp-block-spacer is-style-spacer-medium\"><\/div>\n\n\n\n<p><\/p>\n<\/div><\/div>\n\n\n\n<div class=\"wp-block-group is-style-container-medium\"><div class=\"wp-block-group__inner-container is-layout-constrained wp-block-group-is-layout-constrained\">\n<p><\/p>\n<\/div><\/div>\n\n\n\n<div style=\"height:100px\" aria-hidden=\"true\" class=\"wp-block-spacer is-style-spacer-medium\"><\/div>\n\n\n\n<div class=\"wp-block-group has-background\" style=\"background-color:#eeeeee\"><div class=\"wp-block-group__inner-container is-layout-constrained wp-block-group-is-layout-constrained\">\n<div style=\"height:100px\" aria-hidden=\"true\" class=\"wp-block-spacer is-style-spacer-small\"><\/div>\n\n\n\n<div class=\"wp-block-group is-style-container\"><div class=\"wp-block-group__inner-container is-layout-constrained wp-block-group-is-layout-constrained\">\n<h3 class=\"wp-block-heading\">Lee m\u00e1s art\u00edculos<\/h3>\n\n\n\n<div style=\"height:100px\" aria-hidden=\"true\" class=\"wp-block-spacer is-style-spacer-small\"><\/div>\n\n\n<div class=\"overflow\">\n  <div class=\"post-slider swiper post-slider--small\" data-schema=\"small\">\n\n    <div class=\"swiper-wrapper\">\n              <div class=\"swiper-slide post-slide\">\n                      <a href=\"https:\/\/www.polonia.travel\/es\/en-clave-de-jazz\/\" class=\"post-box post-box--small\" style=\" background-image: url(https:\/\/www.polonia.travel\/es\/wp-content\/uploads\/sites\/18\/2024\/07\/Jazz-na-Starym-Mieycie_fot.-m.st_.Warszawa-600x400.jpg);\">\n          <div class=\"post-box__hover\" style=\"background-image: url(https:\/\/www.polonia.travel\/es\/wp-content\/uploads\/sites\/18\/2024\/04\/Festival20Nuevos20Horizontes20en20Wroclaw20fot.MiC582osz20Poloch20540x360.jpg);\"><\/div>\n        <div class=\"post-box__info\">\n            <div class=\"post-box__title\">En clave de Jazz<\/div>\n      <div class=\"post-box__more\">Leer m\u00e1s<\/div>\n    <\/div>\n  <\/a>\n\n          <\/div>\n          <\/div>\n    <div class=\"post-slider__pagination\"><\/div>\n  <\/div>\n<\/div>\n<\/div><\/div>\n\n\n\n<div style=\"height:100px\" aria-hidden=\"true\" class=\"wp-block-spacer is-style-spacer-small\"><\/div>\n<\/div><\/div>\n\n\n\n<p><\/p>\n","protected":false},"excerpt":{"rendered":"<p>En clave de Jazz El jazz es un g\u00e9nero musical que se hizo muy popular en Polonia a partir de los a\u00f1os cincuenta del siglo pasado y la creaci\u00f3n de la &#8222;escuela polaca&#8221; del jazz en las d\u00e9cadas&nbsp;siguientes.&nbsp;Ocurri\u00f3 as\u00ed gracias al haber formado las c\u00e1tedras del jazz en los conservatorios superiores y tambi\u00e9n por considerarlo [&hellip;]<\/p>\n","protected":false},"author":1,"featured_media":19092,"comment_status":"open","ping_status":"open","sticky":false,"template":"","format":"standard","meta":{"_acf_changed":false,"footnotes":""},"categories":[1224],"class_list":["post-31464","post","type-post","status-publish","format-standard","has-post-thumbnail","hentry","category-escuchar-agenda-cultural-2024"],"acf":[],"yoast_head":"<!-- This site is optimized with the Yoast SEO plugin v27.4 - https:\/\/yoast.com\/product\/yoast-seo-wordpress\/ -->\n<title>En clave de Jazz - Polonia Travel (ES)<\/title>\n<meta name=\"robots\" content=\"index, follow, max-snippet:-1, max-image-preview:large, max-video-preview:-1\" \/>\n<link rel=\"canonical\" href=\"https:\/\/www.polonia.travel\/es\/en-clave-de-jazz\/\" \/>\n<meta property=\"og:locale\" content=\"pl_PL\" \/>\n<meta property=\"og:type\" content=\"article\" \/>\n<meta property=\"og:title\" content=\"En clave de Jazz - Polonia Travel (ES)\" \/>\n<meta property=\"og:description\" content=\"En clave de Jazz El jazz es un g\u00e9nero musical que se hizo muy popular en Polonia a partir de los a\u00f1os cincuenta del siglo pasado y la creaci\u00f3n de la &#8222;escuela polaca&#8221; del jazz en las d\u00e9cadas&nbsp;siguientes.&nbsp;Ocurri\u00f3 as\u00ed gracias al haber formado las c\u00e1tedras del jazz en los conservatorios superiores y tambi\u00e9n por considerarlo [&hellip;]\" \/>\n<meta property=\"og:url\" content=\"https:\/\/www.polonia.travel\/es\/en-clave-de-jazz\/\" \/>\n<meta property=\"og:site_name\" content=\"Polonia Travel (ES)\" \/>\n<meta property=\"article:published_time\" content=\"2024-05-25T08:37:00+00:00\" \/>\n<meta property=\"article:modified_time\" content=\"2024-08-21T09:25:03+00:00\" \/>\n<meta property=\"og:image\" content=\"https:\/\/www.polonia.travel\/es\/wp-content\/uploads\/sites\/18\/2023\/01\/20161028_Warszawa-Panorama_TB_HR.jpg\" \/>\n\t<meta property=\"og:image:width\" content=\"1920\" \/>\n\t<meta property=\"og:image:height\" content=\"710\" \/>\n\t<meta property=\"og:image:type\" content=\"image\/jpeg\" \/>\n<meta name=\"twitter:card\" content=\"summary_large_image\" \/>\n<meta name=\"twitter:label1\" content=\"Napisane przez\" \/>\n\t<meta name=\"twitter:data1\" content=\"\" \/>\n\t<meta name=\"twitter:label2\" content=\"Szacowany czas czytania\" \/>\n\t<meta name=\"twitter:data2\" content=\"4 minuty\" \/>\n<script type=\"application\/ld+json\" class=\"yoast-schema-graph\">{\"@context\":\"https:\\\/\\\/schema.org\",\"@graph\":[{\"@type\":\"Article\",\"@id\":\"https:\\\/\\\/www.polonia.travel\\\/es\\\/en-clave-de-jazz\\\/#article\",\"isPartOf\":{\"@id\":\"https:\\\/\\\/www.polonia.travel\\\/es\\\/en-clave-de-jazz\\\/\"},\"author\":{\"name\":\"\",\"@id\":\"\"},\"headline\":\"En clave de Jazz\",\"datePublished\":\"2024-05-25T08:37:00+00:00\",\"dateModified\":\"2024-08-21T09:25:03+00:00\",\"mainEntityOfPage\":{\"@id\":\"https:\\\/\\\/www.polonia.travel\\\/es\\\/en-clave-de-jazz\\\/\"},\"wordCount\":634,\"commentCount\":0,\"publisher\":{\"@id\":\"https:\\\/\\\/www.polonia.travel\\\/es\\\/#organization\"},\"image\":{\"@id\":\"https:\\\/\\\/www.polonia.travel\\\/es\\\/en-clave-de-jazz\\\/#primaryimage\"},\"thumbnailUrl\":\"https:\\\/\\\/www.polonia.travel\\\/es\\\/wp-content\\\/uploads\\\/sites\\\/18\\\/2023\\\/01\\\/20161028_Warszawa-Panorama_TB_HR.jpg\",\"keywords\":[\"es\",\"que-hacer-en-polonia\",\"turismo-cultural\",\"agenda-cultural-2022\"],\"articleSection\":[\"Escuchar Agenda cultural 2024\"],\"inLanguage\":\"pl-PL\"},{\"@type\":\"WebPage\",\"@id\":\"https:\\\/\\\/www.polonia.travel\\\/es\\\/en-clave-de-jazz\\\/\",\"url\":\"https:\\\/\\\/www.polonia.travel\\\/es\\\/en-clave-de-jazz\\\/\",\"name\":\"En clave de Jazz - Polonia Travel (ES)\",\"isPartOf\":{\"@id\":\"https:\\\/\\\/www.polonia.travel\\\/es\\\/#website\"},\"primaryImageOfPage\":{\"@id\":\"https:\\\/\\\/www.polonia.travel\\\/es\\\/en-clave-de-jazz\\\/#primaryimage\"},\"image\":{\"@id\":\"https:\\\/\\\/www.polonia.travel\\\/es\\\/en-clave-de-jazz\\\/#primaryimage\"},\"thumbnailUrl\":\"https:\\\/\\\/www.polonia.travel\\\/es\\\/wp-content\\\/uploads\\\/sites\\\/18\\\/2023\\\/01\\\/20161028_Warszawa-Panorama_TB_HR.jpg\",\"datePublished\":\"2024-05-25T08:37:00+00:00\",\"dateModified\":\"2024-08-21T09:25:03+00:00\",\"breadcrumb\":{\"@id\":\"https:\\\/\\\/www.polonia.travel\\\/es\\\/en-clave-de-jazz\\\/#breadcrumb\"},\"inLanguage\":\"pl-PL\",\"potentialAction\":[{\"@type\":\"ReadAction\",\"target\":[\"https:\\\/\\\/www.polonia.travel\\\/es\\\/en-clave-de-jazz\\\/\"]}]},{\"@type\":\"ImageObject\",\"inLanguage\":\"pl-PL\",\"@id\":\"https:\\\/\\\/www.polonia.travel\\\/es\\\/en-clave-de-jazz\\\/#primaryimage\",\"url\":\"https:\\\/\\\/www.polonia.travel\\\/es\\\/wp-content\\\/uploads\\\/sites\\\/18\\\/2023\\\/01\\\/20161028_Warszawa-Panorama_TB_HR.jpg\",\"contentUrl\":\"https:\\\/\\\/www.polonia.travel\\\/es\\\/wp-content\\\/uploads\\\/sites\\\/18\\\/2023\\\/01\\\/20161028_Warszawa-Panorama_TB_HR.jpg\",\"width\":1920,\"height\":710},{\"@type\":\"BreadcrumbList\",\"@id\":\"https:\\\/\\\/www.polonia.travel\\\/es\\\/en-clave-de-jazz\\\/#breadcrumb\",\"itemListElement\":[{\"@type\":\"ListItem\",\"position\":1,\"name\":\"Home page\",\"item\":\"https:\\\/\\\/www.polonia.travel\\\/es\\\/\"},{\"@type\":\"ListItem\",\"position\":2,\"name\":\"Inspiraciones de viaje\",\"item\":\"https:\\\/\\\/www.polonia.travel\\\/es\\\/category\\\/inspiraciones-de-viaje\\\/\"},{\"@type\":\"ListItem\",\"position\":3,\"name\":\"Turismo cultural y urbano\",\"item\":\"https:\\\/\\\/www.polonia.travel\\\/es\\\/category\\\/inspiraciones-de-viaje\\\/turismo-cultural-y-urbano\\\/\"},{\"@type\":\"ListItem\",\"position\":4,\"name\":\"Escuchar Agenda cultural 2024\",\"item\":\"https:\\\/\\\/www.polonia.travel\\\/es\\\/category\\\/inspiraciones-de-viaje\\\/turismo-cultural-y-urbano\\\/escuchar-agenda-cultural-2024\\\/\"},{\"@type\":\"ListItem\",\"position\":5,\"name\":\"En clave de Jazz\"}]},{\"@type\":\"WebSite\",\"@id\":\"https:\\\/\\\/www.polonia.travel\\\/es\\\/#website\",\"url\":\"https:\\\/\\\/www.polonia.travel\\\/es\\\/\",\"name\":\"Polonia Travel (ES)\",\"description\":\"...\",\"publisher\":{\"@id\":\"https:\\\/\\\/www.polonia.travel\\\/es\\\/#organization\"},\"potentialAction\":[{\"@type\":\"SearchAction\",\"target\":{\"@type\":\"EntryPoint\",\"urlTemplate\":\"https:\\\/\\\/www.polonia.travel\\\/es\\\/?s={search_term_string}\"},\"query-input\":{\"@type\":\"PropertyValueSpecification\",\"valueRequired\":true,\"valueName\":\"search_term_string\"}}],\"inLanguage\":\"pl-PL\"},{\"@type\":\"Organization\",\"@id\":\"https:\\\/\\\/www.polonia.travel\\\/es\\\/#organization\",\"name\":\"Polonia Travel (ES)\",\"url\":\"https:\\\/\\\/www.polonia.travel\\\/es\\\/\",\"logo\":{\"@type\":\"ImageObject\",\"inLanguage\":\"pl-PL\",\"@id\":\"https:\\\/\\\/www.polonia.travel\\\/es\\\/#\\\/schema\\\/logo\\\/image\\\/\",\"url\":\"\",\"contentUrl\":\"\",\"caption\":\"Polonia Travel (ES)\"},\"image\":{\"@id\":\"https:\\\/\\\/www.polonia.travel\\\/es\\\/#\\\/schema\\\/logo\\\/image\\\/\"}},{\"@type\":\"Person\",\"@id\":\"\"}]}<\/script>\n<!-- \/ Yoast SEO plugin. -->","yoast_head_json":{"title":"En clave de Jazz - Polonia Travel (ES)","robots":{"index":"index","follow":"follow","max-snippet":"max-snippet:-1","max-image-preview":"max-image-preview:large","max-video-preview":"max-video-preview:-1"},"canonical":"https:\/\/www.polonia.travel\/es\/en-clave-de-jazz\/","og_locale":"pl_PL","og_type":"article","og_title":"En clave de Jazz - Polonia Travel (ES)","og_description":"En clave de Jazz El jazz es un g\u00e9nero musical que se hizo muy popular en Polonia a partir de los a\u00f1os cincuenta del siglo pasado y la creaci\u00f3n de la &#8222;escuela polaca&#8221; del jazz en las d\u00e9cadas&nbsp;siguientes.&nbsp;Ocurri\u00f3 as\u00ed gracias al haber formado las c\u00e1tedras del jazz en los conservatorios superiores y tambi\u00e9n por considerarlo [&hellip;]","og_url":"https:\/\/www.polonia.travel\/es\/en-clave-de-jazz\/","og_site_name":"Polonia Travel (ES)","article_published_time":"2024-05-25T08:37:00+00:00","article_modified_time":"2024-08-21T09:25:03+00:00","og_image":[{"width":1920,"height":710,"url":"https:\/\/www.polonia.travel\/es\/wp-content\/uploads\/sites\/18\/2023\/01\/20161028_Warszawa-Panorama_TB_HR.jpg","type":"image\/jpeg"}],"twitter_card":"summary_large_image","twitter_misc":{"Napisane przez":"","Szacowany czas czytania":"4 minuty"},"schema":{"@context":"https:\/\/schema.org","@graph":[{"@type":"Article","@id":"https:\/\/www.polonia.travel\/es\/en-clave-de-jazz\/#article","isPartOf":{"@id":"https:\/\/www.polonia.travel\/es\/en-clave-de-jazz\/"},"author":{"name":"","@id":""},"headline":"En clave de Jazz","datePublished":"2024-05-25T08:37:00+00:00","dateModified":"2024-08-21T09:25:03+00:00","mainEntityOfPage":{"@id":"https:\/\/www.polonia.travel\/es\/en-clave-de-jazz\/"},"wordCount":634,"commentCount":0,"publisher":{"@id":"https:\/\/www.polonia.travel\/es\/#organization"},"image":{"@id":"https:\/\/www.polonia.travel\/es\/en-clave-de-jazz\/#primaryimage"},"thumbnailUrl":"https:\/\/www.polonia.travel\/es\/wp-content\/uploads\/sites\/18\/2023\/01\/20161028_Warszawa-Panorama_TB_HR.jpg","keywords":["es","que-hacer-en-polonia","turismo-cultural","agenda-cultural-2022"],"articleSection":["Escuchar Agenda cultural 2024"],"inLanguage":"pl-PL"},{"@type":"WebPage","@id":"https:\/\/www.polonia.travel\/es\/en-clave-de-jazz\/","url":"https:\/\/www.polonia.travel\/es\/en-clave-de-jazz\/","name":"En clave de Jazz - Polonia Travel (ES)","isPartOf":{"@id":"https:\/\/www.polonia.travel\/es\/#website"},"primaryImageOfPage":{"@id":"https:\/\/www.polonia.travel\/es\/en-clave-de-jazz\/#primaryimage"},"image":{"@id":"https:\/\/www.polonia.travel\/es\/en-clave-de-jazz\/#primaryimage"},"thumbnailUrl":"https:\/\/www.polonia.travel\/es\/wp-content\/uploads\/sites\/18\/2023\/01\/20161028_Warszawa-Panorama_TB_HR.jpg","datePublished":"2024-05-25T08:37:00+00:00","dateModified":"2024-08-21T09:25:03+00:00","breadcrumb":{"@id":"https:\/\/www.polonia.travel\/es\/en-clave-de-jazz\/#breadcrumb"},"inLanguage":"pl-PL","potentialAction":[{"@type":"ReadAction","target":["https:\/\/www.polonia.travel\/es\/en-clave-de-jazz\/"]}]},{"@type":"ImageObject","inLanguage":"pl-PL","@id":"https:\/\/www.polonia.travel\/es\/en-clave-de-jazz\/#primaryimage","url":"https:\/\/www.polonia.travel\/es\/wp-content\/uploads\/sites\/18\/2023\/01\/20161028_Warszawa-Panorama_TB_HR.jpg","contentUrl":"https:\/\/www.polonia.travel\/es\/wp-content\/uploads\/sites\/18\/2023\/01\/20161028_Warszawa-Panorama_TB_HR.jpg","width":1920,"height":710},{"@type":"BreadcrumbList","@id":"https:\/\/www.polonia.travel\/es\/en-clave-de-jazz\/#breadcrumb","itemListElement":[{"@type":"ListItem","position":1,"name":"Home page","item":"https:\/\/www.polonia.travel\/es\/"},{"@type":"ListItem","position":2,"name":"Inspiraciones de viaje","item":"https:\/\/www.polonia.travel\/es\/category\/inspiraciones-de-viaje\/"},{"@type":"ListItem","position":3,"name":"Turismo cultural y urbano","item":"https:\/\/www.polonia.travel\/es\/category\/inspiraciones-de-viaje\/turismo-cultural-y-urbano\/"},{"@type":"ListItem","position":4,"name":"Escuchar Agenda cultural 2024","item":"https:\/\/www.polonia.travel\/es\/category\/inspiraciones-de-viaje\/turismo-cultural-y-urbano\/escuchar-agenda-cultural-2024\/"},{"@type":"ListItem","position":5,"name":"En clave de Jazz"}]},{"@type":"WebSite","@id":"https:\/\/www.polonia.travel\/es\/#website","url":"https:\/\/www.polonia.travel\/es\/","name":"Polonia Travel (ES)","description":"...","publisher":{"@id":"https:\/\/www.polonia.travel\/es\/#organization"},"potentialAction":[{"@type":"SearchAction","target":{"@type":"EntryPoint","urlTemplate":"https:\/\/www.polonia.travel\/es\/?s={search_term_string}"},"query-input":{"@type":"PropertyValueSpecification","valueRequired":true,"valueName":"search_term_string"}}],"inLanguage":"pl-PL"},{"@type":"Organization","@id":"https:\/\/www.polonia.travel\/es\/#organization","name":"Polonia Travel (ES)","url":"https:\/\/www.polonia.travel\/es\/","logo":{"@type":"ImageObject","inLanguage":"pl-PL","@id":"https:\/\/www.polonia.travel\/es\/#\/schema\/logo\/image\/","url":"","contentUrl":"","caption":"Polonia Travel (ES)"},"image":{"@id":"https:\/\/www.polonia.travel\/es\/#\/schema\/logo\/image\/"}},{"@type":"Person","@id":""}]}},"_links":{"self":[{"href":"https:\/\/www.polonia.travel\/es\/wp-json\/wp\/v2\/posts\/31464","targetHints":{"allow":["GET"]}}],"collection":[{"href":"https:\/\/www.polonia.travel\/es\/wp-json\/wp\/v2\/posts"}],"about":[{"href":"https:\/\/www.polonia.travel\/es\/wp-json\/wp\/v2\/types\/post"}],"author":[{"embeddable":true,"href":"https:\/\/www.polonia.travel\/es\/wp-json\/wp\/v2\/users\/1"}],"replies":[{"embeddable":true,"href":"https:\/\/www.polonia.travel\/es\/wp-json\/wp\/v2\/comments?post=31464"}],"version-history":[{"count":7,"href":"https:\/\/www.polonia.travel\/es\/wp-json\/wp\/v2\/posts\/31464\/revisions"}],"predecessor-version":[{"id":37688,"href":"https:\/\/www.polonia.travel\/es\/wp-json\/wp\/v2\/posts\/31464\/revisions\/37688"}],"wp:featuredmedia":[{"embeddable":true,"href":"https:\/\/www.polonia.travel\/es\/wp-json\/wp\/v2\/media\/19092"}],"wp:attachment":[{"href":"https:\/\/www.polonia.travel\/es\/wp-json\/wp\/v2\/media?parent=31464"}],"wp:term":[{"taxonomy":"category","embeddable":true,"href":"https:\/\/www.polonia.travel\/es\/wp-json\/wp\/v2\/categories?post=31464"}],"curies":[{"name":"wp","href":"https:\/\/api.w.org\/{rel}","templated":true}]}}