{"id":31463,"date":"2024-06-03T10:49:23","date_gmt":"2024-06-03T08:49:23","guid":{"rendered":"https:\/\/wp-es.poland.travel\/?p=31463"},"modified":"2026-03-09T16:29:27","modified_gmt":"2026-03-09T15:29:27","slug":"si-te-gusta-la-musica-clasica","status":"publish","type":"post","link":"https:\/\/www.polonia.travel\/es\/si-te-gusta-la-musica-clasica\/","title":{"rendered":"Si te gusta la m\u00fasica cl\u00e1sica"},"content":{"rendered":"\n<div class=\"wp-block-group is-style-container-medium\"><div class=\"wp-block-group__inner-container is-layout-constrained wp-block-group-is-layout-constrained\">\n<h2 class=\"wp-block-heading\">Si te gusta la m\u00fasica cl\u00e1sica<\/h2>\n\n\n\n<div style=\"height:100px\" aria-hidden=\"true\" class=\"wp-block-spacer is-style-spacer-small\"><\/div>\n\n\n\n<p>Cada ciudad grande en Polonia cuenta con modernos auditorios y salas de concierto que cumplen con los m\u00e1s exigentes criterios actuales desde el punto de vista de la ac\u00fastica e instalaciones para el p\u00fablico y para los artistas.&nbsp;Muchos de ellos fueron inaugurados hace poco convirti\u00e9ndose en un marco excelente para una intensa vida cultural local, aunque de proyecci\u00f3n universal, gracias a las orquestas y solistas internacionales que ocupan las carteleras. Muy buenos ejemplos de integrar modernos e innovadores dise\u00f1os actuales en la arquitectura tradicional son El Foro Nacional de M\u00fasica en Wroclaw, Opera Nova en Bydgoszcz y el auditorio de Katowice, entre otros.<\/p>\n\n\n\n<p>La m\u00fasica cl\u00e1sica est\u00e1 presente tambi\u00e9n al aire libre y no hay mejor ejemplo que los conciertos veraniegos de la m\u00fasica de Chopin en el Parque Real de los Ba\u00f1os (Lazienki) en Varsovia.<\/p>\n\n\n\n<p>Adem\u00e1s de las carteleras que pod\u00e9is consultar en los enlaces que facilitamos, destacamos los <strong>festivales de la m\u00fasica cl\u00e1sica<\/strong> que os pueden acompa\u00f1ar durante el viaje a Polonia.<\/p>\n\n\n\n<div style=\"height:100px\" aria-hidden=\"true\" class=\"wp-block-spacer\"><\/div>\n<\/div><\/div>\n\n\n\n<div class=\"wp-block-group is-style-container-medium\"><div class=\"wp-block-group__inner-container is-layout-constrained wp-block-group-is-layout-constrained\">\n<h3 class=\"wp-block-heading\">Varsovia<\/h3>\n<\/div><\/div>\n\n\n\n<div style=\"height:100px\" aria-hidden=\"true\" class=\"wp-block-spacer is-style-spacer-small\"><\/div>\n\n\n\n<div class=\"wp-block-group is-style-container\"><div class=\"wp-block-group__inner-container is-layout-constrained wp-block-group-is-layout-constrained\">\n<div class=\"wp-block-group is-style-container\"><div class=\"wp-block-group__inner-container is-layout-constrained wp-block-group-is-layout-constrained\"><div class=\"wp-block-image\">\n<figure class=\"aligncenter size-large\"><img loading=\"lazy\" decoding=\"async\" width=\"1200\" height=\"713\" src=\"https:\/\/www.polonia.travel\/es\/wp-content\/uploads\/sites\/18\/2024\/08\/AdobeStock_192733304_Opera_Narodowa_Warszawa-1200x713.jpeg\" alt=\"\" class=\"wp-image-35626\" srcset=\"https:\/\/www.polonia.travel\/es\/wp-content\/uploads\/sites\/18\/2024\/08\/AdobeStock_192733304_Opera_Narodowa_Warszawa-1200x713.jpeg 1200w, https:\/\/www.polonia.travel\/es\/wp-content\/uploads\/sites\/18\/2024\/08\/AdobeStock_192733304_Opera_Narodowa_Warszawa-600x356.jpeg 600w, https:\/\/www.polonia.travel\/es\/wp-content\/uploads\/sites\/18\/2024\/08\/AdobeStock_192733304_Opera_Narodowa_Warszawa-768x456.jpeg 768w, https:\/\/www.polonia.travel\/es\/wp-content\/uploads\/sites\/18\/2024\/08\/AdobeStock_192733304_Opera_Narodowa_Warszawa-1536x912.jpeg 1536w, https:\/\/www.polonia.travel\/es\/wp-content\/uploads\/sites\/18\/2024\/08\/AdobeStock_192733304_Opera_Narodowa_Warszawa-2048x1217.jpeg 2048w, https:\/\/www.polonia.travel\/es\/wp-content\/uploads\/sites\/18\/2024\/08\/AdobeStock_192733304_Opera_Narodowa_Warszawa-1920x1141.jpeg 1920w\" sizes=\"auto, (max-width: 1200px) 100vw, 1200px\" \/><figcaption class=\"wp-element-caption\">Gran Teatro de \u00d3pera<\/figcaption><\/figure><\/div><\/div><\/div>\n\n\n\n<div style=\"height:100px\" aria-hidden=\"true\" class=\"wp-block-spacer is-style-spacer-small\"><\/div>\n<\/div><\/div>\n\n\n\n<div class=\"wp-block-group is-style-container-medium\"><div class=\"wp-block-group__inner-container is-layout-constrained wp-block-group-is-layout-constrained\">\n<p>El <strong>Festival de Beethoven de Semana Santa<\/strong> est\u00e1 presente en la agenda cultural de Polonia desde hace un cuarto de siglo y la mayor concentraci\u00f3n de conciertos tiene lugar en la capital. Las fechas del festival, igual que las de Semana Santa, son movibles: suele empezar dos semanas antes del Lunes de Pascua.<\/p>\n\n\n\n<p>El <strong>Festival de Mozart<\/strong> se celebra durante varias semanas cada primavera y verano, y en 2026 empezar\u00e1 el 7 de mayo. Hasta el 5 de julio, los conciertos tendr\u00e1n lugar en diferentes espacios: en la sede de la Opera chica de Varsovia (<strong>WOK<\/strong>), en el <strong>Castillo Real<\/strong>, en iglesias y en el <strong>Basen Artystyczny<\/strong> (Piscina art\u00edstica). En el repertorio, dentro del Festival Mozart Junior tambi\u00e9n conciertos dedicados a los ni\u00f1os. El festival cuenta con una trayectoria de m\u00e1s de 30 a\u00f1os. <a href=\"https:\/\/operakameralna.pl\/en\/repertuar\/category\/repertoire\/\"><strong><span style=\"text-decoration: underline\">Programa<\/span><\/strong><\/a><\/p>\n\n\n\n<p>Cada verano Varsovia celebra el <strong><a href=\"https:\/\/nifc.pl\/en\/\/\">Festival Chopin y su Europa<\/a><\/strong>, en el cual caben todos los estilos musicales y compositores que se inspiraron de alguna manera en la vida de Chopin y su obra. (Fechas del 2026 en breve).<\/p>\n\n\n\n<div class=\"wp-block-group\"><div class=\"wp-block-group__inner-container is-layout-constrained wp-block-group-is-layout-constrained\">\n<p>Adem\u00e1s, en hilo a la m\u00fasica cl\u00e1sica, cada a\u00f1o desde 2001 se celebra el <strong><a href=\"https:\/\/www.ogrodymuzyczne.pl\/en\/\" target=\"_blank\" rel=\"noreferrer noopener\">Festival de los Jardines Musicales en Varsovia<\/a><\/strong>. Un festival al aire libre con reinterpretaciones cl\u00e1sicas, de \u00f3pera y ballet de artistas conocidos a nivel mundial.  Un mes completo de conciertos inolvidables con artistas de renombre internacional, entre ellos ganadores del Concurso Internacional de Piano Chopin. En las ediciones anteriores los programas inclu\u00edan obras cl\u00e1sicas de Chopin o interpretaciones innovadoras de\u00a0<strong>Las cuatro estaciones de Vivaldi<\/strong>. Fechas del 2026 en breve.<\/p>\n<\/div><\/div>\n\n\n\n<p>Para disfrutar m\u00e1s puedes consultar la <a href=\"https:\/\/filharmonia.pl\/en\/repertuar\"><strong>Cartelera Auditorio Nacional<\/strong><\/a> o <a href=\"https:\/\/teatrwielki.pl\/en\/repertoire\/calendar\/#\/f\/0\/1-31\"><strong>Gran Teatro \u00d3pera Nacional<\/strong><\/a><\/p>\n\n\n\n<div style=\"height:100px\" aria-hidden=\"true\" class=\"wp-block-spacer is-style-spacer-medium\"><\/div>\n\n\n\n<div class=\"wp-block-group is-style-container-medium\"><div class=\"wp-block-group__inner-container is-layout-constrained wp-block-group-is-layout-constrained\">\n<h3 class=\"wp-block-heading\"><strong>Wroc\u0142aw<\/strong><\/h3>\n<\/div><\/div>\n<\/div><\/div>\n\n\n\n<div class=\"wp-block-group\"><div class=\"wp-block-group__inner-container is-layout-constrained wp-block-group-is-layout-constrained\">\n<div style=\"height:100px\" aria-hidden=\"true\" class=\"wp-block-spacer is-style-spacer-small\"><\/div>\n<\/div><\/div>\n\n\n\n<div class=\"wp-block-group is-style-container\"><div class=\"wp-block-group__inner-container is-layout-constrained wp-block-group-is-layout-constrained\"><div class=\"wp-block-image\">\n<figure class=\"aligncenter size-large\"><img loading=\"lazy\" decoding=\"async\" width=\"1200\" height=\"800\" src=\"https:\/\/www.polonia.travel\/es\/wp-content\/uploads\/sites\/18\/2024\/08\/NFM_fot_Lukasz_Rajchert_1-1200x800.jpg\" alt=\"\" class=\"wp-image-35631\" srcset=\"https:\/\/www.polonia.travel\/es\/wp-content\/uploads\/sites\/18\/2024\/08\/NFM_fot_Lukasz_Rajchert_1-1200x800.jpg 1200w, https:\/\/www.polonia.travel\/es\/wp-content\/uploads\/sites\/18\/2024\/08\/NFM_fot_Lukasz_Rajchert_1-600x400.jpg 600w, https:\/\/www.polonia.travel\/es\/wp-content\/uploads\/sites\/18\/2024\/08\/NFM_fot_Lukasz_Rajchert_1-768x512.jpg 768w, https:\/\/www.polonia.travel\/es\/wp-content\/uploads\/sites\/18\/2024\/08\/NFM_fot_Lukasz_Rajchert_1-1536x1024.jpg 1536w, https:\/\/www.polonia.travel\/es\/wp-content\/uploads\/sites\/18\/2024\/08\/NFM_fot_Lukasz_Rajchert_1.jpg 1920w\" sizes=\"auto, (max-width: 1200px) 100vw, 1200px\" \/><figcaption class=\"wp-element-caption\">Foro Nacional de M\u00fasica | Foto: \u0141ukasz Rajchert<\/figcaption><\/figure><\/div><\/div><\/div>\n\n\n\n<div style=\"height:100px\" aria-hidden=\"true\" class=\"wp-block-spacer is-style-spacer-small\"><\/div>\n\n\n\n<div class=\"wp-block-group is-style-container-medium\"><div class=\"wp-block-group__inner-container is-layout-constrained wp-block-group-is-layout-constrained\">\n<p><strong>Vratislavia<\/strong> es el nombre lat\u00edn de Wroc\u0142aw (Breslavia en espa\u00f1ol) que desde hace 60 a\u00f1os es la anfitriona del festival internacional de canto <strong>Wratislawia Cantans<\/strong> (Wroclaw\/Breslavia cantando). Son habituales aqu\u00ed los grandes de la m\u00fasica cl\u00e1sica, cada a\u00f1o sorprende con nuevos artistas por tanto te animamos a revisar la <a href=\"https:\/\/www.nfm.wroclaw.pl\/en\/festivals\/wratislavia-cantans\">cartelera<\/a>. Fechas en breve.<\/p>\n\n\n\n<p><a href=\"https:\/\/portal.nfm.wroclaw.pl\/en\/repertoire\">Cartelera del Foro Nacional de M\u00fasica<\/a><\/p>\n\n\n\n<div style=\"height:100px\" aria-hidden=\"true\" class=\"wp-block-spacer is-style-spacer-medium\"><\/div>\n\n\n\n<div class=\"wp-block-group is-style-container-medium\"><div class=\"wp-block-group__inner-container is-layout-constrained wp-block-group-is-layout-constrained\">\n<h3 class=\"wp-block-heading\"><strong>\u0141a\u0144cut<\/strong><\/h3>\n<\/div><\/div>\n<\/div><\/div>\n\n\n\n<div style=\"height:100px\" aria-hidden=\"true\" class=\"wp-block-spacer is-style-spacer-small\"><\/div>\n\n\n\n<div class=\"wp-block-group is-style-container\"><div class=\"wp-block-group__inner-container is-layout-constrained wp-block-group-is-layout-constrained\"><div class=\"wp-block-image\">\n<figure class=\"aligncenter size-full\"><img loading=\"lazy\" decoding=\"async\" width=\"1170\" height=\"780\" src=\"https:\/\/www.polonia.travel\/es\/wp-content\/uploads\/sites\/18\/2022\/12\/zamek_lancut_1170-2.jpg\" alt=\"\" class=\"wp-image-11584\" srcset=\"https:\/\/www.polonia.travel\/es\/wp-content\/uploads\/sites\/18\/2022\/12\/zamek_lancut_1170-2.jpg 1170w, https:\/\/www.polonia.travel\/es\/wp-content\/uploads\/sites\/18\/2022\/12\/zamek_lancut_1170-2-600x400.jpg 600w, https:\/\/www.polonia.travel\/es\/wp-content\/uploads\/sites\/18\/2022\/12\/zamek_lancut_1170-2-768x512.jpg 768w\" sizes=\"auto, (max-width: 1170px) 100vw, 1170px\" \/><\/figure><\/div><\/div><\/div>\n\n\n\n<div style=\"height:100px\" aria-hidden=\"true\" class=\"wp-block-spacer is-style-spacer-small\"><\/div>\n\n\n\n<div class=\"wp-block-group is-style-container-medium\"><div class=\"wp-block-group__inner-container is-layout-constrained wp-block-group-is-layout-constrained\">\n<div class=\"wp-block-group is-style-container-medium\"><div class=\"wp-block-group__inner-container is-layout-constrained wp-block-group-is-layout-constrained\">\n<p>El <strong>Festival de \u0141a\u0144cut<\/strong> re\u00fane desde hace seis d\u00e9cadas a los grandes de la m\u00fasica cl\u00e1sica. El marco para el evento es perfecto: el palacio de\u00a0\u0141a\u0144cut, del s. XVII, rodeado de jardines de estilo ingl\u00e9s temprano. Situada en el sureste de Polonia, \u0141a\u0144cut puede ser, adem\u00e1s, una c\u00f3moda base para hacer excursiones por los pintorescos pueblos de la zona de <strong>Subc\u00e1rpatos<\/strong> durante el d\u00eda. Del 21 6de mayo al 11 de junio de 2025.<\/p>\n<\/div><\/div>\n\n\n\n<div style=\"height:100px\" aria-hidden=\"true\" class=\"wp-block-spacer is-style-spacer-medium\"><\/div>\n<\/div><\/div>\n\n\n\n<div class=\"wp-block-group is-style-container-medium\"><div class=\"wp-block-group__inner-container is-layout-constrained wp-block-group-is-layout-constrained\">\n<h3 class=\"wp-block-heading\"><strong>Gda\u0144sk<\/strong><\/h3>\n<\/div><\/div>\n\n\n\n<div style=\"height:100px\" aria-hidden=\"true\" class=\"wp-block-spacer is-style-spacer-small\"><\/div>\n\n\n\n<div class=\"wp-block-group\"><div class=\"wp-block-group__inner-container is-layout-constrained wp-block-group-is-layout-constrained\">\n<div class=\"wp-block-group is-style-container\"><div class=\"wp-block-group__inner-container is-layout-constrained wp-block-group-is-layout-constrained\">\n<div class=\"wp-block-group\"><div class=\"wp-block-group__inner-container is-layout-constrained wp-block-group-is-layout-constrained\"><div class=\"wp-block-image\">\n<figure class=\"aligncenter size-large\"><img loading=\"lazy\" decoding=\"async\" width=\"1200\" height=\"781\" src=\"https:\/\/www.polonia.travel\/es\/wp-content\/uploads\/sites\/18\/2023\/04\/gdansk-oliwa-e1682520472293-1200x781.jpg\" alt=\"Gda\u0144sk - Oliwa, widok opactwa z lotu ptaka , fot. Micha\u0142 Czacharowski\" class=\"wp-image-24673\" srcset=\"https:\/\/www.polonia.travel\/es\/wp-content\/uploads\/sites\/18\/2023\/04\/gdansk-oliwa-e1682520472293-1200x781.jpg 1200w, https:\/\/www.polonia.travel\/es\/wp-content\/uploads\/sites\/18\/2023\/04\/gdansk-oliwa-e1682520472293-600x391.jpg 600w, https:\/\/www.polonia.travel\/es\/wp-content\/uploads\/sites\/18\/2023\/04\/gdansk-oliwa-e1682520472293-768x500.jpg 768w, https:\/\/www.polonia.travel\/es\/wp-content\/uploads\/sites\/18\/2023\/04\/gdansk-oliwa-e1682520472293.jpg 1227w\" sizes=\"auto, (max-width: 1200px) 100vw, 1200px\" \/><figcaption class=\"wp-element-caption\">Gda\u0144sk &#8211; la Catedral de Oliwa | foto: Micha\u0142 Czacharowski<\/figcaption><\/figure><\/div><\/div><\/div>\n<\/div><\/div>\n<\/div><\/div>\n\n\n\n<div style=\"height:100px\" aria-hidden=\"true\" class=\"wp-block-spacer is-style-spacer-small\"><\/div>\n\n\n\n<div class=\"wp-block-group is-style-container-medium\"><div class=\"wp-block-group__inner-container is-layout-constrained wp-block-group-is-layout-constrained\">\n<p>La capital polaca de la costa b\u00e1ltica celebra cada verano su Mercado de Santo Domingo de car\u00e1cter l\u00fadico que coincide con el <strong>Festival de la m\u00fasica de \u00f3rgano<\/strong>. El primero cuenta con una tradici\u00f3n de m\u00e1s de 750 a\u00f1os y el segundo se celebra en julio y agosto, cumpliendo su 69\u00aa edici\u00f3n en 2026. El lugar para escuchar esta potente m\u00fasica no puede ser otro que la Catedral de Oliwa y sus famosos \u00f3rganos. <a href=\"https:\/\/www.filharmonia.gda.pl\/repertuar\/repertuar\/wydarzenia-filharmonii\/festiwale\/miedzynarodowy-festiwal-muzyki-organowej-w-oliwie\">Programa<\/a>\u00a0<\/p>\n<\/div><\/div>\n\n\n\n<div class=\"wp-block-group is-style-container-medium\"><div class=\"wp-block-group__inner-container is-layout-constrained wp-block-group-is-layout-constrained\">\n<p>El auditorio, <strong><em>Filharmonia Baltycka<\/em><\/strong>, sorprende cada temporada con una interesante cartelera de obras y artistas invitados. Merece la pena <a href=\"https:\/\/www.filharmonia.gda.pl\/repertuar\">comprobarlo<\/a>.&nbsp;<\/p>\n<\/div><\/div>\n\n\n\n<div style=\"height:100px\" aria-hidden=\"true\" class=\"wp-block-spacer is-style-spacer-medium\"><\/div>\n\n\n\n<div class=\"wp-block-group is-style-container-medium\"><div class=\"wp-block-group__inner-container is-layout-constrained wp-block-group-is-layout-constrained\">\n<h3 class=\"wp-block-heading\">Cracovia<\/h3>\n<\/div><\/div>\n\n\n\n<div style=\"height:100px\" aria-hidden=\"true\" class=\"wp-block-spacer is-style-spacer-small\"><\/div>\n\n\n\n<div class=\"wp-block-group is-style-container\"><div class=\"wp-block-group__inner-container is-layout-constrained wp-block-group-is-layout-constrained\"><div class=\"wp-block-image\">\n<figure class=\"aligncenter size-large\"><img loading=\"lazy\" decoding=\"async\" width=\"1200\" height=\"800\" src=\"https:\/\/www.polonia.travel\/es\/wp-content\/uploads\/sites\/18\/2024\/07\/2838_Teatr-Slowackiego_Krako_AB_HR-1200x800.jpg\" alt=\"\" class=\"wp-image-35627\" srcset=\"https:\/\/www.polonia.travel\/es\/wp-content\/uploads\/sites\/18\/2024\/07\/2838_Teatr-Slowackiego_Krako_AB_HR-1200x800.jpg 1200w, https:\/\/www.polonia.travel\/es\/wp-content\/uploads\/sites\/18\/2024\/07\/2838_Teatr-Slowackiego_Krako_AB_HR-600x400.jpg 600w, https:\/\/www.polonia.travel\/es\/wp-content\/uploads\/sites\/18\/2024\/07\/2838_Teatr-Slowackiego_Krako_AB_HR-768x512.jpg 768w, https:\/\/www.polonia.travel\/es\/wp-content\/uploads\/sites\/18\/2024\/07\/2838_Teatr-Slowackiego_Krako_AB_HR-1536x1024.jpg 1536w, https:\/\/www.polonia.travel\/es\/wp-content\/uploads\/sites\/18\/2024\/07\/2838_Teatr-Slowackiego_Krako_AB_HR-2048x1365.jpg 2048w, https:\/\/www.polonia.travel\/es\/wp-content\/uploads\/sites\/18\/2024\/07\/2838_Teatr-Slowackiego_Krako_AB_HR-1920x1280.jpg 1920w\" sizes=\"auto, (max-width: 1200px) 100vw, 1200px\" \/><figcaption class=\"wp-element-caption\">Teatro S\u0142owacki, Cracovia<\/figcaption><\/figure><\/div><\/div><\/div>\n\n\n\n<div style=\"height:100px\" aria-hidden=\"true\" class=\"wp-block-spacer is-style-spacer-small\"><\/div>\n\n\n\n<div class=\"wp-block-group is-style-container-medium\"><div class=\"wp-block-group__inner-container is-layout-constrained wp-block-group-is-layout-constrained\">\n<p>Todas las instituciones culturales que albergan los eventos de la m\u00fasica cl\u00e1sica se encuentran muy cerca o en el casco antiguo de la ciudad, como el <em><strong>Teatr S\u0142owackiego&nbsp;<\/strong><\/em>(en la foto). <strong>Opera Krakowska<\/strong> (La \u00d3pera de Cracovia) est\u00e1 a unos pasos para ofrecer este g\u00e9nero para los amantes del canto y ballet. <a href=\"https:\/\/opera.krakow.pl\/en\/repertoire\">Aqu\u00ed<\/a> puedes consultar el repertorio.&nbsp;<\/p>\n\n\n\n<p><em><strong>Filharmonia Krakowska<\/strong><\/em> (Orquesta Filarm\u00f3nica de Cracovia) tambi\u00e9n tiene su sede en el centro de la ciudad (calle Zwierzyniecka 1) ofreciendo los conciertos los fines de semana, con programaci\u00f3n adicional entresemana con artistas invitados. <a href=\"https:\/\/filharmoniakrakow.pl\/public\/\">Cartelera<\/a><\/p>\n\n\n\n<div style=\"height:100px\" aria-hidden=\"true\" class=\"wp-block-spacer is-style-spacer-medium\"><\/div>\n\n\n\n<h3 class=\"wp-block-heading\">Katowice<\/h3>\n\n\n\n<div style=\"height:100px\" aria-hidden=\"true\" class=\"wp-block-spacer is-style-spacer-small\"><\/div>\n\n\n\n<p>Antigua capital de la industria minera de Polonia, hoy posee un imponente auditorio digno de recibir a grandes estrellas de la m\u00fasica cl\u00e1sica gracias a sus modernas instalaciones a la \u00faltima. Y no se puede esperar menos de una Ciudad UNESCO de la M\u00fasica (2015). La localizaci\u00f3n de la sala, cerca de una mina de carb\u00f3n hoy convertida en el Museo de Silesia, alude a este patrimonio industrial de la zona. Es sede de la prestigiosa <strong>Orquesta Nacional de la Radio y Televisi\u00f3n de Polonia<\/strong>&nbsp;(NOSPR) as\u00ed como anfitriona para orquestas y artistas invitados. <a href=\"https:\/\/nospr.org.pl\/en\/program\">Consulta<\/a> la programaci\u00f3n de esta temporada.<\/p>\n<\/div><\/div>\n\n\n\n<div style=\"height:100px\" aria-hidden=\"true\" class=\"wp-block-spacer is-style-spacer-small\"><\/div>\n\n\n<div class=\"wp-block-image\">\n<figure class=\"aligncenter size-full\"><img loading=\"lazy\" decoding=\"async\" width=\"1002\" height=\"603\" src=\"https:\/\/www.polonia.travel\/es\/wp-content\/uploads\/sites\/18\/2024\/07\/5db7503068efe.jpg\" alt=\"\" class=\"wp-image-35630\" srcset=\"https:\/\/www.polonia.travel\/es\/wp-content\/uploads\/sites\/18\/2024\/07\/5db7503068efe.jpg 1002w, https:\/\/www.polonia.travel\/es\/wp-content\/uploads\/sites\/18\/2024\/07\/5db7503068efe-600x361.jpg 600w, https:\/\/www.polonia.travel\/es\/wp-content\/uploads\/sites\/18\/2024\/07\/5db7503068efe-768x462.jpg 768w\" sizes=\"auto, (max-width: 1002px) 100vw, 1002px\" \/><figcaption class=\"wp-element-caption\">Sede de la Orquesta Nacional de la Radio y Televisi\u00f3n Polaca, Katowice<\/figcaption><\/figure><\/div>\n\n\n<div style=\"height:100px\" aria-hidden=\"true\" class=\"wp-block-spacer is-style-spacer-medium\"><\/div>\n\n\n\n<div class=\"wp-block-group is-style-container\"><div class=\"wp-block-group__inner-container is-layout-constrained wp-block-group-is-layout-constrained\">\n<div class=\"wp-block-group is-style-container-medium\"><div class=\"wp-block-group__inner-container is-layout-constrained wp-block-group-is-layout-constrained\">\n<h3 class=\"wp-block-heading\">Bydgoszcz<\/h3>\n<\/div><\/div>\n<\/div><\/div>\n\n\n\n<div style=\"height:100px\" aria-hidden=\"true\" class=\"wp-block-spacer is-style-spacer-small\"><\/div>\n\n\n\n<div class=\"wp-block-group is-style-container-medium\"><div class=\"wp-block-group__inner-container is-layout-constrained wp-block-group-is-layout-constrained\">\n<p><strong>Opera Nova<\/strong> es la instituci\u00f3n cultural m\u00e1s importante en esta ciudad situada en el centro norte del pa\u00eds, a 50 km de la hist\u00f3rica y muy reclamada por los turistas Torun. Si te gusta la \u00f3pera o el ballet, \u00e9ste es el lugar a tener en cuenta. <a href=\"https:\/\/www.opera.bydgoszcz.pl\/en\/repertuar.html\">Programaci\u00f3n<\/a><\/p>\n<\/div><\/div>\n\n\n\n<div style=\"height:100px\" aria-hidden=\"true\" class=\"wp-block-spacer is-style-spacer-small\"><\/div>\n\n\n<div class=\"wp-block-image\">\n<figure class=\"aligncenter size-large\"><img loading=\"lazy\" decoding=\"async\" width=\"1200\" height=\"820\" src=\"https:\/\/www.polonia.travel\/es\/wp-content\/uploads\/sites\/18\/2024\/08\/BY201004_0055-1617x1105-1-1200x820.webp\" alt=\"\" class=\"wp-image-35632\" srcset=\"https:\/\/www.polonia.travel\/es\/wp-content\/uploads\/sites\/18\/2024\/08\/BY201004_0055-1617x1105-1-1200x820.webp 1200w, https:\/\/www.polonia.travel\/es\/wp-content\/uploads\/sites\/18\/2024\/08\/BY201004_0055-1617x1105-1-600x410.webp 600w, https:\/\/www.polonia.travel\/es\/wp-content\/uploads\/sites\/18\/2024\/08\/BY201004_0055-1617x1105-1-768x525.webp 768w, https:\/\/www.polonia.travel\/es\/wp-content\/uploads\/sites\/18\/2024\/08\/BY201004_0055-1617x1105-1-1536x1050.webp 1536w, https:\/\/www.polonia.travel\/es\/wp-content\/uploads\/sites\/18\/2024\/08\/BY201004_0055-1617x1105-1.webp 1617w\" sizes=\"auto, (max-width: 1200px) 100vw, 1200px\" \/><figcaption class=\"wp-element-caption\">Opera Nova en Bydgoszcz | Foto: Centrum Kongresowe Opera Nova<\/figcaption><\/figure><\/div>\n\n\n<div class=\"wp-block-group is-style-container-small\"><div class=\"wp-block-group__inner-container is-layout-constrained wp-block-group-is-layout-constrained\">\n<div style=\"height:100px\" aria-hidden=\"true\" class=\"wp-block-spacer is-style-spacer-medium\"><\/div>\n<\/div><\/div>\n\n\n\n<div class=\"wp-block-group is-style-container-medium\"><div class=\"wp-block-group__inner-container is-layout-constrained wp-block-group-is-layout-constrained\">\n<h3 class=\"wp-block-heading\"><strong>\u0141\u00f3d\u017a<\/strong><\/h3>\n<\/div><\/div>\n\n\n\n<div style=\"height:100px\" aria-hidden=\"true\" class=\"wp-block-spacer is-style-spacer-small\"><\/div>\n\n\n\n<div class=\"wp-block-group is-style-container-medium\"><div class=\"wp-block-group__inner-container is-layout-constrained wp-block-group-is-layout-constrained\">\n<p>\u0141\u00f3d\u017a&nbsp;no es solamente la ciudad del cine y de arte contempor\u00e1neo. El <a href=\"https:\/\/www.operalodz.com\/index.php\">Gran Teatro de \u0141\u00f3d\u017a<\/a>&nbsp;es sede de la \u00f3pera de la ciudad y la sede de su Orquesta Filarm\u00f3nica lleva el nombre del gran <strong>Artur Rubinstein<\/strong>, pianista polaco de origen jud\u00edo oriundo de \u0141\u00f3d\u017a.<\/p>\n<\/div><\/div>\n\n\n\n<div class=\"wp-block-group is-style-container-small\"><div class=\"wp-block-group__inner-container is-layout-constrained wp-block-group-is-layout-constrained\">\n<div style=\"height:100px\" aria-hidden=\"true\" class=\"wp-block-spacer is-style-spacer-small\"><\/div>\n<\/div><\/div>\n\n\n<div class=\"wp-block-image\">\n<figure class=\"aligncenter size-full\"><img loading=\"lazy\" decoding=\"async\" width=\"960\" height=\"540\" src=\"https:\/\/www.polonia.travel\/es\/wp-content\/uploads\/sites\/18\/2024\/07\/Filharmonia_fot._Piotr_Tomczyk_.jpg\" alt=\"\" class=\"wp-image-35628\" srcset=\"https:\/\/www.polonia.travel\/es\/wp-content\/uploads\/sites\/18\/2024\/07\/Filharmonia_fot._Piotr_Tomczyk_.jpg 960w, https:\/\/www.polonia.travel\/es\/wp-content\/uploads\/sites\/18\/2024\/07\/Filharmonia_fot._Piotr_Tomczyk_-600x338.jpg 600w, https:\/\/www.polonia.travel\/es\/wp-content\/uploads\/sites\/18\/2024\/07\/Filharmonia_fot._Piotr_Tomczyk_-768x432.jpg 768w\" sizes=\"auto, (max-width: 960px) 100vw, 960px\" \/><figcaption class=\"wp-element-caption\">Sede de la Orquesta Filarm\u00f3nica de \u0141\u00f3d\u017a<\/figcaption><\/figure><\/div>\n\n\n<div style=\"height:100px\" aria-hidden=\"true\" class=\"wp-block-spacer is-style-spacer-medium\"><\/div>\n\n\n\n<div class=\"wp-block-group has-background\" style=\"background-color:#eeeeee\"><div class=\"wp-block-group__inner-container is-layout-constrained wp-block-group-is-layout-constrained\">\n<div style=\"height:100px\" aria-hidden=\"true\" class=\"wp-block-spacer is-style-spacer-small\"><\/div>\n\n\n\n<div class=\"wp-block-group is-style-container\"><div class=\"wp-block-group__inner-container is-layout-constrained wp-block-group-is-layout-constrained\">\n<h3 class=\"wp-block-heading\">Lee m\u00e1s art\u00edculos<\/h3>\n\n\n\n<div style=\"height:100px\" aria-hidden=\"true\" class=\"wp-block-spacer is-style-spacer-small\"><\/div>\n\n\n<div class=\"overflow\">\n  <div class=\"post-slider swiper post-slider--small\" data-schema=\"small\">\n\n    <div class=\"swiper-wrapper\">\n              <div class=\"swiper-slide post-slide\">\n                      <a href=\"https:\/\/www.polonia.travel\/es\/en-clave-de-jazz\/\" class=\"post-box post-box--small\" style=\" background-image: url(https:\/\/www.polonia.travel\/es\/wp-content\/uploads\/sites\/18\/2024\/07\/Jazz-na-Starym-Mieycie_fot.-m.st_.Warszawa-600x400.jpg);\">\n          <div class=\"post-box__hover\" style=\"background-image: url(https:\/\/www.polonia.travel\/es\/wp-content\/uploads\/sites\/18\/2024\/04\/Festival20Nuevos20Horizontes20en20Wroclaw20fot.MiC582osz20Poloch20540x360.jpg);\"><\/div>\n        <div class=\"post-box__info\">\n            <div class=\"post-box__title\">En clave de Jazz<\/div>\n      <div class=\"post-box__more\">Leer m\u00e1s<\/div>\n    <\/div>\n  <\/a>\n\n          <\/div>\n          <\/div>\n    <div class=\"post-slider__pagination\"><\/div>\n  <\/div>\n<\/div>\n<\/div><\/div>\n\n\n\n<div style=\"height:100px\" aria-hidden=\"true\" class=\"wp-block-spacer is-style-spacer-small\"><\/div>\n<\/div><\/div>\n\n\n\n<p><\/p>\n","protected":false},"excerpt":{"rendered":"<p>Si te gusta la m\u00fasica cl\u00e1sica Cada ciudad grande en Polonia cuenta con modernos auditorios y salas de concierto que cumplen con los m\u00e1s exigentes criterios actuales desde el punto de vista de la ac\u00fastica e instalaciones para el p\u00fablico y para los artistas.&nbsp;Muchos de ellos fueron inaugurados hace poco convirti\u00e9ndose en un marco excelente [&hellip;]<\/p>\n","protected":false},"author":1,"featured_media":6785,"comment_status":"open","ping_status":"open","sticky":false,"template":"","format":"standard","meta":{"_acf_changed":false,"footnotes":""},"categories":[1217],"class_list":["post-31463","post","type-post","status-publish","format-standard","has-post-thumbnail","hentry","category-turismo-cultural-y-urbano"],"acf":[],"yoast_head":"<!-- This site is optimized with the Yoast SEO plugin v27.4 - https:\/\/yoast.com\/product\/yoast-seo-wordpress\/ -->\n<title>Si te gusta la m\u00fasica cl\u00e1sica - Polonia Travel (ES)<\/title>\n<meta name=\"robots\" content=\"index, follow, max-snippet:-1, max-image-preview:large, max-video-preview:-1\" \/>\n<link rel=\"canonical\" href=\"https:\/\/www.polonia.travel\/es\/si-te-gusta-la-musica-clasica\/\" \/>\n<meta property=\"og:locale\" content=\"pl_PL\" \/>\n<meta property=\"og:type\" content=\"article\" \/>\n<meta property=\"og:title\" content=\"Si te gusta la m\u00fasica cl\u00e1sica - Polonia Travel (ES)\" \/>\n<meta property=\"og:description\" content=\"Si te gusta la m\u00fasica cl\u00e1sica Cada ciudad grande en Polonia cuenta con modernos auditorios y salas de concierto que cumplen con los m\u00e1s exigentes criterios actuales desde el punto de vista de la ac\u00fastica e instalaciones para el p\u00fablico y para los artistas.&nbsp;Muchos de ellos fueron inaugurados hace poco convirti\u00e9ndose en un marco excelente [&hellip;]\" \/>\n<meta property=\"og:url\" content=\"https:\/\/www.polonia.travel\/es\/si-te-gusta-la-musica-clasica\/\" \/>\n<meta property=\"og:site_name\" content=\"Polonia Travel (ES)\" \/>\n<meta property=\"article:published_time\" content=\"2024-06-03T08:49:23+00:00\" \/>\n<meta property=\"article:modified_time\" content=\"2026-03-09T15:29:27+00:00\" \/>\n<meta property=\"og:image\" content=\"https:\/\/www.polonia.travel\/es\/wp-content\/uploads\/sites\/18\/2022\/12\/opole_amfiteatr_1170.jpg\" \/>\n\t<meta property=\"og:image:width\" content=\"1170\" \/>\n\t<meta property=\"og:image:height\" content=\"780\" \/>\n\t<meta property=\"og:image:type\" content=\"image\/jpeg\" \/>\n<meta name=\"twitter:card\" content=\"summary_large_image\" \/>\n<meta name=\"twitter:label1\" content=\"Napisane przez\" \/>\n\t<meta name=\"twitter:data1\" content=\"\" \/>\n\t<meta name=\"twitter:label2\" content=\"Szacowany czas czytania\" \/>\n\t<meta name=\"twitter:data2\" content=\"8 minut\" \/>\n<script type=\"application\/ld+json\" class=\"yoast-schema-graph\">{\"@context\":\"https:\\\/\\\/schema.org\",\"@graph\":[{\"@type\":\"Article\",\"@id\":\"https:\\\/\\\/www.polonia.travel\\\/es\\\/si-te-gusta-la-musica-clasica\\\/#article\",\"isPartOf\":{\"@id\":\"https:\\\/\\\/www.polonia.travel\\\/es\\\/si-te-gusta-la-musica-clasica\\\/\"},\"author\":{\"name\":\"\",\"@id\":\"\"},\"headline\":\"Si te gusta la m\u00fasica cl\u00e1sica\",\"datePublished\":\"2024-06-03T08:49:23+00:00\",\"dateModified\":\"2026-03-09T15:29:27+00:00\",\"mainEntityOfPage\":{\"@id\":\"https:\\\/\\\/www.polonia.travel\\\/es\\\/si-te-gusta-la-musica-clasica\\\/\"},\"wordCount\":1114,\"commentCount\":0,\"publisher\":{\"@id\":\"https:\\\/\\\/www.polonia.travel\\\/es\\\/#organization\"},\"image\":{\"@id\":\"https:\\\/\\\/www.polonia.travel\\\/es\\\/si-te-gusta-la-musica-clasica\\\/#primaryimage\"},\"thumbnailUrl\":\"https:\\\/\\\/www.polonia.travel\\\/es\\\/wp-content\\\/uploads\\\/sites\\\/18\\\/2022\\\/12\\\/opole_amfiteatr_1170.jpg\",\"keywords\":[\"es\",\"que-hacer-en-polonia\",\"turismo-cultural\",\"agenda cultural 2025\",\"musica clasica\"],\"articleSection\":[\"Turismo cultural y urbano\"],\"inLanguage\":\"pl-PL\"},{\"@type\":\"WebPage\",\"@id\":\"https:\\\/\\\/www.polonia.travel\\\/es\\\/si-te-gusta-la-musica-clasica\\\/\",\"url\":\"https:\\\/\\\/www.polonia.travel\\\/es\\\/si-te-gusta-la-musica-clasica\\\/\",\"name\":\"Si te gusta la m\u00fasica cl\u00e1sica - Polonia Travel (ES)\",\"isPartOf\":{\"@id\":\"https:\\\/\\\/www.polonia.travel\\\/es\\\/#website\"},\"primaryImageOfPage\":{\"@id\":\"https:\\\/\\\/www.polonia.travel\\\/es\\\/si-te-gusta-la-musica-clasica\\\/#primaryimage\"},\"image\":{\"@id\":\"https:\\\/\\\/www.polonia.travel\\\/es\\\/si-te-gusta-la-musica-clasica\\\/#primaryimage\"},\"thumbnailUrl\":\"https:\\\/\\\/www.polonia.travel\\\/es\\\/wp-content\\\/uploads\\\/sites\\\/18\\\/2022\\\/12\\\/opole_amfiteatr_1170.jpg\",\"datePublished\":\"2024-06-03T08:49:23+00:00\",\"dateModified\":\"2026-03-09T15:29:27+00:00\",\"breadcrumb\":{\"@id\":\"https:\\\/\\\/www.polonia.travel\\\/es\\\/si-te-gusta-la-musica-clasica\\\/#breadcrumb\"},\"inLanguage\":\"pl-PL\",\"potentialAction\":[{\"@type\":\"ReadAction\",\"target\":[\"https:\\\/\\\/www.polonia.travel\\\/es\\\/si-te-gusta-la-musica-clasica\\\/\"]}]},{\"@type\":\"ImageObject\",\"inLanguage\":\"pl-PL\",\"@id\":\"https:\\\/\\\/www.polonia.travel\\\/es\\\/si-te-gusta-la-musica-clasica\\\/#primaryimage\",\"url\":\"https:\\\/\\\/www.polonia.travel\\\/es\\\/wp-content\\\/uploads\\\/sites\\\/18\\\/2022\\\/12\\\/opole_amfiteatr_1170.jpg\",\"contentUrl\":\"https:\\\/\\\/www.polonia.travel\\\/es\\\/wp-content\\\/uploads\\\/sites\\\/18\\\/2022\\\/12\\\/opole_amfiteatr_1170.jpg\",\"width\":1170,\"height\":780},{\"@type\":\"BreadcrumbList\",\"@id\":\"https:\\\/\\\/www.polonia.travel\\\/es\\\/si-te-gusta-la-musica-clasica\\\/#breadcrumb\",\"itemListElement\":[{\"@type\":\"ListItem\",\"position\":1,\"name\":\"Home page\",\"item\":\"https:\\\/\\\/www.polonia.travel\\\/es\\\/\"},{\"@type\":\"ListItem\",\"position\":2,\"name\":\"Inspiraciones de viaje\",\"item\":\"https:\\\/\\\/www.polonia.travel\\\/es\\\/category\\\/inspiraciones-de-viaje\\\/\"},{\"@type\":\"ListItem\",\"position\":3,\"name\":\"Turismo cultural y urbano\",\"item\":\"https:\\\/\\\/www.polonia.travel\\\/es\\\/category\\\/inspiraciones-de-viaje\\\/turismo-cultural-y-urbano\\\/\"},{\"@type\":\"ListItem\",\"position\":4,\"name\":\"Si te gusta la m\u00fasica cl\u00e1sica\"}]},{\"@type\":\"WebSite\",\"@id\":\"https:\\\/\\\/www.polonia.travel\\\/es\\\/#website\",\"url\":\"https:\\\/\\\/www.polonia.travel\\\/es\\\/\",\"name\":\"Polonia Travel (ES)\",\"description\":\"...\",\"publisher\":{\"@id\":\"https:\\\/\\\/www.polonia.travel\\\/es\\\/#organization\"},\"potentialAction\":[{\"@type\":\"SearchAction\",\"target\":{\"@type\":\"EntryPoint\",\"urlTemplate\":\"https:\\\/\\\/www.polonia.travel\\\/es\\\/?s={search_term_string}\"},\"query-input\":{\"@type\":\"PropertyValueSpecification\",\"valueRequired\":true,\"valueName\":\"search_term_string\"}}],\"inLanguage\":\"pl-PL\"},{\"@type\":\"Organization\",\"@id\":\"https:\\\/\\\/www.polonia.travel\\\/es\\\/#organization\",\"name\":\"Polonia Travel (ES)\",\"url\":\"https:\\\/\\\/www.polonia.travel\\\/es\\\/\",\"logo\":{\"@type\":\"ImageObject\",\"inLanguage\":\"pl-PL\",\"@id\":\"https:\\\/\\\/www.polonia.travel\\\/es\\\/#\\\/schema\\\/logo\\\/image\\\/\",\"url\":\"\",\"contentUrl\":\"\",\"caption\":\"Polonia Travel (ES)\"},\"image\":{\"@id\":\"https:\\\/\\\/www.polonia.travel\\\/es\\\/#\\\/schema\\\/logo\\\/image\\\/\"}},{\"@type\":\"Person\",\"@id\":\"\"}]}<\/script>\n<!-- \/ Yoast SEO plugin. -->","yoast_head_json":{"title":"Si te gusta la m\u00fasica cl\u00e1sica - Polonia Travel (ES)","robots":{"index":"index","follow":"follow","max-snippet":"max-snippet:-1","max-image-preview":"max-image-preview:large","max-video-preview":"max-video-preview:-1"},"canonical":"https:\/\/www.polonia.travel\/es\/si-te-gusta-la-musica-clasica\/","og_locale":"pl_PL","og_type":"article","og_title":"Si te gusta la m\u00fasica cl\u00e1sica - Polonia Travel (ES)","og_description":"Si te gusta la m\u00fasica cl\u00e1sica Cada ciudad grande en Polonia cuenta con modernos auditorios y salas de concierto que cumplen con los m\u00e1s exigentes criterios actuales desde el punto de vista de la ac\u00fastica e instalaciones para el p\u00fablico y para los artistas.&nbsp;Muchos de ellos fueron inaugurados hace poco convirti\u00e9ndose en un marco excelente [&hellip;]","og_url":"https:\/\/www.polonia.travel\/es\/si-te-gusta-la-musica-clasica\/","og_site_name":"Polonia Travel (ES)","article_published_time":"2024-06-03T08:49:23+00:00","article_modified_time":"2026-03-09T15:29:27+00:00","og_image":[{"width":1170,"height":780,"url":"https:\/\/www.polonia.travel\/es\/wp-content\/uploads\/sites\/18\/2022\/12\/opole_amfiteatr_1170.jpg","type":"image\/jpeg"}],"twitter_card":"summary_large_image","twitter_misc":{"Napisane przez":"","Szacowany czas czytania":"8 minut"},"schema":{"@context":"https:\/\/schema.org","@graph":[{"@type":"Article","@id":"https:\/\/www.polonia.travel\/es\/si-te-gusta-la-musica-clasica\/#article","isPartOf":{"@id":"https:\/\/www.polonia.travel\/es\/si-te-gusta-la-musica-clasica\/"},"author":{"name":"","@id":""},"headline":"Si te gusta la m\u00fasica cl\u00e1sica","datePublished":"2024-06-03T08:49:23+00:00","dateModified":"2026-03-09T15:29:27+00:00","mainEntityOfPage":{"@id":"https:\/\/www.polonia.travel\/es\/si-te-gusta-la-musica-clasica\/"},"wordCount":1114,"commentCount":0,"publisher":{"@id":"https:\/\/www.polonia.travel\/es\/#organization"},"image":{"@id":"https:\/\/www.polonia.travel\/es\/si-te-gusta-la-musica-clasica\/#primaryimage"},"thumbnailUrl":"https:\/\/www.polonia.travel\/es\/wp-content\/uploads\/sites\/18\/2022\/12\/opole_amfiteatr_1170.jpg","keywords":["es","que-hacer-en-polonia","turismo-cultural","agenda cultural 2025","musica clasica"],"articleSection":["Turismo cultural y urbano"],"inLanguage":"pl-PL"},{"@type":"WebPage","@id":"https:\/\/www.polonia.travel\/es\/si-te-gusta-la-musica-clasica\/","url":"https:\/\/www.polonia.travel\/es\/si-te-gusta-la-musica-clasica\/","name":"Si te gusta la m\u00fasica cl\u00e1sica - Polonia Travel (ES)","isPartOf":{"@id":"https:\/\/www.polonia.travel\/es\/#website"},"primaryImageOfPage":{"@id":"https:\/\/www.polonia.travel\/es\/si-te-gusta-la-musica-clasica\/#primaryimage"},"image":{"@id":"https:\/\/www.polonia.travel\/es\/si-te-gusta-la-musica-clasica\/#primaryimage"},"thumbnailUrl":"https:\/\/www.polonia.travel\/es\/wp-content\/uploads\/sites\/18\/2022\/12\/opole_amfiteatr_1170.jpg","datePublished":"2024-06-03T08:49:23+00:00","dateModified":"2026-03-09T15:29:27+00:00","breadcrumb":{"@id":"https:\/\/www.polonia.travel\/es\/si-te-gusta-la-musica-clasica\/#breadcrumb"},"inLanguage":"pl-PL","potentialAction":[{"@type":"ReadAction","target":["https:\/\/www.polonia.travel\/es\/si-te-gusta-la-musica-clasica\/"]}]},{"@type":"ImageObject","inLanguage":"pl-PL","@id":"https:\/\/www.polonia.travel\/es\/si-te-gusta-la-musica-clasica\/#primaryimage","url":"https:\/\/www.polonia.travel\/es\/wp-content\/uploads\/sites\/18\/2022\/12\/opole_amfiteatr_1170.jpg","contentUrl":"https:\/\/www.polonia.travel\/es\/wp-content\/uploads\/sites\/18\/2022\/12\/opole_amfiteatr_1170.jpg","width":1170,"height":780},{"@type":"BreadcrumbList","@id":"https:\/\/www.polonia.travel\/es\/si-te-gusta-la-musica-clasica\/#breadcrumb","itemListElement":[{"@type":"ListItem","position":1,"name":"Home page","item":"https:\/\/www.polonia.travel\/es\/"},{"@type":"ListItem","position":2,"name":"Inspiraciones de viaje","item":"https:\/\/www.polonia.travel\/es\/category\/inspiraciones-de-viaje\/"},{"@type":"ListItem","position":3,"name":"Turismo cultural y urbano","item":"https:\/\/www.polonia.travel\/es\/category\/inspiraciones-de-viaje\/turismo-cultural-y-urbano\/"},{"@type":"ListItem","position":4,"name":"Si te gusta la m\u00fasica cl\u00e1sica"}]},{"@type":"WebSite","@id":"https:\/\/www.polonia.travel\/es\/#website","url":"https:\/\/www.polonia.travel\/es\/","name":"Polonia Travel (ES)","description":"...","publisher":{"@id":"https:\/\/www.polonia.travel\/es\/#organization"},"potentialAction":[{"@type":"SearchAction","target":{"@type":"EntryPoint","urlTemplate":"https:\/\/www.polonia.travel\/es\/?s={search_term_string}"},"query-input":{"@type":"PropertyValueSpecification","valueRequired":true,"valueName":"search_term_string"}}],"inLanguage":"pl-PL"},{"@type":"Organization","@id":"https:\/\/www.polonia.travel\/es\/#organization","name":"Polonia Travel (ES)","url":"https:\/\/www.polonia.travel\/es\/","logo":{"@type":"ImageObject","inLanguage":"pl-PL","@id":"https:\/\/www.polonia.travel\/es\/#\/schema\/logo\/image\/","url":"","contentUrl":"","caption":"Polonia Travel (ES)"},"image":{"@id":"https:\/\/www.polonia.travel\/es\/#\/schema\/logo\/image\/"}},{"@type":"Person","@id":""}]}},"_links":{"self":[{"href":"https:\/\/www.polonia.travel\/es\/wp-json\/wp\/v2\/posts\/31463","targetHints":{"allow":["GET"]}}],"collection":[{"href":"https:\/\/www.polonia.travel\/es\/wp-json\/wp\/v2\/posts"}],"about":[{"href":"https:\/\/www.polonia.travel\/es\/wp-json\/wp\/v2\/types\/post"}],"author":[{"embeddable":true,"href":"https:\/\/www.polonia.travel\/es\/wp-json\/wp\/v2\/users\/1"}],"replies":[{"embeddable":true,"href":"https:\/\/www.polonia.travel\/es\/wp-json\/wp\/v2\/comments?post=31463"}],"version-history":[{"count":5,"href":"https:\/\/www.polonia.travel\/es\/wp-json\/wp\/v2\/posts\/31463\/revisions"}],"predecessor-version":[{"id":38853,"href":"https:\/\/www.polonia.travel\/es\/wp-json\/wp\/v2\/posts\/31463\/revisions\/38853"}],"wp:featuredmedia":[{"embeddable":true,"href":"https:\/\/www.polonia.travel\/es\/wp-json\/wp\/v2\/media\/6785"}],"wp:attachment":[{"href":"https:\/\/www.polonia.travel\/es\/wp-json\/wp\/v2\/media?parent=31463"}],"wp:term":[{"taxonomy":"category","embeddable":true,"href":"https:\/\/www.polonia.travel\/es\/wp-json\/wp\/v2\/categories?post=31463"}],"curies":[{"name":"wp","href":"https:\/\/api.w.org\/{rel}","templated":true}]}}