{"id":31456,"date":"2024-07-25T15:05:29","date_gmt":"2024-07-25T13:05:29","guid":{"rendered":"https:\/\/wp-es.poland.travel\/?p=31456"},"modified":"2024-08-22T10:15:28","modified_gmt":"2024-08-22T08:15:28","slug":"1944-el-ano-del-levantamiento-de-varsovia","status":"publish","type":"post","link":"https:\/\/www.polonia.travel\/es\/1944-el-ano-del-levantamiento-de-varsovia\/","title":{"rendered":"1944: el a\u00f1o del Levantamiento de Varsovia"},"content":{"rendered":"\n<div class=\"wp-block-group is-style-container-medium\"><div class=\"wp-block-group__inner-container is-layout-constrained wp-block-group-is-layout-constrained\">\n<div class=\"wp-block-group is-style-container-medium\"><div class=\"wp-block-group__inner-container is-layout-constrained wp-block-group-is-layout-constrained\">\n<h2 class=\"wp-block-heading\">1944: el a\u00f1o del Levantamiento de Varsovia<\/h2>\n<\/div><\/div>\n\n\n\n<div style=\"height:100px\" aria-hidden=\"true\" class=\"wp-block-spacer is-style-spacer-small\"><\/div>\n\n\n\n<p style=\"text-align: justify\">Cada 1 de agosto Varsovia entera se detiene durante un minuto a las 17 h en punto. El bullicio de esta ciudad vibrante se torna en un silencio sepulcral que pone los pelos de punta. Es su forma de rendir homenaje a esos j\u00f3venes valientes que, en el mismo d\u00eda y a la misma hora de 1944, se atrevieron a desafiar el poder y la opresi\u00f3n de Hitler. Se trata de un gesto simb\u00f3lico tras el que se esconden historias sobrecogedoras que todav\u00eda palpitan en el coraz\u00f3n de la ciudad.<\/p>\n<p style=\"text-align: justify\">Varsovia es un ave f\u00e9nix con una ampl\u00edsima oferta de espacios culturales, art\u00edsticos e hist\u00f3ricos. Entre los m\u00e1s cl\u00e1sicos destacan tres residencias reales: el Castillo Real, el Palacio de la Isla y el Palacio de Wilan\u00f3w; y otros tres museos de arte: el Nacional, la Galer\u00eda Zach\u0119ta y el Contempor\u00e1neo. Pero esta ciudad en constante proceso de renovaci\u00f3n marca la diferencia con propuestas rompedoras que, aunque sea para hablar de la historia y del pasado, ocupan espacios modernos y se valen de las \u00faltimas herramientas que brinda la tecnolog\u00eda para dejarte con la boca abierta. Es el caso del <strong>Museo del Levantamiento de Varsovia<\/strong>.<\/p>\n<p style=\"text-align: justify\">La capital polaca fue una de las primeras capitales europeas que cayeron en manos de los nazis. A lo largo de toda la Segunda Guerra Mundial, en Varsovia existi\u00f3 un muy activo movimiento de resistencia clandestina. Este organiz\u00f3 dos feroces alzamientos populares que se enfrentaron cara a cara con el poder nazi. El primero fue el <strong>Levantamiento del Gueto de Varsovia<\/strong>, entre el 19 de abril y el 16 de mayo de 1943, acotado al gueto jud\u00edo. El segundo fue el <strong>Levantamiento de Varsovia<\/strong>, entre el 1 de agosto y el 3 de octubre de 1944, que se extendi\u00f3 por toda la ciudad.<\/p>\n<p style=\"text-align: justify\">Existe un museo donde se puede ver, escuchar, palpar y casi oler la historia de este \u00faltimo y gran alzamiento popular. Un museo que recrea sus escenarios y repasa, d\u00eda a d\u00eda, los acontecimientos de aquellos 63 d\u00edas de lucha heroica. La visita empieza con el&nbsp;<strong>latido del coraz\u00f3n de una ciudad indomable<\/strong>&nbsp;y nos relata la vida cotidiana de los j\u00f3venes luchadores y de los habitantes de Varsovia a partir del 1 de agosto de 1944, cuando a las 17 h en punto se atrevieron a desafiar a Hitler, empe\u00f1ados en recuperar el control de la capital de su pa\u00eds.<\/p>\n<p style=\"text-align: justify\">El <strong>Museo del Levantamiento de Varsovia<\/strong> se ubica muy cerca del centro de la ciudad, en el anta\u00f1o barrio obrero de&nbsp;<strong>Wola<\/strong>. Dispone de gu\u00edas hispanohablantes y audio gu\u00edas en espa\u00f1ol, y tiene un amplio horario de apertura entre las 9 h o 10 h y las 18 h, cerrando solo los martes.<\/p>\n<p style=\"text-align: justify\">\n<\/p><p style=\"text-align: justify\"><a href=\"https:\/\/www.1944.pl\/en\">M\u00e1s informaci\u00f3n<\/a><\/p>\n<p><\/p>\n<div class=\"attachmentsContainer\">\n<div id=\"attachmentsList_com_content_default_31885\" class=\"attachmentsList\">&nbsp;<\/div>\n<\/div>\n<\/div><\/div>\n\n\n\n<h2 class=\"wp-block-heading\"><\/h2>\n\n\n\n<h2 class=\"wp-block-heading is-style-default\"><\/h2>\n","protected":false},"excerpt":{"rendered":"<p>1944: el a\u00f1o del Levantamiento de Varsovia Cada 1 de agosto Varsovia entera se detiene durante un minuto a las 17 h en punto. El bullicio de esta ciudad vibrante se torna en un silencio sepulcral que pone los pelos de punta. Es su forma de rendir homenaje a esos j\u00f3venes valientes que, en el [&hellip;]<\/p>\n","protected":false},"author":1,"featured_media":19511,"comment_status":"open","ping_status":"open","sticky":false,"template":"","format":"standard","meta":{"_acf_changed":false,"footnotes":""},"categories":[1055],"class_list":["post-31456","post","type-post","status-publish","format-standard","has-post-thumbnail","hentry","category-other"],"acf":[],"yoast_head":"<!-- This site is optimized with the Yoast SEO plugin v27.4 - https:\/\/yoast.com\/product\/yoast-seo-wordpress\/ -->\n<title>1944: el a\u00f1o del Levantamiento de Varsovia - Polonia Travel (ES)<\/title>\n<meta name=\"robots\" content=\"index, follow, max-snippet:-1, max-image-preview:large, max-video-preview:-1\" \/>\n<link rel=\"canonical\" href=\"https:\/\/www.polonia.travel\/es\/1944-el-ano-del-levantamiento-de-varsovia\/\" \/>\n<meta property=\"og:locale\" content=\"pl_PL\" \/>\n<meta property=\"og:type\" content=\"article\" \/>\n<meta property=\"og:title\" content=\"1944: el a\u00f1o del Levantamiento de Varsovia - Polonia Travel (ES)\" \/>\n<meta property=\"og:description\" content=\"1944: el a\u00f1o del Levantamiento de Varsovia Cada 1 de agosto Varsovia entera se detiene durante un minuto a las 17 h en punto. El bullicio de esta ciudad vibrante se torna en un silencio sepulcral que pone los pelos de punta. Es su forma de rendir homenaje a esos j\u00f3venes valientes que, en el [&hellip;]\" \/>\n<meta property=\"og:url\" content=\"https:\/\/www.polonia.travel\/es\/1944-el-ano-del-levantamiento-de-varsovia\/\" \/>\n<meta property=\"og:site_name\" content=\"Polonia Travel (ES)\" \/>\n<meta property=\"article:published_time\" content=\"2024-07-25T13:05:29+00:00\" \/>\n<meta property=\"article:modified_time\" content=\"2024-08-22T08:15:28+00:00\" \/>\n<meta property=\"og:image\" content=\"https:\/\/www.polonia.travel\/es\/wp-content\/uploads\/sites\/18\/2023\/02\/Muzeum-powstania-warszawskiego_2.jpg\" \/>\n\t<meta property=\"og:image:width\" content=\"1920\" \/>\n\t<meta property=\"og:image:height\" content=\"660\" \/>\n\t<meta property=\"og:image:type\" content=\"image\/jpeg\" \/>\n<meta name=\"twitter:card\" content=\"summary_large_image\" \/>\n<meta name=\"twitter:label1\" content=\"Napisane przez\" \/>\n\t<meta name=\"twitter:data1\" content=\"\" \/>\n\t<meta name=\"twitter:label2\" content=\"Szacowany czas czytania\" \/>\n\t<meta name=\"twitter:data2\" content=\"3 minuty\" \/>\n<script type=\"application\/ld+json\" class=\"yoast-schema-graph\">{\"@context\":\"https:\\\/\\\/schema.org\",\"@graph\":[{\"@type\":\"Article\",\"@id\":\"https:\\\/\\\/www.polonia.travel\\\/es\\\/1944-el-ano-del-levantamiento-de-varsovia\\\/#article\",\"isPartOf\":{\"@id\":\"https:\\\/\\\/www.polonia.travel\\\/es\\\/1944-el-ano-del-levantamiento-de-varsovia\\\/\"},\"author\":{\"name\":\"\",\"@id\":\"\"},\"headline\":\"1944: el a\u00f1o del Levantamiento de Varsovia\",\"datePublished\":\"2024-07-25T13:05:29+00:00\",\"dateModified\":\"2024-08-22T08:15:28+00:00\",\"mainEntityOfPage\":{\"@id\":\"https:\\\/\\\/www.polonia.travel\\\/es\\\/1944-el-ano-del-levantamiento-de-varsovia\\\/\"},\"wordCount\":487,\"commentCount\":0,\"publisher\":{\"@id\":\"https:\\\/\\\/www.polonia.travel\\\/es\\\/#organization\"},\"image\":{\"@id\":\"https:\\\/\\\/www.polonia.travel\\\/es\\\/1944-el-ano-del-levantamiento-de-varsovia\\\/#primaryimage\"},\"thumbnailUrl\":\"https:\\\/\\\/www.polonia.travel\\\/es\\\/wp-content\\\/uploads\\\/sites\\\/18\\\/2023\\\/02\\\/Muzeum-powstania-warszawskiego_2.jpg\",\"keywords\":[\"turismo-cultural\",\"museos\",\"historia-s-y-nuevas-tecnologia-s\",\"es\",\"que-hacer-en-polonia\"],\"articleSection\":[\"Other\"],\"inLanguage\":\"pl-PL\"},{\"@type\":\"WebPage\",\"@id\":\"https:\\\/\\\/www.polonia.travel\\\/es\\\/1944-el-ano-del-levantamiento-de-varsovia\\\/\",\"url\":\"https:\\\/\\\/www.polonia.travel\\\/es\\\/1944-el-ano-del-levantamiento-de-varsovia\\\/\",\"name\":\"1944: el a\u00f1o del Levantamiento de Varsovia - Polonia Travel (ES)\",\"isPartOf\":{\"@id\":\"https:\\\/\\\/www.polonia.travel\\\/es\\\/#website\"},\"primaryImageOfPage\":{\"@id\":\"https:\\\/\\\/www.polonia.travel\\\/es\\\/1944-el-ano-del-levantamiento-de-varsovia\\\/#primaryimage\"},\"image\":{\"@id\":\"https:\\\/\\\/www.polonia.travel\\\/es\\\/1944-el-ano-del-levantamiento-de-varsovia\\\/#primaryimage\"},\"thumbnailUrl\":\"https:\\\/\\\/www.polonia.travel\\\/es\\\/wp-content\\\/uploads\\\/sites\\\/18\\\/2023\\\/02\\\/Muzeum-powstania-warszawskiego_2.jpg\",\"datePublished\":\"2024-07-25T13:05:29+00:00\",\"dateModified\":\"2024-08-22T08:15:28+00:00\",\"breadcrumb\":{\"@id\":\"https:\\\/\\\/www.polonia.travel\\\/es\\\/1944-el-ano-del-levantamiento-de-varsovia\\\/#breadcrumb\"},\"inLanguage\":\"pl-PL\",\"potentialAction\":[{\"@type\":\"ReadAction\",\"target\":[\"https:\\\/\\\/www.polonia.travel\\\/es\\\/1944-el-ano-del-levantamiento-de-varsovia\\\/\"]}]},{\"@type\":\"ImageObject\",\"inLanguage\":\"pl-PL\",\"@id\":\"https:\\\/\\\/www.polonia.travel\\\/es\\\/1944-el-ano-del-levantamiento-de-varsovia\\\/#primaryimage\",\"url\":\"https:\\\/\\\/www.polonia.travel\\\/es\\\/wp-content\\\/uploads\\\/sites\\\/18\\\/2023\\\/02\\\/Muzeum-powstania-warszawskiego_2.jpg\",\"contentUrl\":\"https:\\\/\\\/www.polonia.travel\\\/es\\\/wp-content\\\/uploads\\\/sites\\\/18\\\/2023\\\/02\\\/Muzeum-powstania-warszawskiego_2.jpg\",\"width\":1920,\"height\":660,\"caption\":\"Muzeum Powstania Warszawskiego, Warszawa, Polska\"},{\"@type\":\"BreadcrumbList\",\"@id\":\"https:\\\/\\\/www.polonia.travel\\\/es\\\/1944-el-ano-del-levantamiento-de-varsovia\\\/#breadcrumb\",\"itemListElement\":[{\"@type\":\"ListItem\",\"position\":1,\"name\":\"Home page\",\"item\":\"https:\\\/\\\/www.polonia.travel\\\/es\\\/\"},{\"@type\":\"ListItem\",\"position\":2,\"name\":\"Other\",\"item\":\"https:\\\/\\\/www.polonia.travel\\\/es\\\/category\\\/other\\\/\"},{\"@type\":\"ListItem\",\"position\":3,\"name\":\"1944: el a\u00f1o del Levantamiento de Varsovia\"}]},{\"@type\":\"WebSite\",\"@id\":\"https:\\\/\\\/www.polonia.travel\\\/es\\\/#website\",\"url\":\"https:\\\/\\\/www.polonia.travel\\\/es\\\/\",\"name\":\"Polonia Travel (ES)\",\"description\":\"...\",\"publisher\":{\"@id\":\"https:\\\/\\\/www.polonia.travel\\\/es\\\/#organization\"},\"potentialAction\":[{\"@type\":\"SearchAction\",\"target\":{\"@type\":\"EntryPoint\",\"urlTemplate\":\"https:\\\/\\\/www.polonia.travel\\\/es\\\/?s={search_term_string}\"},\"query-input\":{\"@type\":\"PropertyValueSpecification\",\"valueRequired\":true,\"valueName\":\"search_term_string\"}}],\"inLanguage\":\"pl-PL\"},{\"@type\":\"Organization\",\"@id\":\"https:\\\/\\\/www.polonia.travel\\\/es\\\/#organization\",\"name\":\"Polonia Travel (ES)\",\"url\":\"https:\\\/\\\/www.polonia.travel\\\/es\\\/\",\"logo\":{\"@type\":\"ImageObject\",\"inLanguage\":\"pl-PL\",\"@id\":\"https:\\\/\\\/www.polonia.travel\\\/es\\\/#\\\/schema\\\/logo\\\/image\\\/\",\"url\":\"\",\"contentUrl\":\"\",\"caption\":\"Polonia Travel (ES)\"},\"image\":{\"@id\":\"https:\\\/\\\/www.polonia.travel\\\/es\\\/#\\\/schema\\\/logo\\\/image\\\/\"}},{\"@type\":\"Person\",\"@id\":\"\"}]}<\/script>\n<!-- \/ Yoast SEO plugin. -->","yoast_head_json":{"title":"1944: el a\u00f1o del Levantamiento de Varsovia - Polonia Travel (ES)","robots":{"index":"index","follow":"follow","max-snippet":"max-snippet:-1","max-image-preview":"max-image-preview:large","max-video-preview":"max-video-preview:-1"},"canonical":"https:\/\/www.polonia.travel\/es\/1944-el-ano-del-levantamiento-de-varsovia\/","og_locale":"pl_PL","og_type":"article","og_title":"1944: el a\u00f1o del Levantamiento de Varsovia - Polonia Travel (ES)","og_description":"1944: el a\u00f1o del Levantamiento de Varsovia Cada 1 de agosto Varsovia entera se detiene durante un minuto a las 17 h en punto. El bullicio de esta ciudad vibrante se torna en un silencio sepulcral que pone los pelos de punta. Es su forma de rendir homenaje a esos j\u00f3venes valientes que, en el [&hellip;]","og_url":"https:\/\/www.polonia.travel\/es\/1944-el-ano-del-levantamiento-de-varsovia\/","og_site_name":"Polonia Travel (ES)","article_published_time":"2024-07-25T13:05:29+00:00","article_modified_time":"2024-08-22T08:15:28+00:00","og_image":[{"width":1920,"height":660,"url":"https:\/\/www.polonia.travel\/es\/wp-content\/uploads\/sites\/18\/2023\/02\/Muzeum-powstania-warszawskiego_2.jpg","type":"image\/jpeg"}],"twitter_card":"summary_large_image","twitter_misc":{"Napisane przez":"","Szacowany czas czytania":"3 minuty"},"schema":{"@context":"https:\/\/schema.org","@graph":[{"@type":"Article","@id":"https:\/\/www.polonia.travel\/es\/1944-el-ano-del-levantamiento-de-varsovia\/#article","isPartOf":{"@id":"https:\/\/www.polonia.travel\/es\/1944-el-ano-del-levantamiento-de-varsovia\/"},"author":{"name":"","@id":""},"headline":"1944: el a\u00f1o del Levantamiento de Varsovia","datePublished":"2024-07-25T13:05:29+00:00","dateModified":"2024-08-22T08:15:28+00:00","mainEntityOfPage":{"@id":"https:\/\/www.polonia.travel\/es\/1944-el-ano-del-levantamiento-de-varsovia\/"},"wordCount":487,"commentCount":0,"publisher":{"@id":"https:\/\/www.polonia.travel\/es\/#organization"},"image":{"@id":"https:\/\/www.polonia.travel\/es\/1944-el-ano-del-levantamiento-de-varsovia\/#primaryimage"},"thumbnailUrl":"https:\/\/www.polonia.travel\/es\/wp-content\/uploads\/sites\/18\/2023\/02\/Muzeum-powstania-warszawskiego_2.jpg","keywords":["turismo-cultural","museos","historia-s-y-nuevas-tecnologia-s","es","que-hacer-en-polonia"],"articleSection":["Other"],"inLanguage":"pl-PL"},{"@type":"WebPage","@id":"https:\/\/www.polonia.travel\/es\/1944-el-ano-del-levantamiento-de-varsovia\/","url":"https:\/\/www.polonia.travel\/es\/1944-el-ano-del-levantamiento-de-varsovia\/","name":"1944: el a\u00f1o del Levantamiento de Varsovia - Polonia Travel (ES)","isPartOf":{"@id":"https:\/\/www.polonia.travel\/es\/#website"},"primaryImageOfPage":{"@id":"https:\/\/www.polonia.travel\/es\/1944-el-ano-del-levantamiento-de-varsovia\/#primaryimage"},"image":{"@id":"https:\/\/www.polonia.travel\/es\/1944-el-ano-del-levantamiento-de-varsovia\/#primaryimage"},"thumbnailUrl":"https:\/\/www.polonia.travel\/es\/wp-content\/uploads\/sites\/18\/2023\/02\/Muzeum-powstania-warszawskiego_2.jpg","datePublished":"2024-07-25T13:05:29+00:00","dateModified":"2024-08-22T08:15:28+00:00","breadcrumb":{"@id":"https:\/\/www.polonia.travel\/es\/1944-el-ano-del-levantamiento-de-varsovia\/#breadcrumb"},"inLanguage":"pl-PL","potentialAction":[{"@type":"ReadAction","target":["https:\/\/www.polonia.travel\/es\/1944-el-ano-del-levantamiento-de-varsovia\/"]}]},{"@type":"ImageObject","inLanguage":"pl-PL","@id":"https:\/\/www.polonia.travel\/es\/1944-el-ano-del-levantamiento-de-varsovia\/#primaryimage","url":"https:\/\/www.polonia.travel\/es\/wp-content\/uploads\/sites\/18\/2023\/02\/Muzeum-powstania-warszawskiego_2.jpg","contentUrl":"https:\/\/www.polonia.travel\/es\/wp-content\/uploads\/sites\/18\/2023\/02\/Muzeum-powstania-warszawskiego_2.jpg","width":1920,"height":660,"caption":"Muzeum Powstania Warszawskiego, Warszawa, Polska"},{"@type":"BreadcrumbList","@id":"https:\/\/www.polonia.travel\/es\/1944-el-ano-del-levantamiento-de-varsovia\/#breadcrumb","itemListElement":[{"@type":"ListItem","position":1,"name":"Home page","item":"https:\/\/www.polonia.travel\/es\/"},{"@type":"ListItem","position":2,"name":"Other","item":"https:\/\/www.polonia.travel\/es\/category\/other\/"},{"@type":"ListItem","position":3,"name":"1944: el a\u00f1o del Levantamiento de Varsovia"}]},{"@type":"WebSite","@id":"https:\/\/www.polonia.travel\/es\/#website","url":"https:\/\/www.polonia.travel\/es\/","name":"Polonia Travel (ES)","description":"...","publisher":{"@id":"https:\/\/www.polonia.travel\/es\/#organization"},"potentialAction":[{"@type":"SearchAction","target":{"@type":"EntryPoint","urlTemplate":"https:\/\/www.polonia.travel\/es\/?s={search_term_string}"},"query-input":{"@type":"PropertyValueSpecification","valueRequired":true,"valueName":"search_term_string"}}],"inLanguage":"pl-PL"},{"@type":"Organization","@id":"https:\/\/www.polonia.travel\/es\/#organization","name":"Polonia Travel (ES)","url":"https:\/\/www.polonia.travel\/es\/","logo":{"@type":"ImageObject","inLanguage":"pl-PL","@id":"https:\/\/www.polonia.travel\/es\/#\/schema\/logo\/image\/","url":"","contentUrl":"","caption":"Polonia Travel (ES)"},"image":{"@id":"https:\/\/www.polonia.travel\/es\/#\/schema\/logo\/image\/"}},{"@type":"Person","@id":""}]}},"_links":{"self":[{"href":"https:\/\/www.polonia.travel\/es\/wp-json\/wp\/v2\/posts\/31456","targetHints":{"allow":["GET"]}}],"collection":[{"href":"https:\/\/www.polonia.travel\/es\/wp-json\/wp\/v2\/posts"}],"about":[{"href":"https:\/\/www.polonia.travel\/es\/wp-json\/wp\/v2\/types\/post"}],"author":[{"embeddable":true,"href":"https:\/\/www.polonia.travel\/es\/wp-json\/wp\/v2\/users\/1"}],"replies":[{"embeddable":true,"href":"https:\/\/www.polonia.travel\/es\/wp-json\/wp\/v2\/comments?post=31456"}],"version-history":[{"count":13,"href":"https:\/\/www.polonia.travel\/es\/wp-json\/wp\/v2\/posts\/31456\/revisions"}],"predecessor-version":[{"id":35766,"href":"https:\/\/www.polonia.travel\/es\/wp-json\/wp\/v2\/posts\/31456\/revisions\/35766"}],"wp:featuredmedia":[{"embeddable":true,"href":"https:\/\/www.polonia.travel\/es\/wp-json\/wp\/v2\/media\/19511"}],"wp:attachment":[{"href":"https:\/\/www.polonia.travel\/es\/wp-json\/wp\/v2\/media?parent=31456"}],"wp:term":[{"taxonomy":"category","embeddable":true,"href":"https:\/\/www.polonia.travel\/es\/wp-json\/wp\/v2\/categories?post=31456"}],"curies":[{"name":"wp","href":"https:\/\/api.w.org\/{rel}","templated":true}]}}