{"id":31446,"date":"2024-07-25T14:27:15","date_gmt":"2024-07-25T12:27:15","guid":{"rendered":"https:\/\/wp-es.poland.travel\/?p=31446"},"modified":"2024-07-25T14:27:16","modified_gmt":"2024-07-25T12:27:16","slug":"ruta-de-juan-pablo-ii-en-los-sudety","status":"publish","type":"post","link":"https:\/\/www.polonia.travel\/es\/ruta-de-juan-pablo-ii-en-los-sudety\/","title":{"rendered":"Ruta de Juan Pablo II en los Sudety"},"content":{"rendered":"\n<div class=\"wp-block-group is-style-container-medium\"><div class=\"wp-block-group__inner-container is-layout-constrained wp-block-group-is-layout-constrained\">\n<h2 class=\"wp-block-heading\">Ruta de Juan Pablo II en los Sudety<\/h2>\n\n\n\n<p>Aqu\u00ed tambi\u00e9n Karol Wojty\u0142a practicaba el senderismo y su puede reconstruir la ruta que hizo en compa\u00f1\u00eda de amigos en los a\u00f1os cincuenta. La ruta cuenta con 110 km, durante la cual visitar los mencionados balnearios (Kudowa Zdr\u00f3j, Duszniki Zdr\u00f3j, entre otros), lugares de peregrinaci\u00f3n y culto (como el de Wambierzyce, en la foto o el Santuario de Santa Mar\u00eda de las Nieves).<\/p>\n\n\n\n<p>La capital de la regi\u00f3n es <a href=\"\/es\/ciudades\/wroclaw-capital-de-la-baja-silesia\"><strong>Wroc\u0142aw<\/strong><\/a>, punto de partida recomendado para llegar a la localidad de salida, que es Kudowa Zdr\u00f3j.&nbsp;<\/p>\n<\/div><\/div>\n\n\n\n<div class=\"wp-block-group has-background\" style=\"background-color:#eeeeee\"><div class=\"wp-block-group__inner-container is-layout-constrained wp-block-group-is-layout-constrained\">\n<div style=\"height:100px\" aria-hidden=\"true\" class=\"wp-block-spacer is-style-spacer-small\"><\/div>\n\n\n\n<div class=\"wp-block-group is-style-container\"><div class=\"wp-block-group__inner-container is-layout-constrained wp-block-group-is-layout-constrained\">\n<h3 class=\"wp-block-heading\">Lee m\u00e1s art\u00edculos<\/h3>\n\n\n\n<div style=\"height:100px\" aria-hidden=\"true\" class=\"wp-block-spacer is-style-spacer-small\"><\/div>\n\n\n<div class=\"overflow\">\n  <div class=\"post-slider swiper post-slider--small\" data-schema=\"small\">\n\n    <div class=\"swiper-wrapper\">\n              <div class=\"swiper-slide post-slide\">\n                      <a href=\"https:\/\/www.polonia.travel\/es\/senderismo\/\" class=\"post-box post-box--small\" style=\" background-image: url(https:\/\/www.polonia.travel\/es\/wp-content\/uploads\/sites\/18\/2024\/04\/Wedrowki_540_360.jpg);\">\n          <div class=\"post-box__hover\" style=\"background-image: url(https:\/\/www.polonia.travel\/es\/wp-content\/uploads\/sites\/18\/2022\/12\/wedrowki_gorskie_tatry_1170-600x400.jpg);\"><\/div>\n        <div class=\"post-box__info\">\n            <div class=\"post-box__title\">Senderismo<\/div>\n      <div class=\"post-box__more\">Leer m\u00e1s<\/div>\n    <\/div>\n  <\/a>\n\n          <\/div>\n              <div class=\"swiper-slide post-slide\">\n                      <a href=\"https:\/\/www.polonia.travel\/es\/ruta-de-juan-pablo-ii-en-los-sudety\/\" class=\"post-box post-box--small\" style=\" background-image: url(https:\/\/www.polonia.travel\/es\/wp-content\/uploads\/sites\/18\/2022\/12\/Sudety-600x277.png);\">\n          <div class=\"post-box__hover\" style=\"background-image: url(https:\/\/www.polonia.travel\/es\/wp-content\/uploads\/sites\/18\/2023\/07\/sudety-540-7.jpg);\"><\/div>\n        <div class=\"post-box__info\">\n            <div class=\"post-box__title\">Ruta de Juan Pablo II en los Sudety<\/div>\n      <div class=\"post-box__more\">Leer m\u00e1s<\/div>\n    <\/div>\n  <\/a>\n\n          <\/div>\n              <div class=\"swiper-slide post-slide\">\n                      <a href=\"https:\/\/www.polonia.travel\/es\/top-15-rutas-de-senderismo\/\" class=\"post-box post-box--small\" style=\" background-image: url(https:\/\/www.polonia.travel\/es\/wp-content\/uploads\/sites\/18\/2024\/07\/AdobeStock_429630501_Muszyna_Beskid_Sadecki-600x400.jpeg);\">\n          <div class=\"post-box__hover\" style=\"background-image: url(https:\/\/www.polonia.travel\/es\/wp-content\/uploads\/sites\/18\/2024\/04\/AdobeStock_398429625_Tatry-kadr-600x400.jpeg);\"><\/div>\n        <div class=\"post-box__info\">\n            <div class=\"post-box__title\">Top 15 rutas de senderismo (propuestas)<\/div>\n      <div class=\"post-box__more\">Leer m\u00e1s<\/div>\n    <\/div>\n  <\/a>\n\n          <\/div>\n              <div class=\"swiper-slide post-slide\">\n                      <a href=\"https:\/\/www.polonia.travel\/es\/reserva-del-vistula\/\" class=\"post-box post-box--small\" style=\" background-image: url(https:\/\/www.polonia.travel\/es\/wp-content\/uploads\/sites\/18\/2024\/05\/292080134_Beskid_slaski_Ochodzita_Adobe-600x264.jpg);\">\n          <div class=\"post-box__hover\" style=\"background-image: url(https:\/\/www.polonia.travel\/es\/wp-content\/uploads\/sites\/18\/2025\/05\/IMG_20210811_120722-600x450.jpg);\"><\/div>\n        <div class=\"post-box__info\">\n            <div class=\"post-box__title\">Reserva del V\u00edstula<\/div>\n      <div class=\"post-box__more\">Leer m\u00e1s<\/div>\n    <\/div>\n  <\/a>\n\n          <\/div>\n          <\/div>\n    <div class=\"post-slider__pagination\"><\/div>\n  <\/div>\n<\/div>\n<\/div><\/div>\n\n\n\n<div style=\"height:100px\" aria-hidden=\"true\" class=\"wp-block-spacer is-style-spacer-small\"><\/div>\n<\/div><\/div>\n","protected":false},"excerpt":{"rendered":"<p>Ruta de Juan Pablo II en los Sudety Aqu\u00ed tambi\u00e9n Karol Wojty\u0142a practicaba el senderismo y su puede reconstruir la ruta que hizo en compa\u00f1\u00eda de amigos en los a\u00f1os cincuenta. La ruta cuenta con 110 km, durante la cual visitar los mencionados balnearios (Kudowa Zdr\u00f3j, Duszniki Zdr\u00f3j, entre otros), lugares de peregrinaci\u00f3n y culto [&hellip;]<\/p>\n","protected":false},"author":1,"featured_media":17684,"comment_status":"open","ping_status":"open","sticky":false,"template":"","format":"standard","meta":{"_acf_changed":false,"footnotes":""},"categories":[1225],"class_list":["post-31446","post","type-post","status-publish","format-standard","has-post-thumbnail","hentry","category-senderismo"],"acf":[],"yoast_head":"<!-- This site is optimized with the Yoast SEO plugin v27.4 - https:\/\/yoast.com\/product\/yoast-seo-wordpress\/ -->\n<title>Ruta de Juan Pablo II en los Sudety - Polonia Travel (ES)<\/title>\n<meta name=\"robots\" content=\"index, follow, max-snippet:-1, max-image-preview:large, max-video-preview:-1\" \/>\n<link rel=\"canonical\" href=\"https:\/\/www.polonia.travel\/es\/ruta-de-juan-pablo-ii-en-los-sudety\/\" \/>\n<meta property=\"og:locale\" content=\"pl_PL\" \/>\n<meta property=\"og:type\" content=\"article\" \/>\n<meta property=\"og:title\" content=\"Ruta de Juan Pablo II en los Sudety - Polonia Travel (ES)\" \/>\n<meta property=\"og:description\" content=\"Ruta de Juan Pablo II en los Sudety Aqu\u00ed tambi\u00e9n Karol Wojty\u0142a practicaba el senderismo y su puede reconstruir la ruta que hizo en compa\u00f1\u00eda de amigos en los a\u00f1os cincuenta. La ruta cuenta con 110 km, durante la cual visitar los mencionados balnearios (Kudowa Zdr\u00f3j, Duszniki Zdr\u00f3j, entre otros), lugares de peregrinaci\u00f3n y culto [&hellip;]\" \/>\n<meta property=\"og:url\" content=\"https:\/\/www.polonia.travel\/es\/ruta-de-juan-pablo-ii-en-los-sudety\/\" \/>\n<meta property=\"og:site_name\" content=\"Polonia Travel (ES)\" \/>\n<meta property=\"article:published_time\" content=\"2024-07-25T12:27:15+00:00\" \/>\n<meta property=\"article:modified_time\" content=\"2024-07-25T12:27:16+00:00\" \/>\n<meta property=\"og:image\" content=\"https:\/\/www.polonia.travel\/es\/wp-content\/uploads\/sites\/18\/2022\/12\/Sudety.png\" \/>\n\t<meta property=\"og:image:width\" content=\"1920\" \/>\n\t<meta property=\"og:image:height\" content=\"885\" \/>\n\t<meta property=\"og:image:type\" content=\"image\/png\" \/>\n<meta name=\"twitter:card\" content=\"summary_large_image\" \/>\n<meta name=\"twitter:label1\" content=\"Napisane przez\" \/>\n\t<meta name=\"twitter:data1\" content=\"\" \/>\n\t<meta name=\"twitter:label2\" content=\"Szacowany czas czytania\" \/>\n\t<meta name=\"twitter:data2\" content=\"1 minuta\" \/>\n<script type=\"application\/ld+json\" class=\"yoast-schema-graph\">{\"@context\":\"https:\\\/\\\/schema.org\",\"@graph\":[{\"@type\":\"Article\",\"@id\":\"https:\\\/\\\/www.polonia.travel\\\/es\\\/ruta-de-juan-pablo-ii-en-los-sudety\\\/#article\",\"isPartOf\":{\"@id\":\"https:\\\/\\\/www.polonia.travel\\\/es\\\/ruta-de-juan-pablo-ii-en-los-sudety\\\/\"},\"author\":{\"name\":\"\",\"@id\":\"\"},\"headline\":\"Ruta de Juan Pablo II en los Sudety\",\"datePublished\":\"2024-07-25T12:27:15+00:00\",\"dateModified\":\"2024-07-25T12:27:16+00:00\",\"mainEntityOfPage\":{\"@id\":\"https:\\\/\\\/www.polonia.travel\\\/es\\\/ruta-de-juan-pablo-ii-en-los-sudety\\\/\"},\"wordCount\":117,\"commentCount\":0,\"publisher\":{\"@id\":\"https:\\\/\\\/www.polonia.travel\\\/es\\\/#organization\"},\"image\":{\"@id\":\"https:\\\/\\\/www.polonia.travel\\\/es\\\/ruta-de-juan-pablo-ii-en-los-sudety\\\/#primaryimage\"},\"thumbnailUrl\":\"https:\\\/\\\/www.polonia.travel\\\/es\\\/wp-content\\\/uploads\\\/sites\\\/18\\\/2022\\\/12\\\/Sudety.png\",\"keywords\":[\"es\",\"que-hacer-en-polonia\",\"turismo-activo\",\"senderismo\"],\"articleSection\":[\"Senderismo\"],\"inLanguage\":\"pl-PL\"},{\"@type\":\"WebPage\",\"@id\":\"https:\\\/\\\/www.polonia.travel\\\/es\\\/ruta-de-juan-pablo-ii-en-los-sudety\\\/\",\"url\":\"https:\\\/\\\/www.polonia.travel\\\/es\\\/ruta-de-juan-pablo-ii-en-los-sudety\\\/\",\"name\":\"Ruta de Juan Pablo II en los Sudety - Polonia Travel (ES)\",\"isPartOf\":{\"@id\":\"https:\\\/\\\/www.polonia.travel\\\/es\\\/#website\"},\"primaryImageOfPage\":{\"@id\":\"https:\\\/\\\/www.polonia.travel\\\/es\\\/ruta-de-juan-pablo-ii-en-los-sudety\\\/#primaryimage\"},\"image\":{\"@id\":\"https:\\\/\\\/www.polonia.travel\\\/es\\\/ruta-de-juan-pablo-ii-en-los-sudety\\\/#primaryimage\"},\"thumbnailUrl\":\"https:\\\/\\\/www.polonia.travel\\\/es\\\/wp-content\\\/uploads\\\/sites\\\/18\\\/2022\\\/12\\\/Sudety.png\",\"datePublished\":\"2024-07-25T12:27:15+00:00\",\"dateModified\":\"2024-07-25T12:27:16+00:00\",\"breadcrumb\":{\"@id\":\"https:\\\/\\\/www.polonia.travel\\\/es\\\/ruta-de-juan-pablo-ii-en-los-sudety\\\/#breadcrumb\"},\"inLanguage\":\"pl-PL\",\"potentialAction\":[{\"@type\":\"ReadAction\",\"target\":[\"https:\\\/\\\/www.polonia.travel\\\/es\\\/ruta-de-juan-pablo-ii-en-los-sudety\\\/\"]}]},{\"@type\":\"ImageObject\",\"inLanguage\":\"pl-PL\",\"@id\":\"https:\\\/\\\/www.polonia.travel\\\/es\\\/ruta-de-juan-pablo-ii-en-los-sudety\\\/#primaryimage\",\"url\":\"https:\\\/\\\/www.polonia.travel\\\/es\\\/wp-content\\\/uploads\\\/sites\\\/18\\\/2022\\\/12\\\/Sudety.png\",\"contentUrl\":\"https:\\\/\\\/www.polonia.travel\\\/es\\\/wp-content\\\/uploads\\\/sites\\\/18\\\/2022\\\/12\\\/Sudety.png\",\"width\":1920,\"height\":885,\"caption\":\"Sudety\"},{\"@type\":\"BreadcrumbList\",\"@id\":\"https:\\\/\\\/www.polonia.travel\\\/es\\\/ruta-de-juan-pablo-ii-en-los-sudety\\\/#breadcrumb\",\"itemListElement\":[{\"@type\":\"ListItem\",\"position\":1,\"name\":\"Home page\",\"item\":\"https:\\\/\\\/www.polonia.travel\\\/es\\\/\"},{\"@type\":\"ListItem\",\"position\":2,\"name\":\"Inspiraciones de viaje\",\"item\":\"https:\\\/\\\/www.polonia.travel\\\/es\\\/category\\\/inspiraciones-de-viaje\\\/\"},{\"@type\":\"ListItem\",\"position\":3,\"name\":\"Turismo Activo\",\"item\":\"https:\\\/\\\/www.polonia.travel\\\/es\\\/category\\\/inspiraciones-de-viaje\\\/turismo-activo\\\/\"},{\"@type\":\"ListItem\",\"position\":4,\"name\":\"Senderismo\",\"item\":\"https:\\\/\\\/www.polonia.travel\\\/es\\\/category\\\/inspiraciones-de-viaje\\\/turismo-activo\\\/senderismo\\\/\"},{\"@type\":\"ListItem\",\"position\":5,\"name\":\"Ruta de Juan Pablo II en los Sudety\"}]},{\"@type\":\"WebSite\",\"@id\":\"https:\\\/\\\/www.polonia.travel\\\/es\\\/#website\",\"url\":\"https:\\\/\\\/www.polonia.travel\\\/es\\\/\",\"name\":\"Polonia Travel (ES)\",\"description\":\"...\",\"publisher\":{\"@id\":\"https:\\\/\\\/www.polonia.travel\\\/es\\\/#organization\"},\"potentialAction\":[{\"@type\":\"SearchAction\",\"target\":{\"@type\":\"EntryPoint\",\"urlTemplate\":\"https:\\\/\\\/www.polonia.travel\\\/es\\\/?s={search_term_string}\"},\"query-input\":{\"@type\":\"PropertyValueSpecification\",\"valueRequired\":true,\"valueName\":\"search_term_string\"}}],\"inLanguage\":\"pl-PL\"},{\"@type\":\"Organization\",\"@id\":\"https:\\\/\\\/www.polonia.travel\\\/es\\\/#organization\",\"name\":\"Polonia Travel (ES)\",\"url\":\"https:\\\/\\\/www.polonia.travel\\\/es\\\/\",\"logo\":{\"@type\":\"ImageObject\",\"inLanguage\":\"pl-PL\",\"@id\":\"https:\\\/\\\/www.polonia.travel\\\/es\\\/#\\\/schema\\\/logo\\\/image\\\/\",\"url\":\"\",\"contentUrl\":\"\",\"caption\":\"Polonia Travel (ES)\"},\"image\":{\"@id\":\"https:\\\/\\\/www.polonia.travel\\\/es\\\/#\\\/schema\\\/logo\\\/image\\\/\"}},{\"@type\":\"Person\",\"@id\":\"\"}]}<\/script>\n<!-- \/ Yoast SEO plugin. -->","yoast_head_json":{"title":"Ruta de Juan Pablo II en los Sudety - Polonia Travel (ES)","robots":{"index":"index","follow":"follow","max-snippet":"max-snippet:-1","max-image-preview":"max-image-preview:large","max-video-preview":"max-video-preview:-1"},"canonical":"https:\/\/www.polonia.travel\/es\/ruta-de-juan-pablo-ii-en-los-sudety\/","og_locale":"pl_PL","og_type":"article","og_title":"Ruta de Juan Pablo II en los Sudety - Polonia Travel (ES)","og_description":"Ruta de Juan Pablo II en los Sudety Aqu\u00ed tambi\u00e9n Karol Wojty\u0142a practicaba el senderismo y su puede reconstruir la ruta que hizo en compa\u00f1\u00eda de amigos en los a\u00f1os cincuenta. La ruta cuenta con 110 km, durante la cual visitar los mencionados balnearios (Kudowa Zdr\u00f3j, Duszniki Zdr\u00f3j, entre otros), lugares de peregrinaci\u00f3n y culto [&hellip;]","og_url":"https:\/\/www.polonia.travel\/es\/ruta-de-juan-pablo-ii-en-los-sudety\/","og_site_name":"Polonia Travel (ES)","article_published_time":"2024-07-25T12:27:15+00:00","article_modified_time":"2024-07-25T12:27:16+00:00","og_image":[{"width":1920,"height":885,"url":"https:\/\/www.polonia.travel\/es\/wp-content\/uploads\/sites\/18\/2022\/12\/Sudety.png","type":"image\/png"}],"twitter_card":"summary_large_image","twitter_misc":{"Napisane przez":"","Szacowany czas czytania":"1 minuta"},"schema":{"@context":"https:\/\/schema.org","@graph":[{"@type":"Article","@id":"https:\/\/www.polonia.travel\/es\/ruta-de-juan-pablo-ii-en-los-sudety\/#article","isPartOf":{"@id":"https:\/\/www.polonia.travel\/es\/ruta-de-juan-pablo-ii-en-los-sudety\/"},"author":{"name":"","@id":""},"headline":"Ruta de Juan Pablo II en los Sudety","datePublished":"2024-07-25T12:27:15+00:00","dateModified":"2024-07-25T12:27:16+00:00","mainEntityOfPage":{"@id":"https:\/\/www.polonia.travel\/es\/ruta-de-juan-pablo-ii-en-los-sudety\/"},"wordCount":117,"commentCount":0,"publisher":{"@id":"https:\/\/www.polonia.travel\/es\/#organization"},"image":{"@id":"https:\/\/www.polonia.travel\/es\/ruta-de-juan-pablo-ii-en-los-sudety\/#primaryimage"},"thumbnailUrl":"https:\/\/www.polonia.travel\/es\/wp-content\/uploads\/sites\/18\/2022\/12\/Sudety.png","keywords":["es","que-hacer-en-polonia","turismo-activo","senderismo"],"articleSection":["Senderismo"],"inLanguage":"pl-PL"},{"@type":"WebPage","@id":"https:\/\/www.polonia.travel\/es\/ruta-de-juan-pablo-ii-en-los-sudety\/","url":"https:\/\/www.polonia.travel\/es\/ruta-de-juan-pablo-ii-en-los-sudety\/","name":"Ruta de Juan Pablo II en los Sudety - Polonia Travel (ES)","isPartOf":{"@id":"https:\/\/www.polonia.travel\/es\/#website"},"primaryImageOfPage":{"@id":"https:\/\/www.polonia.travel\/es\/ruta-de-juan-pablo-ii-en-los-sudety\/#primaryimage"},"image":{"@id":"https:\/\/www.polonia.travel\/es\/ruta-de-juan-pablo-ii-en-los-sudety\/#primaryimage"},"thumbnailUrl":"https:\/\/www.polonia.travel\/es\/wp-content\/uploads\/sites\/18\/2022\/12\/Sudety.png","datePublished":"2024-07-25T12:27:15+00:00","dateModified":"2024-07-25T12:27:16+00:00","breadcrumb":{"@id":"https:\/\/www.polonia.travel\/es\/ruta-de-juan-pablo-ii-en-los-sudety\/#breadcrumb"},"inLanguage":"pl-PL","potentialAction":[{"@type":"ReadAction","target":["https:\/\/www.polonia.travel\/es\/ruta-de-juan-pablo-ii-en-los-sudety\/"]}]},{"@type":"ImageObject","inLanguage":"pl-PL","@id":"https:\/\/www.polonia.travel\/es\/ruta-de-juan-pablo-ii-en-los-sudety\/#primaryimage","url":"https:\/\/www.polonia.travel\/es\/wp-content\/uploads\/sites\/18\/2022\/12\/Sudety.png","contentUrl":"https:\/\/www.polonia.travel\/es\/wp-content\/uploads\/sites\/18\/2022\/12\/Sudety.png","width":1920,"height":885,"caption":"Sudety"},{"@type":"BreadcrumbList","@id":"https:\/\/www.polonia.travel\/es\/ruta-de-juan-pablo-ii-en-los-sudety\/#breadcrumb","itemListElement":[{"@type":"ListItem","position":1,"name":"Home page","item":"https:\/\/www.polonia.travel\/es\/"},{"@type":"ListItem","position":2,"name":"Inspiraciones de viaje","item":"https:\/\/www.polonia.travel\/es\/category\/inspiraciones-de-viaje\/"},{"@type":"ListItem","position":3,"name":"Turismo Activo","item":"https:\/\/www.polonia.travel\/es\/category\/inspiraciones-de-viaje\/turismo-activo\/"},{"@type":"ListItem","position":4,"name":"Senderismo","item":"https:\/\/www.polonia.travel\/es\/category\/inspiraciones-de-viaje\/turismo-activo\/senderismo\/"},{"@type":"ListItem","position":5,"name":"Ruta de Juan Pablo II en los Sudety"}]},{"@type":"WebSite","@id":"https:\/\/www.polonia.travel\/es\/#website","url":"https:\/\/www.polonia.travel\/es\/","name":"Polonia Travel (ES)","description":"...","publisher":{"@id":"https:\/\/www.polonia.travel\/es\/#organization"},"potentialAction":[{"@type":"SearchAction","target":{"@type":"EntryPoint","urlTemplate":"https:\/\/www.polonia.travel\/es\/?s={search_term_string}"},"query-input":{"@type":"PropertyValueSpecification","valueRequired":true,"valueName":"search_term_string"}}],"inLanguage":"pl-PL"},{"@type":"Organization","@id":"https:\/\/www.polonia.travel\/es\/#organization","name":"Polonia Travel (ES)","url":"https:\/\/www.polonia.travel\/es\/","logo":{"@type":"ImageObject","inLanguage":"pl-PL","@id":"https:\/\/www.polonia.travel\/es\/#\/schema\/logo\/image\/","url":"","contentUrl":"","caption":"Polonia Travel (ES)"},"image":{"@id":"https:\/\/www.polonia.travel\/es\/#\/schema\/logo\/image\/"}},{"@type":"Person","@id":""}]}},"_links":{"self":[{"href":"https:\/\/www.polonia.travel\/es\/wp-json\/wp\/v2\/posts\/31446","targetHints":{"allow":["GET"]}}],"collection":[{"href":"https:\/\/www.polonia.travel\/es\/wp-json\/wp\/v2\/posts"}],"about":[{"href":"https:\/\/www.polonia.travel\/es\/wp-json\/wp\/v2\/types\/post"}],"author":[{"embeddable":true,"href":"https:\/\/www.polonia.travel\/es\/wp-json\/wp\/v2\/users\/1"}],"replies":[{"embeddable":true,"href":"https:\/\/www.polonia.travel\/es\/wp-json\/wp\/v2\/comments?post=31446"}],"version-history":[{"count":4,"href":"https:\/\/www.polonia.travel\/es\/wp-json\/wp\/v2\/posts\/31446\/revisions"}],"predecessor-version":[{"id":34316,"href":"https:\/\/www.polonia.travel\/es\/wp-json\/wp\/v2\/posts\/31446\/revisions\/34316"}],"wp:featuredmedia":[{"embeddable":true,"href":"https:\/\/www.polonia.travel\/es\/wp-json\/wp\/v2\/media\/17684"}],"wp:attachment":[{"href":"https:\/\/www.polonia.travel\/es\/wp-json\/wp\/v2\/media?parent=31446"}],"wp:term":[{"taxonomy":"category","embeddable":true,"href":"https:\/\/www.polonia.travel\/es\/wp-json\/wp\/v2\/categories?post=31446"}],"curies":[{"name":"wp","href":"https:\/\/api.w.org\/{rel}","templated":true}]}}