{"id":31417,"date":"2024-07-31T11:24:16","date_gmt":"2024-07-31T09:24:16","guid":{"rendered":"https:\/\/wp-es.poland.travel\/?p=31417"},"modified":"2026-02-02T14:55:23","modified_gmt":"2026-02-02T13:55:23","slug":"el-viaje-astral-de-copernico-por-tierras-de-polonia","status":"publish","type":"post","link":"https:\/\/www.polonia.travel\/es\/el-viaje-astral-de-copernico-por-tierras-de-polonia\/","title":{"rendered":"El viaje astral de Cop\u00e9rnico, por tierras de Polonia"},"content":{"rendered":"\n<div class=\"wp-block-group is-style-container-medium\"><div class=\"wp-block-group__inner-container is-layout-constrained wp-block-group-is-layout-constrained\">\n<h2 class=\"wp-block-heading\">El viaje astral de Cop\u00e9rnico, por tierras de Polonia<\/h2>\n\n\n\n<div style=\"height:100px\" aria-hidden=\"true\" class=\"wp-block-spacer is-style-spacer-medium\"><\/div>\n\n\n\n<p>Este a\u00f1o celebramos el 550 aniversario del nacimiento de uno de los polacos m\u00e1s universales: Nicol\u00e1s Cop\u00e9rnico.&nbsp;El astr\u00f3nomo fue un aut\u00e9ntico hombre del Renacimiento, cuya teor\u00eda helioc\u00e9ntrica provoc\u00f3 una revoluci\u00f3n cient\u00edfica de tal calado, que de \u00e9l se dice que &#8222;puso la Tierra en movimiento y detuvo el sol y los cielos&#8221;. Pero adem\u00e1s Cop\u00e9rnico fue una figura extraordinariamente vers\u00e1til con estudios en medicina y leyes, que tambi\u00e9n se interes\u00f3 por la astronom\u00eda, las matem\u00e1ticas y la econom\u00eda. Viajar por Polonia siguiendo los pasos de Cop\u00e9rnico nos permite conocer muchas de las m\u00e1s bellas ciudades hist\u00f3ricas del pa\u00eds a orillas del V\u00edstula, adem\u00e1s de descubrir el patrimonio universal que el cient\u00edfico leg\u00f3 a la humanidad.<\/p>\n\n\n\n<div style=\"height:100px\" aria-hidden=\"true\" class=\"wp-block-spacer\"><\/div>\n\n\n\n<p class=\"has-text-align-center\"><\/p>\n\n\n\n<h3 class=\"wp-block-heading has-text-align-center\"><strong>Toru\u0144: una infancia de g\u00f3tico y jengibre<\/strong><\/h3>\n<\/div><\/div>\n\n\n\n<div style=\"height:100px\" aria-hidden=\"true\" class=\"wp-block-spacer is-style-spacer-small\"><\/div>\n\n\n\n<div class=\"wp-block-group is-style-container\"><div class=\"wp-block-group__inner-container is-layout-constrained wp-block-group-is-layout-constrained\"><div class=\"wp-block-image\">\n<figure class=\"aligncenter size-full\"><img loading=\"lazy\" decoding=\"async\" width=\"1170\" height=\"780\" src=\"https:\/\/www.polonia.travel\/es\/wp-content\/uploads\/sites\/18\/2022\/12\/torun_panorama_nocna_1170-1.jpg\" alt=\"\" class=\"wp-image-7367\" srcset=\"https:\/\/www.polonia.travel\/es\/wp-content\/uploads\/sites\/18\/2022\/12\/torun_panorama_nocna_1170-1.jpg 1170w, https:\/\/www.polonia.travel\/es\/wp-content\/uploads\/sites\/18\/2022\/12\/torun_panorama_nocna_1170-1-600x400.jpg 600w, https:\/\/www.polonia.travel\/es\/wp-content\/uploads\/sites\/18\/2022\/12\/torun_panorama_nocna_1170-1-768x512.jpg 768w\" sizes=\"auto, (max-width: 1170px) 100vw, 1170px\" \/><figcaption class=\"wp-element-caption\">Toru\u0144<\/figcaption><\/figure><\/div><\/div><\/div>\n\n\n\n<div class=\"wp-block-group is-style-container\"><div class=\"wp-block-group__inner-container is-layout-constrained wp-block-group-is-layout-constrained\">\n<p class=\"has-text-align-center\"><\/p>\n<\/div><\/div>\n\n\n\n<div style=\"height:100px\" aria-hidden=\"true\" class=\"wp-block-spacer is-style-spacer-small\"><\/div>\n\n\n\n<div class=\"wp-block-group is-style-container-medium\"><div class=\"wp-block-group__inner-container is-layout-constrained wp-block-group-is-layout-constrained\">\n<p>En el a\u00f1o en que naci\u00f3 Cop\u00e9rnico, 1473, su <strong>ciudad natal<\/strong>, Toru\u0144, se encontraba dentro de las fronteras del reino de Polonia. El apellido <em><strong>Kopernik<\/strong><\/em> es de origen eslavo y antiguamente hac\u00eda referencia a la metalurgia, principalmente del cobre, aunque el padre del astr\u00f3nomo era un comerciante de Cracovia, tal como atestiguan los archivos de la \u00e9poca. Este, tras casarse con una descendiente de la casa Watzenrode, se mud\u00f3 con su familia a Toru\u0144. Por aquel entonces, ambas ciudades gozaban de una gran relevancia pol\u00edtica y econ\u00f3mica. Situadas a orillas del r\u00edo V\u00edstula, prosperaron gracias a sus privilegios para almacenar y transportar productos por v\u00eda fluvial desde el sur de Polonia hasta el puerto de Gda\u0144sk, en el mar B\u00e1ltico.<\/p>\n\n\n\n<p>La relevancia de Toru\u0144 data de la Edad Media, algo que se ve reflejado en la arquitectura de su casco urbano, tanto en la sacra como en la civil. Hoy todav\u00eda conserva un predominante estilo g\u00f3tico gracias al cual Toru\u0144 ha sido nombrada <strong>Patrimonio de la Humanidad por la UNESCO<\/strong>.<\/p>\n\n\n\n<p>Para seguir las huellas de Cop\u00e9rnico en Toru\u0144, habr\u00eda que visitar la <strong>casa de su familia<\/strong> y el planetario. Y para sumergirse en la atm\u00f3sfera en la que creci\u00f3, probar las <strong>galletas t\u00edpicas<\/strong> de Toru\u0144, los <em><strong>pierniki<\/strong><\/em> o panes de jengibre, que se producen desde hace siglos en Toru\u0144 y cuyo sabor y caracter\u00edstico olor especiado seguro que conoc\u00eda el peque\u00f1o Cop\u00e9rnico.<\/p>\n\n\n\n<p><strong><u>Un consejo viajero<\/u><\/strong><\/p>\n\n\n\n<ul class=\"wp-block-list\">\n<li>Toru\u0144 puede ser una parada exquisita a medio camino entre Varsovia y Gda\u0144sk, a unos 200 km de cada una. Si la visitas en agosto, no te pierdas el <strong>festival Bella Sky<\/strong>, durante el cual, al caer la noche, su emblem\u00e1tico casco g\u00f3tico sirve de lienzo para unas espectaculares iluminaciones art\u00edsticas.<\/li>\n<\/ul>\n\n\n\n<div style=\"height:100px\" aria-hidden=\"true\" class=\"wp-block-spacer is-style-spacer-medium\"><\/div>\n\n\n\n<p class=\"has-text-align-center\"><\/p>\n<\/div><\/div>\n\n\n\n<h3 class=\"wp-block-heading has-text-align-center\"><strong>Cracovia: descubriendo los cielos en la universidad<\/strong><\/h3>\n\n\n\n<div style=\"height:100px\" aria-hidden=\"true\" class=\"wp-block-spacer is-style-spacer-small\"><\/div>\n\n\n\n<div class=\"wp-block-group is-style-container\"><div class=\"wp-block-group__inner-container is-layout-constrained wp-block-group-is-layout-constrained\"><div class=\"wp-block-image\">\n<figure class=\"aligncenter size-full\"><img loading=\"lazy\" decoding=\"async\" width=\"2560\" height=\"1710\" src=\"https:\/\/www.polonia.travel\/es\/wp-content\/uploads\/sites\/18\/2024\/07\/43104388_Krakow_Uniwersytet_Jagiellonski-scaled.jpg\" alt=\"\" class=\"wp-image-38718\" srcset=\"https:\/\/www.polonia.travel\/es\/wp-content\/uploads\/sites\/18\/2024\/07\/43104388_Krakow_Uniwersytet_Jagiellonski-scaled.jpg 2560w, https:\/\/www.polonia.travel\/es\/wp-content\/uploads\/sites\/18\/2024\/07\/43104388_Krakow_Uniwersytet_Jagiellonski-600x401.jpg 600w, https:\/\/www.polonia.travel\/es\/wp-content\/uploads\/sites\/18\/2024\/07\/43104388_Krakow_Uniwersytet_Jagiellonski-1200x802.jpg 1200w, https:\/\/www.polonia.travel\/es\/wp-content\/uploads\/sites\/18\/2024\/07\/43104388_Krakow_Uniwersytet_Jagiellonski-768x513.jpg 768w, https:\/\/www.polonia.travel\/es\/wp-content\/uploads\/sites\/18\/2024\/07\/43104388_Krakow_Uniwersytet_Jagiellonski-1536x1026.jpg 1536w, https:\/\/www.polonia.travel\/es\/wp-content\/uploads\/sites\/18\/2024\/07\/43104388_Krakow_Uniwersytet_Jagiellonski-2048x1368.jpg 2048w, https:\/\/www.polonia.travel\/es\/wp-content\/uploads\/sites\/18\/2024\/07\/43104388_Krakow_Uniwersytet_Jagiellonski-1920x1282.jpg 1920w\" sizes=\"auto, (max-width: 2560px) 100vw, 2560px\" \/><figcaption class=\"wp-element-caption\">Jagiellonian University, Collegium Maius, Krakow, Poland<\/figcaption><\/figure><\/div><\/div><\/div>\n\n\n\n<div class=\"wp-block-group is-style-container\"><div class=\"wp-block-group__inner-container is-layout-constrained wp-block-group-is-layout-constrained\">\n<p class=\"has-text-align-center\"><\/p>\n<\/div><\/div>\n\n\n\n<div style=\"height:100px\" aria-hidden=\"true\" class=\"wp-block-spacer is-style-spacer-small\"><\/div>\n\n\n\n<div class=\"wp-block-group is-style-container-medium\"><div class=\"wp-block-group__inner-container is-layout-constrained wp-block-group-is-layout-constrained\">\n<p>La que por aquel entonces era capital de Polonia, se hab\u00eda convertido en un <strong>relevante centro acad\u00e9mico<\/strong> en esta zona de Europa. Fue aqu\u00ed adonde enviaron a Cop\u00e9rnico para que continuara estudiando y tambi\u00e9n fue aqu\u00ed donde <strong>comenz\u00f3 a interesarse por la astronom\u00eda<\/strong>. Al terminar sus estudios en la Universidad Jaguel\u00f3nica, curs\u00f3 varios a\u00f1os en universidades italianas hasta terminar medicina en Padua. Es por eso que encontramos retratos de Cop\u00e9rnico sosteniendo un lirio de los valles, s\u00edmbolo de las artes m\u00e9dicas.<\/p>\n\n\n\n<p>La Universidad Jaguel\u00f3nica, fundada en 1364, sigue existiendo a d\u00eda de hoy. La sede m\u00e1s antigua que se conserva es el Collegium Maius, de 1400, ubicada en el casco viejo. Son muchos los viajeros que visitan este lugar, pero quiz\u00e1 no todos sepan que por el claustro de este edificio paseaba Cop\u00e9rnico mientas observaba las estrellas del cielo de Cracovia.<\/p>\n\n\n\n<p><strong><u>Un consejo viajero<\/u><\/strong><\/p>\n\n\n\n<ul class=\"wp-block-list\">\n<li>En este 2023, a la habitualmente intensa agenda de eventos de Cracovia y la regi\u00f3n de Malopolska, tenemos que a\u00f1adir los <strong>Juegos Europeos<\/strong>, que se celebrar\u00e1n entre el 21 de junio y el 2 de julio, con 29 disciplinas deportivas. Este evento compartir\u00e1 el protagonismo con uno de los festivales de cultura jud\u00eda m\u00e1s veteranos del mundo, en la hist\u00f3rica <strong>juder\u00eda de Kazimierz<\/strong>, que ya exist\u00eda en tiempos de Cop\u00e9rnico.<\/li>\n<\/ul>\n\n\n\n<div style=\"height:100px\" aria-hidden=\"true\" class=\"wp-block-spacer is-style-spacer-medium\"><\/div>\n\n\n\n<h3 class=\"wp-block-heading has-text-align-center\"><strong>Varmia: madurez entre lagos y castillos, y una tumba perdida<\/strong><\/h3>\n\n\n\n<div class=\"wp-block-group\"><div class=\"wp-block-group__inner-container is-layout-constrained wp-block-group-is-layout-constrained\">\n<p class=\"has-text-align-center\"><\/p>\n<\/div><\/div>\n<\/div><\/div>\n\n\n\n<div style=\"height:100px\" aria-hidden=\"true\" class=\"wp-block-spacer is-style-spacer-small\"><\/div>\n\n\n\n<div class=\"wp-block-group is-style-container\"><div class=\"wp-block-group__inner-container is-layout-constrained wp-block-group-is-layout-constrained\"><div class=\"wp-block-image\">\n<figure class=\"aligncenter size-full\"><img loading=\"lazy\" decoding=\"async\" width=\"1170\" height=\"780\" src=\"https:\/\/www.polonia.travel\/es\/wp-content\/uploads\/sites\/18\/2022\/12\/olsztyn_zamek_noca_1170.jpg\" alt=\"Olsztyn\" class=\"wp-image-6756\" srcset=\"https:\/\/www.polonia.travel\/es\/wp-content\/uploads\/sites\/18\/2022\/12\/olsztyn_zamek_noca_1170.jpg 1170w, https:\/\/www.polonia.travel\/es\/wp-content\/uploads\/sites\/18\/2022\/12\/olsztyn_zamek_noca_1170-600x400.jpg 600w, https:\/\/www.polonia.travel\/es\/wp-content\/uploads\/sites\/18\/2022\/12\/olsztyn_zamek_noca_1170-768x512.jpg 768w\" sizes=\"auto, (max-width: 1170px) 100vw, 1170px\" \/><figcaption class=\"wp-element-caption\">Olsztyn, la capital de Varmia y Masuria<\/figcaption><\/figure><\/div><\/div><\/div>\n\n\n\n<div class=\"wp-block-group is-style-container\"><div class=\"wp-block-group__inner-container is-layout-constrained wp-block-group-is-layout-constrained\">\n<p class=\"has-text-align-center\"><\/p>\n<\/div><\/div>\n\n\n\n<div style=\"height:100px\" aria-hidden=\"true\" class=\"wp-block-spacer is-style-spacer-small\"><\/div>\n\n\n\n<div class=\"wp-block-group is-style-container-medium\"><div class=\"wp-block-group__inner-container is-layout-constrained wp-block-group-is-layout-constrained\">\n<p>Cop\u00e9rnico pas\u00f3 m\u00e1s de la mitad de su vida en la hist\u00f3rica regi\u00f3n de Varmia, al noreste de la actual Polonia. Fue por su t\u00edo Lucas Watzenrode, que era el obispo de Varmia y ten\u00eda la potestad de legar el puesto a su sobrino, incluso a pesar de la resistencia del rey polaco. Fue aqu\u00ed, en diversas ciudades de Varmia, como Lidzbark Warmi\u0144ski, Olsztyn, Elbl\u0105g o <strong>Frombork<\/strong>, donde finalmente <strong>concluy\u00f3 una obra que hizo \u00e9poca<\/strong> y que dio lugar a la <strong>revoluci\u00f3n copernicana<\/strong>. En estas cuatro ciudades encontramos patrimonio relacionado con Cop\u00e9rnico o su obra. Por ejemplo, en el castillo de Olsztyn (donde Cop\u00e9rnico era administrador entre 1516 y 1521) se conserva la tabla astron\u00f3mica que utiliz\u00f3 para determinar el equinoccio de primavera y as\u00ed poder reformar el calendario. Sin embargo, a pesar de sus esfuerzos, la reforma del calendario solo se llevar\u00eda a cabo d\u00e9cadas despu\u00e9s de su muerte, cuando el papa Gregorio XIII cambi\u00f3 el calendario juliano por el gregoriano.&nbsp;<\/p>\n\n\n\n<p>La etapa de Cop\u00e9rnico en <strong>Olsztyn<\/strong>&nbsp;tambi\u00e9n supuso el germen de otros proyectos que desarrollar\u00eda m\u00e1s adelante. Para empezar, esboz\u00f3 su tratado <em>Sobre el valor de la moneda<\/em> de 1517. Un par de a\u00f1os m\u00e1s tarde, todav\u00eda en la ciudad, edit\u00f3 una versi\u00f3n ampliada de esta obra. Finalmente, en 1528, public\u00f3 la versi\u00f3n definitiva de su <strong>tratado de econom\u00eda<\/strong>, seg\u00fan el cual <em><strong>el dinero malo pesa m\u00e1s que el bueno y por lo tanto lo expulsa del mercado<\/strong><\/em>.<\/p>\n\n\n\n<p>Cop\u00e9rnico muri\u00f3 en 1543 en Frombork, una ciudad a orillas del B\u00e1ltico, a 70 km del puerto hist\u00f3rico de Gda\u0144sk. Su lugar de enterramiento cay\u00f3 en el olvido poco despu\u00e9s de su muerte, y cuando el obispo de Varmia, Martin Kromer, encarg\u00f3 un epitafio para el astr\u00f3nomo en 1580, lo colocaron en un lugar aleatorio: el s\u00e9ptimo altar lateral de la nave derecha de la catedral de Frombork. Tras largas investigaciones que consiguieron esclarecer la verdadera ubicaci\u00f3n de los restos del astr\u00f3nomo, el 22 de mayo de 2010 se celebr\u00f3 un nuevo funeral y entierro de Cop\u00e9rnico en dicho templo, despu\u00e9s de que se hubieran podido velar sus restos en la catedral de Toru\u0144 y el castillo de Olsztyn.<\/p>\n\n\n\n<p><strong><u>Tras las huellas de Cop\u00e9rnico en Varmia<\/u><\/strong><\/p>\n\n\n\n<ul class=\"wp-block-list\">\n<li><strong>Frombork<\/strong>. A tan solo 70 km del puerto de Gda\u0144sk, en su fabulosa catedral descansan los restos del astr\u00f3nomo. Junto a esta encontramos varios espacios en los que profundizar en la vida y obra del gran cient\u00edfico polaco.<\/li>\n<\/ul>\n<\/div><\/div>\n\n\n\n<div style=\"height:100px\" aria-hidden=\"true\" class=\"wp-block-spacer is-style-spacer-small\"><\/div>\n\n\n\n<div class=\"wp-block-group is-style-container\"><div class=\"wp-block-group__inner-container is-layout-constrained wp-block-group-is-layout-constrained\">\n<div class=\"wp-block-group\"><div class=\"wp-block-group__inner-container is-layout-constrained wp-block-group-is-layout-constrained\"><div class=\"wp-block-image\">\n<figure class=\"aligncenter size-large\"><img loading=\"lazy\" decoding=\"async\" width=\"1200\" height=\"800\" src=\"https:\/\/www.polonia.travel\/es\/wp-content\/uploads\/sites\/18\/2023\/03\/Frombork_Adobe-xl-1200x800.jpg\" alt=\"\" class=\"wp-image-21938\" srcset=\"https:\/\/www.polonia.travel\/es\/wp-content\/uploads\/sites\/18\/2023\/03\/Frombork_Adobe-xl-1200x800.jpg 1200w, https:\/\/www.polonia.travel\/es\/wp-content\/uploads\/sites\/18\/2023\/03\/Frombork_Adobe-xl-600x400.jpg 600w, https:\/\/www.polonia.travel\/es\/wp-content\/uploads\/sites\/18\/2023\/03\/Frombork_Adobe-xl-768x512.jpg 768w, https:\/\/www.polonia.travel\/es\/wp-content\/uploads\/sites\/18\/2023\/03\/Frombork_Adobe-xl.jpg 1224w\" sizes=\"auto, (max-width: 1200px) 100vw, 1200px\" \/><figcaption class=\"wp-element-caption\"><em>Frombork (foto: Sebastian Stawinski)<\/em><\/figcaption><\/figure><\/div><\/div><\/div>\n<\/div><\/div>\n\n\n\n<div class=\"wp-block-group is-style-container\"><div class=\"wp-block-group__inner-container is-layout-constrained wp-block-group-is-layout-constrained\">\n<div class=\"wp-block-group\"><div class=\"wp-block-group__inner-container is-layout-constrained wp-block-group-is-layout-constrained\">\n<p><\/p>\n<\/div><\/div>\n<\/div><\/div>\n\n\n\n<div style=\"height:100px\" aria-hidden=\"true\" class=\"wp-block-spacer is-style-spacer-small\"><\/div>\n\n\n\n<div class=\"wp-block-group is-style-container-medium\"><div class=\"wp-block-group__inner-container is-layout-constrained wp-block-group-is-layout-constrained\">\n<ul class=\"wp-block-list\">\n<li><strong>Lidzbark Warmi\u0144ski<\/strong>. En esta localidad se conserva el castillo de los Obispos de Varmia. Hoy, gracias a que se ha reconvertido en un lujoso hotel con encanto, podemos pasar la noche bajo el mismo techo en que durmi\u00f3 Cop\u00e9rnico y su familia.<\/li>\n<\/ul>\n<\/div><\/div>\n\n\n\n<div style=\"height:100px\" aria-hidden=\"true\" class=\"wp-block-spacer is-style-spacer-small\"><\/div>\n\n\n\n<div class=\"wp-block-group is-style-container\"><div class=\"wp-block-group__inner-container is-layout-constrained wp-block-group-is-layout-constrained\"><div class=\"wp-block-image\">\n<figure class=\"aligncenter size-full\"><img loading=\"lazy\" decoding=\"async\" width=\"1170\" height=\"781\" src=\"https:\/\/www.polonia.travel\/es\/wp-content\/uploads\/sites\/18\/2022\/12\/amek_w_lidzbark.jpg\" alt=\"Zamek w Lidzbarku Warmi\u0144skim\" class=\"wp-image-6345\" srcset=\"https:\/\/www.polonia.travel\/es\/wp-content\/uploads\/sites\/18\/2022\/12\/amek_w_lidzbark.jpg 1170w, https:\/\/www.polonia.travel\/es\/wp-content\/uploads\/sites\/18\/2022\/12\/amek_w_lidzbark-600x401.jpg 600w, https:\/\/www.polonia.travel\/es\/wp-content\/uploads\/sites\/18\/2022\/12\/amek_w_lidzbark-768x513.jpg 768w\" sizes=\"auto, (max-width: 1170px) 100vw, 1170px\" \/><figcaption class=\"wp-element-caption\">Hotel Krasicki<\/figcaption><\/figure><\/div><\/div><\/div>\n\n\n\n<div class=\"wp-block-group is-style-container\"><div class=\"wp-block-group__inner-container is-layout-constrained wp-block-group-is-layout-constrained\">\n<p class=\"has-text-align-center\"><\/p>\n<\/div><\/div>\n\n\n\n<div style=\"height:100px\" aria-hidden=\"true\" class=\"wp-block-spacer is-style-spacer-small\"><\/div>\n\n\n\n<div class=\"wp-block-group is-style-container-medium\"><div class=\"wp-block-group__inner-container is-layout-constrained wp-block-group-is-layout-constrained\">\n<ul class=\"wp-block-list\">\n<li><strong>Olsztyn<\/strong>. En su castillo se conserva la tabla astron\u00f3mica de Cop\u00e9rnico, una fortaleza que tambi\u00e9n nos sirve para descubrir la apasionante historia de esta disputada regi\u00f3n hist\u00f3rica.<\/li>\n<\/ul>\n<\/div><\/div>\n\n\n\n<div style=\"height:100px\" aria-hidden=\"true\" class=\"wp-block-spacer is-style-spacer-small\"><\/div>\n\n\n\n<div class=\"wp-block-group is-style-container\"><div class=\"wp-block-group__inner-container is-layout-constrained wp-block-group-is-layout-constrained\"><div class=\"wp-block-image\">\n<figure class=\"aligncenter size-full\"><img loading=\"lazy\" decoding=\"async\" width=\"1170\" height=\"780\" src=\"https:\/\/www.polonia.travel\/es\/wp-content\/uploads\/sites\/18\/2022\/12\/olsztyn_pomnik_kopernika_1170.jpg\" alt=\"\" class=\"wp-image-6757\" srcset=\"https:\/\/www.polonia.travel\/es\/wp-content\/uploads\/sites\/18\/2022\/12\/olsztyn_pomnik_kopernika_1170.jpg 1170w, https:\/\/www.polonia.travel\/es\/wp-content\/uploads\/sites\/18\/2022\/12\/olsztyn_pomnik_kopernika_1170-600x400.jpg 600w, https:\/\/www.polonia.travel\/es\/wp-content\/uploads\/sites\/18\/2022\/12\/olsztyn_pomnik_kopernika_1170-768x512.jpg 768w\" sizes=\"auto, (max-width: 1170px) 100vw, 1170px\" \/><figcaption class=\"wp-element-caption\">Olsztyn, monumento a Cop\u00e9rnico<\/figcaption><\/figure><\/div><\/div><\/div>\n\n\n\n<div class=\"wp-block-group is-style-container\"><div class=\"wp-block-group__inner-container is-layout-constrained wp-block-group-is-layout-constrained\">\n<p class=\"has-text-align-center\"><\/p>\n<\/div><\/div>\n\n\n\n<div style=\"height:100px\" aria-hidden=\"true\" class=\"wp-block-spacer is-style-spacer-small\"><\/div>\n\n\n\n<div class=\"wp-block-group is-style-container-medium\"><div class=\"wp-block-group__inner-container is-layout-constrained wp-block-group-is-layout-constrained\">\n<ul class=\"wp-block-list\">\n<li>En esta y la vecina regi\u00f3n de <strong>Pomerania<\/strong> hay una ruta de castillos de los caballeros teutones<\/li>\n<\/ul>\n\n\n\n<p>Varmia y Masuria est\u00e1 repleta de&nbsp;<strong>lagos<\/strong>, <strong>bosques<\/strong> y <strong>praderas<\/strong>, siendo uno de los espacios naturales m\u00e1s cautivadores del centro de Europa para practicar el <strong>turismo activo<\/strong>. Las <strong>rutas cicloturistas<\/strong> GreenVelo, por ejemplo, proponen un viaje pausado y relajante por estas tierras.<\/p>\n<\/div><\/div>\n\n\n\n<div style=\"height:100px\" aria-hidden=\"true\" class=\"wp-block-spacer is-style-spacer-small\"><\/div>\n\n\n\n<div class=\"wp-block-group is-style-container\"><div class=\"wp-block-group__inner-container is-layout-constrained wp-block-group-is-layout-constrained\"><\/div><\/div>\n\n\n\n<div class=\"wp-block-group is-style-container\"><div class=\"wp-block-group__inner-container is-layout-constrained wp-block-group-is-layout-constrained\">\n<p class=\"has-text-align-center\"><\/p>\n<\/div><\/div>\n\n\n\n<div class=\"wp-block-group is-style-container-medium\"><div class=\"wp-block-group__inner-container is-layout-constrained wp-block-group-is-layout-constrained\">\n<p class=\"has-text-align-center\"><\/p>\n<\/div><\/div>\n\n\n\n<h3 class=\"wp-block-heading has-text-align-center\"><strong>Varsovia: el homenaje de la capital a su gran astr\u00f3nomo<\/strong><\/h3>\n\n\n\n<div style=\"height:100px\" aria-hidden=\"true\" class=\"wp-block-spacer is-style-spacer-small\"><\/div>\n\n\n<div class=\"wp-block-image\">\n<figure class=\"aligncenter size-full\"><img loading=\"lazy\" decoding=\"async\" width=\"1170\" height=\"780\" src=\"https:\/\/www.polonia.travel\/es\/wp-content\/uploads\/sites\/18\/2023\/07\/centrum_nauki_kopernik_dla_dzieci_1170.jpg\" alt=\"\" class=\"wp-image-28288\" srcset=\"https:\/\/www.polonia.travel\/es\/wp-content\/uploads\/sites\/18\/2023\/07\/centrum_nauki_kopernik_dla_dzieci_1170.jpg 1170w, https:\/\/www.polonia.travel\/es\/wp-content\/uploads\/sites\/18\/2023\/07\/centrum_nauki_kopernik_dla_dzieci_1170-600x400.jpg 600w, https:\/\/www.polonia.travel\/es\/wp-content\/uploads\/sites\/18\/2023\/07\/centrum_nauki_kopernik_dla_dzieci_1170-768x512.jpg 768w\" sizes=\"auto, (max-width: 1170px) 100vw, 1170px\" \/><figcaption class=\"wp-element-caption\">Varsovia, Centro de Ciencias Cop\u00e9rnico<\/figcaption><\/figure><\/div>\n\n\n<div class=\"wp-block-group is-style-container\"><div class=\"wp-block-group__inner-container is-layout-constrained wp-block-group-is-layout-constrained\">\n<p class=\"has-text-align-center\"><\/p>\n<\/div><\/div>\n\n\n\n<div style=\"height:100px\" aria-hidden=\"true\" class=\"wp-block-spacer is-style-spacer-small\"><\/div>\n\n\n\n<div class=\"wp-block-group is-style-container-medium\"><div class=\"wp-block-group__inner-container is-layout-constrained wp-block-group-is-layout-constrained\">\n<p>La capital de Polonia no era m\u00e1s que un peque\u00f1o asentamiento sobre un promontorio del V\u00edstula en tiempos de Cop\u00e9rnico. Sin embargo, Varsovia tambi\u00e9n podr\u00eda caber en un viaje tras las huellas del astr\u00f3nomo, ya que rinde homenaje a su pulso innovador y a sus descubrimientos cient\u00edficos a trav\u00e9s del Centro de Ciencias Cop\u00e9rnico, una propuesta fuera de serie para los viajeros m\u00e1s curiosos, que tambi\u00e9n es ideal para los que viajan en familia. El r\u00edo V\u00edstula, cuya ribera queda a los pies de este moderno espacio, una vez m\u00e1s se convierte en el hilo conductor de un viaje por la historia y el presente de Polonia.<\/p>\n\n\n\n<p><strong><u>Un consejo viajero<\/u><\/strong><\/p>\n\n\n\n<p><strong>Justo frente a la Academia Polaca de Ciencias<\/strong> y cerca de la Universidad de Varsovia se encuentra el monumento dedicado de Cop\u00e9rnico &#8211; uno de los lugares m\u00e1s emblem\u00e1ticos de la Ruta Real de Varsovia.<\/p>\n\n\n\n<div style=\"height:100px\" aria-hidden=\"true\" class=\"wp-block-spacer\"><\/div>\n\n\n\n<h3 class=\"wp-block-heading has-text-align-center\"><strong>Curiosidades sobre la vida y obra del genio<\/strong><\/h3>\n\n\n\n<div style=\"height:100px\" aria-hidden=\"true\" class=\"wp-block-spacer is-style-spacer-small\"><\/div>\n\n\n\n<p>Durante pr\u00e1cticamente dos siglos, historiadores polacos y alemanes debatieron sobre la nacionalidad de Cop\u00e9rnico. Los investigadores polacos subrayaban que el astr\u00f3nomo hab\u00eda nacido en Toru\u0144, una ciudad que hab\u00eda pasado a los dominios del reino de Polonia 19 a\u00f1os antes de su nacimiento. Tambi\u00e9n apelaban a que, m\u00e1s all\u00e1 de su \u00e9poca de estudiante en Italia, hab\u00eda vivido toda su vida en Polonia y hab\u00eda sido ciudadano polaco, a que su t\u00edo le mand\u00f3 a estudiar a Cracovia y no una universidad alemana, y a que tanto su familia como \u00e9l mismo mostraron una actitud pro-polaca durante los conflictos entre Polonia y la Orden Teut\u00f3nica. Los investigadores alemanes basaron sus tesis fundamentalmente en que no constaba correspondencia de Cop\u00e9rnico en polaco y en que, adem\u00e1s de cartas en lat\u00edn, se hab\u00edan encontrado otras en alem\u00e1n que proven\u00edan de su pluma. Sin embargo, no tuvieron en cuenta que el idioma oficial de Polonia en aquellos tiempos era el lat\u00edn.<\/p>\n\n\n\n<p>Los bi\u00f3grafos e investigadores de la obra de Nicol\u00e1s Cop\u00e9rnico coinciden en que concluy\u00f3 su <strong><em>De revolutionibus orbium coelestium<\/em><\/strong> alrededor del a\u00f1o 1530 pero tambi\u00e9n en que <strong>no ten\u00eda intenci\u00f3n de llevarlo a la imprenta<\/strong>. La raz\u00f3n del recelo a publicar su obra ya terminada era el <strong>&#8222;miedo al rid\u00edculo&#8221;<\/strong>.<\/p>\n\n\n\n<p>En el a\u00f1o 1616, la Sagrada Congregaci\u00f3n del \u00cdndice incluy\u00f3 la obra de Cop\u00e9rnico en el <strong>listado de libros prohibidos<\/strong>. \u00bfPor qu\u00e9 despu\u00e9s de tanto tiempo? La primera publicaci\u00f3n de <em>De revolutionibus orbium coelestium<\/em> inclu\u00eda un prefacio del editor en el que se apuntaba que la obra era un conjunto de hip\u00f3tesis no necesariamente verdaderas y, de hecho, poco probables. La publicaci\u00f3n se retir\u00f3 de la lista en el a\u00f1o 1822, es decir, que estuvo oficialmente prohibida por la Iglesia durante 200 a\u00f1os.<\/p>\n\n\n\n<p>De acuerdo a los estatutos de <strong>Frombork<\/strong>, era costumbre que los can\u00f3nigos tuvieran dos viviendas: una intramuros y otra extramuros. Los can\u00f3nigos prefer\u00edan vivir modestamente en las afueras, pero mientras estaban en el interior de la colina de la catedral, disfrutaban de todas las comodidades. Nicol\u00e1s Cop\u00e9rnico, sin embargo, procedi\u00f3 al rev\u00e9s. Ninguna de las viviendas de la colina de la catedral se ajustaba a lo que necesitaba para sus <strong>investigaciones astron\u00f3micas<\/strong> y adem\u00e1s todas eran muy caras. Por eso se compr\u00f3, por una peque\u00f1a cantidad, una de las torres de la fortificaci\u00f3n, consiguiendo as\u00ed cumplir con los estatutos. Era la m\u00e1s destacada entre todas y por eso, en el contexto de la guerra entre Polonia y la Orden Teut\u00f3nica, nadie se arriesgaba a comprarla. Se encontraba en el punto m\u00e1s elevado y, desde all\u00ed, el astr\u00f3nomo pod\u00eda observar sin obst\u00e1culos la parte del firmamento que m\u00e1s le interesaba: la meridional. Junto a los huertos que hab\u00eda a los pies de la colina, Cop\u00e9rnico instal\u00f3 una plataforma de observaci\u00f3n a la que llam\u00f3 &#8222;pavimentum&#8221; y en la que instal\u00f3 sus tres instrumentos astron\u00f3micos.<\/p>\n\n\n\n<p>Nicol\u00e1s Cop\u00e9rnico tambi\u00e9n fue el art\u00edfice del <strong>\u00edndice del pan<\/strong> (<em>Ratio panaria allensteinensis<\/em>), que se estableci\u00f3 probablemente a finales del a\u00f1o 1531. Debido a las malas cosechas de la \u00e9poca, en toda Europa se extendi\u00f3 la costumbre de reducir el peso del pan en lugar de aumentar los precios. Se hizo as\u00ed para evitar el descontento popular. El \u00edndice del pan regulaba el precio y el peso del pan en Olsztyn y otras ciudades de Varmia de acuerdo al concepto medieval de <strong>&#8222;precio justo&#8221;<\/strong>. Trataba de establecer un precio en base a los costes de producci\u00f3n atendiendo al precio del grano, lo que beneficiaba fundamentalmente a la burgues\u00eda de Varmia.<\/p>\n\n\n\n<p>A Cop\u00e9rnico nadie le agradeci\u00f3 los catorce a\u00f1os (1517-1530) que invirti\u00f3 en su <strong>reforma monetaria<\/strong>. Al contrario, las urbes que consegu\u00edan ingresos gracias a la acu\u00f1aci\u00f3n de moneda se volvieron en su contra indignadas. La reforma finalmente se llev\u00f3 a cabo con modificaciones, pero se consideraba, con raz\u00f3n, que Cop\u00e9rnico era su principal autor. Este rechazo popular acab\u00f3 materializ\u00e1ndose en burlas hacia quien s\u00f3lo defend\u00eda unas relaciones econ\u00f3micas m\u00e1s sanas. Durante el carnaval de 1531, en la ciudad de Elbl\u0105g se sac\u00f3 en procesi\u00f3n una figura que caricaturizaba al pensador de Frombork. Hay que tener en cuenta que, por entonces, hab\u00eda comenzado la reforma protestante, de manera que se podr\u00eda considerar que estas parodias ten\u00edan un trasfondo religioso, sobre todo si tenemos en cuenta que tambi\u00e9n se practicaban sobre otros cl\u00e9rigos. As\u00ed, a Cop\u00e9rnico lo ridiculizaron tanto por su credo cat\u00f3lico como por su obstinada lucha por una reforma monetaria muy impopular que limitaba los derechos de acu\u00f1aci\u00f3n.<\/p>\n<\/div><\/div>\n\n\n\n<div style=\"height:100px\" aria-hidden=\"true\" class=\"wp-block-spacer is-style-spacer-medium\"><\/div>\n\n\n\n<div class=\"wp-block-group has-background\" style=\"background-color:#eeeeee\"><div class=\"wp-block-group__inner-container is-layout-constrained wp-block-group-is-layout-constrained\">\n<div style=\"height:100px\" aria-hidden=\"true\" class=\"wp-block-spacer is-style-spacer-small\"><\/div>\n\n\n\n<div class=\"wp-block-group is-style-container\"><div class=\"wp-block-group__inner-container is-layout-constrained wp-block-group-is-layout-constrained\">\n<h3 class=\"wp-block-heading\">Lee m\u00e1s art\u00edculos<\/h3>\n\n\n\n<div style=\"height:100px\" aria-hidden=\"true\" class=\"wp-block-spacer is-style-spacer-small\"><\/div>\n\n\n<div class=\"overflow\">\n  <div class=\"post-slider swiper post-slider--small\" data-schema=\"small\">\n\n    <div class=\"swiper-wrapper\">\n              <div class=\"swiper-slide post-slide\">\n                      <a href=\"https:\/\/www.polonia.travel\/es\/de-donde-viene-the-witcher\/\" class=\"post-box post-box--small\" style=\" background-image: url(https:\/\/www.polonia.travel\/es\/wp-content\/uploads\/sites\/18\/2026\/03\/WITCHER_zuraw_gdanski_1_1170x780_8-600x400.jpg);\">\n          <div class=\"post-box__hover\" style=\"background-image: url(https:\/\/www.polonia.travel\/es\/wp-content\/uploads\/sites\/18\/2023\/07\/AmazingWinter_6802012-1-600x400.jpg);\"><\/div>\n        <div class=\"post-box__info\">\n            <div class=\"post-box__title\">\u00bfDe d\u00f3nde viene The Witcher?<\/div>\n      <div class=\"post-box__more\">Leer m\u00e1s<\/div>\n    <\/div>\n  <\/a>\n\n          <\/div>\n              <div class=\"swiper-slide post-slide\">\n                      <a href=\"https:\/\/www.polonia.travel\/es\/podlasie-y-la-ruta-del-esperanto\/\" class=\"post-box post-box--small\" style=\" background-image: url(https:\/\/www.polonia.travel\/es\/wp-content\/uploads\/sites\/18\/2025\/06\/2280_BIALYSTOK_Dom_Zamenhofa_KK_HR-400x600.jpg);\">\n        <div class=\"post-box__info\">\n            <div class=\"post-box__title\">Podlasie y la ruta del Esperanto<\/div>\n      <div class=\"post-box__more\">Leer m\u00e1s<\/div>\n    <\/div>\n  <\/a>\n\n          <\/div>\n              <div class=\"swiper-slide post-slide\">\n                      <a href=\"https:\/\/www.polonia.travel\/es\/tras-las-huellas-del-apostol-el-camino-de-santiago-en-tierras-polacas\/\" class=\"post-box post-box--small\" style=\" background-image: url(https:\/\/www.polonia.travel\/es\/wp-content\/uploads\/sites\/18\/2025\/07\/IMG20241018161453-600x338.jpg);\">\n          <div class=\"post-box__hover\" style=\"background-image: url(https:\/\/www.polonia.travel\/es\/wp-content\/uploads\/sites\/18\/2025\/07\/256523123_Torun_Adobe-me-600x389.jpeg);\"><\/div>\n        <div class=\"post-box__info\">\n            <div class=\"post-box__title\">Tras las huellas del Ap\u00f3stol: El Camino de Santiago en tierras polacas<\/div>\n      <div class=\"post-box__more\">Leer m\u00e1s<\/div>\n    <\/div>\n  <\/a>\n\n          <\/div>\n              <div class=\"swiper-slide post-slide\">\n                      <a href=\"https:\/\/www.polonia.travel\/es\/mas-alla-de-san-valentin\/\" class=\"post-box post-box--small\" style=\" background-image: url(https:\/\/www.polonia.travel\/es\/wp-content\/uploads\/sites\/18\/2024\/10\/Lazienki-Krolewskie-Palace-on-the-Water_fot.-m.st_.-Warszawa-600x400.jpg);\">\n          <div class=\"post-box__hover\" style=\"background-image: url(https:\/\/www.polonia.travel\/es\/wp-content\/uploads\/sites\/18\/2024\/10\/Chelmno-serca-w-parku-podswietlone-fot-e-pawelecIMG_1824-600x400.jpg);\"><\/div>\n        <div class=\"post-box__info\">\n            <div class=\"post-box__title\">M\u00e1s all\u00e1 de San Valent\u00edn &#8211; viajes en pareja<\/div>\n      <div class=\"post-box__more\">Leer m\u00e1s<\/div>\n    <\/div>\n  <\/a>\n\n          <\/div>\n              <div class=\"swiper-slide post-slide\">\n                      <a href=\"https:\/\/www.polonia.travel\/es\/ruta-de-la-ii-guerra-mundial\/\" class=\"post-box post-box--small\" style=\" background-image: url(https:\/\/www.polonia.travel\/es\/wp-content\/uploads\/sites\/18\/2024\/04\/zakonczenie20wojny2002_75_lat_IIWSCC81_TT_post_ENG_720x360201-600x300.png);\">\n        <div class=\"post-box__info\">\n            <div class=\"post-box__title\">Ruta de la II Guerra Mundial<\/div>\n      <div class=\"post-box__more\">Leer m\u00e1s<\/div>\n    <\/div>\n  <\/a>\n\n          <\/div>\n              <div class=\"swiper-slide post-slide\">\n                      <a href=\"https:\/\/www.polonia.travel\/es\/rutas-subterraneas\/\" class=\"post-box post-box--small\" style=\" background-image: url(https:\/\/www.polonia.travel\/es\/wp-content\/uploads\/sites\/18\/2023\/07\/kopalnia_srebra_tarnowskie_gory_5_1170-600x400.jpg);\">\n          <div class=\"post-box__hover\" style=\"background-image: url(https:\/\/www.polonia.travel\/es\/wp-content\/uploads\/sites\/18\/2023\/03\/Zabytkowa-Kopalnia-Srebra-Tarnowskie-Gory-600x400.jpg);\"><\/div>\n        <div class=\"post-box__info\">\n            <div class=\"post-box__title\">Rutas subterr\u00e1neas<\/div>\n      <div class=\"post-box__more\">Leer m\u00e1s<\/div>\n    <\/div>\n  <\/a>\n\n          <\/div>\n              <div class=\"swiper-slide post-slide\">\n                      <a href=\"https:\/\/www.polonia.travel\/es\/por-la-ruta-de-los-nidos-de-aguila\/\" class=\"post-box post-box--small\" style=\" background-image: url(https:\/\/www.polonia.travel\/es\/wp-content\/uploads\/sites\/18\/2022\/12\/jura_krakowsko_czestochowska_zachod_slonca_540.jpg);\">\n          <div class=\"post-box__hover\" style=\"background-image: url(https:\/\/www.polonia.travel\/es\/wp-content\/uploads\/sites\/18\/2022\/12\/jura_krakowsko_czestochowska_zamek_ogrodzieniec_1170-600x400.jpg);\"><\/div>\n        <div class=\"post-box__info\">\n            <div class=\"post-box__title\">Por la Ruta de los Nidos de \u00c1guila<\/div>\n      <div class=\"post-box__more\">Leer m\u00e1s<\/div>\n    <\/div>\n  <\/a>\n\n          <\/div>\n              <div class=\"swiper-slide post-slide\">\n                      <a href=\"https:\/\/www.polonia.travel\/es\/el-viaje-astral-de-copernico-por-tierras-de-polonia\/\" class=\"post-box post-box--small\" style=\" background-image: url(https:\/\/www.polonia.travel\/es\/wp-content\/uploads\/sites\/18\/2024\/04\/7_Warszawa_starowka_MH_HD-1-600x400.jpg);\">\n          <div class=\"post-box__hover\" style=\"background-image: url(https:\/\/www.polonia.travel\/es\/wp-content\/uploads\/sites\/18\/2023\/07\/Warszawa_C581azienki-1-600x400.jpg);\"><\/div>\n        <div class=\"post-box__info\">\n            <div class=\"post-box__title\">El viaje astral de Cop\u00e9rnico, por tierras de Polonia<\/div>\n      <div class=\"post-box__more\">Leer m\u00e1s<\/div>\n    <\/div>\n  <\/a>\n\n          <\/div>\n              <div class=\"swiper-slide post-slide\">\n                      <a href=\"https:\/\/www.polonia.travel\/es\/viaje-musical-por-la-ruta-de-chopin\/\" class=\"post-box post-box--small\" style=\" background-image: url(https:\/\/www.polonia.travel\/es\/wp-content\/uploads\/sites\/18\/2024\/04\/Wieliczka1_540_360-1.jpg);\">\n          <div class=\"post-box__hover\" style=\"background-image: url(https:\/\/www.polonia.travel\/es\/wp-content\/uploads\/sites\/18\/2022\/12\/kopalnia_soli_wieliczka_1170-1-600x400.jpg);\"><\/div>\n        <div class=\"post-box__info\">\n            <div class=\"post-box__title\">Viaje musical por la ruta de Chopin<\/div>\n      <div class=\"post-box__more\">Leer m\u00e1s<\/div>\n    <\/div>\n  <\/a>\n\n          <\/div>\n              <div class=\"swiper-slide post-slide\">\n                      <a href=\"https:\/\/www.polonia.travel\/es\/top-10-para-viajar-por-polonia-con-ninos\/\" class=\"post-box post-box--small\" style=\" background-image: url(https:\/\/www.polonia.travel\/es\/wp-content\/uploads\/sites\/18\/2023\/07\/farma_iluzji_dla_dzieci_1170-600x400.jpg);\">\n          <div class=\"post-box__hover\" style=\"background-image: url(https:\/\/www.polonia.travel\/es\/wp-content\/uploads\/sites\/18\/2024\/03\/dzieci_basen-1920x989-1-600x309.jpg);\"><\/div>\n        <div class=\"post-box__info\">\n            <div class=\"post-box__title\">Top 10 para viajar por Polonia con ni\u00f1os<\/div>\n      <div class=\"post-box__more\">Leer m\u00e1s<\/div>\n    <\/div>\n  <\/a>\n\n          <\/div>\n              <div class=\"swiper-slide post-slide\">\n                      <a href=\"https:\/\/www.polonia.travel\/es\/la-ruta-de-los-castillos-goticos\/\" class=\"post-box post-box--small\" style=\" background-image: url(https:\/\/www.polonia.travel\/es\/wp-content\/uploads\/sites\/18\/2022\/12\/zamek_malbork_1170-1-600x400.jpg);\">\n          <div class=\"post-box__hover\" style=\"background-image: url(https:\/\/www.polonia.travel\/es\/wp-content\/uploads\/sites\/18\/2022\/12\/zamek_kwidzyn_1170-600x400.jpg);\"><\/div>\n        <div class=\"post-box__info\">\n            <div class=\"post-box__title\">La ruta de los castillos g\u00f3ticos<\/div>\n      <div class=\"post-box__more\">Leer m\u00e1s<\/div>\n    <\/div>\n  <\/a>\n\n          <\/div>\n          <\/div>\n    <div class=\"post-slider__pagination\"><\/div>\n  <\/div>\n<\/div>\n<\/div><\/div>\n\n\n\n<div style=\"height:100px\" aria-hidden=\"true\" class=\"wp-block-spacer is-style-spacer-small\"><\/div>\n<\/div><\/div>\n","protected":false},"excerpt":{"rendered":"<p>El viaje astral de Cop\u00e9rnico, por tierras de Polonia Este a\u00f1o celebramos el 550 aniversario del nacimiento de uno de los polacos m\u00e1s universales: Nicol\u00e1s Cop\u00e9rnico.&nbsp;El astr\u00f3nomo fue un aut\u00e9ntico hombre del Renacimiento, cuya teor\u00eda helioc\u00e9ntrica provoc\u00f3 una revoluci\u00f3n cient\u00edfica de tal calado, que de \u00e9l se dice que &#8222;puso la Tierra en movimiento y [&hellip;]<\/p>\n","protected":false},"author":1,"featured_media":30078,"comment_status":"open","ping_status":"open","sticky":false,"template":"","format":"standard","meta":{"_acf_changed":false,"footnotes":""},"categories":[1220],"class_list":["post-31417","post","type-post","status-publish","format-standard","has-post-thumbnail","hentry","category-rutas-tematicas"],"acf":[],"yoast_head":"<!-- This site is optimized with the Yoast SEO plugin v27.4 - https:\/\/yoast.com\/product\/yoast-seo-wordpress\/ -->\n<title>El viaje astral de Cop\u00e9rnico, por tierras de Polonia - Polonia Travel (ES)<\/title>\n<meta name=\"robots\" content=\"index, follow, max-snippet:-1, max-image-preview:large, max-video-preview:-1\" \/>\n<link rel=\"canonical\" href=\"https:\/\/www.polonia.travel\/es\/el-viaje-astral-de-copernico-por-tierras-de-polonia\/\" \/>\n<meta property=\"og:locale\" content=\"pl_PL\" \/>\n<meta property=\"og:type\" content=\"article\" \/>\n<meta property=\"og:title\" content=\"El viaje astral de Cop\u00e9rnico, por tierras de Polonia - Polonia Travel (ES)\" \/>\n<meta property=\"og:description\" content=\"El viaje astral de Cop\u00e9rnico, por tierras de Polonia Este a\u00f1o celebramos el 550 aniversario del nacimiento de uno de los polacos m\u00e1s universales: Nicol\u00e1s Cop\u00e9rnico.&nbsp;El astr\u00f3nomo fue un aut\u00e9ntico hombre del Renacimiento, cuya teor\u00eda helioc\u00e9ntrica provoc\u00f3 una revoluci\u00f3n cient\u00edfica de tal calado, que de \u00e9l se dice que &#8222;puso la Tierra en movimiento y [&hellip;]\" \/>\n<meta property=\"og:url\" content=\"https:\/\/www.polonia.travel\/es\/el-viaje-astral-de-copernico-por-tierras-de-polonia\/\" \/>\n<meta property=\"og:site_name\" content=\"Polonia Travel (ES)\" \/>\n<meta property=\"article:published_time\" content=\"2024-07-31T09:24:16+00:00\" \/>\n<meta property=\"article:modified_time\" content=\"2026-02-02T13:55:23+00:00\" \/>\n<meta property=\"og:image\" content=\"https:\/\/www.polonia.travel\/es\/wp-content\/uploads\/sites\/18\/2023\/07\/Warszawa_Wilanow-1920.jpg\" \/>\n\t<meta property=\"og:image:width\" content=\"1920\" \/>\n\t<meta property=\"og:image:height\" content=\"334\" \/>\n\t<meta property=\"og:image:type\" content=\"image\/jpeg\" \/>\n<meta name=\"twitter:card\" content=\"summary_large_image\" \/>\n<meta name=\"twitter:label1\" content=\"Napisane przez\" \/>\n\t<meta name=\"twitter:data1\" content=\"\" \/>\n\t<meta name=\"twitter:label2\" content=\"Szacowany czas czytania\" \/>\n\t<meta name=\"twitter:data2\" content=\"15 minut\" \/>\n<script type=\"application\/ld+json\" class=\"yoast-schema-graph\">{\"@context\":\"https:\\\/\\\/schema.org\",\"@graph\":[{\"@type\":\"Article\",\"@id\":\"https:\\\/\\\/www.polonia.travel\\\/es\\\/el-viaje-astral-de-copernico-por-tierras-de-polonia\\\/#article\",\"isPartOf\":{\"@id\":\"https:\\\/\\\/www.polonia.travel\\\/es\\\/el-viaje-astral-de-copernico-por-tierras-de-polonia\\\/\"},\"author\":{\"name\":\"\",\"@id\":\"\"},\"headline\":\"El viaje astral de Cop\u00e9rnico, por tierras de Polonia\",\"datePublished\":\"2024-07-31T09:24:16+00:00\",\"dateModified\":\"2026-02-02T13:55:23+00:00\",\"mainEntityOfPage\":{\"@id\":\"https:\\\/\\\/www.polonia.travel\\\/es\\\/el-viaje-astral-de-copernico-por-tierras-de-polonia\\\/\"},\"wordCount\":2343,\"commentCount\":0,\"publisher\":{\"@id\":\"https:\\\/\\\/www.polonia.travel\\\/es\\\/#organization\"},\"image\":{\"@id\":\"https:\\\/\\\/www.polonia.travel\\\/es\\\/el-viaje-astral-de-copernico-por-tierras-de-polonia\\\/#primaryimage\"},\"thumbnailUrl\":\"https:\\\/\\\/www.polonia.travel\\\/es\\\/wp-content\\\/uploads\\\/sites\\\/18\\\/2023\\\/07\\\/Warszawa_Wilanow-1920.jpg\",\"keywords\":[\"monumentos\",\"rutas-tematicas\",\"es\",\"que-ver\"],\"articleSection\":[\"Rutas tem\u00e1ticas\"],\"inLanguage\":\"pl-PL\"},{\"@type\":\"WebPage\",\"@id\":\"https:\\\/\\\/www.polonia.travel\\\/es\\\/el-viaje-astral-de-copernico-por-tierras-de-polonia\\\/\",\"url\":\"https:\\\/\\\/www.polonia.travel\\\/es\\\/el-viaje-astral-de-copernico-por-tierras-de-polonia\\\/\",\"name\":\"El viaje astral de Cop\u00e9rnico, por tierras de Polonia - Polonia Travel (ES)\",\"isPartOf\":{\"@id\":\"https:\\\/\\\/www.polonia.travel\\\/es\\\/#website\"},\"primaryImageOfPage\":{\"@id\":\"https:\\\/\\\/www.polonia.travel\\\/es\\\/el-viaje-astral-de-copernico-por-tierras-de-polonia\\\/#primaryimage\"},\"image\":{\"@id\":\"https:\\\/\\\/www.polonia.travel\\\/es\\\/el-viaje-astral-de-copernico-por-tierras-de-polonia\\\/#primaryimage\"},\"thumbnailUrl\":\"https:\\\/\\\/www.polonia.travel\\\/es\\\/wp-content\\\/uploads\\\/sites\\\/18\\\/2023\\\/07\\\/Warszawa_Wilanow-1920.jpg\",\"datePublished\":\"2024-07-31T09:24:16+00:00\",\"dateModified\":\"2026-02-02T13:55:23+00:00\",\"breadcrumb\":{\"@id\":\"https:\\\/\\\/www.polonia.travel\\\/es\\\/el-viaje-astral-de-copernico-por-tierras-de-polonia\\\/#breadcrumb\"},\"inLanguage\":\"pl-PL\",\"potentialAction\":[{\"@type\":\"ReadAction\",\"target\":[\"https:\\\/\\\/www.polonia.travel\\\/es\\\/el-viaje-astral-de-copernico-por-tierras-de-polonia\\\/\"]}]},{\"@type\":\"ImageObject\",\"inLanguage\":\"pl-PL\",\"@id\":\"https:\\\/\\\/www.polonia.travel\\\/es\\\/el-viaje-astral-de-copernico-por-tierras-de-polonia\\\/#primaryimage\",\"url\":\"https:\\\/\\\/www.polonia.travel\\\/es\\\/wp-content\\\/uploads\\\/sites\\\/18\\\/2023\\\/07\\\/Warszawa_Wilanow-1920.jpg\",\"contentUrl\":\"https:\\\/\\\/www.polonia.travel\\\/es\\\/wp-content\\\/uploads\\\/sites\\\/18\\\/2023\\\/07\\\/Warszawa_Wilanow-1920.jpg\",\"width\":1920,\"height\":334},{\"@type\":\"BreadcrumbList\",\"@id\":\"https:\\\/\\\/www.polonia.travel\\\/es\\\/el-viaje-astral-de-copernico-por-tierras-de-polonia\\\/#breadcrumb\",\"itemListElement\":[{\"@type\":\"ListItem\",\"position\":1,\"name\":\"Home page\",\"item\":\"https:\\\/\\\/www.polonia.travel\\\/es\\\/\"},{\"@type\":\"ListItem\",\"position\":2,\"name\":\"Inspiraciones de viaje\",\"item\":\"https:\\\/\\\/www.polonia.travel\\\/es\\\/category\\\/inspiraciones-de-viaje\\\/\"},{\"@type\":\"ListItem\",\"position\":3,\"name\":\"Rutas tem\u00e1ticas\",\"item\":\"https:\\\/\\\/www.polonia.travel\\\/es\\\/category\\\/inspiraciones-de-viaje\\\/rutas-tematicas\\\/\"},{\"@type\":\"ListItem\",\"position\":4,\"name\":\"El viaje astral de Cop\u00e9rnico, por tierras de Polonia\"}]},{\"@type\":\"WebSite\",\"@id\":\"https:\\\/\\\/www.polonia.travel\\\/es\\\/#website\",\"url\":\"https:\\\/\\\/www.polonia.travel\\\/es\\\/\",\"name\":\"Polonia Travel (ES)\",\"description\":\"...\",\"publisher\":{\"@id\":\"https:\\\/\\\/www.polonia.travel\\\/es\\\/#organization\"},\"potentialAction\":[{\"@type\":\"SearchAction\",\"target\":{\"@type\":\"EntryPoint\",\"urlTemplate\":\"https:\\\/\\\/www.polonia.travel\\\/es\\\/?s={search_term_string}\"},\"query-input\":{\"@type\":\"PropertyValueSpecification\",\"valueRequired\":true,\"valueName\":\"search_term_string\"}}],\"inLanguage\":\"pl-PL\"},{\"@type\":\"Organization\",\"@id\":\"https:\\\/\\\/www.polonia.travel\\\/es\\\/#organization\",\"name\":\"Polonia Travel (ES)\",\"url\":\"https:\\\/\\\/www.polonia.travel\\\/es\\\/\",\"logo\":{\"@type\":\"ImageObject\",\"inLanguage\":\"pl-PL\",\"@id\":\"https:\\\/\\\/www.polonia.travel\\\/es\\\/#\\\/schema\\\/logo\\\/image\\\/\",\"url\":\"\",\"contentUrl\":\"\",\"caption\":\"Polonia Travel (ES)\"},\"image\":{\"@id\":\"https:\\\/\\\/www.polonia.travel\\\/es\\\/#\\\/schema\\\/logo\\\/image\\\/\"}},{\"@type\":\"Person\",\"@id\":\"\"}]}<\/script>\n<!-- \/ Yoast SEO plugin. -->","yoast_head_json":{"title":"El viaje astral de Cop\u00e9rnico, por tierras de Polonia - Polonia Travel (ES)","robots":{"index":"index","follow":"follow","max-snippet":"max-snippet:-1","max-image-preview":"max-image-preview:large","max-video-preview":"max-video-preview:-1"},"canonical":"https:\/\/www.polonia.travel\/es\/el-viaje-astral-de-copernico-por-tierras-de-polonia\/","og_locale":"pl_PL","og_type":"article","og_title":"El viaje astral de Cop\u00e9rnico, por tierras de Polonia - Polonia Travel (ES)","og_description":"El viaje astral de Cop\u00e9rnico, por tierras de Polonia Este a\u00f1o celebramos el 550 aniversario del nacimiento de uno de los polacos m\u00e1s universales: Nicol\u00e1s Cop\u00e9rnico.&nbsp;El astr\u00f3nomo fue un aut\u00e9ntico hombre del Renacimiento, cuya teor\u00eda helioc\u00e9ntrica provoc\u00f3 una revoluci\u00f3n cient\u00edfica de tal calado, que de \u00e9l se dice que &#8222;puso la Tierra en movimiento y [&hellip;]","og_url":"https:\/\/www.polonia.travel\/es\/el-viaje-astral-de-copernico-por-tierras-de-polonia\/","og_site_name":"Polonia Travel (ES)","article_published_time":"2024-07-31T09:24:16+00:00","article_modified_time":"2026-02-02T13:55:23+00:00","og_image":[{"width":1920,"height":334,"url":"https:\/\/www.polonia.travel\/es\/wp-content\/uploads\/sites\/18\/2023\/07\/Warszawa_Wilanow-1920.jpg","type":"image\/jpeg"}],"twitter_card":"summary_large_image","twitter_misc":{"Napisane przez":"","Szacowany czas czytania":"15 minut"},"schema":{"@context":"https:\/\/schema.org","@graph":[{"@type":"Article","@id":"https:\/\/www.polonia.travel\/es\/el-viaje-astral-de-copernico-por-tierras-de-polonia\/#article","isPartOf":{"@id":"https:\/\/www.polonia.travel\/es\/el-viaje-astral-de-copernico-por-tierras-de-polonia\/"},"author":{"name":"","@id":""},"headline":"El viaje astral de Cop\u00e9rnico, por tierras de Polonia","datePublished":"2024-07-31T09:24:16+00:00","dateModified":"2026-02-02T13:55:23+00:00","mainEntityOfPage":{"@id":"https:\/\/www.polonia.travel\/es\/el-viaje-astral-de-copernico-por-tierras-de-polonia\/"},"wordCount":2343,"commentCount":0,"publisher":{"@id":"https:\/\/www.polonia.travel\/es\/#organization"},"image":{"@id":"https:\/\/www.polonia.travel\/es\/el-viaje-astral-de-copernico-por-tierras-de-polonia\/#primaryimage"},"thumbnailUrl":"https:\/\/www.polonia.travel\/es\/wp-content\/uploads\/sites\/18\/2023\/07\/Warszawa_Wilanow-1920.jpg","keywords":["monumentos","rutas-tematicas","es","que-ver"],"articleSection":["Rutas tem\u00e1ticas"],"inLanguage":"pl-PL"},{"@type":"WebPage","@id":"https:\/\/www.polonia.travel\/es\/el-viaje-astral-de-copernico-por-tierras-de-polonia\/","url":"https:\/\/www.polonia.travel\/es\/el-viaje-astral-de-copernico-por-tierras-de-polonia\/","name":"El viaje astral de Cop\u00e9rnico, por tierras de Polonia - Polonia Travel (ES)","isPartOf":{"@id":"https:\/\/www.polonia.travel\/es\/#website"},"primaryImageOfPage":{"@id":"https:\/\/www.polonia.travel\/es\/el-viaje-astral-de-copernico-por-tierras-de-polonia\/#primaryimage"},"image":{"@id":"https:\/\/www.polonia.travel\/es\/el-viaje-astral-de-copernico-por-tierras-de-polonia\/#primaryimage"},"thumbnailUrl":"https:\/\/www.polonia.travel\/es\/wp-content\/uploads\/sites\/18\/2023\/07\/Warszawa_Wilanow-1920.jpg","datePublished":"2024-07-31T09:24:16+00:00","dateModified":"2026-02-02T13:55:23+00:00","breadcrumb":{"@id":"https:\/\/www.polonia.travel\/es\/el-viaje-astral-de-copernico-por-tierras-de-polonia\/#breadcrumb"},"inLanguage":"pl-PL","potentialAction":[{"@type":"ReadAction","target":["https:\/\/www.polonia.travel\/es\/el-viaje-astral-de-copernico-por-tierras-de-polonia\/"]}]},{"@type":"ImageObject","inLanguage":"pl-PL","@id":"https:\/\/www.polonia.travel\/es\/el-viaje-astral-de-copernico-por-tierras-de-polonia\/#primaryimage","url":"https:\/\/www.polonia.travel\/es\/wp-content\/uploads\/sites\/18\/2023\/07\/Warszawa_Wilanow-1920.jpg","contentUrl":"https:\/\/www.polonia.travel\/es\/wp-content\/uploads\/sites\/18\/2023\/07\/Warszawa_Wilanow-1920.jpg","width":1920,"height":334},{"@type":"BreadcrumbList","@id":"https:\/\/www.polonia.travel\/es\/el-viaje-astral-de-copernico-por-tierras-de-polonia\/#breadcrumb","itemListElement":[{"@type":"ListItem","position":1,"name":"Home page","item":"https:\/\/www.polonia.travel\/es\/"},{"@type":"ListItem","position":2,"name":"Inspiraciones de viaje","item":"https:\/\/www.polonia.travel\/es\/category\/inspiraciones-de-viaje\/"},{"@type":"ListItem","position":3,"name":"Rutas tem\u00e1ticas","item":"https:\/\/www.polonia.travel\/es\/category\/inspiraciones-de-viaje\/rutas-tematicas\/"},{"@type":"ListItem","position":4,"name":"El viaje astral de Cop\u00e9rnico, por tierras de Polonia"}]},{"@type":"WebSite","@id":"https:\/\/www.polonia.travel\/es\/#website","url":"https:\/\/www.polonia.travel\/es\/","name":"Polonia Travel (ES)","description":"...","publisher":{"@id":"https:\/\/www.polonia.travel\/es\/#organization"},"potentialAction":[{"@type":"SearchAction","target":{"@type":"EntryPoint","urlTemplate":"https:\/\/www.polonia.travel\/es\/?s={search_term_string}"},"query-input":{"@type":"PropertyValueSpecification","valueRequired":true,"valueName":"search_term_string"}}],"inLanguage":"pl-PL"},{"@type":"Organization","@id":"https:\/\/www.polonia.travel\/es\/#organization","name":"Polonia Travel (ES)","url":"https:\/\/www.polonia.travel\/es\/","logo":{"@type":"ImageObject","inLanguage":"pl-PL","@id":"https:\/\/www.polonia.travel\/es\/#\/schema\/logo\/image\/","url":"","contentUrl":"","caption":"Polonia Travel (ES)"},"image":{"@id":"https:\/\/www.polonia.travel\/es\/#\/schema\/logo\/image\/"}},{"@type":"Person","@id":""}]}},"_links":{"self":[{"href":"https:\/\/www.polonia.travel\/es\/wp-json\/wp\/v2\/posts\/31417","targetHints":{"allow":["GET"]}}],"collection":[{"href":"https:\/\/www.polonia.travel\/es\/wp-json\/wp\/v2\/posts"}],"about":[{"href":"https:\/\/www.polonia.travel\/es\/wp-json\/wp\/v2\/types\/post"}],"author":[{"embeddable":true,"href":"https:\/\/www.polonia.travel\/es\/wp-json\/wp\/v2\/users\/1"}],"replies":[{"embeddable":true,"href":"https:\/\/www.polonia.travel\/es\/wp-json\/wp\/v2\/comments?post=31417"}],"version-history":[{"count":5,"href":"https:\/\/www.polonia.travel\/es\/wp-json\/wp\/v2\/posts\/31417\/revisions"}],"predecessor-version":[{"id":38720,"href":"https:\/\/www.polonia.travel\/es\/wp-json\/wp\/v2\/posts\/31417\/revisions\/38720"}],"wp:featuredmedia":[{"embeddable":true,"href":"https:\/\/www.polonia.travel\/es\/wp-json\/wp\/v2\/media\/30078"}],"wp:attachment":[{"href":"https:\/\/www.polonia.travel\/es\/wp-json\/wp\/v2\/media?parent=31417"}],"wp:term":[{"taxonomy":"category","embeddable":true,"href":"https:\/\/www.polonia.travel\/es\/wp-json\/wp\/v2\/categories?post=31417"}],"curies":[{"name":"wp","href":"https:\/\/api.w.org\/{rel}","templated":true}]}}