{"id":31415,"date":"2024-07-31T10:57:14","date_gmt":"2024-07-31T08:57:14","guid":{"rendered":"https:\/\/wp-es.poland.travel\/?p=31415"},"modified":"2025-05-08T13:18:14","modified_gmt":"2025-05-08T11:18:14","slug":"viaje-musical-por-la-ruta-de-chopin","status":"publish","type":"post","link":"https:\/\/www.polonia.travel\/es\/viaje-musical-por-la-ruta-de-chopin\/","title":{"rendered":"Viaje musical por la ruta de Chopin"},"content":{"rendered":"\n<div class=\"wp-block-group is-style-container-medium\"><div class=\"wp-block-group__inner-container is-layout-constrained wp-block-group-is-layout-constrained\">\n<h2 class=\"wp-block-heading\">Viaje musical por la ruta de Chopin<\/h2>\n\n\n\n<div style=\"height:100px\" aria-hidden=\"true\" class=\"wp-block-spacer is-style-spacer-small\"><\/div>\n\n\n\n<p>De apellido franc\u00e9s, Federico (Fryderyk en polaco) naci\u00f3 muy cerca de Varsovia, donde pas\u00f3 los primeros veinte a\u00f1os de su vida. Y a d\u00f3nde regres\u00f3, de manera simb\u00f3lica, tras su muerte en Par\u00eds en 1849.<\/p>\n<\/div><\/div>\n\n\n\n<div style=\"height:100px\" aria-hidden=\"true\" class=\"wp-block-spacer is-style-spacer-small\"><\/div>\n\n\n\n<div class=\"wp-block-group is-style-container\"><div class=\"wp-block-group__inner-container is-layout-constrained wp-block-group-is-layout-constrained\">\n<div class=\"wp-block-group is-style-container-medium\"><div class=\"wp-block-group__inner-container is-layout-constrained wp-block-group-is-layout-constrained\">\n<figure class=\"wp-block-embed is-type-video is-provider-youtube wp-block-embed-youtube wp-embed-aspect-16-9 wp-has-aspect-ratio\"><div class=\"wp-block-embed__wrapper\">\n<iframe loading=\"lazy\" title=\"Fryderyk Chopin. Muzyka dla \u015bwiata - serce dla Polski\" width=\"500\" height=\"281\" src=\"https:\/\/www.youtube.com\/embed\/Pw7hyFFloOE?feature=oembed&#038;enablejsapi=1&#038;origin=https:\/\/www.polonia.travel\" frameborder=\"0\" allow=\"accelerometer; autoplay; clipboard-write; encrypted-media; gyroscope; picture-in-picture; web-share\" referrerpolicy=\"strict-origin-when-cross-origin\" allowfullscreen><\/iframe>\n<\/div><\/figure>\n<\/div><\/div>\n<\/div><\/div>\n\n\n\n<div style=\"height:100px\" aria-hidden=\"true\" class=\"wp-block-spacer is-style-spacer-small\"><\/div>\n\n\n\n<div class=\"wp-block-group is-style-container-medium\"><div class=\"wp-block-group__inner-container is-layout-constrained wp-block-group-is-layout-constrained\">\n<p><strong>Chopin<\/strong> es uno de los compositores m\u00e1s c\u00e9lebres de la m\u00fasica cl\u00e1sica y sus obras son interpretadas en todo el mundo. Su legado art\u00edstico consta principalmente de piezas cortas como <em>mazurkas<\/em>, polonesas nocturnos, valses o scherzo, y dos conciertos para piano con orquesta. Tal como indican sus nombres en polaco, las <em>mazurkas<\/em> y polonesas compuestas por Chopin se inspiran en bailes folcl\u00f3ricos, sobre todo de la parte central de Polonia: <strong>Mazovia<\/strong> (Mazowsze) es una regi\u00f3n donde predominan extensas llanuras cubiertas de bosques, campos y prados, y en estos \u00faltimos el elemento m\u00e1s com\u00fan es el sauce llor\u00f3n. Este \u00e1rbol sirve de &#8222;cobijo&#8221; a Chopin en la famosa <strong>escultura<\/strong> que se encuentra en el <strong>Parque Real de \u0141azienki<\/strong> de <strong>Varsovia<\/strong>. La obra de Chopin, a trav\u00e9s de la m\u00fasica cl\u00e1sica, expresa el esp\u00edritu del <strong>Romanticismo<\/strong>, estilo predominante en la primera mitad del s. XIX.<\/p>\n<\/div><\/div>\n\n\n\n<div style=\"height:100px\" aria-hidden=\"true\" class=\"wp-block-spacer is-style-spacer-small\"><\/div>\n\n\n\n<div class=\"wp-block-group is-style-container\"><div class=\"wp-block-group__inner-container is-layout-constrained wp-block-group-is-layout-constrained\"><div class=\"wp-block-image\">\n<figure class=\"aligncenter size-full\"><img loading=\"lazy\" decoding=\"async\" width=\"1170\" height=\"780\" src=\"https:\/\/www.polonia.travel\/es\/wp-content\/uploads\/sites\/18\/2022\/12\/warszawa_muzeum_chopina_wewnatrz_3_1170.jpg\" alt=\"\" class=\"wp-image-8231\" srcset=\"https:\/\/www.polonia.travel\/es\/wp-content\/uploads\/sites\/18\/2022\/12\/warszawa_muzeum_chopina_wewnatrz_3_1170.jpg 1170w, https:\/\/www.polonia.travel\/es\/wp-content\/uploads\/sites\/18\/2022\/12\/warszawa_muzeum_chopina_wewnatrz_3_1170-600x400.jpg 600w, https:\/\/www.polonia.travel\/es\/wp-content\/uploads\/sites\/18\/2022\/12\/warszawa_muzeum_chopina_wewnatrz_3_1170-768x512.jpg 768w\" sizes=\"auto, (max-width: 1170px) 100vw, 1170px\" \/><\/figure><\/div><\/div><\/div>\n\n\n\n<div style=\"height:100px\" aria-hidden=\"true\" class=\"wp-block-spacer is-style-spacer-small\"><\/div>\n\n\n\n<div class=\"wp-block-group is-style-container-medium\"><div class=\"wp-block-group__inner-container is-layout-constrained wp-block-group-is-layout-constrained\">\n<h3 class=\"wp-block-heading\">Varsovia, Masovia<\/h3>\n<\/div><\/div>\n\n\n\n<div class=\"wp-block-group is-style-container-medium\"><div class=\"wp-block-group__inner-container is-layout-constrained wp-block-group-is-layout-constrained\">\n<p>Todo amante de la m\u00fasica cl\u00e1sica rom\u00e1ntica deber\u00eda viajar a Polonia para conocer m\u00e1s de cerca no solamente la vida del compositor sino el contexto social y pol\u00edtico de la \u00e9poca, as\u00ed como las fuentes de la inspiraci\u00f3n que dieron como resultado estas obras maestras que no nos cansamos de volver a escuchar.<\/p>\n\n\n\n<p>Dado el v\u00ednculo emocional de Chopin con Varsovia, la capital polaca debe ser la primera parada siguiendo sus huellas. El peque\u00f1o Chopin se traslad\u00f3 all\u00ed desde la cercana <strong>\u017belazowa Wola<\/strong>, donde su padre era profesor particular en una casa aristocr\u00e1tica. En <strong>Varsovia<\/strong>, el padre, un franc\u00e9s que a sus 16 a\u00f1os se hab\u00eda instalado en Polonia, empez\u00f3 a trabajar como profesor en el Liceo de Varsovia, mientras la madre, polaca, cuidaba de Chopin y de sus hermanas. Durante los veinte a\u00f1os de su vida en Varsovia, la familia viv\u00eda en diferentes casas, Chopin frecuentaba diferentes lugares y aqu\u00ed dio su <strong>primer concierto a los 8 a\u00f1os de edad<\/strong>.<\/p>\n<\/div><\/div>\n\n\n\n<div style=\"height:100px\" aria-hidden=\"true\" class=\"wp-block-spacer is-style-spacer-small\"><\/div>\n\n\n\n<div class=\"wp-block-group is-style-container\"><div class=\"wp-block-group__inner-container is-layout-constrained wp-block-group-is-layout-constrained\"><div class=\"wp-block-image\">\n<figure class=\"aligncenter size-full\"><img loading=\"lazy\" decoding=\"async\" width=\"1170\" height=\"780\" src=\"https:\/\/www.polonia.travel\/es\/wp-content\/uploads\/sites\/18\/2022\/12\/warszawa_laweczka_chopina_krakowskie_przedmiescie_1170.jpg\" alt=\"\" class=\"wp-image-8232\" srcset=\"https:\/\/www.polonia.travel\/es\/wp-content\/uploads\/sites\/18\/2022\/12\/warszawa_laweczka_chopina_krakowskie_przedmiescie_1170.jpg 1170w, https:\/\/www.polonia.travel\/es\/wp-content\/uploads\/sites\/18\/2022\/12\/warszawa_laweczka_chopina_krakowskie_przedmiescie_1170-600x400.jpg 600w, https:\/\/www.polonia.travel\/es\/wp-content\/uploads\/sites\/18\/2022\/12\/warszawa_laweczka_chopina_krakowskie_przedmiescie_1170-768x512.jpg 768w\" sizes=\"auto, (max-width: 1170px) 100vw, 1170px\" \/><\/figure><\/div><\/div><\/div>\n\n\n\n<div style=\"height:100px\" aria-hidden=\"true\" class=\"wp-block-spacer is-style-spacer-small\"><\/div>\n\n\n\n<div class=\"wp-block-group is-style-container-medium\"><div class=\"wp-block-group__inner-container is-layout-constrained wp-block-group-is-layout-constrained\">\n<p><em><strong>Krakowskie Przedmiescie, parte de la Ruta Real y de la Ruta Chopin en Varsovia<\/strong><\/em><\/p>\n\n\n\n<p>Para conmemorar estos hechos, algunos m\u00e1s importantes, otros de car\u00e1cter anecd\u00f3tico, existe toda una ruta de Chopin en la ciudad: para seguirla, es suficiente fijarse en los bancos, colocados en frente de los lugares o edificios relacionados con Chopin, sentarse en ellos, apretar un bot\u00f3n y escuchando un fragmento de la m\u00fasica del compositor, imaginar SU Varsovia de hace m\u00e1s de doscientos a\u00f1os.<\/p>\n<\/div><\/div>\n\n\n\n<div style=\"height:100px\" aria-hidden=\"true\" class=\"wp-block-spacer is-style-spacer-small\"><\/div>\n\n\n\n<div class=\"wp-block-group is-style-container-medium\"><div class=\"wp-block-group__inner-container is-layout-constrained wp-block-group-is-layout-constrained\">\n<p><em><strong>Bancos para escuchar la m\u00fasica<\/strong><\/em><\/p>\n\n\n\n<p>Para escuchar un concierto, las posibilidades son m\u00faltiples. Siguiendo la Ruta de Chopin hacia el <strong>Parque Real de \u0141azienki<\/strong>, los domingos podemos escuchar los tradicionales conciertos&nbsp; que se celebran all\u00ed desde mediados de mayo hasta mediados de septiembre. Rodeados de naturaleza, podemos tumbarnos en el c\u00e9sped o sentarnos en un banco y escuchar alguna polonesa o vals interpretada en vivo por los pianistas nacionales e internacionales; por invitaci\u00f3n de Varsovia, nos obsequian con su interpretaci\u00f3n de la m\u00fasica de este compositor. El piano de cola se suele colocar debajo del monumento a Chopin que, gracias a la visi\u00f3n art\u00edstica del escultor, parece estar escuchando el mismo concierto que nosotros, sentado debajo del <strong>sauce llor\u00f3n<\/strong>:<\/p>\n<\/div><\/div>\n\n\n\n<div style=\"height:100px\" aria-hidden=\"true\" class=\"wp-block-spacer is-style-spacer-small\"><\/div>\n\n\n\n<div class=\"wp-block-group is-style-container\"><div class=\"wp-block-group__inner-container is-layout-constrained wp-block-group-is-layout-constrained\"><div class=\"wp-block-image\">\n<figure class=\"aligncenter size-full\"><img loading=\"lazy\" decoding=\"async\" width=\"1170\" height=\"778\" src=\"https:\/\/www.polonia.travel\/es\/wp-content\/uploads\/sites\/18\/2022\/12\/lazienki_warszawskie_1170.jpg\" alt=\"Letni koncert chopinowski w \u0141azienkach Kr\u00f3lewskich\" class=\"wp-image-11454\" srcset=\"https:\/\/www.polonia.travel\/es\/wp-content\/uploads\/sites\/18\/2022\/12\/lazienki_warszawskie_1170.jpg 1170w, https:\/\/www.polonia.travel\/es\/wp-content\/uploads\/sites\/18\/2022\/12\/lazienki_warszawskie_1170-600x399.jpg 600w, https:\/\/www.polonia.travel\/es\/wp-content\/uploads\/sites\/18\/2022\/12\/lazienki_warszawskie_1170-768x511.jpg 768w\" sizes=\"auto, (max-width: 1170px) 100vw, 1170px\" \/><figcaption class=\"wp-element-caption\">Concierto veraniego en el Jard\u00edn Real de Lazienki, Varsovia<\/figcaption><\/figure><\/div><\/div><\/div>\n\n\n\n<div style=\"height:100px\" aria-hidden=\"true\" class=\"wp-block-spacer is-style-spacer-small\"><\/div>\n\n\n\n<div class=\"wp-block-group is-style-container-medium\"><div class=\"wp-block-group__inner-container is-layout-constrained wp-block-group-is-layout-constrained\">\n<p>Tampoco hay que perderse la visita al <strong>museo dedicado a Chopin<\/strong>. Se encuentra en la zona del casco antiguo ocupando el antiguo <strong>Palacio de los Ostrogski<\/strong> (calle Ok\u00f3lnik 1). Ofrece una visita en espa\u00f1ol (audio gu\u00edas) y un minucioso estudio de la obra del compositor.<\/p>\n<\/div><\/div>\n\n\n\n<div style=\"height:100px\" aria-hidden=\"true\" class=\"wp-block-spacer is-style-spacer-small\"><\/div>\n\n\n\n<div class=\"wp-block-group is-style-container\"><div class=\"wp-block-group__inner-container is-layout-constrained wp-block-group-is-layout-constrained\"><div class=\"wp-block-image\">\n<figure class=\"aligncenter size-full\"><img loading=\"lazy\" decoding=\"async\" width=\"1170\" height=\"780\" src=\"https:\/\/www.polonia.travel\/es\/wp-content\/uploads\/sites\/18\/2023\/07\/0062_Muzeum20Fryderyka20Chopina_fot.20Piotr20Wierzbowski201_SBT_P-1.jpg\" alt=\"\" class=\"wp-image-28813\" srcset=\"https:\/\/www.polonia.travel\/es\/wp-content\/uploads\/sites\/18\/2023\/07\/0062_Muzeum20Fryderyka20Chopina_fot.20Piotr20Wierzbowski201_SBT_P-1.jpg 1170w, https:\/\/www.polonia.travel\/es\/wp-content\/uploads\/sites\/18\/2023\/07\/0062_Muzeum20Fryderyka20Chopina_fot.20Piotr20Wierzbowski201_SBT_P-1-600x400.jpg 600w, https:\/\/www.polonia.travel\/es\/wp-content\/uploads\/sites\/18\/2023\/07\/0062_Muzeum20Fryderyka20Chopina_fot.20Piotr20Wierzbowski201_SBT_P-1-768x512.jpg 768w\" sizes=\"auto, (max-width: 1170px) 100vw, 1170px\" \/><figcaption class=\"wp-element-caption\">Museo de Chopin, Varsovia<\/figcaption><\/figure><\/div>\n\n\n<p class=\"has-text-align-left\"><\/p>\n<\/div><\/div>\n\n\n\n<div style=\"height:100px\" aria-hidden=\"true\" class=\"wp-block-spacer is-style-spacer-medium\"><\/div>\n\n\n\n<div class=\"wp-block-group is-style-container-medium\"><div class=\"wp-block-group__inner-container is-layout-constrained wp-block-group-is-layout-constrained\">\n<h3 class=\"wp-block-heading\">Buscando a Chopin<\/h3>\n<\/div><\/div>\n\n\n\n<div style=\"height:100px\" aria-hidden=\"true\" class=\"wp-block-spacer is-style-spacer-small\"><\/div>\n\n\n\n<div class=\"wp-block-group is-style-container-medium\"><div class=\"wp-block-group__inner-container is-layout-constrained wp-block-group-is-layout-constrained\">\n<p>Si bien Varsovia es el punto clave de la ruta, una escapada al lugar del nacimiento de Chopin resulta de lo m\u00e1s agradable. Adem\u00e1s de la peque\u00f1a <strong>casa natal en \u017belazowa Wola<\/strong>, los espl\u00e9ndidos jardines son tambi\u00e9n el escenario de los <strong>conciertos veraniegos<\/strong> y un moderno <strong>Centro del Conocimiento<\/strong> (centro educativo), recomendado sobre todo para familias. La escapada a \u017belazowa Wola ser\u00e1 tambi\u00e9n muy satisfactoria para los que adem\u00e1s de visitar la casa natal, quieren estar en contacto con la naturaleza que tanto inspir\u00f3 a Chopin. Tanto Zelazowa Wola, como la localidad de <strong>Broch\u00f3w<\/strong> se encuentran en el lim\u00edtrofe del <strong>actual Parque Nacional de Kampinos<\/strong>. La distancia desde \u017belazowa Wola a la iglesia donde fue bautizado es de 11 km en coche y 10 haciendo senderismo (unas dos horas). Se trata de una de las iglesias de car\u00e1cter defensivo m\u00e1s antiguas de la regi\u00f3n.<\/p>\n<\/div><\/div>\n\n\n\n<div style=\"height:100px\" aria-hidden=\"true\" class=\"wp-block-spacer is-style-spacer-small\"><\/div>\n\n\n\n<div class=\"wp-block-group is-style-container\"><div class=\"wp-block-group__inner-container is-layout-constrained wp-block-group-is-layout-constrained\"><div class=\"wp-block-image\">\n<figure class=\"aligncenter size-full\"><img loading=\"lazy\" decoding=\"async\" width=\"1170\" height=\"780\" src=\"https:\/\/www.polonia.travel\/es\/wp-content\/uploads\/sites\/18\/2023\/01\/290390197_Zelazowa_Wola_Adobe.jpg\" alt=\"_Zelazowa_Wola\" class=\"wp-image-19075\" srcset=\"https:\/\/www.polonia.travel\/es\/wp-content\/uploads\/sites\/18\/2023\/01\/290390197_Zelazowa_Wola_Adobe.jpg 1170w, https:\/\/www.polonia.travel\/es\/wp-content\/uploads\/sites\/18\/2023\/01\/290390197_Zelazowa_Wola_Adobe-600x400.jpg 600w, https:\/\/www.polonia.travel\/es\/wp-content\/uploads\/sites\/18\/2023\/01\/290390197_Zelazowa_Wola_Adobe-768x512.jpg 768w\" sizes=\"auto, (max-width: 1170px) 100vw, 1170px\" \/><figcaption class=\"wp-element-caption\">La casa natal en \u017belazowa Wola, Regi\u00f3n de Mazovia <\/figcaption><\/figure><\/div>\n\n\n<p class=\"has-text-align-center\"><\/p>\n<\/div><\/div>\n\n\n\n<div style=\"height:100px\" aria-hidden=\"true\" class=\"wp-block-spacer is-style-spacer-small\"><\/div>\n\n\n\n<div class=\"wp-block-group is-style-container-medium\"><div class=\"wp-block-group__inner-container is-layout-constrained wp-block-group-is-layout-constrained\">\n<p>Chopin hizo mucho turismo por aquella zona, tal como revelan sus cartas. Visit\u00f3 la antigua <strong>capital del Condado de Mazovia<\/strong>, <strong>P\u0142ock<\/strong>, que conserva la Bas\u00edlica Catedralicia de 1144; de su <strong>visita a Toru\u0144<\/strong>, como el amante de dulces que era, al lado de la arquitectura g\u00f3tica menciona los&nbsp;<strong>pierniki<\/strong>, una especie de pasteles a base de miel y especias elaborados hasta hoy seg\u00fan receta milenaria.&nbsp;<\/p>\n<\/div><\/div>\n\n\n\n<div style=\"height:100px\" aria-hidden=\"true\" class=\"wp-block-spacer is-style-spacer-small\"><\/div>\n\n\n\n<div class=\"wp-block-group is-style-container\"><div class=\"wp-block-group__inner-container is-layout-constrained wp-block-group-is-layout-constrained\"><div class=\"wp-block-image\">\n<figure class=\"aligncenter size-full\"><img loading=\"lazy\" decoding=\"async\" width=\"1170\" height=\"780\" src=\"https:\/\/www.polonia.travel\/es\/wp-content\/uploads\/sites\/18\/2022\/12\/toruC584_zywe_muzeum_piernika_1170.jpg\" alt=\"\u017bywe muzeum pienika\" class=\"wp-image-6605\" srcset=\"https:\/\/www.polonia.travel\/es\/wp-content\/uploads\/sites\/18\/2022\/12\/toruC584_zywe_muzeum_piernika_1170.jpg 1170w, https:\/\/www.polonia.travel\/es\/wp-content\/uploads\/sites\/18\/2022\/12\/toruC584_zywe_muzeum_piernika_1170-600x400.jpg 600w, https:\/\/www.polonia.travel\/es\/wp-content\/uploads\/sites\/18\/2022\/12\/toruC584_zywe_muzeum_piernika_1170-768x512.jpg 768w\" sizes=\"auto, (max-width: 1170px) 100vw, 1170px\" \/><figcaption class=\"wp-element-caption\">Estos pasteles de Toru\u0144, Chopin describi\u00f3 en una de sus cartas (Foto: Museo de Piernik)<\/figcaption><\/figure><\/div><\/div><\/div>\n\n\n\n<div class=\"wp-block-group is-style-container\"><div class=\"wp-block-group__inner-container is-layout-constrained wp-block-group-is-layout-constrained\">\n<p class=\"has-text-align-center\"><\/p>\n<\/div><\/div>\n\n\n\n<div style=\"height:100px\" aria-hidden=\"true\" class=\"wp-block-spacer is-style-spacer-small\"><\/div>\n\n\n\n<div class=\"wp-block-group is-style-container-medium\"><div class=\"wp-block-group__inner-container is-layout-constrained wp-block-group-is-layout-constrained\">\n<p>En el sur de Polonia visit\u00f3 el <strong>actual Parque Nacional de Ojc\u00f3w y el castillo de Pieskowa Ska\u0142a<\/strong>. Igual que hoy, la <strong>Mina de Sal Wieliczka<\/strong> era un lugar muy atractivo para visitar pero Chopin tuvo que <strong>bajar&nbsp;en&nbsp;una cuerda<\/strong> en vez de utilizar las escaleras que se utilizan ahora.<\/p>\n<\/div><\/div>\n\n\n\n<div style=\"height:100px\" aria-hidden=\"true\" class=\"wp-block-spacer is-style-spacer-small\"><\/div>\n\n\n\n<div class=\"wp-block-group is-style-container\"><div class=\"wp-block-group__inner-container is-layout-constrained wp-block-group-is-layout-constrained\"><div class=\"wp-block-image\">\n<figure class=\"aligncenter size-large\"><img loading=\"lazy\" decoding=\"async\" width=\"1200\" height=\"706\" src=\"https:\/\/www.polonia.travel\/es\/wp-content\/uploads\/sites\/18\/2023\/03\/Wieliczka_Kaplica-Michalowice-1200x706.jpg\" alt=\"Wieliczka_Kaplica Micha\u0142owice\" class=\"wp-image-22095\" srcset=\"https:\/\/www.polonia.travel\/es\/wp-content\/uploads\/sites\/18\/2023\/03\/Wieliczka_Kaplica-Michalowice-1200x706.jpg 1200w, https:\/\/www.polonia.travel\/es\/wp-content\/uploads\/sites\/18\/2023\/03\/Wieliczka_Kaplica-Michalowice-600x353.jpg 600w, https:\/\/www.polonia.travel\/es\/wp-content\/uploads\/sites\/18\/2023\/03\/Wieliczka_Kaplica-Michalowice-768x452.jpg 768w, https:\/\/www.polonia.travel\/es\/wp-content\/uploads\/sites\/18\/2023\/03\/Wieliczka_Kaplica-Michalowice-1536x904.jpg 1536w, https:\/\/www.polonia.travel\/es\/wp-content\/uploads\/sites\/18\/2023\/03\/Wieliczka_Kaplica-Michalowice.jpg 1920w\" sizes=\"auto, (max-width: 1200px) 100vw, 1200px\" \/><figcaption class=\"wp-element-caption\">Chopin pudo visitar la Mina de Sal de Wieliczka bajando en una cuerda<\/figcaption><\/figure><\/div><\/div><\/div>\n\n\n\n<p class=\"has-text-align-center\"><\/p>\n\n\n\n<div style=\"height:100px\" aria-hidden=\"true\" class=\"wp-block-spacer is-style-spacer-small\"><\/div>\n\n\n\n<div class=\"wp-block-group is-style-container-medium\"><div class=\"wp-block-group__inner-container is-layout-constrained wp-block-group-is-layout-constrained\">\n<p>El delicado estado de salud del compositor requer\u00eda cuidados especiales. Por aquella \u00e9poca ya se conoc\u00edan lugares con propiedades curativas y en alguna ocasi\u00f3n Chopin viaj\u00f3 al <strong>balnerario de Duszniki Zdr\u00f3j<\/strong>, en los <strong>Montes Sudety&nbsp;<\/strong>(cono suroeste de la actual Polonia). Dio all\u00ed un concierto con fines caritativos, hecho que inspir\u00f3 a esta localidad a organizar anualmente el<strong> Festival Internacional de Chopin<\/strong>, en agosto.<\/p>\n\n\n\n<p>En 1830 Chopin abandona Polonia y la \u00faltima ciudad polaca (seg\u00fan el mapa pol\u00edtico de la \u00e9poca) que visita camino de Francia es <strong>Kalisz<\/strong>, en la regi\u00f3n de <strong>Polonia Mayor<\/strong>, que tambi\u00e9n hace su propio homenaje a los pianistas al albergar el <strong>Festival Internacional de Pianistas de Jazz<\/strong>.<\/p>\n\n\n\n<p>Chopin muri\u00f3 prematuramente en 1849 en Par\u00eds. Aunque nunca tuvo la posibilidad de volver a su querida patria, <strong>nuestra ruta por los lugares relacionados con \u00e9l debe terminar donde empez\u00f3<\/strong>. Por el <strong>expreso deseo del compositor<\/strong>, evitando trabas legales, su hermana llev\u00f3 el coraz\u00f3n de Chopin de vuelta a Varsovia donde <strong>descansa en la Iglesia de la Santa Cruz<\/strong>.<\/p>\n<\/div><\/div>\n\n\n\n<div style=\"height:100px\" aria-hidden=\"true\" class=\"wp-block-spacer\"><\/div>\n\n\n\n<div class=\"wp-block-group has-background\" style=\"background-color:#eeeeee\"><div class=\"wp-block-group__inner-container is-layout-constrained wp-block-group-is-layout-constrained\">\n<div style=\"height:100px\" aria-hidden=\"true\" class=\"wp-block-spacer is-style-spacer-small\"><\/div>\n\n\n\n<div class=\"wp-block-group is-style-container\"><div class=\"wp-block-group__inner-container is-layout-constrained wp-block-group-is-layout-constrained\">\n<h3 class=\"wp-block-heading\">Lee m\u00e1s art\u00edculos<\/h3>\n\n\n\n<div style=\"height:100px\" aria-hidden=\"true\" class=\"wp-block-spacer is-style-spacer-small\"><\/div>\n\n\n<div class=\"overflow\">\n  <div class=\"post-slider swiper post-slider--small\" data-schema=\"small\">\n\n    <div class=\"swiper-wrapper\">\n              <div class=\"swiper-slide post-slide\">\n                      <a href=\"https:\/\/www.polonia.travel\/es\/de-donde-viene-the-witcher\/\" class=\"post-box post-box--small\" style=\" background-image: url(https:\/\/www.polonia.travel\/es\/wp-content\/uploads\/sites\/18\/2026\/03\/WITCHER_zuraw_gdanski_1_1170x780_8-600x400.jpg);\">\n          <div class=\"post-box__hover\" style=\"background-image: url(https:\/\/www.polonia.travel\/es\/wp-content\/uploads\/sites\/18\/2023\/07\/AmazingWinter_6802012-1-600x400.jpg);\"><\/div>\n        <div class=\"post-box__info\">\n            <div class=\"post-box__title\">\u00bfDe d\u00f3nde viene The Witcher?<\/div>\n      <div class=\"post-box__more\">Leer m\u00e1s<\/div>\n    <\/div>\n  <\/a>\n\n          <\/div>\n              <div class=\"swiper-slide post-slide\">\n                      <a href=\"https:\/\/www.polonia.travel\/es\/podlasie-y-la-ruta-del-esperanto\/\" class=\"post-box post-box--small\" style=\" background-image: url(https:\/\/www.polonia.travel\/es\/wp-content\/uploads\/sites\/18\/2025\/06\/2280_BIALYSTOK_Dom_Zamenhofa_KK_HR-400x600.jpg);\">\n        <div class=\"post-box__info\">\n            <div class=\"post-box__title\">Podlasie y la ruta del Esperanto<\/div>\n      <div class=\"post-box__more\">Leer m\u00e1s<\/div>\n    <\/div>\n  <\/a>\n\n          <\/div>\n              <div class=\"swiper-slide post-slide\">\n                      <a href=\"https:\/\/www.polonia.travel\/es\/tras-las-huellas-del-apostol-el-camino-de-santiago-en-tierras-polacas\/\" class=\"post-box post-box--small\" style=\" background-image: url(https:\/\/www.polonia.travel\/es\/wp-content\/uploads\/sites\/18\/2025\/07\/IMG20241018161453-600x338.jpg);\">\n          <div class=\"post-box__hover\" style=\"background-image: url(https:\/\/www.polonia.travel\/es\/wp-content\/uploads\/sites\/18\/2025\/07\/256523123_Torun_Adobe-me-600x389.jpeg);\"><\/div>\n        <div class=\"post-box__info\">\n            <div class=\"post-box__title\">Tras las huellas del Ap\u00f3stol: El Camino de Santiago en tierras polacas<\/div>\n      <div class=\"post-box__more\">Leer m\u00e1s<\/div>\n    <\/div>\n  <\/a>\n\n          <\/div>\n              <div class=\"swiper-slide post-slide\">\n                      <a href=\"https:\/\/www.polonia.travel\/es\/mas-alla-de-san-valentin\/\" class=\"post-box post-box--small\" style=\" background-image: url(https:\/\/www.polonia.travel\/es\/wp-content\/uploads\/sites\/18\/2024\/10\/Lazienki-Krolewskie-Palace-on-the-Water_fot.-m.st_.-Warszawa-600x400.jpg);\">\n          <div class=\"post-box__hover\" style=\"background-image: url(https:\/\/www.polonia.travel\/es\/wp-content\/uploads\/sites\/18\/2024\/10\/Chelmno-serca-w-parku-podswietlone-fot-e-pawelecIMG_1824-600x400.jpg);\"><\/div>\n        <div class=\"post-box__info\">\n            <div class=\"post-box__title\">M\u00e1s all\u00e1 de San Valent\u00edn &#8211; viajes en pareja<\/div>\n      <div class=\"post-box__more\">Leer m\u00e1s<\/div>\n    <\/div>\n  <\/a>\n\n          <\/div>\n              <div class=\"swiper-slide post-slide\">\n                      <a href=\"https:\/\/www.polonia.travel\/es\/ruta-de-la-ii-guerra-mundial\/\" class=\"post-box post-box--small\" style=\" background-image: url(https:\/\/www.polonia.travel\/es\/wp-content\/uploads\/sites\/18\/2024\/04\/zakonczenie20wojny2002_75_lat_IIWSCC81_TT_post_ENG_720x360201-600x300.png);\">\n        <div class=\"post-box__info\">\n            <div class=\"post-box__title\">Ruta de la II Guerra Mundial<\/div>\n      <div class=\"post-box__more\">Leer m\u00e1s<\/div>\n    <\/div>\n  <\/a>\n\n          <\/div>\n              <div class=\"swiper-slide post-slide\">\n                      <a href=\"https:\/\/www.polonia.travel\/es\/rutas-subterraneas\/\" class=\"post-box post-box--small\" style=\" background-image: url(https:\/\/www.polonia.travel\/es\/wp-content\/uploads\/sites\/18\/2023\/07\/kopalnia_srebra_tarnowskie_gory_5_1170-600x400.jpg);\">\n          <div class=\"post-box__hover\" style=\"background-image: url(https:\/\/www.polonia.travel\/es\/wp-content\/uploads\/sites\/18\/2023\/03\/Zabytkowa-Kopalnia-Srebra-Tarnowskie-Gory-600x400.jpg);\"><\/div>\n        <div class=\"post-box__info\">\n            <div class=\"post-box__title\">Rutas subterr\u00e1neas<\/div>\n      <div class=\"post-box__more\">Leer m\u00e1s<\/div>\n    <\/div>\n  <\/a>\n\n          <\/div>\n              <div class=\"swiper-slide post-slide\">\n                      <a href=\"https:\/\/www.polonia.travel\/es\/por-la-ruta-de-los-nidos-de-aguila\/\" class=\"post-box post-box--small\" style=\" background-image: url(https:\/\/www.polonia.travel\/es\/wp-content\/uploads\/sites\/18\/2022\/12\/jura_krakowsko_czestochowska_zachod_slonca_540.jpg);\">\n          <div class=\"post-box__hover\" style=\"background-image: url(https:\/\/www.polonia.travel\/es\/wp-content\/uploads\/sites\/18\/2022\/12\/jura_krakowsko_czestochowska_zamek_ogrodzieniec_1170-600x400.jpg);\"><\/div>\n        <div class=\"post-box__info\">\n            <div class=\"post-box__title\">Por la Ruta de los Nidos de \u00c1guila<\/div>\n      <div class=\"post-box__more\">Leer m\u00e1s<\/div>\n    <\/div>\n  <\/a>\n\n          <\/div>\n              <div class=\"swiper-slide post-slide\">\n                      <a href=\"https:\/\/www.polonia.travel\/es\/el-viaje-astral-de-copernico-por-tierras-de-polonia\/\" class=\"post-box post-box--small\" style=\" background-image: url(https:\/\/www.polonia.travel\/es\/wp-content\/uploads\/sites\/18\/2024\/04\/7_Warszawa_starowka_MH_HD-1-600x400.jpg);\">\n          <div class=\"post-box__hover\" style=\"background-image: url(https:\/\/www.polonia.travel\/es\/wp-content\/uploads\/sites\/18\/2023\/07\/Warszawa_C581azienki-1-600x400.jpg);\"><\/div>\n        <div class=\"post-box__info\">\n            <div class=\"post-box__title\">El viaje astral de Cop\u00e9rnico, por tierras de Polonia<\/div>\n      <div class=\"post-box__more\">Leer m\u00e1s<\/div>\n    <\/div>\n  <\/a>\n\n          <\/div>\n              <div class=\"swiper-slide post-slide\">\n                      <a href=\"https:\/\/www.polonia.travel\/es\/viaje-musical-por-la-ruta-de-chopin\/\" class=\"post-box post-box--small\" style=\" background-image: url(https:\/\/www.polonia.travel\/es\/wp-content\/uploads\/sites\/18\/2024\/04\/Wieliczka1_540_360-1.jpg);\">\n          <div class=\"post-box__hover\" style=\"background-image: url(https:\/\/www.polonia.travel\/es\/wp-content\/uploads\/sites\/18\/2022\/12\/kopalnia_soli_wieliczka_1170-1-600x400.jpg);\"><\/div>\n        <div class=\"post-box__info\">\n            <div class=\"post-box__title\">Viaje musical por la ruta de Chopin<\/div>\n      <div class=\"post-box__more\">Leer m\u00e1s<\/div>\n    <\/div>\n  <\/a>\n\n          <\/div>\n              <div class=\"swiper-slide post-slide\">\n                      <a href=\"https:\/\/www.polonia.travel\/es\/top-10-para-viajar-por-polonia-con-ninos\/\" class=\"post-box post-box--small\" style=\" background-image: url(https:\/\/www.polonia.travel\/es\/wp-content\/uploads\/sites\/18\/2023\/07\/farma_iluzji_dla_dzieci_1170-600x400.jpg);\">\n          <div class=\"post-box__hover\" style=\"background-image: url(https:\/\/www.polonia.travel\/es\/wp-content\/uploads\/sites\/18\/2024\/03\/dzieci_basen-1920x989-1-600x309.jpg);\"><\/div>\n        <div class=\"post-box__info\">\n            <div class=\"post-box__title\">Top 10 para viajar por Polonia con ni\u00f1os<\/div>\n      <div class=\"post-box__more\">Leer m\u00e1s<\/div>\n    <\/div>\n  <\/a>\n\n          <\/div>\n              <div class=\"swiper-slide post-slide\">\n                      <a href=\"https:\/\/www.polonia.travel\/es\/la-ruta-de-los-castillos-goticos\/\" class=\"post-box post-box--small\" style=\" background-image: url(https:\/\/www.polonia.travel\/es\/wp-content\/uploads\/sites\/18\/2022\/12\/zamek_malbork_1170-1-600x400.jpg);\">\n          <div class=\"post-box__hover\" style=\"background-image: url(https:\/\/www.polonia.travel\/es\/wp-content\/uploads\/sites\/18\/2022\/12\/zamek_kwidzyn_1170-600x400.jpg);\"><\/div>\n        <div class=\"post-box__info\">\n            <div class=\"post-box__title\">La ruta de los castillos g\u00f3ticos<\/div>\n      <div class=\"post-box__more\">Leer m\u00e1s<\/div>\n    <\/div>\n  <\/a>\n\n          <\/div>\n          <\/div>\n    <div class=\"post-slider__pagination\"><\/div>\n  <\/div>\n<\/div>\n<\/div><\/div>\n\n\n\n<div style=\"height:100px\" aria-hidden=\"true\" class=\"wp-block-spacer is-style-spacer-small\"><\/div>\n<\/div><\/div>\n","protected":false},"excerpt":{"rendered":"<p>Viaje musical por la ruta de Chopin De apellido franc\u00e9s, Federico (Fryderyk en polaco) naci\u00f3 muy cerca de Varsovia, donde pas\u00f3 los primeros veinte a\u00f1os de su vida. Y a d\u00f3nde regres\u00f3, de manera simb\u00f3lica, tras su muerte en Par\u00eds en 1849. Chopin es uno de los compositores m\u00e1s c\u00e9lebres de la m\u00fasica cl\u00e1sica y [&hellip;]<\/p>\n","protected":false},"author":1,"featured_media":37491,"comment_status":"open","ping_status":"open","sticky":false,"template":"","format":"standard","meta":{"_acf_changed":false,"footnotes":""},"categories":[1220],"class_list":["post-31415","post","type-post","status-publish","format-standard","has-post-thumbnail","hentry","category-rutas-tematicas"],"acf":[],"yoast_head":"<!-- This site is optimized with the Yoast SEO plugin v27.4 - https:\/\/yoast.com\/product\/yoast-seo-wordpress\/ -->\n<title>Viaje musical por la ruta de Chopin - Polonia Travel (ES)<\/title>\n<meta name=\"robots\" content=\"index, follow, max-snippet:-1, max-image-preview:large, max-video-preview:-1\" \/>\n<link rel=\"canonical\" href=\"https:\/\/www.polonia.travel\/es\/viaje-musical-por-la-ruta-de-chopin\/\" \/>\n<meta property=\"og:locale\" content=\"pl_PL\" \/>\n<meta property=\"og:type\" content=\"article\" \/>\n<meta property=\"og:title\" content=\"Viaje musical por la ruta de Chopin - Polonia Travel (ES)\" \/>\n<meta property=\"og:description\" content=\"Viaje musical por la ruta de Chopin De apellido franc\u00e9s, Federico (Fryderyk en polaco) naci\u00f3 muy cerca de Varsovia, donde pas\u00f3 los primeros veinte a\u00f1os de su vida. Y a d\u00f3nde regres\u00f3, de manera simb\u00f3lica, tras su muerte en Par\u00eds en 1849. Chopin es uno de los compositores m\u00e1s c\u00e9lebres de la m\u00fasica cl\u00e1sica y [&hellip;]\" \/>\n<meta property=\"og:url\" content=\"https:\/\/www.polonia.travel\/es\/viaje-musical-por-la-ruta-de-chopin\/\" \/>\n<meta property=\"og:site_name\" content=\"Polonia Travel (ES)\" \/>\n<meta property=\"article:published_time\" content=\"2024-07-31T08:57:14+00:00\" \/>\n<meta property=\"article:modified_time\" content=\"2025-05-08T11:18:14+00:00\" \/>\n<meta property=\"og:image\" content=\"https:\/\/www.polonia.travel\/es\/wp-content\/uploads\/sites\/18\/2024\/07\/9973_Zelazowa_Wola_muzeum-wizytowka.jpg\" \/>\n\t<meta property=\"og:image:width\" content=\"1200\" \/>\n\t<meta property=\"og:image:height\" content=\"438\" \/>\n\t<meta property=\"og:image:type\" content=\"image\/jpeg\" \/>\n<meta name=\"twitter:card\" content=\"summary_large_image\" \/>\n<meta name=\"twitter:label1\" content=\"Napisane przez\" \/>\n\t<meta name=\"twitter:data1\" content=\"\" \/>\n\t<meta name=\"twitter:label2\" content=\"Szacowany czas czytania\" \/>\n\t<meta name=\"twitter:data2\" content=\"9 minut\" \/>\n<script type=\"application\/ld+json\" class=\"yoast-schema-graph\">{\"@context\":\"https:\\\/\\\/schema.org\",\"@graph\":[{\"@type\":\"Article\",\"@id\":\"https:\\\/\\\/www.polonia.travel\\\/es\\\/viaje-musical-por-la-ruta-de-chopin\\\/#article\",\"isPartOf\":{\"@id\":\"https:\\\/\\\/www.polonia.travel\\\/es\\\/viaje-musical-por-la-ruta-de-chopin\\\/\"},\"author\":{\"name\":\"\",\"@id\":\"\"},\"headline\":\"Viaje musical por la ruta de Chopin\",\"datePublished\":\"2024-07-31T08:57:14+00:00\",\"dateModified\":\"2025-05-08T11:18:14+00:00\",\"mainEntityOfPage\":{\"@id\":\"https:\\\/\\\/www.polonia.travel\\\/es\\\/viaje-musical-por-la-ruta-de-chopin\\\/\"},\"wordCount\":1174,\"commentCount\":0,\"publisher\":{\"@id\":\"https:\\\/\\\/www.polonia.travel\\\/es\\\/#organization\"},\"image\":{\"@id\":\"https:\\\/\\\/www.polonia.travel\\\/es\\\/viaje-musical-por-la-ruta-de-chopin\\\/#primaryimage\"},\"thumbnailUrl\":\"https:\\\/\\\/www.polonia.travel\\\/es\\\/wp-content\\\/uploads\\\/sites\\\/18\\\/2024\\\/07\\\/9973_Zelazowa_Wola_muzeum-wizytowka.jpg\",\"keywords\":[\"es\",\"que-ver\",\"monumentos\",\"rutas-tematicas\"],\"articleSection\":[\"Rutas tem\u00e1ticas\"],\"inLanguage\":\"pl-PL\"},{\"@type\":\"WebPage\",\"@id\":\"https:\\\/\\\/www.polonia.travel\\\/es\\\/viaje-musical-por-la-ruta-de-chopin\\\/\",\"url\":\"https:\\\/\\\/www.polonia.travel\\\/es\\\/viaje-musical-por-la-ruta-de-chopin\\\/\",\"name\":\"Viaje musical por la ruta de Chopin - Polonia Travel (ES)\",\"isPartOf\":{\"@id\":\"https:\\\/\\\/www.polonia.travel\\\/es\\\/#website\"},\"primaryImageOfPage\":{\"@id\":\"https:\\\/\\\/www.polonia.travel\\\/es\\\/viaje-musical-por-la-ruta-de-chopin\\\/#primaryimage\"},\"image\":{\"@id\":\"https:\\\/\\\/www.polonia.travel\\\/es\\\/viaje-musical-por-la-ruta-de-chopin\\\/#primaryimage\"},\"thumbnailUrl\":\"https:\\\/\\\/www.polonia.travel\\\/es\\\/wp-content\\\/uploads\\\/sites\\\/18\\\/2024\\\/07\\\/9973_Zelazowa_Wola_muzeum-wizytowka.jpg\",\"datePublished\":\"2024-07-31T08:57:14+00:00\",\"dateModified\":\"2025-05-08T11:18:14+00:00\",\"breadcrumb\":{\"@id\":\"https:\\\/\\\/www.polonia.travel\\\/es\\\/viaje-musical-por-la-ruta-de-chopin\\\/#breadcrumb\"},\"inLanguage\":\"pl-PL\",\"potentialAction\":[{\"@type\":\"ReadAction\",\"target\":[\"https:\\\/\\\/www.polonia.travel\\\/es\\\/viaje-musical-por-la-ruta-de-chopin\\\/\"]}]},{\"@type\":\"ImageObject\",\"inLanguage\":\"pl-PL\",\"@id\":\"https:\\\/\\\/www.polonia.travel\\\/es\\\/viaje-musical-por-la-ruta-de-chopin\\\/#primaryimage\",\"url\":\"https:\\\/\\\/www.polonia.travel\\\/es\\\/wp-content\\\/uploads\\\/sites\\\/18\\\/2024\\\/07\\\/9973_Zelazowa_Wola_muzeum-wizytowka.jpg\",\"contentUrl\":\"https:\\\/\\\/www.polonia.travel\\\/es\\\/wp-content\\\/uploads\\\/sites\\\/18\\\/2024\\\/07\\\/9973_Zelazowa_Wola_muzeum-wizytowka.jpg\",\"width\":5616,\"height\":2050},{\"@type\":\"BreadcrumbList\",\"@id\":\"https:\\\/\\\/www.polonia.travel\\\/es\\\/viaje-musical-por-la-ruta-de-chopin\\\/#breadcrumb\",\"itemListElement\":[{\"@type\":\"ListItem\",\"position\":1,\"name\":\"Home page\",\"item\":\"https:\\\/\\\/www.polonia.travel\\\/es\\\/\"},{\"@type\":\"ListItem\",\"position\":2,\"name\":\"Inspiraciones de viaje\",\"item\":\"https:\\\/\\\/www.polonia.travel\\\/es\\\/category\\\/inspiraciones-de-viaje\\\/\"},{\"@type\":\"ListItem\",\"position\":3,\"name\":\"Rutas tem\u00e1ticas\",\"item\":\"https:\\\/\\\/www.polonia.travel\\\/es\\\/category\\\/inspiraciones-de-viaje\\\/rutas-tematicas\\\/\"},{\"@type\":\"ListItem\",\"position\":4,\"name\":\"Viaje musical por la ruta de Chopin\"}]},{\"@type\":\"WebSite\",\"@id\":\"https:\\\/\\\/www.polonia.travel\\\/es\\\/#website\",\"url\":\"https:\\\/\\\/www.polonia.travel\\\/es\\\/\",\"name\":\"Polonia Travel (ES)\",\"description\":\"...\",\"publisher\":{\"@id\":\"https:\\\/\\\/www.polonia.travel\\\/es\\\/#organization\"},\"potentialAction\":[{\"@type\":\"SearchAction\",\"target\":{\"@type\":\"EntryPoint\",\"urlTemplate\":\"https:\\\/\\\/www.polonia.travel\\\/es\\\/?s={search_term_string}\"},\"query-input\":{\"@type\":\"PropertyValueSpecification\",\"valueRequired\":true,\"valueName\":\"search_term_string\"}}],\"inLanguage\":\"pl-PL\"},{\"@type\":\"Organization\",\"@id\":\"https:\\\/\\\/www.polonia.travel\\\/es\\\/#organization\",\"name\":\"Polonia Travel (ES)\",\"url\":\"https:\\\/\\\/www.polonia.travel\\\/es\\\/\",\"logo\":{\"@type\":\"ImageObject\",\"inLanguage\":\"pl-PL\",\"@id\":\"https:\\\/\\\/www.polonia.travel\\\/es\\\/#\\\/schema\\\/logo\\\/image\\\/\",\"url\":\"\",\"contentUrl\":\"\",\"caption\":\"Polonia Travel (ES)\"},\"image\":{\"@id\":\"https:\\\/\\\/www.polonia.travel\\\/es\\\/#\\\/schema\\\/logo\\\/image\\\/\"}},{\"@type\":\"Person\",\"@id\":\"\"}]}<\/script>\n<!-- \/ Yoast SEO plugin. -->","yoast_head_json":{"title":"Viaje musical por la ruta de Chopin - Polonia Travel (ES)","robots":{"index":"index","follow":"follow","max-snippet":"max-snippet:-1","max-image-preview":"max-image-preview:large","max-video-preview":"max-video-preview:-1"},"canonical":"https:\/\/www.polonia.travel\/es\/viaje-musical-por-la-ruta-de-chopin\/","og_locale":"pl_PL","og_type":"article","og_title":"Viaje musical por la ruta de Chopin - Polonia Travel (ES)","og_description":"Viaje musical por la ruta de Chopin De apellido franc\u00e9s, Federico (Fryderyk en polaco) naci\u00f3 muy cerca de Varsovia, donde pas\u00f3 los primeros veinte a\u00f1os de su vida. Y a d\u00f3nde regres\u00f3, de manera simb\u00f3lica, tras su muerte en Par\u00eds en 1849. Chopin es uno de los compositores m\u00e1s c\u00e9lebres de la m\u00fasica cl\u00e1sica y [&hellip;]","og_url":"https:\/\/www.polonia.travel\/es\/viaje-musical-por-la-ruta-de-chopin\/","og_site_name":"Polonia Travel (ES)","article_published_time":"2024-07-31T08:57:14+00:00","article_modified_time":"2025-05-08T11:18:14+00:00","og_image":[{"url":"https:\/\/www.polonia.travel\/es\/wp-content\/uploads\/sites\/18\/2024\/07\/9973_Zelazowa_Wola_muzeum-wizytowka.jpg","width":1200,"height":438,"type":"image\/jpeg"}],"twitter_card":"summary_large_image","twitter_misc":{"Napisane przez":"","Szacowany czas czytania":"9 minut"},"schema":{"@context":"https:\/\/schema.org","@graph":[{"@type":"Article","@id":"https:\/\/www.polonia.travel\/es\/viaje-musical-por-la-ruta-de-chopin\/#article","isPartOf":{"@id":"https:\/\/www.polonia.travel\/es\/viaje-musical-por-la-ruta-de-chopin\/"},"author":{"name":"","@id":""},"headline":"Viaje musical por la ruta de Chopin","datePublished":"2024-07-31T08:57:14+00:00","dateModified":"2025-05-08T11:18:14+00:00","mainEntityOfPage":{"@id":"https:\/\/www.polonia.travel\/es\/viaje-musical-por-la-ruta-de-chopin\/"},"wordCount":1174,"commentCount":0,"publisher":{"@id":"https:\/\/www.polonia.travel\/es\/#organization"},"image":{"@id":"https:\/\/www.polonia.travel\/es\/viaje-musical-por-la-ruta-de-chopin\/#primaryimage"},"thumbnailUrl":"https:\/\/www.polonia.travel\/es\/wp-content\/uploads\/sites\/18\/2024\/07\/9973_Zelazowa_Wola_muzeum-wizytowka.jpg","keywords":["es","que-ver","monumentos","rutas-tematicas"],"articleSection":["Rutas tem\u00e1ticas"],"inLanguage":"pl-PL"},{"@type":"WebPage","@id":"https:\/\/www.polonia.travel\/es\/viaje-musical-por-la-ruta-de-chopin\/","url":"https:\/\/www.polonia.travel\/es\/viaje-musical-por-la-ruta-de-chopin\/","name":"Viaje musical por la ruta de Chopin - Polonia Travel (ES)","isPartOf":{"@id":"https:\/\/www.polonia.travel\/es\/#website"},"primaryImageOfPage":{"@id":"https:\/\/www.polonia.travel\/es\/viaje-musical-por-la-ruta-de-chopin\/#primaryimage"},"image":{"@id":"https:\/\/www.polonia.travel\/es\/viaje-musical-por-la-ruta-de-chopin\/#primaryimage"},"thumbnailUrl":"https:\/\/www.polonia.travel\/es\/wp-content\/uploads\/sites\/18\/2024\/07\/9973_Zelazowa_Wola_muzeum-wizytowka.jpg","datePublished":"2024-07-31T08:57:14+00:00","dateModified":"2025-05-08T11:18:14+00:00","breadcrumb":{"@id":"https:\/\/www.polonia.travel\/es\/viaje-musical-por-la-ruta-de-chopin\/#breadcrumb"},"inLanguage":"pl-PL","potentialAction":[{"@type":"ReadAction","target":["https:\/\/www.polonia.travel\/es\/viaje-musical-por-la-ruta-de-chopin\/"]}]},{"@type":"ImageObject","inLanguage":"pl-PL","@id":"https:\/\/www.polonia.travel\/es\/viaje-musical-por-la-ruta-de-chopin\/#primaryimage","url":"https:\/\/www.polonia.travel\/es\/wp-content\/uploads\/sites\/18\/2024\/07\/9973_Zelazowa_Wola_muzeum-wizytowka.jpg","contentUrl":"https:\/\/www.polonia.travel\/es\/wp-content\/uploads\/sites\/18\/2024\/07\/9973_Zelazowa_Wola_muzeum-wizytowka.jpg","width":5616,"height":2050},{"@type":"BreadcrumbList","@id":"https:\/\/www.polonia.travel\/es\/viaje-musical-por-la-ruta-de-chopin\/#breadcrumb","itemListElement":[{"@type":"ListItem","position":1,"name":"Home page","item":"https:\/\/www.polonia.travel\/es\/"},{"@type":"ListItem","position":2,"name":"Inspiraciones de viaje","item":"https:\/\/www.polonia.travel\/es\/category\/inspiraciones-de-viaje\/"},{"@type":"ListItem","position":3,"name":"Rutas tem\u00e1ticas","item":"https:\/\/www.polonia.travel\/es\/category\/inspiraciones-de-viaje\/rutas-tematicas\/"},{"@type":"ListItem","position":4,"name":"Viaje musical por la ruta de Chopin"}]},{"@type":"WebSite","@id":"https:\/\/www.polonia.travel\/es\/#website","url":"https:\/\/www.polonia.travel\/es\/","name":"Polonia Travel (ES)","description":"...","publisher":{"@id":"https:\/\/www.polonia.travel\/es\/#organization"},"potentialAction":[{"@type":"SearchAction","target":{"@type":"EntryPoint","urlTemplate":"https:\/\/www.polonia.travel\/es\/?s={search_term_string}"},"query-input":{"@type":"PropertyValueSpecification","valueRequired":true,"valueName":"search_term_string"}}],"inLanguage":"pl-PL"},{"@type":"Organization","@id":"https:\/\/www.polonia.travel\/es\/#organization","name":"Polonia Travel (ES)","url":"https:\/\/www.polonia.travel\/es\/","logo":{"@type":"ImageObject","inLanguage":"pl-PL","@id":"https:\/\/www.polonia.travel\/es\/#\/schema\/logo\/image\/","url":"","contentUrl":"","caption":"Polonia Travel (ES)"},"image":{"@id":"https:\/\/www.polonia.travel\/es\/#\/schema\/logo\/image\/"}},{"@type":"Person","@id":""}]}},"_links":{"self":[{"href":"https:\/\/www.polonia.travel\/es\/wp-json\/wp\/v2\/posts\/31415","targetHints":{"allow":["GET"]}}],"collection":[{"href":"https:\/\/www.polonia.travel\/es\/wp-json\/wp\/v2\/posts"}],"about":[{"href":"https:\/\/www.polonia.travel\/es\/wp-json\/wp\/v2\/types\/post"}],"author":[{"embeddable":true,"href":"https:\/\/www.polonia.travel\/es\/wp-json\/wp\/v2\/users\/1"}],"replies":[{"embeddable":true,"href":"https:\/\/www.polonia.travel\/es\/wp-json\/wp\/v2\/comments?post=31415"}],"version-history":[{"count":7,"href":"https:\/\/www.polonia.travel\/es\/wp-json\/wp\/v2\/posts\/31415\/revisions"}],"predecessor-version":[{"id":37490,"href":"https:\/\/www.polonia.travel\/es\/wp-json\/wp\/v2\/posts\/31415\/revisions\/37490"}],"wp:featuredmedia":[{"embeddable":true,"href":"https:\/\/www.polonia.travel\/es\/wp-json\/wp\/v2\/media\/37491"}],"wp:attachment":[{"href":"https:\/\/www.polonia.travel\/es\/wp-json\/wp\/v2\/media?parent=31415"}],"wp:term":[{"taxonomy":"category","embeddable":true,"href":"https:\/\/www.polonia.travel\/es\/wp-json\/wp\/v2\/categories?post=31415"}],"curies":[{"name":"wp","href":"https:\/\/api.w.org\/{rel}","templated":true}]}}