{"id":31392,"date":"2024-07-31T11:57:21","date_gmt":"2024-07-31T09:57:21","guid":{"rendered":"https:\/\/wp-es.poland.travel\/?p=31392"},"modified":"2026-02-04T14:35:26","modified_gmt":"2026-02-04T13:35:26","slug":"ruta-de-la-ii-guerra-mundial","status":"publish","type":"post","link":"https:\/\/www.polonia.travel\/es\/ruta-de-la-ii-guerra-mundial\/","title":{"rendered":"Ruta de la II Guerra Mundial"},"content":{"rendered":"\n<div class=\"wp-block-group is-style-container-medium\"><div class=\"wp-block-group__inner-container is-layout-constrained wp-block-group-is-layout-constrained\">\n<h2 class=\"wp-block-heading\">Ruta de la II Guerra Mundial<\/h2>\n\n\n\n<div style=\"height:100px\" aria-hidden=\"true\" class=\"wp-block-spacer is-style-spacer-small\"><\/div>\n\n\n\n<p>Desgraciadamente en Polonia hay muchos lugares relacionados con este evento hist\u00f3rico. Polonia fue el primer pa\u00eds atacado abiertamente por las tropas nazi en septiembre de 1939 y donde, por lo tanto, la guerra y la ocupaci\u00f3n duraron m\u00e1s tiempo, hasta el 8 de mayo de 1945, fecha en la cual Europa celebra el fin de la contienda.<\/p>\n<\/div><\/div>\n\n\n\n<div style=\"height:100px\" aria-hidden=\"true\" class=\"wp-block-spacer is-style-spacer-small\"><\/div>\n\n\n\n<div class=\"wp-block-group is-style-container\"><div class=\"wp-block-group__inner-container is-layout-constrained wp-block-group-is-layout-constrained\"><div class=\"wp-block-image\">\n<figure class=\"aligncenter size-full\"><img loading=\"lazy\" decoding=\"async\" width=\"5167\" height=\"2913\" src=\"https:\/\/www.polonia.travel\/es\/wp-content\/uploads\/sites\/18\/2024\/07\/Muzeum_Powstania_Warszawskiego_1.jpg\" alt=\"\" class=\"wp-image-37324\" \/><\/figure><\/div><\/div><\/div>\n\n\n\n<div style=\"height:100px\" aria-hidden=\"true\" class=\"wp-block-spacer is-style-spacer-small\"><\/div>\n\n\n\n<div class=\"wp-block-group is-style-container-medium\"><div class=\"wp-block-group__inner-container is-layout-constrained wp-block-group-is-layout-constrained\">\n<p>Los lugares m\u00e1s conocidos para visitar y aprender de este desastre es el <strong>Antiguo Campo de Concentraci\u00f3n nazi de Auschwitz y Birkenau<\/strong>, pero lo es tambi\u00e9n <strong>Varsovia<\/strong> que pag\u00f3 un precio muy alto en lo humano y en lo econ\u00f3mico. La historia de la II GM en el territorio polaco se muestra tambi\u00e9n a trav\u00e9s de museos, campos de batalla convertidos en lugares de memoria, fortificaciones, bunkers, ciudades subterr\u00e1neas y lugares que hasta hoy d\u00eda simbolizan la resistencia frente al horror.<\/p>\n\n\n\n<p>Para seguir esta ruta de manera cronol\u00f3gica, es recomendable empezar por la ciudad de <strong>Gda\u0144sk<\/strong>, en el norte del pa\u00eds, considerada como el lugar donde la guerra empez\u00f3 (<strong>La Pen\u00ednsula de Westerplatte<\/strong>) y no dejar de visitar el <a href=\"https:\/\/muzeum1939.pl\/en\">Museo de la II Guerra Mundial<\/a>.<\/p>\n\n\n\n<p>Ser\u00e1 imposible no ver las cicatrices de la guerra paseando por <strong>Varsovia<\/strong> pero es imprescindible visitar dos lugares: El <strong>Museo del Levantamiento de Varsovia<\/strong> y la ruta desde el <strong>Monumento al Ghetto<\/strong> de Varsovia a Umschlagplatz.<\/p>\n\n\n\n<p><a href=\"https:\/\/muzeumkrakowa.pl\/en\/branches\/oskar-schindlers-enamel-factory\">La F\u00e1brica de Oscar Schindler<\/a>&nbsp;(que se recomienda visitar antes de la visita al Antiguo Campo de Concentraci\u00f3n nazi en Auschwitz y Birkenau) y la <strong>Farmacia del \u00c1guila<\/strong> en <strong>Cracovia<\/strong> son dos puntos del programa en Cracovia.<\/p>\n\n\n\n<p>Adem\u00e1s de estos lugares fundamentales para realizar la ruta, hay mucho m\u00e1s que visitar o tomar parte eventos c\u00edclicos, como los <a href=\"https:\/\/pomorskie.travel\/en\/articles\/d-day-hel\/\" target=\"_blank\" rel=\"noreferrer noopener\">D -Day<\/a><a href=\"https:\/\/poznan.travel\/en\/c\/dni-twierdzy-poznan\"> <\/a>organizados en la <strong>Pen\u00ednsula de Hel<\/strong>, a finales de agosto.<\/p>\n\n\n\n<p>Para todo los interesados en ampliar la ruta por otros museos, memoriales y lugares relacionados con la II GM, la Organizaci\u00f3n Tur\u00edstica de Polonia ha preparado, en el 75 Aniversario del Fin de la II GM, un folleto explicativos y de gran utilidad a la hora de programar el viaje. Est\u00e1 disponible en ingl\u00e9s y online.<\/p>\n\n\n\n<div class=\"wp-block-cover\"><img loading=\"lazy\" decoding=\"async\" width=\"754\" height=\"823\" class=\"wp-block-cover__image-background wp-image-34098\" alt=\"\" src=\"https:\/\/www.polonia.travel\/es\/wp-content\/uploads\/sites\/18\/2024\/05\/IIws-es.jpg\" data-object-fit=\"cover\" srcset=\"https:\/\/www.polonia.travel\/es\/wp-content\/uploads\/sites\/18\/2024\/05\/IIws-es.jpg 754w, https:\/\/www.polonia.travel\/es\/wp-content\/uploads\/sites\/18\/2024\/05\/IIws-es-550x600.jpg 550w\" sizes=\"auto, (max-width: 754px) 100vw, 754px\" \/><span aria-hidden=\"true\" class=\"wp-block-cover__background has-background-dim\"><\/span><div class=\"wp-block-cover__inner-container is-layout-flow wp-block-cover-is-layout-flow\">\n<p class=\"has-text-align-center has-large-font-size\"><a href=\"https:\/\/www.pot.gov.pl\/attachments\/article\/3301\/II%20W%C5%9A%20wersja%20elektroniczna%20ENG.pdf\">Ver o descargar folleto<\/a><\/p>\n<\/div><\/div>\n\n\n\n<div style=\"height:100px\" aria-hidden=\"true\" class=\"wp-block-spacer\"><\/div>\n<\/div><\/div>\n\n\n\n<div class=\"wp-block-group is-style-container-medium\"><div class=\"wp-block-group__inner-container is-layout-constrained wp-block-group-is-layout-constrained\">\n<p>Y para consultar m\u00e1s informaci\u00f3n en espa\u00f1ol, recomendamos <a href=\"https:\/\/saltaconmigo.com\/blog\/2026\/02\/segunda-guerra-mundial-en-polonia\/\" target=\"_blank\" rel=\"noreferrer noopener\">esta publicaci\u00f3n<\/a> en el blog de viajes <strong>Salta Conmigo<\/strong>.<\/p>\n<\/div><\/div>\n\n\n\n<div style=\"height:100px\" aria-hidden=\"true\" class=\"wp-block-spacer is-style-spacer-small\"><\/div>\n\n\n\n<div class=\"wp-block-group has-background\" style=\"background-color:#eeeeee\"><div class=\"wp-block-group__inner-container is-layout-constrained wp-block-group-is-layout-constrained\">\n<div style=\"height:100px\" aria-hidden=\"true\" class=\"wp-block-spacer is-style-spacer-small\"><\/div>\n\n\n\n<div class=\"wp-block-group is-style-container\"><div class=\"wp-block-group__inner-container is-layout-constrained wp-block-group-is-layout-constrained\">\n<h3 class=\"wp-block-heading\">Lee m\u00e1s art\u00edculos<\/h3>\n\n\n\n<div style=\"height:100px\" aria-hidden=\"true\" class=\"wp-block-spacer is-style-spacer-small\"><\/div>\n\n\n<div class=\"overflow\">\n  <div class=\"post-slider swiper post-slider--small\" data-schema=\"small\">\n\n    <div class=\"swiper-wrapper\">\n              <div class=\"swiper-slide post-slide\">\n                      <a href=\"https:\/\/www.polonia.travel\/es\/westerplatte-un-simbolo-para-recordar\/\" class=\"post-box post-box--small\" style=\" background-image: url(https:\/\/www.polonia.travel\/es\/wp-content\/uploads\/sites\/18\/2023\/03\/Westerplatte_Adobe-xl-600x337.jpg);\">\n          <div class=\"post-box__hover\" style=\"background-image: url(https:\/\/www.polonia.travel\/es\/wp-content\/uploads\/sites\/18\/2024\/04\/westerplatte20540x360.jpg);\"><\/div>\n        <div class=\"post-box__info\">\n            <div class=\"post-box__title\">Westerplatte, un s\u00edmbolo para recordar<\/div>\n      <div class=\"post-box__more\">Leer m\u00e1s<\/div>\n    <\/div>\n  <\/a>\n\n          <\/div>\n              <div class=\"swiper-slide post-slide\">\n                      <a href=\"https:\/\/www.polonia.travel\/es\/1944-el-ano-del-levantamiento-de-varsovia\/\" class=\"post-box post-box--small\" style=\" background-image: url(https:\/\/www.polonia.travel\/es\/wp-content\/uploads\/sites\/18\/2024\/04\/Muzeum-Powstania-Warszawskiego-283-540x360-1.jpg);\">\n          <div class=\"post-box__hover\" style=\"background-image: url(https:\/\/www.polonia.travel\/es\/wp-content\/uploads\/sites\/18\/2022\/12\/warszawa_muzeum_powstania_540.jpg);\"><\/div>\n        <div class=\"post-box__info\">\n            <div class=\"post-box__title\">1944: el a\u00f1o del Levantamiento de Varsovia<\/div>\n      <div class=\"post-box__more\">Leer m\u00e1s<\/div>\n    <\/div>\n  <\/a>\n\n          <\/div>\n              <div class=\"swiper-slide post-slide\">\n                      <a href=\"https:\/\/www.polonia.travel\/es\/museo-de-la-historia-de-los-judios-polacos-polin\/\" class=\"post-box post-box--small\" style=\" background-image: url(https:\/\/www.polonia.travel\/es\/wp-content\/uploads\/sites\/18\/2024\/10\/6912_Polin_dach_synagogi_MC_HR-fotopolska-pot-600x400.jpg);\">\n          <div class=\"post-box__hover\" style=\"background-image: url(https:\/\/www.polonia.travel\/es\/wp-content\/uploads\/sites\/18\/2024\/04\/Muzeum-Historii-Zydow-Polskich-Polin_fot.-m.st_.-Warszawa-6-600x400.jpg);\"><\/div>\n        <div class=\"post-box__info\">\n            <div class=\"post-box__title\">Museo de la Historia de los Jud\u00edos Polacos POLIN<\/div>\n      <div class=\"post-box__more\">Leer m\u00e1s<\/div>\n    <\/div>\n  <\/a>\n\n          <\/div>\n              <div class=\"swiper-slide post-slide\">\n                      <a href=\"https:\/\/www.polonia.travel\/es\/visitar-el-antiguo-campo-de-concentracion-nazi-auschwitz-birkenau\/\" class=\"post-box post-box--small\" style=\" background-image: url(https:\/\/www.polonia.travel\/es\/wp-content\/uploads\/sites\/18\/2022\/12\/9999_230_auschwitz-birkenau_MC_P-600x400.jpg);\">\n          <div class=\"post-box__hover\" style=\"background-image: url(https:\/\/www.polonia.travel\/es\/wp-content\/uploads\/sites\/18\/2022\/12\/9999_237_auschwitz-birkenau_MC_P-600x400.jpg);\"><\/div>\n        <div class=\"post-box__info\">\n            <div class=\"post-box__title\">Visitar el antiguo Campo de Concentraci\u00f3n Nazi Auschwitz-Birkenau<\/div>\n      <div class=\"post-box__more\">Leer m\u00e1s<\/div>\n    <\/div>\n  <\/a>\n\n          <\/div>\n          <\/div>\n    <div class=\"post-slider__pagination\"><\/div>\n  <\/div>\n<\/div>\n<\/div><\/div>\n\n\n\n<div style=\"height:100px\" aria-hidden=\"true\" class=\"wp-block-spacer is-style-spacer-small\"><\/div>\n<\/div><\/div>\n","protected":false},"excerpt":{"rendered":"<p>Ruta de la II Guerra Mundial Desgraciadamente en Polonia hay muchos lugares relacionados con este evento hist\u00f3rico. Polonia fue el primer pa\u00eds atacado abiertamente por las tropas nazi en septiembre de 1939 y donde, por lo tanto, la guerra y la ocupaci\u00f3n duraron m\u00e1s tiempo, hasta el 8 de mayo de 1945, fecha en la [&hellip;]<\/p>\n","protected":false},"author":1,"featured_media":0,"comment_status":"open","ping_status":"open","sticky":false,"template":"","format":"standard","meta":{"_acf_changed":false,"footnotes":""},"categories":[1220],"class_list":["post-31392","post","type-post","status-publish","format-standard","hentry","category-rutas-tematicas"],"acf":[],"yoast_head":"<!-- This site is optimized with the Yoast SEO plugin v27.4 - https:\/\/yoast.com\/product\/yoast-seo-wordpress\/ -->\n<title>Ruta de la II Guerra Mundial - Polonia Travel (ES)<\/title>\n<meta name=\"robots\" content=\"index, follow, max-snippet:-1, max-image-preview:large, max-video-preview:-1\" \/>\n<link rel=\"canonical\" href=\"https:\/\/www.polonia.travel\/es\/ruta-de-la-ii-guerra-mundial\/\" \/>\n<meta property=\"og:locale\" content=\"pl_PL\" \/>\n<meta property=\"og:type\" content=\"article\" \/>\n<meta property=\"og:title\" content=\"Ruta de la II Guerra Mundial - Polonia Travel (ES)\" \/>\n<meta property=\"og:description\" content=\"Ruta de la II Guerra Mundial Desgraciadamente en Polonia hay muchos lugares relacionados con este evento hist\u00f3rico. Polonia fue el primer pa\u00eds atacado abiertamente por las tropas nazi en septiembre de 1939 y donde, por lo tanto, la guerra y la ocupaci\u00f3n duraron m\u00e1s tiempo, hasta el 8 de mayo de 1945, fecha en la [&hellip;]\" \/>\n<meta property=\"og:url\" content=\"https:\/\/www.polonia.travel\/es\/ruta-de-la-ii-guerra-mundial\/\" \/>\n<meta property=\"og:site_name\" content=\"Polonia Travel (ES)\" \/>\n<meta property=\"article:published_time\" content=\"2024-07-31T09:57:21+00:00\" \/>\n<meta property=\"article:modified_time\" content=\"2026-02-04T13:35:26+00:00\" \/>\n<meta property=\"og:image\" content=\"https:\/\/www.polonia.travel\/es\/wp-content\/uploads\/sites\/18\/2024\/07\/Muzeum_Powstania_Warszawskiego_1.jpg\" \/>\n\t<meta property=\"og:image:width\" content=\"1200\" \/>\n\t<meta property=\"og:image:height\" content=\"677\" \/>\n\t<meta property=\"og:image:type\" content=\"image\/jpeg\" \/>\n<meta name=\"twitter:card\" content=\"summary_large_image\" \/>\n<meta name=\"twitter:label1\" content=\"Napisane przez\" \/>\n\t<meta name=\"twitter:data1\" content=\"\" \/>\n\t<meta name=\"twitter:label2\" content=\"Szacowany czas czytania\" \/>\n\t<meta name=\"twitter:data2\" content=\"3 minuty\" \/>\n<script type=\"application\/ld+json\" class=\"yoast-schema-graph\">{\"@context\":\"https:\\\/\\\/schema.org\",\"@graph\":[{\"@type\":\"Article\",\"@id\":\"https:\\\/\\\/www.polonia.travel\\\/es\\\/ruta-de-la-ii-guerra-mundial\\\/#article\",\"isPartOf\":{\"@id\":\"https:\\\/\\\/www.polonia.travel\\\/es\\\/ruta-de-la-ii-guerra-mundial\\\/\"},\"author\":{\"name\":\"\",\"@id\":\"\"},\"headline\":\"Ruta de la II Guerra Mundial\",\"datePublished\":\"2024-07-31T09:57:21+00:00\",\"dateModified\":\"2026-02-04T13:35:26+00:00\",\"mainEntityOfPage\":{\"@id\":\"https:\\\/\\\/www.polonia.travel\\\/es\\\/ruta-de-la-ii-guerra-mundial\\\/\"},\"wordCount\":408,\"commentCount\":0,\"publisher\":{\"@id\":\"https:\\\/\\\/www.polonia.travel\\\/es\\\/#organization\"},\"image\":{\"@id\":\"https:\\\/\\\/www.polonia.travel\\\/es\\\/ruta-de-la-ii-guerra-mundial\\\/#primaryimage\"},\"thumbnailUrl\":\"https:\\\/\\\/www.polonia.travel\\\/es\\\/wp-content\\\/uploads\\\/sites\\\/18\\\/2024\\\/07\\\/Muzeum_Powstania_Warszawskiego_1.jpg\",\"keywords\":[\"rutas-tematicas\",\"es\",\"que-ver\",\"monumentos\"],\"articleSection\":[\"Rutas tem\u00e1ticas\"],\"inLanguage\":\"pl-PL\"},{\"@type\":\"WebPage\",\"@id\":\"https:\\\/\\\/www.polonia.travel\\\/es\\\/ruta-de-la-ii-guerra-mundial\\\/\",\"url\":\"https:\\\/\\\/www.polonia.travel\\\/es\\\/ruta-de-la-ii-guerra-mundial\\\/\",\"name\":\"Ruta de la II Guerra Mundial - Polonia Travel (ES)\",\"isPartOf\":{\"@id\":\"https:\\\/\\\/www.polonia.travel\\\/es\\\/#website\"},\"primaryImageOfPage\":{\"@id\":\"https:\\\/\\\/www.polonia.travel\\\/es\\\/ruta-de-la-ii-guerra-mundial\\\/#primaryimage\"},\"image\":{\"@id\":\"https:\\\/\\\/www.polonia.travel\\\/es\\\/ruta-de-la-ii-guerra-mundial\\\/#primaryimage\"},\"thumbnailUrl\":\"https:\\\/\\\/www.polonia.travel\\\/es\\\/wp-content\\\/uploads\\\/sites\\\/18\\\/2024\\\/07\\\/Muzeum_Powstania_Warszawskiego_1.jpg\",\"datePublished\":\"2024-07-31T09:57:21+00:00\",\"dateModified\":\"2026-02-04T13:35:26+00:00\",\"breadcrumb\":{\"@id\":\"https:\\\/\\\/www.polonia.travel\\\/es\\\/ruta-de-la-ii-guerra-mundial\\\/#breadcrumb\"},\"inLanguage\":\"pl-PL\",\"potentialAction\":[{\"@type\":\"ReadAction\",\"target\":[\"https:\\\/\\\/www.polonia.travel\\\/es\\\/ruta-de-la-ii-guerra-mundial\\\/\"]}]},{\"@type\":\"ImageObject\",\"inLanguage\":\"pl-PL\",\"@id\":\"https:\\\/\\\/www.polonia.travel\\\/es\\\/ruta-de-la-ii-guerra-mundial\\\/#primaryimage\",\"url\":\"https:\\\/\\\/www.polonia.travel\\\/es\\\/wp-content\\\/uploads\\\/sites\\\/18\\\/2024\\\/07\\\/Muzeum_Powstania_Warszawskiego_1.jpg\",\"contentUrl\":\"https:\\\/\\\/www.polonia.travel\\\/es\\\/wp-content\\\/uploads\\\/sites\\\/18\\\/2024\\\/07\\\/Muzeum_Powstania_Warszawskiego_1.jpg\",\"width\":5167,\"height\":2913},{\"@type\":\"BreadcrumbList\",\"@id\":\"https:\\\/\\\/www.polonia.travel\\\/es\\\/ruta-de-la-ii-guerra-mundial\\\/#breadcrumb\",\"itemListElement\":[{\"@type\":\"ListItem\",\"position\":1,\"name\":\"Home page\",\"item\":\"https:\\\/\\\/www.polonia.travel\\\/es\\\/\"},{\"@type\":\"ListItem\",\"position\":2,\"name\":\"Inspiraciones de viaje\",\"item\":\"https:\\\/\\\/www.polonia.travel\\\/es\\\/category\\\/inspiraciones-de-viaje\\\/\"},{\"@type\":\"ListItem\",\"position\":3,\"name\":\"Rutas tem\u00e1ticas\",\"item\":\"https:\\\/\\\/www.polonia.travel\\\/es\\\/category\\\/inspiraciones-de-viaje\\\/rutas-tematicas\\\/\"},{\"@type\":\"ListItem\",\"position\":4,\"name\":\"Ruta de la II Guerra Mundial\"}]},{\"@type\":\"WebSite\",\"@id\":\"https:\\\/\\\/www.polonia.travel\\\/es\\\/#website\",\"url\":\"https:\\\/\\\/www.polonia.travel\\\/es\\\/\",\"name\":\"Polonia Travel (ES)\",\"description\":\"...\",\"publisher\":{\"@id\":\"https:\\\/\\\/www.polonia.travel\\\/es\\\/#organization\"},\"potentialAction\":[{\"@type\":\"SearchAction\",\"target\":{\"@type\":\"EntryPoint\",\"urlTemplate\":\"https:\\\/\\\/www.polonia.travel\\\/es\\\/?s={search_term_string}\"},\"query-input\":{\"@type\":\"PropertyValueSpecification\",\"valueRequired\":true,\"valueName\":\"search_term_string\"}}],\"inLanguage\":\"pl-PL\"},{\"@type\":\"Organization\",\"@id\":\"https:\\\/\\\/www.polonia.travel\\\/es\\\/#organization\",\"name\":\"Polonia Travel (ES)\",\"url\":\"https:\\\/\\\/www.polonia.travel\\\/es\\\/\",\"logo\":{\"@type\":\"ImageObject\",\"inLanguage\":\"pl-PL\",\"@id\":\"https:\\\/\\\/www.polonia.travel\\\/es\\\/#\\\/schema\\\/logo\\\/image\\\/\",\"url\":\"\",\"contentUrl\":\"\",\"caption\":\"Polonia Travel (ES)\"},\"image\":{\"@id\":\"https:\\\/\\\/www.polonia.travel\\\/es\\\/#\\\/schema\\\/logo\\\/image\\\/\"}},{\"@type\":\"Person\",\"@id\":\"\"}]}<\/script>\n<!-- \/ Yoast SEO plugin. -->","yoast_head_json":{"title":"Ruta de la II Guerra Mundial - Polonia Travel (ES)","robots":{"index":"index","follow":"follow","max-snippet":"max-snippet:-1","max-image-preview":"max-image-preview:large","max-video-preview":"max-video-preview:-1"},"canonical":"https:\/\/www.polonia.travel\/es\/ruta-de-la-ii-guerra-mundial\/","og_locale":"pl_PL","og_type":"article","og_title":"Ruta de la II Guerra Mundial - Polonia Travel (ES)","og_description":"Ruta de la II Guerra Mundial Desgraciadamente en Polonia hay muchos lugares relacionados con este evento hist\u00f3rico. Polonia fue el primer pa\u00eds atacado abiertamente por las tropas nazi en septiembre de 1939 y donde, por lo tanto, la guerra y la ocupaci\u00f3n duraron m\u00e1s tiempo, hasta el 8 de mayo de 1945, fecha en la [&hellip;]","og_url":"https:\/\/www.polonia.travel\/es\/ruta-de-la-ii-guerra-mundial\/","og_site_name":"Polonia Travel (ES)","article_published_time":"2024-07-31T09:57:21+00:00","article_modified_time":"2026-02-04T13:35:26+00:00","og_image":[{"url":"https:\/\/www.polonia.travel\/es\/wp-content\/uploads\/sites\/18\/2024\/07\/Muzeum_Powstania_Warszawskiego_1.jpg","width":1200,"height":677,"type":"image\/jpeg"}],"twitter_card":"summary_large_image","twitter_misc":{"Napisane przez":"","Szacowany czas czytania":"3 minuty"},"schema":{"@context":"https:\/\/schema.org","@graph":[{"@type":"Article","@id":"https:\/\/www.polonia.travel\/es\/ruta-de-la-ii-guerra-mundial\/#article","isPartOf":{"@id":"https:\/\/www.polonia.travel\/es\/ruta-de-la-ii-guerra-mundial\/"},"author":{"name":"","@id":""},"headline":"Ruta de la II Guerra Mundial","datePublished":"2024-07-31T09:57:21+00:00","dateModified":"2026-02-04T13:35:26+00:00","mainEntityOfPage":{"@id":"https:\/\/www.polonia.travel\/es\/ruta-de-la-ii-guerra-mundial\/"},"wordCount":408,"commentCount":0,"publisher":{"@id":"https:\/\/www.polonia.travel\/es\/#organization"},"image":{"@id":"https:\/\/www.polonia.travel\/es\/ruta-de-la-ii-guerra-mundial\/#primaryimage"},"thumbnailUrl":"https:\/\/www.polonia.travel\/es\/wp-content\/uploads\/sites\/18\/2024\/07\/Muzeum_Powstania_Warszawskiego_1.jpg","keywords":["rutas-tematicas","es","que-ver","monumentos"],"articleSection":["Rutas tem\u00e1ticas"],"inLanguage":"pl-PL"},{"@type":"WebPage","@id":"https:\/\/www.polonia.travel\/es\/ruta-de-la-ii-guerra-mundial\/","url":"https:\/\/www.polonia.travel\/es\/ruta-de-la-ii-guerra-mundial\/","name":"Ruta de la II Guerra Mundial - Polonia Travel (ES)","isPartOf":{"@id":"https:\/\/www.polonia.travel\/es\/#website"},"primaryImageOfPage":{"@id":"https:\/\/www.polonia.travel\/es\/ruta-de-la-ii-guerra-mundial\/#primaryimage"},"image":{"@id":"https:\/\/www.polonia.travel\/es\/ruta-de-la-ii-guerra-mundial\/#primaryimage"},"thumbnailUrl":"https:\/\/www.polonia.travel\/es\/wp-content\/uploads\/sites\/18\/2024\/07\/Muzeum_Powstania_Warszawskiego_1.jpg","datePublished":"2024-07-31T09:57:21+00:00","dateModified":"2026-02-04T13:35:26+00:00","breadcrumb":{"@id":"https:\/\/www.polonia.travel\/es\/ruta-de-la-ii-guerra-mundial\/#breadcrumb"},"inLanguage":"pl-PL","potentialAction":[{"@type":"ReadAction","target":["https:\/\/www.polonia.travel\/es\/ruta-de-la-ii-guerra-mundial\/"]}]},{"@type":"ImageObject","inLanguage":"pl-PL","@id":"https:\/\/www.polonia.travel\/es\/ruta-de-la-ii-guerra-mundial\/#primaryimage","url":"https:\/\/www.polonia.travel\/es\/wp-content\/uploads\/sites\/18\/2024\/07\/Muzeum_Powstania_Warszawskiego_1.jpg","contentUrl":"https:\/\/www.polonia.travel\/es\/wp-content\/uploads\/sites\/18\/2024\/07\/Muzeum_Powstania_Warszawskiego_1.jpg","width":5167,"height":2913},{"@type":"BreadcrumbList","@id":"https:\/\/www.polonia.travel\/es\/ruta-de-la-ii-guerra-mundial\/#breadcrumb","itemListElement":[{"@type":"ListItem","position":1,"name":"Home page","item":"https:\/\/www.polonia.travel\/es\/"},{"@type":"ListItem","position":2,"name":"Inspiraciones de viaje","item":"https:\/\/www.polonia.travel\/es\/category\/inspiraciones-de-viaje\/"},{"@type":"ListItem","position":3,"name":"Rutas tem\u00e1ticas","item":"https:\/\/www.polonia.travel\/es\/category\/inspiraciones-de-viaje\/rutas-tematicas\/"},{"@type":"ListItem","position":4,"name":"Ruta de la II Guerra Mundial"}]},{"@type":"WebSite","@id":"https:\/\/www.polonia.travel\/es\/#website","url":"https:\/\/www.polonia.travel\/es\/","name":"Polonia Travel (ES)","description":"...","publisher":{"@id":"https:\/\/www.polonia.travel\/es\/#organization"},"potentialAction":[{"@type":"SearchAction","target":{"@type":"EntryPoint","urlTemplate":"https:\/\/www.polonia.travel\/es\/?s={search_term_string}"},"query-input":{"@type":"PropertyValueSpecification","valueRequired":true,"valueName":"search_term_string"}}],"inLanguage":"pl-PL"},{"@type":"Organization","@id":"https:\/\/www.polonia.travel\/es\/#organization","name":"Polonia Travel (ES)","url":"https:\/\/www.polonia.travel\/es\/","logo":{"@type":"ImageObject","inLanguage":"pl-PL","@id":"https:\/\/www.polonia.travel\/es\/#\/schema\/logo\/image\/","url":"","contentUrl":"","caption":"Polonia Travel (ES)"},"image":{"@id":"https:\/\/www.polonia.travel\/es\/#\/schema\/logo\/image\/"}},{"@type":"Person","@id":""}]}},"_links":{"self":[{"href":"https:\/\/www.polonia.travel\/es\/wp-json\/wp\/v2\/posts\/31392","targetHints":{"allow":["GET"]}}],"collection":[{"href":"https:\/\/www.polonia.travel\/es\/wp-json\/wp\/v2\/posts"}],"about":[{"href":"https:\/\/www.polonia.travel\/es\/wp-json\/wp\/v2\/types\/post"}],"author":[{"embeddable":true,"href":"https:\/\/www.polonia.travel\/es\/wp-json\/wp\/v2\/users\/1"}],"replies":[{"embeddable":true,"href":"https:\/\/www.polonia.travel\/es\/wp-json\/wp\/v2\/comments?post=31392"}],"version-history":[{"count":10,"href":"https:\/\/www.polonia.travel\/es\/wp-json\/wp\/v2\/posts\/31392\/revisions"}],"predecessor-version":[{"id":38729,"href":"https:\/\/www.polonia.travel\/es\/wp-json\/wp\/v2\/posts\/31392\/revisions\/38729"}],"wp:attachment":[{"href":"https:\/\/www.polonia.travel\/es\/wp-json\/wp\/v2\/media?parent=31392"}],"wp:term":[{"taxonomy":"category","embeddable":true,"href":"https:\/\/www.polonia.travel\/es\/wp-json\/wp\/v2\/categories?post=31392"}],"curies":[{"name":"wp","href":"https:\/\/api.w.org\/{rel}","templated":true}]}}