{"id":31360,"date":"2024-05-08T10:07:15","date_gmt":"2024-05-08T08:07:15","guid":{"rendered":"https:\/\/wp-es.poland.travel\/?p=31360"},"modified":"2025-08-22T10:45:54","modified_gmt":"2025-08-22T08:45:54","slug":"la-mina-de-sal-de-wieliczka-1978-y-bochnia","status":"publish","type":"post","link":"https:\/\/www.polonia.travel\/es\/la-mina-de-sal-de-wieliczka-1978-y-bochnia\/","title":{"rendered":"La Mina de Sal de Wieliczka (1978) y Bochnia"},"content":{"rendered":"\n<p><\/p>\n\n\n\n<div class=\"wp-block-group is-style-container\"><div class=\"wp-block-group__inner-container is-layout-constrained wp-block-group-is-layout-constrained\">\n<!-- empty -->\n\n\n<div class=\"metrics\">\n  <div class=\"metrics__text\">\n    <h1 class=\"is-style-heading-38 mb20 large-mb30\">La Mina de Sal de Wieliczka y Bochnia<\/h1>\n    <p><strong data-rich-text-format-boundary=\"true\">La Mina de Sal de Wieliczka<\/strong>, monumento Patrimonio de la Humanidad incluido en la primera lista de la UNESCO de 1978, se encuentra a s\u00f3lo 10 km del centro de Cracovia con f\u00e1cil acceso desde la estaci\u00f3n central de trenes y autobuses <em>Krak\u00f3w G\u0142\u00f3wny <\/em>o en minibuses privados que salen de su alrededor, o en autob\u00fas urbano n\u00ba 304 con parada enfrente de la misma estaci\u00f3n y la galer\u00eda comercial <em>Galeria Krakowska<\/em>. La Mina ofrece durante <strong>todo el a\u00f1o<\/strong> <strong>visitas regulares en espa\u00f1ol dos veces al d\u00eda<\/strong>: a las <strong>11.20<\/strong> y a las <strong>16.40<\/strong> horas, y m\u00e1s visitas durante la temporada alta (seg\u00fan demanda). Conviene reservar la visita a trav\u00e9s de una agencia de viajes, comprar billetes <em>online\u00a0<\/em>o en taquilla (en este caso con el riesgo de tener que realizar la visita en ingl\u00e9s). En cualquier caso hay que ser puntual porque las visitas empiezan a las horas indicadas.<\/p>\n  <\/div>\n  <div class=\"metrics__sidebar\">\n    <div class=\"metrics-box\">\n              <div class=\"metrics-box__title\">Informaci\u00f3n b\u00e1sica<\/div>\n        <div class=\"metrics-box__values\">\n                                        <div class=\"metrics-box__item\">\n      <div class=\"metrics-box__label\">Regi\u00f3n<\/div>\n      <div class=\"metrics-box__value\">Polonia Menor<\/div>\n    <\/div>\n                                <div class=\"metrics-box__item\">\n      <div class=\"metrics-box__label\">Ciudades<\/div>\n      <div class=\"metrics-box__value\">Wieliczka, Bochnia<\/div>\n    <\/div>\n                                <div class=\"metrics-box__item\">\n      <div class=\"metrics-box__label\">A\u00f1o de inclusi\u00f3n<\/div>\n      <div class=\"metrics-box__value\">1978, 2013<\/div>\n    <\/div>\n                                <\/div>\n                    <div class=\"metrics-box__links\">\n                      <a href=\"https:\/\/www.laminadesalwieliczka.es\/\" class=\"metrics-box__link external\"\n                                  target=\"_blank\" rel=\"nofollow noopener noreferrer\"\n                            >Mina de Wieliczka<\/a>\n                      <a href=\"https:\/\/bochnia-mine.eu\/\" class=\"metrics-box__link external\"\n                                  target=\"_blank\" rel=\"nofollow noopener noreferrer\"\n                            >Mina de Bochnia<\/a>\n                  <\/div>\n          <\/div>\n  <\/div>\n<\/div>\n<\/div><\/div>\n\n\n\n<div class=\"wp-block-group is-style-container-medium\"><div class=\"wp-block-group__inner-container is-layout-constrained wp-block-group-is-layout-constrained\">\n<p>A la hora de la reserva y compra de las entradas online, habr\u00e1 dos posibilidades: el Itinerario Tur\u00edstico (con opci\u00f3n de realizarla en espa\u00f1ol seg\u00fan lo arriba indicado) y el Itinerario Minero (de momento disponible en ingl\u00e9s).&nbsp;El itinerario tur\u00edstico tiene una duraci\u00f3n aproximada de 2-3 horas, recorriendo una distancia de 3,5 km. En cambio, el itinerario minero, limitado por los idiomas en los que se ofrece la visita, cuenta con una duraci\u00f3n de 2-3 horas. Sin embargo, el recorrido dura unas 2 horas, ofreciendo una experiencia inmersiva donde los visitantes llevar\u00e1n puestas ropas de trabajo y herramientas, guiados por un minero experimentado.  <\/p>\n\n\n\n<p>El recorrido por el laberinto subterr\u00e1neo (itinerario tur\u00edstico)consiste en recorrer los pasillos y cuevas que se formaron a lo largo de los 700 a\u00f1os de la historia del lugar a trav\u00e9s de la extracci\u00f3n de la sal, de gran valor econ\u00f3mico en la Edad Media. Durante la visita se conocen las tecnolog\u00edas de la obtenci\u00f3n y transporte de la sal, parte de la historia de Polonia, leyendas y, como no, las&nbsp;esculturas en roca salina hechas por los mismos&nbsp;mineros, sin dejar de sentir la grandeza del punto clave de Las Minas, <strong>La Capilla de Santa Kinga<\/strong>.<\/p>\n\n\n\n<p>La bajada a la Mina se suele hacer por la escalera varios pisos abajo y la subida en un aut\u00e9ntico ascensor de varios pisos utilizado anta\u00f1o por los mineros, no recomendable para personas con claustrofobia. Pago aparte, se puede solicitar la bajada en ascensor. Durante el recorrido, se explican las leyendas relacionadas con las esculturas en roca Salina.<\/p>\n\n\n\n<p><\/p>\n\n\n\n<p>En la p\u00e1gina web oficial de las Minas de Sal de Wieliczka se pueden adquirir los <a href=\"https:\/\/bilety.kopalnia.pl\/index.html?lang=es\" target=\"_blank\" rel=\"noreferrer noopener\">billetes online<\/a>. Para m\u00e1s informaci\u00f3n sobre c\u00f3mo visitar la Mina de Sal de Wieliczka en la<a href=\"https:\/\/www.laminadesalwieliczka.es\/\" target=\"_blank\" rel=\"noreferrer noopener\"> p\u00e1gina oficial<\/a> en espa\u00f1ol.<\/p>\n<\/div><\/div>\n\n\n\n<div style=\"height:100px\" aria-hidden=\"true\" class=\"wp-block-spacer is-style-spacer-small\"><\/div>\n\n\n\n<div class=\"wp-block-group is-style-container\"><div class=\"wp-block-group__inner-container is-layout-constrained wp-block-group-is-layout-constrained\">  <div class=\"gallery-tiles gallery-tiles--rows-2-3 lightgallery\">\r\n          <a href=\"https:\/\/www.polonia.travel\/es\/wp-content\/uploads\/sites\/18\/2023\/07\/HERITAGE_0003_9412_Wieliczka_WLO_HR.jpg\" class=\"gallery-tiles__item\" data-src=\"https:\/\/www.polonia.travel\/es\/wp-content\/uploads\/sites\/18\/2023\/07\/HERITAGE_0003_9412_Wieliczka_WLO_HR.jpg\"\r\n        aria-label=\"Otw\u00f3rz powi\u0119kszone zdj\u0119cie: HERITAGE_0003_9412_Wieliczka_WLO_HR\">\r\n        <img loading=\"lazy\" decoding=\"async\" width=\"1170\" height=\"780\" src=\"https:\/\/www.polonia.travel\/es\/wp-content\/uploads\/sites\/18\/2023\/07\/HERITAGE_0003_9412_Wieliczka_WLO_HR.jpg\" class=\"gallery-tiles__thumb\" alt=\"\" srcset=\"https:\/\/www.polonia.travel\/es\/wp-content\/uploads\/sites\/18\/2023\/07\/HERITAGE_0003_9412_Wieliczka_WLO_HR.jpg 1170w, https:\/\/www.polonia.travel\/es\/wp-content\/uploads\/sites\/18\/2023\/07\/HERITAGE_0003_9412_Wieliczka_WLO_HR-600x400.jpg 600w, https:\/\/www.polonia.travel\/es\/wp-content\/uploads\/sites\/18\/2023\/07\/HERITAGE_0003_9412_Wieliczka_WLO_HR-768x512.jpg 768w\" sizes=\"auto, (max-width: 1170px) 100vw, 1170px\" \/>      <\/a>\r\n          <a href=\"https:\/\/www.polonia.travel\/es\/wp-content\/uploads\/sites\/18\/2023\/07\/wieliczka_kopalnia_soli_kaplica_sw_kingi_1170.jpg\" class=\"gallery-tiles__item\" data-src=\"https:\/\/www.polonia.travel\/es\/wp-content\/uploads\/sites\/18\/2023\/07\/wieliczka_kopalnia_soli_kaplica_sw_kingi_1170.jpg\"\r\n        aria-label=\"Otw\u00f3rz powi\u0119kszone zdj\u0119cie: wieliczka_kopalnia_soli_kaplica_sw_kingi_1170\">\r\n        <img loading=\"lazy\" decoding=\"async\" width=\"1170\" height=\"780\" src=\"https:\/\/www.polonia.travel\/es\/wp-content\/uploads\/sites\/18\/2023\/07\/wieliczka_kopalnia_soli_kaplica_sw_kingi_1170.jpg\" class=\"gallery-tiles__thumb\" alt=\"\" srcset=\"https:\/\/www.polonia.travel\/es\/wp-content\/uploads\/sites\/18\/2023\/07\/wieliczka_kopalnia_soli_kaplica_sw_kingi_1170.jpg 1170w, https:\/\/www.polonia.travel\/es\/wp-content\/uploads\/sites\/18\/2023\/07\/wieliczka_kopalnia_soli_kaplica_sw_kingi_1170-600x400.jpg 600w, https:\/\/www.polonia.travel\/es\/wp-content\/uploads\/sites\/18\/2023\/07\/wieliczka_kopalnia_soli_kaplica_sw_kingi_1170-768x512.jpg 768w\" sizes=\"auto, (max-width: 1170px) 100vw, 1170px\" \/>      <\/a>\r\n          <a href=\"https:\/\/www.polonia.travel\/es\/wp-content\/uploads\/sites\/18\/2023\/07\/kopalnia_wieliczka_tunel_1170.jpg\" class=\"gallery-tiles__item\" data-src=\"https:\/\/www.polonia.travel\/es\/wp-content\/uploads\/sites\/18\/2023\/07\/kopalnia_wieliczka_tunel_1170.jpg\"\r\n        aria-label=\"Otw\u00f3rz powi\u0119kszone zdj\u0119cie: kopalnia_wieliczka_tunel_1170\">\r\n        <img loading=\"lazy\" decoding=\"async\" width=\"1170\" height=\"780\" src=\"https:\/\/www.polonia.travel\/es\/wp-content\/uploads\/sites\/18\/2023\/07\/kopalnia_wieliczka_tunel_1170.jpg\" class=\"gallery-tiles__thumb\" alt=\"\" srcset=\"https:\/\/www.polonia.travel\/es\/wp-content\/uploads\/sites\/18\/2023\/07\/kopalnia_wieliczka_tunel_1170.jpg 1170w, https:\/\/www.polonia.travel\/es\/wp-content\/uploads\/sites\/18\/2023\/07\/kopalnia_wieliczka_tunel_1170-600x400.jpg 600w, https:\/\/www.polonia.travel\/es\/wp-content\/uploads\/sites\/18\/2023\/07\/kopalnia_wieliczka_tunel_1170-768x512.jpg 768w\" sizes=\"auto, (max-width: 1170px) 100vw, 1170px\" \/>      <\/a>\r\n          <a href=\"https:\/\/www.polonia.travel\/es\/wp-content\/uploads\/sites\/18\/2024\/04\/Bochnia209K.BanCC81kowski20mniejsze203202.jpg\" class=\"gallery-tiles__item\" data-src=\"https:\/\/www.polonia.travel\/es\/wp-content\/uploads\/sites\/18\/2024\/04\/Bochnia209K.BanCC81kowski20mniejsze203202.jpg\"\r\n        aria-label=\"Otw\u00f3rz powi\u0119kszone zdj\u0119cie: Bochnia209K.BanCC81kowski20mniejsze203202\">\r\n        <img loading=\"lazy\" decoding=\"async\" width=\"1200\" height=\"800\" src=\"https:\/\/www.polonia.travel\/es\/wp-content\/uploads\/sites\/18\/2024\/04\/Bochnia209K.BanCC81kowski20mniejsze203202-1200x800.jpg\" class=\"gallery-tiles__thumb\" alt=\"\" srcset=\"https:\/\/www.polonia.travel\/es\/wp-content\/uploads\/sites\/18\/2024\/04\/Bochnia209K.BanCC81kowski20mniejsze203202-1200x800.jpg 1200w, https:\/\/www.polonia.travel\/es\/wp-content\/uploads\/sites\/18\/2024\/04\/Bochnia209K.BanCC81kowski20mniejsze203202-600x400.jpg 600w, https:\/\/www.polonia.travel\/es\/wp-content\/uploads\/sites\/18\/2024\/04\/Bochnia209K.BanCC81kowski20mniejsze203202-768x512.jpg 768w, https:\/\/www.polonia.travel\/es\/wp-content\/uploads\/sites\/18\/2024\/04\/Bochnia209K.BanCC81kowski20mniejsze203202.jpg 1536w\" sizes=\"auto, (max-width: 1200px) 100vw, 1200px\" \/>      <\/a>\r\n          <a href=\"https:\/\/www.polonia.travel\/es\/wp-content\/uploads\/sites\/18\/2022\/12\/bochnia_10_1170.jpg\" class=\"gallery-tiles__item\" data-src=\"https:\/\/www.polonia.travel\/es\/wp-content\/uploads\/sites\/18\/2022\/12\/bochnia_10_1170.jpg\"\r\n        aria-label=\"Otw\u00f3rz powi\u0119kszone zdj\u0119cie: bochnia_10_1170\">\r\n        <img loading=\"lazy\" decoding=\"async\" width=\"1170\" height=\"780\" src=\"https:\/\/www.polonia.travel\/es\/wp-content\/uploads\/sites\/18\/2022\/12\/bochnia_10_1170.jpg\" class=\"gallery-tiles__thumb\" alt=\"\" srcset=\"https:\/\/www.polonia.travel\/es\/wp-content\/uploads\/sites\/18\/2022\/12\/bochnia_10_1170.jpg 1170w, https:\/\/www.polonia.travel\/es\/wp-content\/uploads\/sites\/18\/2022\/12\/bochnia_10_1170-600x400.jpg 600w, https:\/\/www.polonia.travel\/es\/wp-content\/uploads\/sites\/18\/2022\/12\/bochnia_10_1170-768x512.jpg 768w\" sizes=\"auto, (max-width: 1170px) 100vw, 1170px\" \/>      <\/a>\r\n      <\/div>\r\n<\/div><\/div>\n\n\n\n<div style=\"height:100px\" aria-hidden=\"true\" class=\"wp-block-spacer is-style-spacer-small\"><\/div>\n\n\n\n<div class=\"wp-block-group is-style-container-medium\"><div class=\"wp-block-group__inner-container is-layout-constrained wp-block-group-is-layout-constrained\">\n<p>Este<strong> castillo<\/strong>, de estilo g\u00f3tico, consta de tres partes y se encuentra a 300 metros de la mina de sal. Con tiempo, merece la pena darse una vuelta por all\u00ed o, incluso, visitar <strong>El Museo de Las Salinas de Cracovia<\/strong> (<em><strong>Muzeum \u017bup Krakowskich<\/strong><\/em>). Est\u00e1 abierto de 7.30 a 6.30, siendo la hora de cierre de taquillas y \u00faltimo pase horario de grupos de turistas a las instalaciones. <a href=\"http:\/\/muzeum.wieliczka.pl\/en\/\">M\u00e1s informaci\u00f3n<\/a> . Tambi\u00e9n cuentan con fechas se\u00f1aladas donde el horario habitual puede verse modificado, como con el 1 de enero, Domingo de Pascua, S\u00e1bado Santo (s las 15.30 horas), 1 de noviembre, 24-25 de diciembre y 31 de diciembre (abierto de 8.00 a 16.00 horas).<\/p>\n\n\n\n<p><\/p>\n\n\n\n<p>La <strong>Mina de Bochnia<\/strong>, tambi\u00e9n declarada Patrimonio de la Humanidad, se encuentra a 30 km de Wieliczka, y a 40 de Cracovia. De momento las visitas no est\u00e1n disponibles en espa\u00f1ol pero, si se domina el ingl\u00e9s y se hace la ruta desde Cracovia a la franja este del pa\u00eds, esta visita es m\u00e1s que recomendable.&nbsp;<\/p>\n<\/div><\/div>\n\n\n\n<div class=\"wp-block-group is-style-container-medium\"><div class=\"wp-block-group__inner-container is-layout-constrained wp-block-group-is-layout-constrained\">\n<div style=\"height:100px\" aria-hidden=\"true\" class=\"wp-block-spacer is-style-spacer-small\"><\/div>\n\n\n<div class=\"wp-block-image\">\n<figure class=\"aligncenter size-large is-resized\"><img loading=\"lazy\" decoding=\"async\" width=\"1200\" height=\"800\" src=\"https:\/\/www.polonia.travel\/es\/wp-content\/uploads\/sites\/18\/2024\/05\/354749003-1200x800.jpg\" alt=\"\" class=\"wp-image-38047\" style=\"width:662px;height:auto\" srcset=\"https:\/\/www.polonia.travel\/es\/wp-content\/uploads\/sites\/18\/2024\/05\/354749003-1200x800.jpg 1200w, https:\/\/www.polonia.travel\/es\/wp-content\/uploads\/sites\/18\/2024\/05\/354749003-600x400.jpg 600w, https:\/\/www.polonia.travel\/es\/wp-content\/uploads\/sites\/18\/2024\/05\/354749003-768x512.jpg 768w, https:\/\/www.polonia.travel\/es\/wp-content\/uploads\/sites\/18\/2024\/05\/354749003-1536x1024.jpg 1536w, https:\/\/www.polonia.travel\/es\/wp-content\/uploads\/sites\/18\/2024\/05\/354749003-2048x1365.jpg 2048w, https:\/\/www.polonia.travel\/es\/wp-content\/uploads\/sites\/18\/2024\/05\/354749003-1920x1280.jpg 1920w\" sizes=\"auto, (max-width: 1200px) 100vw, 1200px\" \/><\/figure><\/div>\n\n\n<div style=\"height:100px\" aria-hidden=\"true\" class=\"wp-block-spacer is-style-spacer-small\"><\/div>\n\n\n\n<p class=\"is-style-large\"><strong>\u00bfQu\u00e9 necesito saber a la hora de organizar mi visita a Las Minas de Sal de Wieliczka?<\/strong><\/p>\n\n\n\n<p>Independientemente del itinerario seleccionado para realizar la visita, ambos recorridos se realizan con la asistencia de un gu\u00eda cualificado, por lo que es importante prestarle atenci\u00f3n y seguir sus indicaciones en todo momento.<\/p>\n\n\n\n<p>La temperatura bajo tierra se encuentre entre los 14-15\u00baC y los 17-18\u00baC, dependiendo de la altura del recorrido, por lo que se recomienda llevar ropa de abrigo que le permita andar libremente, y calzado c\u00f3modo y adecuado para realizar trayectos a pie.<\/p>\n\n\n\n<p>Recomendamos encarecidamente adquirir las entradas con antelaci\u00f3n, ya que no todas las visitas guiadas del d\u00eda disponen de gu\u00edas de habla hispana. Muchas veces los turistas deciden adquirir las entradas directamente en taquilla y solo quedan opciones en polaco e ingl\u00e9s.<\/p>\n\n\n\n<p>La disposici\u00f3n de los servicios en las minas est\u00e1 limitado, por lo que recomendamos acudir a los lavabos y servicio antes de comenzar tu recorrido (situados junto al Pozo de Dani\u0142owicza). Independientemente, se realizan breves descansos de 5 minutos para ir al ba\u00f1o entre los 40 y a los 90 minutos de la visita. <\/p>\n\n\n\n<p>En caso de experimentar sensaci\u00f3n de claustrofobia a lo largo de la visita, los gu\u00edas cuentan con un protocolo para socorrer y ayudar a las personas afectadas, adem\u00e1s de contar con conocimientos en primeros auxilios y seguridad. Algunos de los tramos pueden dar la impresi\u00f3n de que el espacio se va cerrando, pero hay espacio suficiente para que los visitantes realicen la actividad de manera c\u00f3moda.<\/p>\n\n\n\n<div style=\"height:100px\" aria-hidden=\"true\" class=\"wp-block-spacer is-style-default\"><\/div>\n\n\n\n<div class=\"wp-block-columns is-layout-flex wp-container-core-columns-is-layout-9d6595d7 wp-block-columns-is-layout-flex\">\n<div class=\"wp-block-column is-layout-flow wp-block-column-is-layout-flow\">\n<figure class=\"wp-block-image size-full\"><a href=\"https:\/\/unexpected.poland.travel\/es\" target=\"_blank\" rel=\"noreferrer noopener\"><img loading=\"lazy\" decoding=\"async\" width=\"300\" height=\"200\" src=\"https:\/\/www.polonia.travel\/es\/wp-content\/uploads\/sites\/18\/2024\/11\/600x200_spain_1.jpg\" alt=\"\" class=\"wp-image-36309\" \/><\/a><\/figure>\n<\/div>\n\n\n\n<div class=\"wp-block-column is-layout-flow wp-block-column-is-layout-flow\">\n<figure class=\"wp-block-image size-full\"><a href=\"https:\/\/unexpected.poland.travel\/es\" target=\"_blank\" rel=\"noreferrer noopener\"><img loading=\"lazy\" decoding=\"async\" width=\"300\" height=\"200\" src=\"https:\/\/www.polonia.travel\/es\/wp-content\/uploads\/sites\/18\/2024\/11\/600x200_spain_2.jpg\" alt=\"\" class=\"wp-image-36311\" \/><\/a><\/figure>\n<\/div>\n<\/div>\n\n\n\n<div style=\"height:100px\" aria-hidden=\"true\" class=\"wp-block-spacer is-style-spacer-small\"><\/div>\n<\/div><\/div>\n\n\n\n<div class=\"wp-block-group has-background\" style=\"background-color:#eeeeee\"><div class=\"wp-block-group__inner-container is-layout-constrained wp-block-group-is-layout-constrained\">\n<div style=\"height:100px\" aria-hidden=\"true\" class=\"wp-block-spacer is-style-spacer-small\"><\/div>\n\n\n\n<div class=\"wp-block-group is-style-container\"><div class=\"wp-block-group__inner-container is-layout-constrained wp-block-group-is-layout-constrained\">\n<h3 class=\"wp-block-heading\">Lee m\u00e1s art\u00edculos<\/h3>\n\n\n<div class=\"overflow\">\n  <div class=\"post-slider swiper post-slider--small\" data-schema=\"small\">\n\n    <div class=\"swiper-wrapper\">\n              <div class=\"swiper-slide post-slide\">\n                      <a href=\"https:\/\/www.polonia.travel\/es\/mina-neolitica-de-silex\/\" class=\"post-box post-box--small\" style=\" background-image: url(https:\/\/www.polonia.travel\/es\/wp-content\/uploads\/sites\/18\/2022\/12\/krzemionki_opatowskie_5_1170-600x400.jpg);\">\n          <div class=\"post-box__hover\" style=\"background-image: url(https:\/\/www.polonia.travel\/es\/wp-content\/uploads\/sites\/18\/2022\/12\/krzemionki_opatowskie_6_1170-600x400.jpg);\"><\/div>\n        <div class=\"post-box__info\">\n            <div class=\"post-box__title\">Mina neol\u00edtica de s\u00edlex<\/div>\n      <div class=\"post-box__more\">Leer m\u00e1s<\/div>\n    <\/div>\n  <\/a>\n\n          <\/div>\n              <div class=\"swiper-slide post-slide\">\n                      <a href=\"https:\/\/www.polonia.travel\/es\/hayedos-primarios-de-los-carpatos-y-otras-regiones-de-europa\/\" class=\"post-box post-box--small\" style=\" background-image: url(https:\/\/www.polonia.travel\/es\/wp-content\/uploads\/sites\/18\/2023\/03\/lasy-bukowe-AdobeStock_64549064-e1679315591239-600x351.jpeg);\">\n        <div class=\"post-box__info\">\n            <div class=\"post-box__title\">Hayedos primarios de los C\u00e1rpatos y otras regiones de Europa<\/div>\n      <div class=\"post-box__more\">Leer m\u00e1s<\/div>\n    <\/div>\n  <\/a>\n\n          <\/div>\n              <div class=\"swiper-slide post-slide\">\n                      <a href=\"https:\/\/www.polonia.travel\/es\/zamosc-ciudad-ideal-1992\/\" class=\"post-box post-box--small\" style=\" background-image: url(https:\/\/www.polonia.travel\/es\/wp-content\/uploads\/sites\/18\/2024\/04\/2B861820Zamosc5B192x12520cm5D_WLO20540x350.jpg);\">\n          <div class=\"post-box__hover\" style=\"background-image: url(https:\/\/www.polonia.travel\/es\/wp-content\/uploads\/sites\/18\/2024\/04\/zamosc_5_1170-600x400.jpg);\"><\/div>\n        <div class=\"post-box__info\">\n            <div class=\"post-box__title\">Zamo\u015b\u0107, ciudad ideal (1992)<\/div>\n      <div class=\"post-box__more\">Leer m\u00e1s<\/div>\n    <\/div>\n  <\/a>\n\n          <\/div>\n              <div class=\"swiper-slide post-slide\">\n                      <a href=\"https:\/\/www.polonia.travel\/es\/varsovia-1980\/\" class=\"post-box post-box--small\" style=\" background-image: url(https:\/\/www.polonia.travel\/es\/wp-content\/uploads\/sites\/18\/2022\/12\/warszawa_syrenka_1170-600x400.jpg);\">\n          <div class=\"post-box__hover\" style=\"background-image: url(https:\/\/www.polonia.travel\/es\/wp-content\/uploads\/sites\/18\/2022\/12\/zamek_krolewski_warszawa_1170-600x400.jpg);\"><\/div>\n        <div class=\"post-box__info\">\n            <div class=\"post-box__title\">Varsovia (1980)<\/div>\n      <div class=\"post-box__more\">Leer m\u00e1s<\/div>\n    <\/div>\n  <\/a>\n\n          <\/div>\n              <div class=\"swiper-slide post-slide\">\n                      <a href=\"https:\/\/www.polonia.travel\/es\/iglesias-de-la-paz-2001\/\" class=\"post-box post-box--small\" style=\" background-image: url(https:\/\/www.polonia.travel\/es\/wp-content\/uploads\/sites\/18\/2023\/03\/Ewangelicko-Augsburski_Kosciol_Pokoju_Jawor2-xl-600x400.jpg);\">\n          <div class=\"post-box__hover\" style=\"background-image: url(https:\/\/www.polonia.travel\/es\/wp-content\/uploads\/sites\/18\/2022\/12\/Swidnica_fotopolska-600x436.jpg);\"><\/div>\n        <div class=\"post-box__info\">\n            <div class=\"post-box__title\">Iglesias de la Paz (2001)<\/div>\n      <div class=\"post-box__more\">Leer m\u00e1s<\/div>\n    <\/div>\n  <\/a>\n\n          <\/div>\n              <div class=\"swiper-slide post-slide\">\n                      <a href=\"https:\/\/www.polonia.travel\/es\/iglesias-ortodoxas-de-madera-2013\/\" class=\"post-box post-box--small\" style=\" background-image: url(https:\/\/www.polonia.travel\/es\/wp-content\/uploads\/sites\/18\/2023\/02\/00735_4466_Radruz_cerkiew_TP_P-600x400.jpg);\">\n          <div class=\"post-box__hover\" style=\"background-image: url(https:\/\/www.polonia.travel\/es\/wp-content\/uploads\/sites\/18\/2023\/02\/4511_Chotyniec_cerkiew_Narodzenia_NMP_TP_P-600x400.jpg);\"><\/div>\n        <div class=\"post-box__info\">\n            <div class=\"post-box__title\">Iglesias ortodoxas de madera (2013)<\/div>\n      <div class=\"post-box__more\">Leer m\u00e1s<\/div>\n    <\/div>\n  <\/a>\n\n          <\/div>\n              <div class=\"swiper-slide post-slide\">\n                      <a href=\"https:\/\/www.polonia.travel\/es\/iglesias-goticas-de-madera-2003\/\" class=\"post-box post-box--small\" style=\" background-image: url(https:\/\/www.polonia.travel\/es\/wp-content\/uploads\/sites\/18\/2023\/02\/Lipnica_Murowana_TP00774_1603_TP-600x400.jpg);\">\n          <div class=\"post-box__hover\" style=\"background-image: url(https:\/\/www.polonia.travel\/es\/wp-content\/uploads\/sites\/18\/2024\/04\/Binarowa_WEB_kosc_Michala_Archaniola_TP00462_3096_TP-600x400.jpg);\"><\/div>\n        <div class=\"post-box__info\">\n            <div class=\"post-box__title\">Iglesias g\u00f3ticas de madera (2003)<\/div>\n      <div class=\"post-box__more\">Leer m\u00e1s<\/div>\n    <\/div>\n  <\/a>\n\n          <\/div>\n              <div class=\"swiper-slide post-slide\">\n                      <a href=\"https:\/\/www.polonia.travel\/es\/kalwaria-zebrzydowska-1999\/\" class=\"post-box post-box--small\" style=\" background-image: url(https:\/\/www.polonia.travel\/es\/wp-content\/uploads\/sites\/18\/2022\/12\/kalwaria_zebrzydowska_1_1170-1-600x400.jpg);\">\n          <div class=\"post-box__hover\" style=\"background-image: url(https:\/\/www.polonia.travel\/es\/wp-content\/uploads\/sites\/18\/2022\/12\/kalwaria_zebrzydowska_4_1170-600x400.jpg);\"><\/div>\n        <div class=\"post-box__info\">\n            <div class=\"post-box__title\">Kalwaria Zebrzydowska (1999)<\/div>\n      <div class=\"post-box__more\">Leer m\u00e1s<\/div>\n    <\/div>\n  <\/a>\n\n          <\/div>\n              <div class=\"swiper-slide post-slide\">\n                      <a href=\"https:\/\/www.polonia.travel\/es\/antiguo-campo-de-concentracion-nazi-auschwitz-birkenau-1979\/\" class=\"post-box post-box--small\" style=\" background-image: url(https:\/\/www.polonia.travel\/es\/wp-content\/uploads\/sites\/18\/2024\/04\/Auschwitz20Birkenau20540x354-1.jpg);\">\n          <div class=\"post-box__hover\" style=\"background-image: url(https:\/\/www.polonia.travel\/es\/wp-content\/uploads\/sites\/18\/2022\/12\/Plansza-2-Auschwitz-Birkenau-miniatura-1-600x396.jpg);\"><\/div>\n        <div class=\"post-box__info\">\n            <div class=\"post-box__title\">Antiguo Campo de Concentraci\u00f3n Nazi Auschwitz-Birkenau (1979)<\/div>\n      <div class=\"post-box__more\">Leer m\u00e1s<\/div>\n    <\/div>\n  <\/a>\n\n          <\/div>\n              <div class=\"swiper-slide post-slide\">\n                      <a href=\"https:\/\/www.polonia.travel\/es\/la-mina-de-sal-de-wieliczka-1978-y-bochnia\/\" class=\"post-box post-box--small\" style=\" background-image: url(https:\/\/www.polonia.travel\/es\/wp-content\/uploads\/sites\/18\/2023\/01\/unesco-600x399.jpg);\">\n          <div class=\"post-box__hover\" style=\"background-image: url(https:\/\/www.polonia.travel\/es\/wp-content\/uploads\/sites\/18\/2022\/12\/bochnia_10_1170-600x400.jpg);\"><\/div>\n        <div class=\"post-box__info\">\n            <div class=\"post-box__title\">La Mina de Sal de Wieliczka (1978) y Bochnia<\/div>\n      <div class=\"post-box__more\">Leer m\u00e1s<\/div>\n    <\/div>\n  <\/a>\n\n          <\/div>\n              <div class=\"swiper-slide post-slide\">\n                      <a href=\"https:\/\/www.polonia.travel\/es\/cracovia-1978\/\" class=\"post-box post-box--small\" style=\" background-image: url(https:\/\/www.polonia.travel\/es\/wp-content\/uploads\/sites\/18\/2023\/07\/Krakow1170-600x400.jpg);\">\n          <div class=\"post-box__hover\" style=\"background-image: url(https:\/\/www.polonia.travel\/es\/wp-content\/uploads\/sites\/18\/2022\/12\/krakow_rynek_2_1170-600x400.jpg);\"><\/div>\n        <div class=\"post-box__info\">\n            <div class=\"post-box__title\">Cracovia (1978)<\/div>\n      <div class=\"post-box__more\">Leer m\u00e1s<\/div>\n    <\/div>\n  <\/a>\n\n          <\/div>\n              <div class=\"swiper-slide post-slide\">\n                      <a href=\"https:\/\/www.polonia.travel\/es\/mina-de-plata-zinc-y-plomo-en-tarnowskie-gory-2017\/\" class=\"post-box post-box--small\" style=\" background-image: url(https:\/\/www.polonia.travel\/es\/wp-content\/uploads\/sites\/18\/2022\/12\/zabytkowa_kopalnia_srebra_tarnowskie_gory_1170-600x400.jpg);\">\n          <div class=\"post-box__hover\" style=\"background-image: url(https:\/\/www.polonia.travel\/es\/wp-content\/uploads\/sites\/18\/2022\/12\/kopalnia_srebra_tarnowskie_gory_5_1170-600x400.jpg);\"><\/div>\n        <div class=\"post-box__info\">\n            <div class=\"post-box__title\">Mina de Plata, Zinc y Plomo en Tarnowskie G\u00f3ry (2017)<\/div>\n      <div class=\"post-box__more\">Leer m\u00e1s<\/div>\n    <\/div>\n  <\/a>\n\n          <\/div>\n              <div class=\"swiper-slide post-slide\">\n                      <a href=\"https:\/\/www.polonia.travel\/es\/pabellon-del-centenario-2006\/\" class=\"post-box post-box--small\" style=\" background-image: url(https:\/\/www.polonia.travel\/es\/wp-content\/uploads\/sites\/18\/2022\/12\/hala_stulecia_wroclaw_1170-600x400.jpg);\">\n          <div class=\"post-box__hover\" style=\"background-image: url(https:\/\/www.polonia.travel\/es\/wp-content\/uploads\/sites\/18\/2023\/03\/HalaLudowa-600x400.jpg);\"><\/div>\n        <div class=\"post-box__info\">\n            <div class=\"post-box__title\">Pabell\u00f3n del Centenario (2006)<\/div>\n      <div class=\"post-box__more\">Leer m\u00e1s<\/div>\n    <\/div>\n  <\/a>\n\n          <\/div>\n              <div class=\"swiper-slide post-slide\">\n                      <a href=\"https:\/\/www.polonia.travel\/es\/parque-paisajistico-muzakowski-2004\/\" class=\"post-box post-box--small\" style=\" background-image: url(https:\/\/www.polonia.travel\/es\/wp-content\/uploads\/sites\/18\/2023\/07\/3584_Park-MuC5BCakowski_paC582ac_AB_HR-600x400.jpg);\">\n          <div class=\"post-box__hover\" style=\"background-image: url(https:\/\/www.polonia.travel\/es\/wp-content\/uploads\/sites\/18\/2023\/03\/park_muzakowski-1-e1679051070604-600x388.jpg);\"><\/div>\n        <div class=\"post-box__info\">\n            <div class=\"post-box__title\">Parque Paisaj\u00edstico Mu\u017cakowski (2004)<\/div>\n      <div class=\"post-box__more\">Leer m\u00e1s<\/div>\n    <\/div>\n  <\/a>\n\n          <\/div>\n              <div class=\"swiper-slide post-slide\">\n                      <a href=\"https:\/\/www.polonia.travel\/es\/parque-nacional-de-bialowieza-unesco-1979-y-2014\/\" class=\"post-box post-box--small\" style=\" background-image: url(https:\/\/www.polonia.travel\/es\/wp-content\/uploads\/sites\/18\/2023\/07\/bialowieza-zubry-1-600x400.jpg);\">\n          <div class=\"post-box__hover\" style=\"background-image: url(https:\/\/www.polonia.travel\/es\/wp-content\/uploads\/sites\/18\/2023\/07\/bialowiezaforest-600x400.jpg);\"><\/div>\n        <div class=\"post-box__info\">\n            <div class=\"post-box__title\">Parque Nacional de Bia\u0142owie\u017ca (UNESCO 1979 y 2014)<\/div>\n      <div class=\"post-box__more\">Leer m\u00e1s<\/div>\n    <\/div>\n  <\/a>\n\n          <\/div>\n              <div class=\"swiper-slide post-slide\">\n                      <a href=\"https:\/\/www.polonia.travel\/es\/torun-ciudad-natal-de-nicolas-copernico-1997\/\" class=\"post-box post-box--small\" style=\" background-image: url(https:\/\/www.polonia.travel\/es\/wp-content\/uploads\/sites\/18\/2024\/04\/Torun_Kopernik_540_360.jpg);\">\n          <div class=\"post-box__hover\" style=\"background-image: url(https:\/\/www.polonia.travel\/es\/wp-content\/uploads\/sites\/18\/2024\/04\/Torun20panorama20540x360-2.jpg);\"><\/div>\n        <div class=\"post-box__info\">\n            <div class=\"post-box__title\">Torun, ciudad natal de Nicol\u00e1s Cop\u00e9rnico (1997)<\/div>\n      <div class=\"post-box__more\">Leer m\u00e1s<\/div>\n    <\/div>\n  <\/a>\n\n          <\/div>\n              <div class=\"swiper-slide post-slide\">\n                      <a href=\"https:\/\/www.polonia.travel\/es\/malbork-1997\/\" class=\"post-box post-box--small\" style=\" background-image: url(https:\/\/www.polonia.travel\/es\/wp-content\/uploads\/sites\/18\/2023\/07\/zamek_malbork_1170-600x400.jpg);\">\n          <div class=\"post-box__hover\" style=\"background-image: url(https:\/\/www.polonia.travel\/es\/wp-content\/uploads\/sites\/18\/2022\/12\/zamek_w_malborku_1170-2-600x400.jpg);\"><\/div>\n        <div class=\"post-box__info\">\n            <div class=\"post-box__title\">Malbork (1997)<\/div>\n      <div class=\"post-box__more\">Leer m\u00e1s<\/div>\n    <\/div>\n  <\/a>\n\n          <\/div>\n              <div class=\"swiper-slide post-slide\">\n                      <a href=\"https:\/\/www.polonia.travel\/es\/los-belenes-de-cracovia-patrimonio-no-material-de-la-unesco\/\" class=\"post-box post-box--small\" style=\" background-image: url(https:\/\/www.polonia.travel\/es\/wp-content\/uploads\/sites\/18\/2024\/04\/szopki20krakowskie20540x380.jpg);\">\n          <div class=\"post-box__hover\" style=\"background-image: url(https:\/\/www.polonia.travel\/es\/wp-content\/uploads\/sites\/18\/2023\/07\/jarmarki_bozonarodzeniowe_krakow_1170-600x400.jpg);\"><\/div>\n        <div class=\"post-box__info\">\n            <div class=\"post-box__title\">Los belenes de Cracovia, Patrimonio no material de la UNESCO<\/div>\n      <div class=\"post-box__more\">Leer m\u00e1s<\/div>\n    <\/div>\n  <\/a>\n\n          <\/div>\n          <\/div>\n    <div class=\"post-slider__pagination\"><\/div>\n  <\/div>\n<\/div>\n<\/div><\/div>\n\n\n\n<div style=\"height:100px\" aria-hidden=\"true\" class=\"wp-block-spacer is-style-spacer-small\"><\/div>\n<\/div><\/div>\n","protected":false},"excerpt":{"rendered":"<p>A la hora de la reserva y compra de las entradas online, habr\u00e1 dos posibilidades: el Itinerario Tur\u00edstico (con opci\u00f3n de realizarla en espa\u00f1ol seg\u00fan lo arriba indicado) y el Itinerario Minero (de momento disponible en ingl\u00e9s).&nbsp;El itinerario tur\u00edstico tiene una duraci\u00f3n aproximada de 2-3 horas, recorriendo una distancia de 3,5 km. En cambio, el [&hellip;]<\/p>\n","protected":false},"author":1,"featured_media":20847,"comment_status":"open","ping_status":"open","sticky":false,"template":"","format":"standard","meta":{"_acf_changed":false,"footnotes":""},"categories":[1039],"class_list":["post-31360","post","type-post","status-publish","format-standard","has-post-thumbnail","hentry","category-monumentos-unesco-en-polonia"],"acf":[],"yoast_head":"<!-- This site is optimized with the Yoast SEO plugin v27.4 - https:\/\/yoast.com\/product\/yoast-seo-wordpress\/ -->\n<title>La Mina de Sal de Wieliczka (1978) y Bochnia - Polonia Travel (ES)<\/title>\n<meta name=\"robots\" content=\"index, follow, max-snippet:-1, max-image-preview:large, max-video-preview:-1\" \/>\n<link rel=\"canonical\" href=\"https:\/\/www.polonia.travel\/es\/la-mina-de-sal-de-wieliczka-1978-y-bochnia\/\" \/>\n<meta property=\"og:locale\" content=\"pl_PL\" \/>\n<meta property=\"og:type\" content=\"article\" \/>\n<meta property=\"og:title\" content=\"La Mina de Sal de Wieliczka (1978) y Bochnia - Polonia Travel (ES)\" \/>\n<meta property=\"og:description\" content=\"A la hora de la reserva y compra de las entradas online, habr\u00e1 dos posibilidades: el Itinerario Tur\u00edstico (con opci\u00f3n de realizarla en espa\u00f1ol seg\u00fan lo arriba indicado) y el Itinerario Minero (de momento disponible en ingl\u00e9s).&nbsp;El itinerario tur\u00edstico tiene una duraci\u00f3n aproximada de 2-3 horas, recorriendo una distancia de 3,5 km. En cambio, el [&hellip;]\" \/>\n<meta property=\"og:url\" content=\"https:\/\/www.polonia.travel\/es\/la-mina-de-sal-de-wieliczka-1978-y-bochnia\/\" \/>\n<meta property=\"og:site_name\" content=\"Polonia Travel (ES)\" \/>\n<meta property=\"article:published_time\" content=\"2024-05-08T08:07:15+00:00\" \/>\n<meta property=\"article:modified_time\" content=\"2025-08-22T08:45:54+00:00\" \/>\n<meta property=\"og:image\" content=\"https:\/\/www.polonia.travel\/es\/wp-content\/uploads\/sites\/18\/2023\/02\/Wieliczka-kaplica-sw-Kingi-3.jpg\" \/>\n\t<meta property=\"og:image:width\" content=\"1920\" \/>\n\t<meta property=\"og:image:height\" content=\"498\" \/>\n\t<meta property=\"og:image:type\" content=\"image\/jpeg\" \/>\n<meta name=\"twitter:card\" content=\"summary_large_image\" \/>\n<meta name=\"twitter:label1\" content=\"Napisane przez\" \/>\n\t<meta name=\"twitter:data1\" content=\"\" \/>\n\t<meta name=\"twitter:label2\" content=\"Szacowany czas czytania\" \/>\n\t<meta name=\"twitter:data2\" content=\"6 minut\" \/>\n<script type=\"application\/ld+json\" class=\"yoast-schema-graph\">{\"@context\":\"https:\\\/\\\/schema.org\",\"@graph\":[{\"@type\":\"Article\",\"@id\":\"https:\\\/\\\/www.polonia.travel\\\/es\\\/la-mina-de-sal-de-wieliczka-1978-y-bochnia\\\/#article\",\"isPartOf\":{\"@id\":\"https:\\\/\\\/www.polonia.travel\\\/es\\\/la-mina-de-sal-de-wieliczka-1978-y-bochnia\\\/\"},\"author\":{\"name\":\"\",\"@id\":\"\"},\"headline\":\"La Mina de Sal de Wieliczka (1978) y Bochnia\",\"datePublished\":\"2024-05-08T08:07:15+00:00\",\"dateModified\":\"2025-08-22T08:45:54+00:00\",\"mainEntityOfPage\":{\"@id\":\"https:\\\/\\\/www.polonia.travel\\\/es\\\/la-mina-de-sal-de-wieliczka-1978-y-bochnia\\\/\"},\"wordCount\":770,\"commentCount\":0,\"publisher\":{\"@id\":\"https:\\\/\\\/www.polonia.travel\\\/es\\\/#organization\"},\"image\":{\"@id\":\"https:\\\/\\\/www.polonia.travel\\\/es\\\/la-mina-de-sal-de-wieliczka-1978-y-bochnia\\\/#primaryimage\"},\"thumbnailUrl\":\"https:\\\/\\\/www.polonia.travel\\\/es\\\/wp-content\\\/uploads\\\/sites\\\/18\\\/2023\\\/02\\\/Wieliczka-kaplica-sw-Kingi-3.jpg\",\"keywords\":[\"es\",\"que-ver\",\"monumentos\",\"monumentos-unesco-en-polonia\"],\"articleSection\":[\"Monumentos UNESCO en Polonia\"],\"inLanguage\":\"pl-PL\"},{\"@type\":\"WebPage\",\"@id\":\"https:\\\/\\\/www.polonia.travel\\\/es\\\/la-mina-de-sal-de-wieliczka-1978-y-bochnia\\\/\",\"url\":\"https:\\\/\\\/www.polonia.travel\\\/es\\\/la-mina-de-sal-de-wieliczka-1978-y-bochnia\\\/\",\"name\":\"La Mina de Sal de Wieliczka (1978) y Bochnia - Polonia Travel (ES)\",\"isPartOf\":{\"@id\":\"https:\\\/\\\/www.polonia.travel\\\/es\\\/#website\"},\"primaryImageOfPage\":{\"@id\":\"https:\\\/\\\/www.polonia.travel\\\/es\\\/la-mina-de-sal-de-wieliczka-1978-y-bochnia\\\/#primaryimage\"},\"image\":{\"@id\":\"https:\\\/\\\/www.polonia.travel\\\/es\\\/la-mina-de-sal-de-wieliczka-1978-y-bochnia\\\/#primaryimage\"},\"thumbnailUrl\":\"https:\\\/\\\/www.polonia.travel\\\/es\\\/wp-content\\\/uploads\\\/sites\\\/18\\\/2023\\\/02\\\/Wieliczka-kaplica-sw-Kingi-3.jpg\",\"datePublished\":\"2024-05-08T08:07:15+00:00\",\"dateModified\":\"2025-08-22T08:45:54+00:00\",\"breadcrumb\":{\"@id\":\"https:\\\/\\\/www.polonia.travel\\\/es\\\/la-mina-de-sal-de-wieliczka-1978-y-bochnia\\\/#breadcrumb\"},\"inLanguage\":\"pl-PL\",\"potentialAction\":[{\"@type\":\"ReadAction\",\"target\":[\"https:\\\/\\\/www.polonia.travel\\\/es\\\/la-mina-de-sal-de-wieliczka-1978-y-bochnia\\\/\"]}]},{\"@type\":\"ImageObject\",\"inLanguage\":\"pl-PL\",\"@id\":\"https:\\\/\\\/www.polonia.travel\\\/es\\\/la-mina-de-sal-de-wieliczka-1978-y-bochnia\\\/#primaryimage\",\"url\":\"https:\\\/\\\/www.polonia.travel\\\/es\\\/wp-content\\\/uploads\\\/sites\\\/18\\\/2023\\\/02\\\/Wieliczka-kaplica-sw-Kingi-3.jpg\",\"contentUrl\":\"https:\\\/\\\/www.polonia.travel\\\/es\\\/wp-content\\\/uploads\\\/sites\\\/18\\\/2023\\\/02\\\/Wieliczka-kaplica-sw-Kingi-3.jpg\",\"width\":1920,\"height\":498},{\"@type\":\"BreadcrumbList\",\"@id\":\"https:\\\/\\\/www.polonia.travel\\\/es\\\/la-mina-de-sal-de-wieliczka-1978-y-bochnia\\\/#breadcrumb\",\"itemListElement\":[{\"@type\":\"ListItem\",\"position\":1,\"name\":\"Home page\",\"item\":\"https:\\\/\\\/www.polonia.travel\\\/es\\\/\"},{\"@type\":\"ListItem\",\"position\":2,\"name\":\"Descubre +\",\"item\":\"https:\\\/\\\/www.polonia.travel\\\/es\\\/category\\\/descubre-lugares\\\/\"},{\"@type\":\"ListItem\",\"position\":3,\"name\":\"Monumentos UNESCO en Polonia\",\"item\":\"https:\\\/\\\/www.polonia.travel\\\/es\\\/category\\\/descubre-lugares\\\/monumentos-unesco-en-polonia\\\/\"},{\"@type\":\"ListItem\",\"position\":4,\"name\":\"La Mina de Sal de Wieliczka (1978) y Bochnia\"}]},{\"@type\":\"WebSite\",\"@id\":\"https:\\\/\\\/www.polonia.travel\\\/es\\\/#website\",\"url\":\"https:\\\/\\\/www.polonia.travel\\\/es\\\/\",\"name\":\"Polonia Travel (ES)\",\"description\":\"...\",\"publisher\":{\"@id\":\"https:\\\/\\\/www.polonia.travel\\\/es\\\/#organization\"},\"potentialAction\":[{\"@type\":\"SearchAction\",\"target\":{\"@type\":\"EntryPoint\",\"urlTemplate\":\"https:\\\/\\\/www.polonia.travel\\\/es\\\/?s={search_term_string}\"},\"query-input\":{\"@type\":\"PropertyValueSpecification\",\"valueRequired\":true,\"valueName\":\"search_term_string\"}}],\"inLanguage\":\"pl-PL\"},{\"@type\":\"Organization\",\"@id\":\"https:\\\/\\\/www.polonia.travel\\\/es\\\/#organization\",\"name\":\"Polonia Travel (ES)\",\"url\":\"https:\\\/\\\/www.polonia.travel\\\/es\\\/\",\"logo\":{\"@type\":\"ImageObject\",\"inLanguage\":\"pl-PL\",\"@id\":\"https:\\\/\\\/www.polonia.travel\\\/es\\\/#\\\/schema\\\/logo\\\/image\\\/\",\"url\":\"\",\"contentUrl\":\"\",\"caption\":\"Polonia Travel (ES)\"},\"image\":{\"@id\":\"https:\\\/\\\/www.polonia.travel\\\/es\\\/#\\\/schema\\\/logo\\\/image\\\/\"}},{\"@type\":\"Person\",\"@id\":\"\"}]}<\/script>\n<!-- \/ Yoast SEO plugin. -->","yoast_head_json":{"title":"La Mina de Sal de Wieliczka (1978) y Bochnia - Polonia Travel (ES)","robots":{"index":"index","follow":"follow","max-snippet":"max-snippet:-1","max-image-preview":"max-image-preview:large","max-video-preview":"max-video-preview:-1"},"canonical":"https:\/\/www.polonia.travel\/es\/la-mina-de-sal-de-wieliczka-1978-y-bochnia\/","og_locale":"pl_PL","og_type":"article","og_title":"La Mina de Sal de Wieliczka (1978) y Bochnia - Polonia Travel (ES)","og_description":"A la hora de la reserva y compra de las entradas online, habr\u00e1 dos posibilidades: el Itinerario Tur\u00edstico (con opci\u00f3n de realizarla en espa\u00f1ol seg\u00fan lo arriba indicado) y el Itinerario Minero (de momento disponible en ingl\u00e9s).&nbsp;El itinerario tur\u00edstico tiene una duraci\u00f3n aproximada de 2-3 horas, recorriendo una distancia de 3,5 km. En cambio, el [&hellip;]","og_url":"https:\/\/www.polonia.travel\/es\/la-mina-de-sal-de-wieliczka-1978-y-bochnia\/","og_site_name":"Polonia Travel (ES)","article_published_time":"2024-05-08T08:07:15+00:00","article_modified_time":"2025-08-22T08:45:54+00:00","og_image":[{"width":1920,"height":498,"url":"https:\/\/www.polonia.travel\/es\/wp-content\/uploads\/sites\/18\/2023\/02\/Wieliczka-kaplica-sw-Kingi-3.jpg","type":"image\/jpeg"}],"twitter_card":"summary_large_image","twitter_misc":{"Napisane przez":"","Szacowany czas czytania":"6 minut"},"schema":{"@context":"https:\/\/schema.org","@graph":[{"@type":"Article","@id":"https:\/\/www.polonia.travel\/es\/la-mina-de-sal-de-wieliczka-1978-y-bochnia\/#article","isPartOf":{"@id":"https:\/\/www.polonia.travel\/es\/la-mina-de-sal-de-wieliczka-1978-y-bochnia\/"},"author":{"name":"","@id":""},"headline":"La Mina de Sal de Wieliczka (1978) y Bochnia","datePublished":"2024-05-08T08:07:15+00:00","dateModified":"2025-08-22T08:45:54+00:00","mainEntityOfPage":{"@id":"https:\/\/www.polonia.travel\/es\/la-mina-de-sal-de-wieliczka-1978-y-bochnia\/"},"wordCount":770,"commentCount":0,"publisher":{"@id":"https:\/\/www.polonia.travel\/es\/#organization"},"image":{"@id":"https:\/\/www.polonia.travel\/es\/la-mina-de-sal-de-wieliczka-1978-y-bochnia\/#primaryimage"},"thumbnailUrl":"https:\/\/www.polonia.travel\/es\/wp-content\/uploads\/sites\/18\/2023\/02\/Wieliczka-kaplica-sw-Kingi-3.jpg","keywords":["es","que-ver","monumentos","monumentos-unesco-en-polonia"],"articleSection":["Monumentos UNESCO en Polonia"],"inLanguage":"pl-PL"},{"@type":"WebPage","@id":"https:\/\/www.polonia.travel\/es\/la-mina-de-sal-de-wieliczka-1978-y-bochnia\/","url":"https:\/\/www.polonia.travel\/es\/la-mina-de-sal-de-wieliczka-1978-y-bochnia\/","name":"La Mina de Sal de Wieliczka (1978) y Bochnia - Polonia Travel (ES)","isPartOf":{"@id":"https:\/\/www.polonia.travel\/es\/#website"},"primaryImageOfPage":{"@id":"https:\/\/www.polonia.travel\/es\/la-mina-de-sal-de-wieliczka-1978-y-bochnia\/#primaryimage"},"image":{"@id":"https:\/\/www.polonia.travel\/es\/la-mina-de-sal-de-wieliczka-1978-y-bochnia\/#primaryimage"},"thumbnailUrl":"https:\/\/www.polonia.travel\/es\/wp-content\/uploads\/sites\/18\/2023\/02\/Wieliczka-kaplica-sw-Kingi-3.jpg","datePublished":"2024-05-08T08:07:15+00:00","dateModified":"2025-08-22T08:45:54+00:00","breadcrumb":{"@id":"https:\/\/www.polonia.travel\/es\/la-mina-de-sal-de-wieliczka-1978-y-bochnia\/#breadcrumb"},"inLanguage":"pl-PL","potentialAction":[{"@type":"ReadAction","target":["https:\/\/www.polonia.travel\/es\/la-mina-de-sal-de-wieliczka-1978-y-bochnia\/"]}]},{"@type":"ImageObject","inLanguage":"pl-PL","@id":"https:\/\/www.polonia.travel\/es\/la-mina-de-sal-de-wieliczka-1978-y-bochnia\/#primaryimage","url":"https:\/\/www.polonia.travel\/es\/wp-content\/uploads\/sites\/18\/2023\/02\/Wieliczka-kaplica-sw-Kingi-3.jpg","contentUrl":"https:\/\/www.polonia.travel\/es\/wp-content\/uploads\/sites\/18\/2023\/02\/Wieliczka-kaplica-sw-Kingi-3.jpg","width":1920,"height":498},{"@type":"BreadcrumbList","@id":"https:\/\/www.polonia.travel\/es\/la-mina-de-sal-de-wieliczka-1978-y-bochnia\/#breadcrumb","itemListElement":[{"@type":"ListItem","position":1,"name":"Home page","item":"https:\/\/www.polonia.travel\/es\/"},{"@type":"ListItem","position":2,"name":"Descubre +","item":"https:\/\/www.polonia.travel\/es\/category\/descubre-lugares\/"},{"@type":"ListItem","position":3,"name":"Monumentos UNESCO en Polonia","item":"https:\/\/www.polonia.travel\/es\/category\/descubre-lugares\/monumentos-unesco-en-polonia\/"},{"@type":"ListItem","position":4,"name":"La Mina de Sal de Wieliczka (1978) y Bochnia"}]},{"@type":"WebSite","@id":"https:\/\/www.polonia.travel\/es\/#website","url":"https:\/\/www.polonia.travel\/es\/","name":"Polonia Travel (ES)","description":"...","publisher":{"@id":"https:\/\/www.polonia.travel\/es\/#organization"},"potentialAction":[{"@type":"SearchAction","target":{"@type":"EntryPoint","urlTemplate":"https:\/\/www.polonia.travel\/es\/?s={search_term_string}"},"query-input":{"@type":"PropertyValueSpecification","valueRequired":true,"valueName":"search_term_string"}}],"inLanguage":"pl-PL"},{"@type":"Organization","@id":"https:\/\/www.polonia.travel\/es\/#organization","name":"Polonia Travel (ES)","url":"https:\/\/www.polonia.travel\/es\/","logo":{"@type":"ImageObject","inLanguage":"pl-PL","@id":"https:\/\/www.polonia.travel\/es\/#\/schema\/logo\/image\/","url":"","contentUrl":"","caption":"Polonia Travel (ES)"},"image":{"@id":"https:\/\/www.polonia.travel\/es\/#\/schema\/logo\/image\/"}},{"@type":"Person","@id":""}]}},"_links":{"self":[{"href":"https:\/\/www.polonia.travel\/es\/wp-json\/wp\/v2\/posts\/31360","targetHints":{"allow":["GET"]}}],"collection":[{"href":"https:\/\/www.polonia.travel\/es\/wp-json\/wp\/v2\/posts"}],"about":[{"href":"https:\/\/www.polonia.travel\/es\/wp-json\/wp\/v2\/types\/post"}],"author":[{"embeddable":true,"href":"https:\/\/www.polonia.travel\/es\/wp-json\/wp\/v2\/users\/1"}],"replies":[{"embeddable":true,"href":"https:\/\/www.polonia.travel\/es\/wp-json\/wp\/v2\/comments?post=31360"}],"version-history":[{"count":11,"href":"https:\/\/www.polonia.travel\/es\/wp-json\/wp\/v2\/posts\/31360\/revisions"}],"predecessor-version":[{"id":38051,"href":"https:\/\/www.polonia.travel\/es\/wp-json\/wp\/v2\/posts\/31360\/revisions\/38051"}],"wp:featuredmedia":[{"embeddable":true,"href":"https:\/\/www.polonia.travel\/es\/wp-json\/wp\/v2\/media\/20847"}],"wp:attachment":[{"href":"https:\/\/www.polonia.travel\/es\/wp-json\/wp\/v2\/media?parent=31360"}],"wp:term":[{"taxonomy":"category","embeddable":true,"href":"https:\/\/www.polonia.travel\/es\/wp-json\/wp\/v2\/categories?post=31360"}],"curies":[{"name":"wp","href":"https:\/\/api.w.org\/{rel}","templated":true}]}}