{"id":31348,"date":"2024-05-06T14:59:08","date_gmt":"2024-05-06T12:59:08","guid":{"rendered":"https:\/\/wp-es.poland.travel\/?p=31348"},"modified":"2026-02-12T16:26:15","modified_gmt":"2026-02-12T15:26:15","slug":"parque-nacional-del-narew","status":"publish","type":"post","link":"https:\/\/www.polonia.travel\/es\/parque-nacional-del-narew\/","title":{"rendered":"Parque Nacional del Narew"},"content":{"rendered":"\n<div class=\"wp-block-group is-style-container\"><div class=\"wp-block-group__inner-container is-layout-constrained wp-block-group-is-layout-constrained\">\n<!-- empty -->\n\n\n<div class=\"metrics\">\n  <div class=\"metrics__text\">\n    <h1 class=\"is-style-heading-38 mb20 large-mb30\">Parque Nacional del Narew<\/h1>\n    <p>En\u00a0 la parte noreste de Polonia, en la regi\u00f3n de <strong>Podlasie<\/strong>, se encuentran varios parques nacionales. Aparte del famoso parque de<strong> Bialowieza<\/strong>, cabe destacar el parque nacional del r\u00edo Narew (<em>Narwianski Park Narodowy<\/em>).<\/p>\n  <\/div>\n  <div class=\"metrics__sidebar\">\n    <div class=\"metrics-box\">\n              <div class=\"metrics-box__title\">Informaci\u00f3n b\u00e1sica<\/div>\n        <div class=\"metrics-box__values\">\n                                        <div class=\"metrics-box__item\">\n      <div class=\"metrics-box__label\">Superficie<\/div>\n      <div class=\"metrics-box__value\">15 408 ha<\/div>\n    <\/div>\n                                <div class=\"metrics-box__item\">\n      <div class=\"metrics-box__label\">Fecha de creaci\u00f3n<\/div>\n      <div class=\"metrics-box__value\">01.07.1996<\/div>\n    <\/div>\n                                <div class=\"metrics-box__item\">\n      <div class=\"metrics-box__label\">S\u00edmbolo del parque <\/div>\n      <div class=\"metrics-box__value\">Aguilucho lagunero<\/div>\n    <\/div>\n                                <\/div>\n                    <div class=\"metrics-box__links\">\n                      <a href=\"https:\/\/npn.gov.pl\/narew-national-park\" class=\"metrics-box__link external\"\n                                  target=\"_blank\" rel=\"nofollow noopener noreferrer\"\n                            >www<\/a>\n                  <\/div>\n          <\/div>\n  <\/div>\n<\/div>\n<\/div><\/div>\n\n\n\n<div class=\"wp-block-group is-style-container-medium\"><div class=\"wp-block-group__inner-container is-layout-constrained wp-block-group-is-layout-constrained\">\n<p>La zona m\u00e1s valiosa del parque, desde el punto de vista natural y paisaj\u00edstico, es el valle del r\u00edo Narew y su cuenca. Debido a los antiguos cauces de los r\u00edos, los pintorescos meandros y las turberas, con frecuencia se llama a esta regi\u00f3n la \u201cAmazon\u00eda Polaca\u201d. En el Parque Nacional del Narew crece m\u00e1s de la mitad de todas las especies de plantas acu\u00e1ticas y t\u00edpicas de la ribera de todo el territorio polaco, muchas de las cuales est\u00e1n bajo estricta protecci\u00f3n. El pantanoso Valle del Narew es un importante refugio para aves a nivel europeo. Aqu\u00ed viven m\u00e1s de 200 especies de aves, la mayor atracci\u00f3n del parque. Muchas de ellas est\u00e1n en peligro de extinci\u00f3n, como el carricer\u00edn cejudo, el gui\u00f3n de codornices, el avetorillo com\u00fan, la cig\u00fcena negra, la lechuza campestre y otras. Numerosas especies de aves acu\u00e1ticas y de marjal que habitan aqu\u00ed se consideran \u00fanicas en Europa. El parque est\u00e1 incluido en el Convenio Internacional RAMSAR.<\/p>\n<\/div><\/div>\n\n\n\n<div style=\"height:100px\" aria-hidden=\"true\" class=\"wp-block-spacer is-style-spacer-small\"><\/div>\n\n\n\n<div class=\"wp-block-group is-style-container\"><div class=\"wp-block-group__inner-container is-layout-constrained wp-block-group-is-layout-constrained\">  <div class=\"gallery-tiles gallery-tiles--rows-2-3 lightgallery\">\r\n          <a href=\"https:\/\/www.polonia.travel\/es\/wp-content\/uploads\/sites\/18\/2023\/07\/narwianski_pn_kladka_1170.jpg\" class=\"gallery-tiles__item\" data-src=\"https:\/\/www.polonia.travel\/es\/wp-content\/uploads\/sites\/18\/2023\/07\/narwianski_pn_kladka_1170.jpg\"\r\n        aria-label=\"Otw\u00f3rz powi\u0119kszone zdj\u0119cie: narwianski_pn_kladka_1170\">\r\n        <img loading=\"lazy\" decoding=\"async\" width=\"1170\" height=\"780\" src=\"https:\/\/www.polonia.travel\/es\/wp-content\/uploads\/sites\/18\/2023\/07\/narwianski_pn_kladka_1170.jpg\" class=\"gallery-tiles__thumb\" alt=\"\" srcset=\"https:\/\/www.polonia.travel\/es\/wp-content\/uploads\/sites\/18\/2023\/07\/narwianski_pn_kladka_1170.jpg 1170w, https:\/\/www.polonia.travel\/es\/wp-content\/uploads\/sites\/18\/2023\/07\/narwianski_pn_kladka_1170-600x400.jpg 600w, https:\/\/www.polonia.travel\/es\/wp-content\/uploads\/sites\/18\/2023\/07\/narwianski_pn_kladka_1170-768x512.jpg 768w\" sizes=\"auto, (max-width: 1170px) 100vw, 1170px\" \/>      <\/a>\r\n          <a href=\"https:\/\/www.polonia.travel\/es\/wp-content\/uploads\/sites\/18\/2023\/07\/narwianski_park_narodowy_1170.jpg\" class=\"gallery-tiles__item\" data-src=\"https:\/\/www.polonia.travel\/es\/wp-content\/uploads\/sites\/18\/2023\/07\/narwianski_park_narodowy_1170.jpg\"\r\n        aria-label=\"Otw\u00f3rz powi\u0119kszone zdj\u0119cie: sunset over the river Narew\">\r\n        <img loading=\"lazy\" decoding=\"async\" width=\"1170\" height=\"780\" src=\"https:\/\/www.polonia.travel\/es\/wp-content\/uploads\/sites\/18\/2023\/07\/narwianski_park_narodowy_1170.jpg\" class=\"gallery-tiles__thumb\" alt=\"\" srcset=\"https:\/\/www.polonia.travel\/es\/wp-content\/uploads\/sites\/18\/2023\/07\/narwianski_park_narodowy_1170.jpg 1170w, https:\/\/www.polonia.travel\/es\/wp-content\/uploads\/sites\/18\/2023\/07\/narwianski_park_narodowy_1170-600x400.jpg 600w, https:\/\/www.polonia.travel\/es\/wp-content\/uploads\/sites\/18\/2023\/07\/narwianski_park_narodowy_1170-768x512.jpg 768w\" sizes=\"auto, (max-width: 1170px) 100vw, 1170px\" \/>      <\/a>\r\n          <a href=\"https:\/\/www.polonia.travel\/es\/wp-content\/uploads\/sites\/18\/2022\/12\/narwianski_pn_540-1.jpg\" class=\"gallery-tiles__item\" data-src=\"https:\/\/www.polonia.travel\/es\/wp-content\/uploads\/sites\/18\/2022\/12\/narwianski_pn_540-1.jpg\"\r\n        aria-label=\"Otw\u00f3rz powi\u0119kszone zdj\u0119cie: OLYMPUS DIGITAL CAMERA\">\r\n        <img loading=\"lazy\" decoding=\"async\" width=\"540\" height=\"405\" src=\"https:\/\/www.polonia.travel\/es\/wp-content\/uploads\/sites\/18\/2022\/12\/narwianski_pn_540-1.jpg\" class=\"gallery-tiles__thumb\" alt=\"\" \/>      <\/a>\r\n          <a href=\"https:\/\/www.polonia.travel\/es\/wp-content\/uploads\/sites\/18\/2022\/12\/narwianski_pn_540.jpg\" class=\"gallery-tiles__item\" data-src=\"https:\/\/www.polonia.travel\/es\/wp-content\/uploads\/sites\/18\/2022\/12\/narwianski_pn_540.jpg\"\r\n        aria-label=\"Otw\u00f3rz powi\u0119kszone zdj\u0119cie: OLYMPUS DIGITAL CAMERA\">\r\n        <img loading=\"lazy\" decoding=\"async\" width=\"540\" height=\"405\" src=\"https:\/\/www.polonia.travel\/es\/wp-content\/uploads\/sites\/18\/2022\/12\/narwianski_pn_540.jpg\" class=\"gallery-tiles__thumb\" alt=\"\" \/>      <\/a>\r\n          <a href=\"https:\/\/www.polonia.travel\/es\/wp-content\/uploads\/sites\/18\/2023\/02\/foto-1_narwianski.jpg\" class=\"gallery-tiles__item\" data-src=\"https:\/\/www.polonia.travel\/es\/wp-content\/uploads\/sites\/18\/2023\/02\/foto-1_narwianski.jpg\"\r\n        aria-label=\"Otw\u00f3rz powi\u0119kszone zdj\u0119cie: foto 1_narwia\u0144ski\">\r\n        <img loading=\"lazy\" decoding=\"async\" width=\"1080\" height=\"1080\" src=\"https:\/\/www.polonia.travel\/es\/wp-content\/uploads\/sites\/18\/2023\/02\/foto-1_narwianski.jpg\" class=\"gallery-tiles__thumb\" alt=\"\" srcset=\"https:\/\/www.polonia.travel\/es\/wp-content\/uploads\/sites\/18\/2023\/02\/foto-1_narwianski.jpg 1080w, https:\/\/www.polonia.travel\/es\/wp-content\/uploads\/sites\/18\/2023\/02\/foto-1_narwianski-600x600.jpg 600w, https:\/\/www.polonia.travel\/es\/wp-content\/uploads\/sites\/18\/2023\/02\/foto-1_narwianski-150x150.jpg 150w, https:\/\/www.polonia.travel\/es\/wp-content\/uploads\/sites\/18\/2023\/02\/foto-1_narwianski-768x768.jpg 768w\" sizes=\"auto, (max-width: 1080px) 100vw, 1080px\" \/>      <\/a>\r\n      <\/div>\r\n<\/div><\/div>\n\n\n\n<div style=\"height:100px\" aria-hidden=\"true\" class=\"wp-block-spacer is-style-spacer-small\"><\/div>\n\n\n\n<div class=\"wp-block-group has-background\" style=\"background-color:#eeeeee\"><div class=\"wp-block-group__inner-container is-layout-constrained wp-block-group-is-layout-constrained\">\n<div style=\"height:100px\" aria-hidden=\"true\" class=\"wp-block-spacer is-style-spacer-small\"><\/div>\n\n\n\n<div class=\"wp-block-group is-style-container\"><div class=\"wp-block-group__inner-container is-layout-constrained wp-block-group-is-layout-constrained\">\n<h3 class=\"wp-block-heading\">Lee m\u00e1s art\u00edculos<\/h3>\n\n\n<div class=\"overflow\">\n  <div class=\"post-slider swiper post-slider--small\" data-schema=\"small\">\n\n    <div class=\"swiper-wrapper\">\n              <div class=\"swiper-slide post-slide\">\n                      <a href=\"https:\/\/www.polonia.travel\/es\/parque-nacional-de-bieszczady\/\" class=\"post-box post-box--small\" style=\" background-image: url(https:\/\/www.polonia.travel\/es\/wp-content\/uploads\/sites\/18\/2023\/07\/bieszczady_jesien_1170-600x400.jpg);\">\n          <div class=\"post-box__hover\" style=\"background-image: url(https:\/\/www.polonia.travel\/es\/wp-content\/uploads\/sites\/18\/2023\/07\/bieszczady_1170-600x399.jpg);\"><\/div>\n        <div class=\"post-box__info\">\n            <div class=\"post-box__title\">Parque Nacional de Bieszczady<\/div>\n      <div class=\"post-box__more\">Leer m\u00e1s<\/div>\n    <\/div>\n  <\/a>\n\n          <\/div>\n              <div class=\"swiper-slide post-slide\">\n                      <a href=\"https:\/\/www.polonia.travel\/es\/parque-nacional-de-magura\/\" class=\"post-box post-box--small\" style=\" background-image: url(https:\/\/www.polonia.travel\/es\/wp-content\/uploads\/sites\/18\/2022\/12\/magurski_pn_540-1.jpg);\">\n          <div class=\"post-box__hover\" style=\"background-image: url(https:\/\/www.polonia.travel\/es\/wp-content\/uploads\/sites\/18\/2022\/12\/magurka_radziechowska_1170-600x400.jpg);\"><\/div>\n        <div class=\"post-box__info\">\n            <div class=\"post-box__title\">Parque Nacional de Magura<\/div>\n      <div class=\"post-box__more\">Leer m\u00e1s<\/div>\n    <\/div>\n  <\/a>\n\n          <\/div>\n              <div class=\"swiper-slide post-slide\">\n                      <a href=\"https:\/\/www.polonia.travel\/es\/parque-nacional-de-los-tatra\/\" class=\"post-box post-box--small\" style=\" background-image: url(https:\/\/www.polonia.travel\/es\/wp-content\/uploads\/sites\/18\/2023\/07\/1077_Tatry-Gasienicowa_PG_HR-600x400.jpg);\">\n          <div class=\"post-box__hover\" style=\"background-image: url(https:\/\/www.polonia.travel\/es\/wp-content\/uploads\/sites\/18\/2024\/04\/AdobeStock_398429625_Tatry-kadr-600x400.jpeg);\"><\/div>\n        <div class=\"post-box__info\">\n            <div class=\"post-box__title\">Parque Nacional de los Tatra<\/div>\n      <div class=\"post-box__more\">Leer m\u00e1s<\/div>\n    <\/div>\n  <\/a>\n\n          <\/div>\n              <div class=\"swiper-slide post-slide\">\n                      <a href=\"https:\/\/www.polonia.travel\/es\/parque-nacional-de-los-pienines\/\" class=\"post-box post-box--small\" style=\" background-image: url(https:\/\/www.polonia.travel\/es\/wp-content\/uploads\/sites\/18\/2023\/07\/pieniny_splyw_dunajcem_1170-600x400.jpg);\">\n          <div class=\"post-box__hover\" style=\"background-image: url(https:\/\/www.polonia.travel\/es\/wp-content\/uploads\/sites\/18\/2024\/04\/Pieniny_Sokolica_wiosna_2-600x400.jpg);\"><\/div>\n        <div class=\"post-box__info\">\n            <div class=\"post-box__title\">Parque Nacional de los Pienines<\/div>\n      <div class=\"post-box__more\">Leer m\u00e1s<\/div>\n    <\/div>\n  <\/a>\n\n          <\/div>\n              <div class=\"swiper-slide post-slide\">\n                      <a href=\"https:\/\/www.polonia.travel\/es\/parque-nacional-de-los-gorce\/\" class=\"post-box post-box--small\" style=\" background-image: url(https:\/\/www.polonia.travel\/es\/wp-content\/uploads\/sites\/18\/2023\/02\/Gorce-04142018_0W1A1842-600x400.jpg);\">\n          <div class=\"post-box__hover\" style=\"background-image: url(https:\/\/www.polonia.travel\/es\/wp-content\/uploads\/sites\/18\/2023\/02\/5400_Gorce_KK_P-600x400.jpg);\"><\/div>\n        <div class=\"post-box__info\">\n            <div class=\"post-box__title\">Parque Nacional de los Gorce<\/div>\n      <div class=\"post-box__more\">Leer m\u00e1s<\/div>\n    <\/div>\n  <\/a>\n\n          <\/div>\n              <div class=\"swiper-slide post-slide\">\n                      <a href=\"https:\/\/www.polonia.travel\/es\/parque-nacional-de-babia-gora\/\" class=\"post-box post-box--small\" style=\" background-image: url(https:\/\/www.polonia.travel\/es\/wp-content\/uploads\/sites\/18\/2023\/02\/Babia-Gora-National-Park-photo-Marcin-Trybala-600x400.jpg);\">\n          <div class=\"post-box__hover\" style=\"background-image: url(https:\/\/www.polonia.travel\/es\/wp-content\/uploads\/sites\/18\/2023\/02\/Babia-Gora_Fot.Rafal-Solinski-600x399.jpg);\"><\/div>\n        <div class=\"post-box__info\">\n            <div class=\"post-box__title\">Parque Nacional de Babia G\u00f3ra<\/div>\n      <div class=\"post-box__more\">Leer m\u00e1s<\/div>\n    <\/div>\n  <\/a>\n\n          <\/div>\n              <div class=\"swiper-slide post-slide\">\n                      <a href=\"https:\/\/www.polonia.travel\/es\/parque-nacional-ojcowski-y-dos-castillos\/\" class=\"post-box post-box--small\" style=\" background-image: url(https:\/\/www.polonia.travel\/es\/wp-content\/uploads\/sites\/18\/2023\/02\/Ojcowski_PN_1170-600x397.jpg);\">\n          <div class=\"post-box__hover\" style=\"background-image: url(https:\/\/www.polonia.travel\/es\/wp-content\/uploads\/sites\/18\/2024\/04\/Ojcowski20Park20Narodowy20i20Zamek20w20Pieskowej20Skale2023220768x512-600x400.jpg);\"><\/div>\n        <div class=\"post-box__info\">\n            <div class=\"post-box__title\">Parque Nacional Ojcowski (y dos castillos)<\/div>\n      <div class=\"post-box__more\">Leer m\u00e1s<\/div>\n    <\/div>\n  <\/a>\n\n          <\/div>\n              <div class=\"swiper-slide post-slide\">\n                      <a href=\"https:\/\/www.polonia.travel\/es\/parque-nacional-de-los-montes-stolowe\/\" class=\"post-box post-box--small\" style=\" background-image: url(https:\/\/www.polonia.travel\/es\/wp-content\/uploads\/sites\/18\/2023\/02\/Szczeliniec-Wielki_Stolowe-gory-600x388.jpeg);\">\n          <div class=\"post-box__hover\" style=\"background-image: url(https:\/\/www.polonia.travel\/es\/wp-content\/uploads\/sites\/18\/2022\/12\/gory_stolowe_szczeliniec_wielki_1170-600x400.jpg);\"><\/div>\n        <div class=\"post-box__info\">\n            <div class=\"post-box__title\">Parque Nacional de los Montes Sto\u0142owe<\/div>\n      <div class=\"post-box__more\">Leer m\u00e1s<\/div>\n    <\/div>\n  <\/a>\n\n          <\/div>\n              <div class=\"swiper-slide post-slide\">\n                      <a href=\"https:\/\/www.polonia.travel\/es\/parque-nacional-de-los-karkonosze\/\" class=\"post-box post-box--small\" style=\" background-image: url(https:\/\/www.polonia.travel\/es\/wp-content\/uploads\/sites\/18\/2022\/12\/karkonoski_pn_sniezka_1170-600x400.jpg);\">\n          <div class=\"post-box__hover\" style=\"background-image: url(https:\/\/www.polonia.travel\/es\/wp-content\/uploads\/sites\/18\/2022\/12\/sniezka_zima_1170.jpg);\"><\/div>\n        <div class=\"post-box__info\">\n            <div class=\"post-box__title\">Parque Nacional de los Karkonosze<\/div>\n      <div class=\"post-box__more\">Leer m\u00e1s<\/div>\n    <\/div>\n  <\/a>\n\n          <\/div>\n              <div class=\"swiper-slide post-slide\">\n                      <a href=\"https:\/\/www.polonia.travel\/es\/parque-nacional-swietokrzyski\/\" class=\"post-box post-box--small\" style=\" background-image: url(https:\/\/www.polonia.travel\/es\/wp-content\/uploads\/sites\/18\/2023\/02\/392_Gory-Swietokrzyskie-i-Swiety-Krzyz-szklany-dom-Zeromskiego_MC_P-600x400.jpg);\">\n          <div class=\"post-box__hover\" style=\"background-image: url(https:\/\/www.polonia.travel\/es\/wp-content\/uploads\/sites\/18\/2023\/02\/13_Gory-Swietokrzyskie-i-Swiety-Krzyz-szklany-dom-Zeromskiego_MC_P-600x400.jpg);\"><\/div>\n        <div class=\"post-box__info\">\n            <div class=\"post-box__title\">Parque Nacional \u015awi\u0119tokrzyski<\/div>\n      <div class=\"post-box__more\">Leer m\u00e1s<\/div>\n    <\/div>\n  <\/a>\n\n          <\/div>\n              <div class=\"swiper-slide post-slide\">\n                      <a href=\"https:\/\/www.polonia.travel\/es\/parque-nacional-de-roztocze\/\" class=\"post-box post-box--small\" style=\" background-image: url(https:\/\/www.polonia.travel\/es\/wp-content\/uploads\/sites\/18\/2023\/02\/Roztoczanski-PN_stawy-echo-600x400.jpg);\">\n          <div class=\"post-box__hover\" style=\"background-image: url(https:\/\/www.polonia.travel\/es\/wp-content\/uploads\/sites\/18\/2023\/07\/Lub_680209-600x400.jpg);\"><\/div>\n        <div class=\"post-box__info\">\n            <div class=\"post-box__title\">Parque Nacional de Roztocze<\/div>\n      <div class=\"post-box__more\">Leer m\u00e1s<\/div>\n    <\/div>\n  <\/a>\n\n          <\/div>\n              <div class=\"swiper-slide post-slide\">\n                      <a href=\"https:\/\/www.polonia.travel\/es\/parque-nacional-de-polesie\/\" class=\"post-box post-box--small\" style=\" background-image: url(https:\/\/www.polonia.travel\/es\/wp-content\/uploads\/sites\/18\/2023\/02\/poleski-PN3-600x401.jpeg);\">\n          <div class=\"post-box__hover\" style=\"background-image: url(https:\/\/www.polonia.travel\/es\/wp-content\/uploads\/sites\/18\/2023\/02\/Poleski-Park-Narodowy2-600x450.jpg);\"><\/div>\n        <div class=\"post-box__info\">\n            <div class=\"post-box__title\">Parque Nacional de Polesie<\/div>\n      <div class=\"post-box__more\">Leer m\u00e1s<\/div>\n    <\/div>\n  <\/a>\n\n          <\/div>\n              <div class=\"swiper-slide post-slide\">\n                      <a href=\"https:\/\/www.polonia.travel\/es\/parque-nacional-de-bialowieza\/\" class=\"post-box post-box--small\" style=\" background-image: url(https:\/\/www.polonia.travel\/es\/wp-content\/uploads\/sites\/18\/2023\/07\/bialowiezaforest-600x400.jpg);\">\n          <div class=\"post-box__hover\" style=\"background-image: url(https:\/\/www.polonia.travel\/es\/wp-content\/uploads\/sites\/18\/2023\/02\/zubr-bialowieza-600x399.webp);\"><\/div>\n        <div class=\"post-box__info\">\n            <div class=\"post-box__title\">Parque Nacional de Bia\u0142owie\u017ca<\/div>\n      <div class=\"post-box__more\">Leer m\u00e1s<\/div>\n    <\/div>\n  <\/a>\n\n          <\/div>\n              <div class=\"swiper-slide post-slide\">\n                      <a href=\"https:\/\/www.polonia.travel\/es\/parque-nacional-del-narew\/\" class=\"post-box post-box--small\" style=\" background-image: url(https:\/\/www.polonia.travel\/es\/wp-content\/uploads\/sites\/18\/2022\/12\/narwianski_park_narodowy_1170-600x400.jpg);\">\n          <div class=\"post-box__hover\" style=\"background-image: url(https:\/\/www.polonia.travel\/es\/wp-content\/uploads\/sites\/18\/2022\/12\/narwianski_pn_kladka_1170-1-600x400.jpg);\"><\/div>\n        <div class=\"post-box__info\">\n            <div class=\"post-box__title\">Parque Nacional del Narew<\/div>\n      <div class=\"post-box__more\">Leer m\u00e1s<\/div>\n    <\/div>\n  <\/a>\n\n          <\/div>\n              <div class=\"swiper-slide post-slide\">\n                      <a href=\"https:\/\/www.polonia.travel\/es\/parque-nacional-del-biebrza\/\" class=\"post-box post-box--small\" style=\" background-image: url(https:\/\/www.polonia.travel\/es\/wp-content\/uploads\/sites\/18\/2024\/04\/0320Biebrza20z20lotu20ptaka20fot.20Arch.Podlaska20ROT-600x400.jpg);\">\n          <div class=\"post-box__hover\" style=\"background-image: url(https:\/\/www.polonia.travel\/es\/wp-content\/uploads\/sites\/18\/2022\/12\/biebrzanski_pn_tratwa_1170-600x400.jpg);\"><\/div>\n        <div class=\"post-box__info\">\n            <div class=\"post-box__title\">Parque Nacional del Biebrza<\/div>\n      <div class=\"post-box__more\">Leer m\u00e1s<\/div>\n    <\/div>\n  <\/a>\n\n          <\/div>\n              <div class=\"swiper-slide post-slide\">\n                      <a href=\"https:\/\/www.polonia.travel\/es\/parque-nacional-wigierski\/\" class=\"post-box post-box--small\" style=\" background-image: url(https:\/\/www.polonia.travel\/es\/wp-content\/uploads\/sites\/18\/2023\/02\/perkoz_Wigry_wigierski-PN-600x400.jpeg);\">\n          <div class=\"post-box__hover\" style=\"background-image: url(https:\/\/www.polonia.travel\/es\/wp-content\/uploads\/sites\/18\/2022\/12\/wigierski_pn_klasztor_1170-600x400.jpg);\"><\/div>\n        <div class=\"post-box__info\">\n            <div class=\"post-box__title\">Parque Nacional Wigierski<\/div>\n      <div class=\"post-box__more\">Leer m\u00e1s<\/div>\n    <\/div>\n  <\/a>\n\n          <\/div>\n              <div class=\"swiper-slide post-slide\">\n                      <a href=\"https:\/\/www.polonia.travel\/es\/parque-nacional-de-kampinos\/\" class=\"post-box post-box--small\" style=\" background-image: url(https:\/\/www.polonia.travel\/es\/wp-content\/uploads\/sites\/18\/2023\/03\/Kampinoski-600x422.jpg);\">\n          <div class=\"post-box__hover\" style=\"background-image: url(https:\/\/www.polonia.travel\/es\/wp-content\/uploads\/sites\/18\/2023\/07\/Kampinos-forest-600x400.jpg);\"><\/div>\n        <div class=\"post-box__info\">\n            <div class=\"post-box__title\">Parque Nacional de Kampinos<\/div>\n      <div class=\"post-box__more\">Leer m\u00e1s<\/div>\n    <\/div>\n  <\/a>\n\n          <\/div>\n              <div class=\"swiper-slide post-slide\">\n                      <a href=\"https:\/\/www.polonia.travel\/es\/parque-nacional-%c2%a8desembocadura-del-warta%c2%a8\/\" class=\"post-box post-box--small\" style=\" background-image: url(https:\/\/www.polonia.travel\/es\/wp-content\/uploads\/sites\/18\/2024\/04\/01638_0595_PN_Ujscie_Warty_KK_HR-600x400.jpg);\">\n          <div class=\"post-box__hover\" style=\"background-image: url(https:\/\/www.polonia.travel\/es\/wp-content\/uploads\/sites\/18\/2024\/04\/01638_2483_PN_Ujscie_Warty_KK_HR-600x400.jpg);\"><\/div>\n        <div class=\"post-box__info\">\n            <div class=\"post-box__title\">Parque Nacional \u00a8Desembocadura del Warta\u00a8<\/div>\n      <div class=\"post-box__more\">Leer m\u00e1s<\/div>\n    <\/div>\n  <\/a>\n\n          <\/div>\n              <div class=\"swiper-slide post-slide\">\n                      <a href=\"https:\/\/www.polonia.travel\/es\/parque-nacional-wielkopolski\/\" class=\"post-box post-box--small\" style=\" background-image: url(https:\/\/www.polonia.travel\/es\/wp-content\/uploads\/sites\/18\/2022\/12\/WielkopolskiPN_ok-600x400.jpg);\">\n          <div class=\"post-box__hover\" style=\"background-image: url(https:\/\/www.polonia.travel\/es\/wp-content\/uploads\/sites\/18\/2022\/12\/wielkopolski_pn_540.jpg);\"><\/div>\n        <div class=\"post-box__info\">\n            <div class=\"post-box__title\">Parque Nacional Wielkopolski<\/div>\n      <div class=\"post-box__more\">Leer m\u00e1s<\/div>\n    <\/div>\n  <\/a>\n\n          <\/div>\n              <div class=\"swiper-slide post-slide\">\n                      <a href=\"https:\/\/www.polonia.travel\/es\/parque-nacional-drawienski\/\" class=\"post-box post-box--small\" style=\" background-image: url(https:\/\/www.polonia.travel\/es\/wp-content\/uploads\/sites\/18\/2023\/02\/Drawienski-PN-6-600x400.jpg);\">\n          <div class=\"post-box__hover\" style=\"background-image: url(https:\/\/www.polonia.travel\/es\/wp-content\/uploads\/sites\/18\/2023\/02\/Drawienski-PN-4-600x399.jpg);\"><\/div>\n        <div class=\"post-box__info\">\n            <div class=\"post-box__title\">Parque Nacional Drawie\u0144ski<\/div>\n      <div class=\"post-box__more\">Leer m\u00e1s<\/div>\n    <\/div>\n  <\/a>\n\n          <\/div>\n              <div class=\"swiper-slide post-slide\">\n                      <a href=\"https:\/\/www.polonia.travel\/es\/parque-nacional-de-los-bosques-de-tuchola\/\" class=\"post-box post-box--small\" style=\" background-image: url(https:\/\/www.polonia.travel\/es\/wp-content\/uploads\/sites\/18\/2022\/12\/bory_tucholskie_1170-600x400.jpg);\">\n          <div class=\"post-box__hover\" style=\"background-image: url(https:\/\/www.polonia.travel\/es\/wp-content\/uploads\/sites\/18\/2023\/02\/9_Fotolia_EDEN_Bory-Tucholskie_HR-600x400.jpg);\"><\/div>\n        <div class=\"post-box__info\">\n            <div class=\"post-box__title\">Parque Nacional de los Bosques de Tuchola<\/div>\n      <div class=\"post-box__more\">Leer m\u00e1s<\/div>\n    <\/div>\n  <\/a>\n\n          <\/div>\n              <div class=\"swiper-slide post-slide\">\n                      <a href=\"https:\/\/www.polonia.travel\/es\/parque-nacional-de-wolin\/\" class=\"post-box post-box--small\" style=\" background-image: url(https:\/\/www.polonia.travel\/es\/wp-content\/uploads\/sites\/18\/2023\/02\/406_Wolinski-HRark-Narodowy_HR-600x400.jpg);\">\n          <div class=\"post-box__hover\" style=\"background-image: url(https:\/\/www.polonia.travel\/es\/wp-content\/uploads\/sites\/18\/2024\/04\/wolinski_PN_540_360.jpg);\"><\/div>\n        <div class=\"post-box__info\">\n            <div class=\"post-box__title\">Parque Nacional de Wolin<\/div>\n      <div class=\"post-box__more\">Leer m\u00e1s<\/div>\n    <\/div>\n  <\/a>\n\n          <\/div>\n              <div class=\"swiper-slide post-slide\">\n                      <a href=\"https:\/\/www.polonia.travel\/es\/parque-nacional-slowinski\/\" class=\"post-box post-box--small\" style=\" background-image: url(https:\/\/www.polonia.travel\/es\/wp-content\/uploads\/sites\/18\/2022\/12\/slowinski_pn_wydmy_1170-600x400.jpg);\">\n          <div class=\"post-box__hover\" style=\"background-image: url(https:\/\/www.polonia.travel\/es\/wp-content\/uploads\/sites\/18\/2023\/02\/Slowinski-Parc-National-2-600x388.jpg);\"><\/div>\n        <div class=\"post-box__info\">\n            <div class=\"post-box__title\">Parque Nacional S\u0142owi\u0144ski<\/div>\n      <div class=\"post-box__more\">Leer m\u00e1s<\/div>\n    <\/div>\n  <\/a>\n\n          <\/div>\n          <\/div>\n    <div class=\"post-slider__pagination\"><\/div>\n  <\/div>\n<\/div>\n<\/div><\/div>\n\n\n\n<div style=\"height:100px\" aria-hidden=\"true\" class=\"wp-block-spacer is-style-spacer-small\"><\/div>\n<\/div><\/div>\n","protected":false},"excerpt":{"rendered":"<p>La zona m\u00e1s valiosa del parque, desde el punto de vista natural y paisaj\u00edstico, es el valle del r\u00edo Narew y su cuenca. Debido a los antiguos cauces de los r\u00edos, los pintorescos meandros y las turberas, con frecuencia se llama a esta regi\u00f3n la \u201cAmazon\u00eda Polaca\u201d. En el Parque Nacional del Narew crece m\u00e1s [&hellip;]<\/p>\n","protected":false},"author":1,"featured_media":33682,"comment_status":"open","ping_status":"open","sticky":false,"template":"","format":"standard","meta":{"_acf_changed":false,"footnotes":""},"categories":[1040],"class_list":["post-31348","post","type-post","status-publish","format-standard","has-post-thumbnail","hentry","category-parques-nacionales"],"acf":[],"yoast_head":"<!-- This site is optimized with the Yoast SEO plugin v27.4 - https:\/\/yoast.com\/product\/yoast-seo-wordpress\/ -->\n<title>Parque Nacional del Narew - Polonia Travel (ES)<\/title>\n<meta name=\"robots\" content=\"index, follow, max-snippet:-1, max-image-preview:large, max-video-preview:-1\" \/>\n<link rel=\"canonical\" href=\"https:\/\/www.polonia.travel\/es\/parque-nacional-del-narew\/\" \/>\n<meta property=\"og:locale\" content=\"pl_PL\" \/>\n<meta property=\"og:type\" content=\"article\" \/>\n<meta property=\"og:title\" content=\"Parque Nacional del Narew - Polonia Travel (ES)\" \/>\n<meta property=\"og:description\" content=\"La zona m\u00e1s valiosa del parque, desde el punto de vista natural y paisaj\u00edstico, es el valle del r\u00edo Narew y su cuenca. Debido a los antiguos cauces de los r\u00edos, los pintorescos meandros y las turberas, con frecuencia se llama a esta regi\u00f3n la \u201cAmazon\u00eda Polaca\u201d. En el Parque Nacional del Narew crece m\u00e1s [&hellip;]\" \/>\n<meta property=\"og:url\" content=\"https:\/\/www.polonia.travel\/es\/parque-nacional-del-narew\/\" \/>\n<meta property=\"og:site_name\" content=\"Polonia Travel (ES)\" \/>\n<meta property=\"article:published_time\" content=\"2024-05-06T12:59:08+00:00\" \/>\n<meta property=\"article:modified_time\" content=\"2026-02-12T15:26:15+00:00\" \/>\n<meta property=\"og:image\" content=\"https:\/\/www.polonia.travel\/es\/wp-content\/uploads\/sites\/18\/2024\/04\/420225090_Narew_Podlasie2000px.jpg\" \/>\n\t<meta property=\"og:image:width\" content=\"2000\" \/>\n\t<meta property=\"og:image:height\" content=\"910\" \/>\n\t<meta property=\"og:image:type\" content=\"image\/jpeg\" \/>\n<meta name=\"twitter:card\" content=\"summary_large_image\" \/>\n<meta name=\"twitter:label1\" content=\"Napisane przez\" \/>\n\t<meta name=\"twitter:data1\" content=\"\" \/>\n\t<meta name=\"twitter:label2\" content=\"Szacowany czas czytania\" \/>\n\t<meta name=\"twitter:data2\" content=\"2 minuty\" \/>\n<script type=\"application\/ld+json\" class=\"yoast-schema-graph\">{\"@context\":\"https:\\\/\\\/schema.org\",\"@graph\":[{\"@type\":\"Article\",\"@id\":\"https:\\\/\\\/www.polonia.travel\\\/es\\\/parque-nacional-del-narew\\\/#article\",\"isPartOf\":{\"@id\":\"https:\\\/\\\/www.polonia.travel\\\/es\\\/parque-nacional-del-narew\\\/\"},\"author\":{\"name\":\"\",\"@id\":\"\"},\"headline\":\"Parque Nacional del Narew\",\"datePublished\":\"2024-05-06T12:59:08+00:00\",\"dateModified\":\"2026-02-12T15:26:15+00:00\",\"mainEntityOfPage\":{\"@id\":\"https:\\\/\\\/www.polonia.travel\\\/es\\\/parque-nacional-del-narew\\\/\"},\"wordCount\":190,\"commentCount\":0,\"publisher\":{\"@id\":\"https:\\\/\\\/www.polonia.travel\\\/es\\\/#organization\"},\"image\":{\"@id\":\"https:\\\/\\\/www.polonia.travel\\\/es\\\/parque-nacional-del-narew\\\/#primaryimage\"},\"thumbnailUrl\":\"https:\\\/\\\/www.polonia.travel\\\/es\\\/wp-content\\\/uploads\\\/sites\\\/18\\\/2024\\\/04\\\/420225090_Narew_Podlasie2000px.jpg\",\"keywords\":[\"que-ver\",\"naturaleza\",\"parques-nacionales\",\"es\"],\"articleSection\":[\"Parques Nacionales\"],\"inLanguage\":\"pl-PL\"},{\"@type\":\"WebPage\",\"@id\":\"https:\\\/\\\/www.polonia.travel\\\/es\\\/parque-nacional-del-narew\\\/\",\"url\":\"https:\\\/\\\/www.polonia.travel\\\/es\\\/parque-nacional-del-narew\\\/\",\"name\":\"Parque Nacional del Narew - Polonia Travel (ES)\",\"isPartOf\":{\"@id\":\"https:\\\/\\\/www.polonia.travel\\\/es\\\/#website\"},\"primaryImageOfPage\":{\"@id\":\"https:\\\/\\\/www.polonia.travel\\\/es\\\/parque-nacional-del-narew\\\/#primaryimage\"},\"image\":{\"@id\":\"https:\\\/\\\/www.polonia.travel\\\/es\\\/parque-nacional-del-narew\\\/#primaryimage\"},\"thumbnailUrl\":\"https:\\\/\\\/www.polonia.travel\\\/es\\\/wp-content\\\/uploads\\\/sites\\\/18\\\/2024\\\/04\\\/420225090_Narew_Podlasie2000px.jpg\",\"datePublished\":\"2024-05-06T12:59:08+00:00\",\"dateModified\":\"2026-02-12T15:26:15+00:00\",\"breadcrumb\":{\"@id\":\"https:\\\/\\\/www.polonia.travel\\\/es\\\/parque-nacional-del-narew\\\/#breadcrumb\"},\"inLanguage\":\"pl-PL\",\"potentialAction\":[{\"@type\":\"ReadAction\",\"target\":[\"https:\\\/\\\/www.polonia.travel\\\/es\\\/parque-nacional-del-narew\\\/\"]}]},{\"@type\":\"ImageObject\",\"inLanguage\":\"pl-PL\",\"@id\":\"https:\\\/\\\/www.polonia.travel\\\/es\\\/parque-nacional-del-narew\\\/#primaryimage\",\"url\":\"https:\\\/\\\/www.polonia.travel\\\/es\\\/wp-content\\\/uploads\\\/sites\\\/18\\\/2024\\\/04\\\/420225090_Narew_Podlasie2000px.jpg\",\"contentUrl\":\"https:\\\/\\\/www.polonia.travel\\\/es\\\/wp-content\\\/uploads\\\/sites\\\/18\\\/2024\\\/04\\\/420225090_Narew_Podlasie2000px.jpg\",\"width\":2000,\"height\":910},{\"@type\":\"BreadcrumbList\",\"@id\":\"https:\\\/\\\/www.polonia.travel\\\/es\\\/parque-nacional-del-narew\\\/#breadcrumb\",\"itemListElement\":[{\"@type\":\"ListItem\",\"position\":1,\"name\":\"Home page\",\"item\":\"https:\\\/\\\/www.polonia.travel\\\/es\\\/\"},{\"@type\":\"ListItem\",\"position\":2,\"name\":\"Descubre +\",\"item\":\"https:\\\/\\\/www.polonia.travel\\\/es\\\/category\\\/descubre-lugares\\\/\"},{\"@type\":\"ListItem\",\"position\":3,\"name\":\"Parques Nacionales\",\"item\":\"https:\\\/\\\/www.polonia.travel\\\/es\\\/category\\\/descubre-lugares\\\/parques-nacionales\\\/\"},{\"@type\":\"ListItem\",\"position\":4,\"name\":\"Parque Nacional del Narew\"}]},{\"@type\":\"WebSite\",\"@id\":\"https:\\\/\\\/www.polonia.travel\\\/es\\\/#website\",\"url\":\"https:\\\/\\\/www.polonia.travel\\\/es\\\/\",\"name\":\"Polonia Travel (ES)\",\"description\":\"...\",\"publisher\":{\"@id\":\"https:\\\/\\\/www.polonia.travel\\\/es\\\/#organization\"},\"potentialAction\":[{\"@type\":\"SearchAction\",\"target\":{\"@type\":\"EntryPoint\",\"urlTemplate\":\"https:\\\/\\\/www.polonia.travel\\\/es\\\/?s={search_term_string}\"},\"query-input\":{\"@type\":\"PropertyValueSpecification\",\"valueRequired\":true,\"valueName\":\"search_term_string\"}}],\"inLanguage\":\"pl-PL\"},{\"@type\":\"Organization\",\"@id\":\"https:\\\/\\\/www.polonia.travel\\\/es\\\/#organization\",\"name\":\"Polonia Travel (ES)\",\"url\":\"https:\\\/\\\/www.polonia.travel\\\/es\\\/\",\"logo\":{\"@type\":\"ImageObject\",\"inLanguage\":\"pl-PL\",\"@id\":\"https:\\\/\\\/www.polonia.travel\\\/es\\\/#\\\/schema\\\/logo\\\/image\\\/\",\"url\":\"\",\"contentUrl\":\"\",\"caption\":\"Polonia Travel (ES)\"},\"image\":{\"@id\":\"https:\\\/\\\/www.polonia.travel\\\/es\\\/#\\\/schema\\\/logo\\\/image\\\/\"}},{\"@type\":\"Person\",\"@id\":\"\"}]}<\/script>\n<!-- \/ Yoast SEO plugin. -->","yoast_head_json":{"title":"Parque Nacional del Narew - Polonia Travel (ES)","robots":{"index":"index","follow":"follow","max-snippet":"max-snippet:-1","max-image-preview":"max-image-preview:large","max-video-preview":"max-video-preview:-1"},"canonical":"https:\/\/www.polonia.travel\/es\/parque-nacional-del-narew\/","og_locale":"pl_PL","og_type":"article","og_title":"Parque Nacional del Narew - Polonia Travel (ES)","og_description":"La zona m\u00e1s valiosa del parque, desde el punto de vista natural y paisaj\u00edstico, es el valle del r\u00edo Narew y su cuenca. Debido a los antiguos cauces de los r\u00edos, los pintorescos meandros y las turberas, con frecuencia se llama a esta regi\u00f3n la \u201cAmazon\u00eda Polaca\u201d. En el Parque Nacional del Narew crece m\u00e1s [&hellip;]","og_url":"https:\/\/www.polonia.travel\/es\/parque-nacional-del-narew\/","og_site_name":"Polonia Travel (ES)","article_published_time":"2024-05-06T12:59:08+00:00","article_modified_time":"2026-02-12T15:26:15+00:00","og_image":[{"width":2000,"height":910,"url":"https:\/\/www.polonia.travel\/es\/wp-content\/uploads\/sites\/18\/2024\/04\/420225090_Narew_Podlasie2000px.jpg","type":"image\/jpeg"}],"twitter_card":"summary_large_image","twitter_misc":{"Napisane przez":"","Szacowany czas czytania":"2 minuty"},"schema":{"@context":"https:\/\/schema.org","@graph":[{"@type":"Article","@id":"https:\/\/www.polonia.travel\/es\/parque-nacional-del-narew\/#article","isPartOf":{"@id":"https:\/\/www.polonia.travel\/es\/parque-nacional-del-narew\/"},"author":{"name":"","@id":""},"headline":"Parque Nacional del Narew","datePublished":"2024-05-06T12:59:08+00:00","dateModified":"2026-02-12T15:26:15+00:00","mainEntityOfPage":{"@id":"https:\/\/www.polonia.travel\/es\/parque-nacional-del-narew\/"},"wordCount":190,"commentCount":0,"publisher":{"@id":"https:\/\/www.polonia.travel\/es\/#organization"},"image":{"@id":"https:\/\/www.polonia.travel\/es\/parque-nacional-del-narew\/#primaryimage"},"thumbnailUrl":"https:\/\/www.polonia.travel\/es\/wp-content\/uploads\/sites\/18\/2024\/04\/420225090_Narew_Podlasie2000px.jpg","keywords":["que-ver","naturaleza","parques-nacionales","es"],"articleSection":["Parques Nacionales"],"inLanguage":"pl-PL"},{"@type":"WebPage","@id":"https:\/\/www.polonia.travel\/es\/parque-nacional-del-narew\/","url":"https:\/\/www.polonia.travel\/es\/parque-nacional-del-narew\/","name":"Parque Nacional del Narew - Polonia Travel (ES)","isPartOf":{"@id":"https:\/\/www.polonia.travel\/es\/#website"},"primaryImageOfPage":{"@id":"https:\/\/www.polonia.travel\/es\/parque-nacional-del-narew\/#primaryimage"},"image":{"@id":"https:\/\/www.polonia.travel\/es\/parque-nacional-del-narew\/#primaryimage"},"thumbnailUrl":"https:\/\/www.polonia.travel\/es\/wp-content\/uploads\/sites\/18\/2024\/04\/420225090_Narew_Podlasie2000px.jpg","datePublished":"2024-05-06T12:59:08+00:00","dateModified":"2026-02-12T15:26:15+00:00","breadcrumb":{"@id":"https:\/\/www.polonia.travel\/es\/parque-nacional-del-narew\/#breadcrumb"},"inLanguage":"pl-PL","potentialAction":[{"@type":"ReadAction","target":["https:\/\/www.polonia.travel\/es\/parque-nacional-del-narew\/"]}]},{"@type":"ImageObject","inLanguage":"pl-PL","@id":"https:\/\/www.polonia.travel\/es\/parque-nacional-del-narew\/#primaryimage","url":"https:\/\/www.polonia.travel\/es\/wp-content\/uploads\/sites\/18\/2024\/04\/420225090_Narew_Podlasie2000px.jpg","contentUrl":"https:\/\/www.polonia.travel\/es\/wp-content\/uploads\/sites\/18\/2024\/04\/420225090_Narew_Podlasie2000px.jpg","width":2000,"height":910},{"@type":"BreadcrumbList","@id":"https:\/\/www.polonia.travel\/es\/parque-nacional-del-narew\/#breadcrumb","itemListElement":[{"@type":"ListItem","position":1,"name":"Home page","item":"https:\/\/www.polonia.travel\/es\/"},{"@type":"ListItem","position":2,"name":"Descubre +","item":"https:\/\/www.polonia.travel\/es\/category\/descubre-lugares\/"},{"@type":"ListItem","position":3,"name":"Parques Nacionales","item":"https:\/\/www.polonia.travel\/es\/category\/descubre-lugares\/parques-nacionales\/"},{"@type":"ListItem","position":4,"name":"Parque Nacional del Narew"}]},{"@type":"WebSite","@id":"https:\/\/www.polonia.travel\/es\/#website","url":"https:\/\/www.polonia.travel\/es\/","name":"Polonia Travel (ES)","description":"...","publisher":{"@id":"https:\/\/www.polonia.travel\/es\/#organization"},"potentialAction":[{"@type":"SearchAction","target":{"@type":"EntryPoint","urlTemplate":"https:\/\/www.polonia.travel\/es\/?s={search_term_string}"},"query-input":{"@type":"PropertyValueSpecification","valueRequired":true,"valueName":"search_term_string"}}],"inLanguage":"pl-PL"},{"@type":"Organization","@id":"https:\/\/www.polonia.travel\/es\/#organization","name":"Polonia Travel (ES)","url":"https:\/\/www.polonia.travel\/es\/","logo":{"@type":"ImageObject","inLanguage":"pl-PL","@id":"https:\/\/www.polonia.travel\/es\/#\/schema\/logo\/image\/","url":"","contentUrl":"","caption":"Polonia Travel (ES)"},"image":{"@id":"https:\/\/www.polonia.travel\/es\/#\/schema\/logo\/image\/"}},{"@type":"Person","@id":""}]}},"_links":{"self":[{"href":"https:\/\/www.polonia.travel\/es\/wp-json\/wp\/v2\/posts\/31348","targetHints":{"allow":["GET"]}}],"collection":[{"href":"https:\/\/www.polonia.travel\/es\/wp-json\/wp\/v2\/posts"}],"about":[{"href":"https:\/\/www.polonia.travel\/es\/wp-json\/wp\/v2\/types\/post"}],"author":[{"embeddable":true,"href":"https:\/\/www.polonia.travel\/es\/wp-json\/wp\/v2\/users\/1"}],"replies":[{"embeddable":true,"href":"https:\/\/www.polonia.travel\/es\/wp-json\/wp\/v2\/comments?post=31348"}],"version-history":[{"count":4,"href":"https:\/\/www.polonia.travel\/es\/wp-json\/wp\/v2\/posts\/31348\/revisions"}],"predecessor-version":[{"id":38758,"href":"https:\/\/www.polonia.travel\/es\/wp-json\/wp\/v2\/posts\/31348\/revisions\/38758"}],"wp:featuredmedia":[{"embeddable":true,"href":"https:\/\/www.polonia.travel\/es\/wp-json\/wp\/v2\/media\/33682"}],"wp:attachment":[{"href":"https:\/\/www.polonia.travel\/es\/wp-json\/wp\/v2\/media?parent=31348"}],"wp:term":[{"taxonomy":"category","embeddable":true,"href":"https:\/\/www.polonia.travel\/es\/wp-json\/wp\/v2\/categories?post=31348"}],"curies":[{"name":"wp","href":"https:\/\/api.w.org\/{rel}","templated":true}]}}