{"id":31340,"date":"2024-05-06T13:47:20","date_gmt":"2024-05-06T11:47:20","guid":{"rendered":"https:\/\/wp-es.poland.travel\/?p=31340"},"modified":"2024-05-06T13:47:21","modified_gmt":"2024-05-06T11:47:21","slug":"parque-nacional-de-kampinos","status":"publish","type":"post","link":"https:\/\/www.polonia.travel\/es\/parque-nacional-de-kampinos\/","title":{"rendered":"Parque Nacional de Kampinos"},"content":{"rendered":"\n<div class=\"wp-block-group is-style-container\"><div class=\"wp-block-group__inner-container is-layout-constrained wp-block-group-is-layout-constrained\">\n<!-- empty -->\n\n\n<div class=\"metrics\">\n  <div class=\"metrics__text\">\n    <h1 class=\"is-style-heading-38 mb20 large-mb30\">Parque Nacional de Kampinos<\/h1>\n    <p>El Parque Nacional de Kampinos se halla cerca de Varsovia. Es el \u00fanico parque nacional de Europa, y segundo en el mundo, situado junto a una capital de estado. Se cre\u00f3 principalmente con el \ufb01n de preservar los valores naturales de la Selva de Kampinos (Puszcza Kampinoska), que se extiende por el antiguo valle del r\u00edo V\u00edstula.<\/p>\n  <\/div>\n  <div class=\"metrics__sidebar\">\n    <div class=\"metrics-box\">\n              <div class=\"metrics-box__title\">Informaci\u00f3n b\u00e1sica<\/div>\n        <div class=\"metrics-box__values\">\n                                        <div class=\"metrics-box__item\">\n      <div class=\"metrics-box__label\">Superficie<\/div>\n      <div class=\"metrics-box__value\">38 544,3 ha<\/div>\n    <\/div>\n                                <div class=\"metrics-box__item\">\n      <div class=\"metrics-box__label\">Fecha de creaci\u00f3n<\/div>\n      <div class=\"metrics-box__value\">16.01.1959<\/div>\n    <\/div>\n                                <div class=\"metrics-box__item\">\n      <div class=\"metrics-box__label\">S\u00edmbolo del parque <\/div>\n      <div class=\"metrics-box__value\">Alce<\/div>\n    <\/div>\n                                <\/div>\n                <\/div>\n  <\/div>\n<\/div>\n<\/div><\/div>\n\n\n\n<div class=\"wp-block-group is-style-container-medium\"><div class=\"wp-block-group__inner-container is-layout-constrained wp-block-group-is-layout-constrained\">\n<p>Las dunas continentales cubiertas de pinares son una atracci\u00f3n paisaj\u00edstica del parque; entre las dunas se extiende una zona pantanosa cubierta de alisos, as\u00ed como turberas bajas y prados. La fauna del parque es rica en especies raras y protegidas; aqu\u00ed hay alces, castores y linces. El parque est\u00e1 inscrito en la lista de las reservas de la biosfera de la UNESCO. Desde Varsovia se puede acceder al parque con transporte p\u00fablico o en coche y aparte de visitar la ciudad, dedicar un d\u00eda al descanso activo.<\/p>\n<\/div><\/div>\n\n\n\n<div style=\"height:100px\" aria-hidden=\"true\" class=\"wp-block-spacer is-style-spacer-small\"><\/div>\n\n\n\n<div class=\"wp-block-group is-style-container\"><div class=\"wp-block-group__inner-container is-layout-constrained wp-block-group-is-layout-constrained\">  <div class=\"gallery-tiles gallery-tiles--rows-2-3 lightgallery\">\r\n          <a href=\"https:\/\/www.polonia.travel\/es\/wp-content\/uploads\/sites\/18\/2023\/07\/Kampinos-forest.jpg\" class=\"gallery-tiles__item\" data-src=\"https:\/\/www.polonia.travel\/es\/wp-content\/uploads\/sites\/18\/2023\/07\/Kampinos-forest.jpg\"\r\n        aria-label=\"Otw\u00f3rz powi\u0119kszone zdj\u0119cie: Kampinos-forest\">\r\n        <img loading=\"lazy\" decoding=\"async\" width=\"1200\" height=\"801\" src=\"https:\/\/www.polonia.travel\/es\/wp-content\/uploads\/sites\/18\/2023\/07\/Kampinos-forest-1200x801.jpg\" class=\"gallery-tiles__thumb\" alt=\"\" srcset=\"https:\/\/www.polonia.travel\/es\/wp-content\/uploads\/sites\/18\/2023\/07\/Kampinos-forest-1200x801.jpg 1200w, https:\/\/www.polonia.travel\/es\/wp-content\/uploads\/sites\/18\/2023\/07\/Kampinos-forest-600x400.jpg 600w, https:\/\/www.polonia.travel\/es\/wp-content\/uploads\/sites\/18\/2023\/07\/Kampinos-forest-768x513.jpg 768w, https:\/\/www.polonia.travel\/es\/wp-content\/uploads\/sites\/18\/2023\/07\/Kampinos-forest.jpg 1500w\" sizes=\"auto, (max-width: 1200px) 100vw, 1200px\" \/>      <\/a>\r\n          <a href=\"https:\/\/www.polonia.travel\/es\/wp-content\/uploads\/sites\/18\/2023\/07\/kampinoski_pn_slonce_w_lesie_1170-1.jpg\" class=\"gallery-tiles__item\" data-src=\"https:\/\/www.polonia.travel\/es\/wp-content\/uploads\/sites\/18\/2023\/07\/kampinoski_pn_slonce_w_lesie_1170-1.jpg\"\r\n        aria-label=\"Otw\u00f3rz powi\u0119kszone zdj\u0119cie: Puszcza Kampinoska\">\r\n        <img loading=\"lazy\" decoding=\"async\" width=\"1170\" height=\"780\" src=\"https:\/\/www.polonia.travel\/es\/wp-content\/uploads\/sites\/18\/2023\/07\/kampinoski_pn_slonce_w_lesie_1170-1.jpg\" class=\"gallery-tiles__thumb\" alt=\"\" srcset=\"https:\/\/www.polonia.travel\/es\/wp-content\/uploads\/sites\/18\/2023\/07\/kampinoski_pn_slonce_w_lesie_1170-1.jpg 1170w, https:\/\/www.polonia.travel\/es\/wp-content\/uploads\/sites\/18\/2023\/07\/kampinoski_pn_slonce_w_lesie_1170-1-600x400.jpg 600w, https:\/\/www.polonia.travel\/es\/wp-content\/uploads\/sites\/18\/2023\/07\/kampinoski_pn_slonce_w_lesie_1170-1-768x512.jpg 768w\" sizes=\"auto, (max-width: 1170px) 100vw, 1170px\" \/>      <\/a>\r\n          <a href=\"https:\/\/www.polonia.travel\/es\/wp-content\/uploads\/sites\/18\/2023\/07\/kampinoski_pn_1170.jpg\" class=\"gallery-tiles__item\" data-src=\"https:\/\/www.polonia.travel\/es\/wp-content\/uploads\/sites\/18\/2023\/07\/kampinoski_pn_1170.jpg\"\r\n        aria-label=\"Otw\u00f3rz powi\u0119kszone zdj\u0119cie: Puszcza Kampinoska\">\r\n        <img loading=\"lazy\" decoding=\"async\" width=\"1170\" height=\"780\" src=\"https:\/\/www.polonia.travel\/es\/wp-content\/uploads\/sites\/18\/2023\/07\/kampinoski_pn_1170.jpg\" class=\"gallery-tiles__thumb\" alt=\"\" srcset=\"https:\/\/www.polonia.travel\/es\/wp-content\/uploads\/sites\/18\/2023\/07\/kampinoski_pn_1170.jpg 1170w, https:\/\/www.polonia.travel\/es\/wp-content\/uploads\/sites\/18\/2023\/07\/kampinoski_pn_1170-600x400.jpg 600w, https:\/\/www.polonia.travel\/es\/wp-content\/uploads\/sites\/18\/2023\/07\/kampinoski_pn_1170-768x512.jpg 768w\" sizes=\"auto, (max-width: 1170px) 100vw, 1170px\" \/>      <\/a>\r\n          <a href=\"https:\/\/www.polonia.travel\/es\/wp-content\/uploads\/sites\/18\/2022\/12\/kampinoski_pn_luzowa_gora_2_1170.jpg\" class=\"gallery-tiles__item\" data-src=\"https:\/\/www.polonia.travel\/es\/wp-content\/uploads\/sites\/18\/2022\/12\/kampinoski_pn_luzowa_gora_2_1170.jpg\"\r\n        aria-label=\"Otw\u00f3rz powi\u0119kszone zdj\u0119cie: kampinoski_pn_luzowa_gora_2_1170\">\r\n        <img loading=\"lazy\" decoding=\"async\" width=\"1170\" height=\"780\" src=\"https:\/\/www.polonia.travel\/es\/wp-content\/uploads\/sites\/18\/2022\/12\/kampinoski_pn_luzowa_gora_2_1170.jpg\" class=\"gallery-tiles__thumb\" alt=\"\" srcset=\"https:\/\/www.polonia.travel\/es\/wp-content\/uploads\/sites\/18\/2022\/12\/kampinoski_pn_luzowa_gora_2_1170.jpg 1170w, https:\/\/www.polonia.travel\/es\/wp-content\/uploads\/sites\/18\/2022\/12\/kampinoski_pn_luzowa_gora_2_1170-600x400.jpg 600w, https:\/\/www.polonia.travel\/es\/wp-content\/uploads\/sites\/18\/2022\/12\/kampinoski_pn_luzowa_gora_2_1170-768x512.jpg 768w\" sizes=\"auto, (max-width: 1170px) 100vw, 1170px\" \/>      <\/a>\r\n          <a href=\"https:\/\/www.polonia.travel\/es\/wp-content\/uploads\/sites\/18\/2023\/03\/Kampinoski.jpg\" class=\"gallery-tiles__item\" data-src=\"https:\/\/www.polonia.travel\/es\/wp-content\/uploads\/sites\/18\/2023\/03\/Kampinoski.jpg\"\r\n        aria-label=\"Otw\u00f3rz powi\u0119kszone zdj\u0119cie: Kampinoski\">\r\n        <img loading=\"lazy\" decoding=\"async\" width=\"1200\" height=\"844\" src=\"https:\/\/www.polonia.travel\/es\/wp-content\/uploads\/sites\/18\/2023\/03\/Kampinoski.jpg\" class=\"gallery-tiles__thumb\" alt=\"\" srcset=\"https:\/\/www.polonia.travel\/es\/wp-content\/uploads\/sites\/18\/2023\/03\/Kampinoski.jpg 1200w, https:\/\/www.polonia.travel\/es\/wp-content\/uploads\/sites\/18\/2023\/03\/Kampinoski-600x422.jpg 600w, https:\/\/www.polonia.travel\/es\/wp-content\/uploads\/sites\/18\/2023\/03\/Kampinoski-768x540.jpg 768w\" sizes=\"auto, (max-width: 1200px) 100vw, 1200px\" \/>      <\/a>\r\n      <\/div>\r\n<\/div><\/div>\n\n\n\n<div style=\"height:100px\" aria-hidden=\"true\" class=\"wp-block-spacer is-style-spacer-small\"><\/div>\n\n\n\n<div class=\"wp-block-group has-background\" style=\"background-color:#eeeeee\"><div class=\"wp-block-group__inner-container is-layout-constrained wp-block-group-is-layout-constrained\">\n<div style=\"height:100px\" aria-hidden=\"true\" class=\"wp-block-spacer is-style-spacer-small\"><\/div>\n\n\n\n<div class=\"wp-block-group is-style-container\"><div class=\"wp-block-group__inner-container is-layout-constrained wp-block-group-is-layout-constrained\">\n<h3 class=\"wp-block-heading\">Lee m\u00e1s art\u00edculos<\/h3>\n\n\n<div class=\"overflow\">\n  <div class=\"post-slider swiper post-slider--small\" data-schema=\"small\">\n\n    <div class=\"swiper-wrapper\">\n              <div class=\"swiper-slide post-slide\">\n                      <a href=\"https:\/\/www.polonia.travel\/es\/parque-nacional-de-bieszczady\/\" class=\"post-box post-box--small\" style=\" background-image: url(https:\/\/www.polonia.travel\/es\/wp-content\/uploads\/sites\/18\/2023\/07\/bieszczady_jesien_1170-600x400.jpg);\">\n          <div class=\"post-box__hover\" style=\"background-image: url(https:\/\/www.polonia.travel\/es\/wp-content\/uploads\/sites\/18\/2023\/07\/bieszczady_1170-600x399.jpg);\"><\/div>\n        <div class=\"post-box__info\">\n            <div class=\"post-box__title\">Parque Nacional de Bieszczady<\/div>\n      <div class=\"post-box__more\">Leer m\u00e1s<\/div>\n    <\/div>\n  <\/a>\n\n          <\/div>\n              <div class=\"swiper-slide post-slide\">\n                      <a href=\"https:\/\/www.polonia.travel\/es\/parque-nacional-de-magura\/\" class=\"post-box post-box--small\" style=\" background-image: url(https:\/\/www.polonia.travel\/es\/wp-content\/uploads\/sites\/18\/2022\/12\/magurski_pn_540-1.jpg);\">\n          <div class=\"post-box__hover\" style=\"background-image: url(https:\/\/www.polonia.travel\/es\/wp-content\/uploads\/sites\/18\/2022\/12\/magurka_radziechowska_1170-600x400.jpg);\"><\/div>\n        <div class=\"post-box__info\">\n            <div class=\"post-box__title\">Parque Nacional de Magura<\/div>\n      <div class=\"post-box__more\">Leer m\u00e1s<\/div>\n    <\/div>\n  <\/a>\n\n          <\/div>\n              <div class=\"swiper-slide post-slide\">\n                      <a href=\"https:\/\/www.polonia.travel\/es\/parque-nacional-de-los-tatra\/\" class=\"post-box post-box--small\" style=\" background-image: url(https:\/\/www.polonia.travel\/es\/wp-content\/uploads\/sites\/18\/2023\/07\/1077_Tatry-Gasienicowa_PG_HR-600x400.jpg);\">\n          <div class=\"post-box__hover\" style=\"background-image: url(https:\/\/www.polonia.travel\/es\/wp-content\/uploads\/sites\/18\/2024\/04\/AdobeStock_398429625_Tatry-kadr-600x400.jpeg);\"><\/div>\n        <div class=\"post-box__info\">\n            <div class=\"post-box__title\">Parque Nacional de los Tatra<\/div>\n      <div class=\"post-box__more\">Leer m\u00e1s<\/div>\n    <\/div>\n  <\/a>\n\n          <\/div>\n              <div class=\"swiper-slide post-slide\">\n                      <a href=\"https:\/\/www.polonia.travel\/es\/parque-nacional-de-los-pienines\/\" class=\"post-box post-box--small\" style=\" background-image: url(https:\/\/www.polonia.travel\/es\/wp-content\/uploads\/sites\/18\/2023\/07\/pieniny_splyw_dunajcem_1170-600x400.jpg);\">\n          <div class=\"post-box__hover\" style=\"background-image: url(https:\/\/www.polonia.travel\/es\/wp-content\/uploads\/sites\/18\/2024\/04\/Pieniny_Sokolica_wiosna_2-600x400.jpg);\"><\/div>\n        <div class=\"post-box__info\">\n            <div class=\"post-box__title\">Parque Nacional de los Pienines<\/div>\n      <div class=\"post-box__more\">Leer m\u00e1s<\/div>\n    <\/div>\n  <\/a>\n\n          <\/div>\n              <div class=\"swiper-slide post-slide\">\n                      <a href=\"https:\/\/www.polonia.travel\/es\/parque-nacional-de-los-gorce\/\" class=\"post-box post-box--small\" style=\" background-image: url(https:\/\/www.polonia.travel\/es\/wp-content\/uploads\/sites\/18\/2023\/02\/Gorce-04142018_0W1A1842-600x400.jpg);\">\n          <div class=\"post-box__hover\" style=\"background-image: url(https:\/\/www.polonia.travel\/es\/wp-content\/uploads\/sites\/18\/2023\/02\/5400_Gorce_KK_P-600x400.jpg);\"><\/div>\n        <div class=\"post-box__info\">\n            <div class=\"post-box__title\">Parque Nacional de los Gorce<\/div>\n      <div class=\"post-box__more\">Leer m\u00e1s<\/div>\n    <\/div>\n  <\/a>\n\n          <\/div>\n              <div class=\"swiper-slide post-slide\">\n                      <a href=\"https:\/\/www.polonia.travel\/es\/parque-nacional-de-babia-gora\/\" class=\"post-box post-box--small\" style=\" background-image: url(https:\/\/www.polonia.travel\/es\/wp-content\/uploads\/sites\/18\/2023\/02\/Babia-Gora-National-Park-photo-Marcin-Trybala-600x400.jpg);\">\n          <div class=\"post-box__hover\" style=\"background-image: url(https:\/\/www.polonia.travel\/es\/wp-content\/uploads\/sites\/18\/2023\/02\/Babia-Gora_Fot.Rafal-Solinski-600x399.jpg);\"><\/div>\n        <div class=\"post-box__info\">\n            <div class=\"post-box__title\">Parque Nacional de Babia G\u00f3ra<\/div>\n      <div class=\"post-box__more\">Leer m\u00e1s<\/div>\n    <\/div>\n  <\/a>\n\n          <\/div>\n              <div class=\"swiper-slide post-slide\">\n                      <a href=\"https:\/\/www.polonia.travel\/es\/parque-nacional-ojcowski-y-dos-castillos\/\" class=\"post-box post-box--small\" style=\" background-image: url(https:\/\/www.polonia.travel\/es\/wp-content\/uploads\/sites\/18\/2023\/02\/Ojcowski_PN_1170-600x397.jpg);\">\n          <div class=\"post-box__hover\" style=\"background-image: url(https:\/\/www.polonia.travel\/es\/wp-content\/uploads\/sites\/18\/2024\/04\/Ojcowski20Park20Narodowy20i20Zamek20w20Pieskowej20Skale2023220768x512-600x400.jpg);\"><\/div>\n        <div class=\"post-box__info\">\n            <div class=\"post-box__title\">Parque Nacional Ojcowski (y dos castillos)<\/div>\n      <div class=\"post-box__more\">Leer m\u00e1s<\/div>\n    <\/div>\n  <\/a>\n\n          <\/div>\n              <div class=\"swiper-slide post-slide\">\n                      <a href=\"https:\/\/www.polonia.travel\/es\/parque-nacional-de-los-montes-stolowe\/\" class=\"post-box post-box--small\" style=\" background-image: url(https:\/\/www.polonia.travel\/es\/wp-content\/uploads\/sites\/18\/2023\/02\/Szczeliniec-Wielki_Stolowe-gory-600x388.jpeg);\">\n          <div class=\"post-box__hover\" style=\"background-image: url(https:\/\/www.polonia.travel\/es\/wp-content\/uploads\/sites\/18\/2022\/12\/gory_stolowe_szczeliniec_wielki_1170-600x400.jpg);\"><\/div>\n        <div class=\"post-box__info\">\n            <div class=\"post-box__title\">Parque Nacional de los Montes Sto\u0142owe<\/div>\n      <div class=\"post-box__more\">Leer m\u00e1s<\/div>\n    <\/div>\n  <\/a>\n\n          <\/div>\n              <div class=\"swiper-slide post-slide\">\n                      <a href=\"https:\/\/www.polonia.travel\/es\/parque-nacional-de-los-karkonosze\/\" class=\"post-box post-box--small\" style=\" background-image: url(https:\/\/www.polonia.travel\/es\/wp-content\/uploads\/sites\/18\/2022\/12\/karkonoski_pn_sniezka_1170-600x400.jpg);\">\n          <div class=\"post-box__hover\" style=\"background-image: url(https:\/\/www.polonia.travel\/es\/wp-content\/uploads\/sites\/18\/2022\/12\/sniezka_zima_1170.jpg);\"><\/div>\n        <div class=\"post-box__info\">\n            <div class=\"post-box__title\">Parque Nacional de los Karkonosze<\/div>\n      <div class=\"post-box__more\">Leer m\u00e1s<\/div>\n    <\/div>\n  <\/a>\n\n          <\/div>\n              <div class=\"swiper-slide post-slide\">\n                      <a href=\"https:\/\/www.polonia.travel\/es\/parque-nacional-swietokrzyski\/\" class=\"post-box post-box--small\" style=\" background-image: url(https:\/\/www.polonia.travel\/es\/wp-content\/uploads\/sites\/18\/2023\/02\/392_Gory-Swietokrzyskie-i-Swiety-Krzyz-szklany-dom-Zeromskiego_MC_P-600x400.jpg);\">\n          <div class=\"post-box__hover\" style=\"background-image: url(https:\/\/www.polonia.travel\/es\/wp-content\/uploads\/sites\/18\/2023\/02\/13_Gory-Swietokrzyskie-i-Swiety-Krzyz-szklany-dom-Zeromskiego_MC_P-600x400.jpg);\"><\/div>\n        <div class=\"post-box__info\">\n            <div class=\"post-box__title\">Parque Nacional \u015awi\u0119tokrzyski<\/div>\n      <div class=\"post-box__more\">Leer m\u00e1s<\/div>\n    <\/div>\n  <\/a>\n\n          <\/div>\n              <div class=\"swiper-slide post-slide\">\n                      <a href=\"https:\/\/www.polonia.travel\/es\/parque-nacional-de-roztocze\/\" class=\"post-box post-box--small\" style=\" background-image: url(https:\/\/www.polonia.travel\/es\/wp-content\/uploads\/sites\/18\/2023\/02\/Roztoczanski-PN_stawy-echo-600x400.jpg);\">\n          <div class=\"post-box__hover\" style=\"background-image: url(https:\/\/www.polonia.travel\/es\/wp-content\/uploads\/sites\/18\/2023\/07\/Lub_680209-600x400.jpg);\"><\/div>\n        <div class=\"post-box__info\">\n            <div class=\"post-box__title\">Parque Nacional de Roztocze<\/div>\n      <div class=\"post-box__more\">Leer m\u00e1s<\/div>\n    <\/div>\n  <\/a>\n\n          <\/div>\n              <div class=\"swiper-slide post-slide\">\n                      <a href=\"https:\/\/www.polonia.travel\/es\/parque-nacional-de-polesie\/\" class=\"post-box post-box--small\" style=\" background-image: url(https:\/\/www.polonia.travel\/es\/wp-content\/uploads\/sites\/18\/2023\/02\/poleski-PN3-600x401.jpeg);\">\n          <div class=\"post-box__hover\" style=\"background-image: url(https:\/\/www.polonia.travel\/es\/wp-content\/uploads\/sites\/18\/2023\/02\/Poleski-Park-Narodowy2-600x450.jpg);\"><\/div>\n        <div class=\"post-box__info\">\n            <div class=\"post-box__title\">Parque Nacional de Polesie<\/div>\n      <div class=\"post-box__more\">Leer m\u00e1s<\/div>\n    <\/div>\n  <\/a>\n\n          <\/div>\n              <div class=\"swiper-slide post-slide\">\n                      <a href=\"https:\/\/www.polonia.travel\/es\/parque-nacional-de-bialowieza\/\" class=\"post-box post-box--small\" style=\" background-image: url(https:\/\/www.polonia.travel\/es\/wp-content\/uploads\/sites\/18\/2023\/07\/bialowiezaforest-600x400.jpg);\">\n          <div class=\"post-box__hover\" style=\"background-image: url(https:\/\/www.polonia.travel\/es\/wp-content\/uploads\/sites\/18\/2023\/02\/zubr-bialowieza-600x399.webp);\"><\/div>\n        <div class=\"post-box__info\">\n            <div class=\"post-box__title\">Parque Nacional de Bia\u0142owie\u017ca<\/div>\n      <div class=\"post-box__more\">Leer m\u00e1s<\/div>\n    <\/div>\n  <\/a>\n\n          <\/div>\n              <div class=\"swiper-slide post-slide\">\n                      <a href=\"https:\/\/www.polonia.travel\/es\/parque-nacional-del-narew\/\" class=\"post-box post-box--small\" style=\" background-image: url(https:\/\/www.polonia.travel\/es\/wp-content\/uploads\/sites\/18\/2022\/12\/narwianski_park_narodowy_1170-600x400.jpg);\">\n          <div class=\"post-box__hover\" style=\"background-image: url(https:\/\/www.polonia.travel\/es\/wp-content\/uploads\/sites\/18\/2022\/12\/narwianski_pn_kladka_1170-1-600x400.jpg);\"><\/div>\n        <div class=\"post-box__info\">\n            <div class=\"post-box__title\">Parque Nacional del Narew<\/div>\n      <div class=\"post-box__more\">Leer m\u00e1s<\/div>\n    <\/div>\n  <\/a>\n\n          <\/div>\n              <div class=\"swiper-slide post-slide\">\n                      <a href=\"https:\/\/www.polonia.travel\/es\/parque-nacional-del-biebrza\/\" class=\"post-box post-box--small\" style=\" background-image: url(https:\/\/www.polonia.travel\/es\/wp-content\/uploads\/sites\/18\/2024\/04\/0320Biebrza20z20lotu20ptaka20fot.20Arch.Podlaska20ROT-600x400.jpg);\">\n          <div class=\"post-box__hover\" style=\"background-image: url(https:\/\/www.polonia.travel\/es\/wp-content\/uploads\/sites\/18\/2022\/12\/biebrzanski_pn_tratwa_1170-600x400.jpg);\"><\/div>\n        <div class=\"post-box__info\">\n            <div class=\"post-box__title\">Parque Nacional del Biebrza<\/div>\n      <div class=\"post-box__more\">Leer m\u00e1s<\/div>\n    <\/div>\n  <\/a>\n\n          <\/div>\n              <div class=\"swiper-slide post-slide\">\n                      <a href=\"https:\/\/www.polonia.travel\/es\/parque-nacional-wigierski\/\" class=\"post-box post-box--small\" style=\" background-image: url(https:\/\/www.polonia.travel\/es\/wp-content\/uploads\/sites\/18\/2023\/02\/perkoz_Wigry_wigierski-PN-600x400.jpeg);\">\n          <div class=\"post-box__hover\" style=\"background-image: url(https:\/\/www.polonia.travel\/es\/wp-content\/uploads\/sites\/18\/2022\/12\/wigierski_pn_klasztor_1170-600x400.jpg);\"><\/div>\n        <div class=\"post-box__info\">\n            <div class=\"post-box__title\">Parque Nacional Wigierski<\/div>\n      <div class=\"post-box__more\">Leer m\u00e1s<\/div>\n    <\/div>\n  <\/a>\n\n          <\/div>\n              <div class=\"swiper-slide post-slide\">\n                      <a href=\"https:\/\/www.polonia.travel\/es\/parque-nacional-de-kampinos\/\" class=\"post-box post-box--small\" style=\" background-image: url(https:\/\/www.polonia.travel\/es\/wp-content\/uploads\/sites\/18\/2023\/03\/Kampinoski-600x422.jpg);\">\n          <div class=\"post-box__hover\" style=\"background-image: url(https:\/\/www.polonia.travel\/es\/wp-content\/uploads\/sites\/18\/2023\/07\/Kampinos-forest-600x400.jpg);\"><\/div>\n        <div class=\"post-box__info\">\n            <div class=\"post-box__title\">Parque Nacional de Kampinos<\/div>\n      <div class=\"post-box__more\">Leer m\u00e1s<\/div>\n    <\/div>\n  <\/a>\n\n          <\/div>\n              <div class=\"swiper-slide post-slide\">\n                      <a href=\"https:\/\/www.polonia.travel\/es\/parque-nacional-%c2%a8desembocadura-del-warta%c2%a8\/\" class=\"post-box post-box--small\" style=\" background-image: url(https:\/\/www.polonia.travel\/es\/wp-content\/uploads\/sites\/18\/2024\/04\/01638_0595_PN_Ujscie_Warty_KK_HR-600x400.jpg);\">\n          <div class=\"post-box__hover\" style=\"background-image: url(https:\/\/www.polonia.travel\/es\/wp-content\/uploads\/sites\/18\/2024\/04\/01638_2483_PN_Ujscie_Warty_KK_HR-600x400.jpg);\"><\/div>\n        <div class=\"post-box__info\">\n            <div class=\"post-box__title\">Parque Nacional \u00a8Desembocadura del Warta\u00a8<\/div>\n      <div class=\"post-box__more\">Leer m\u00e1s<\/div>\n    <\/div>\n  <\/a>\n\n          <\/div>\n              <div class=\"swiper-slide post-slide\">\n                      <a href=\"https:\/\/www.polonia.travel\/es\/parque-nacional-wielkopolski\/\" class=\"post-box post-box--small\" style=\" background-image: url(https:\/\/www.polonia.travel\/es\/wp-content\/uploads\/sites\/18\/2022\/12\/WielkopolskiPN_ok-600x400.jpg);\">\n          <div class=\"post-box__hover\" style=\"background-image: url(https:\/\/www.polonia.travel\/es\/wp-content\/uploads\/sites\/18\/2022\/12\/wielkopolski_pn_540.jpg);\"><\/div>\n        <div class=\"post-box__info\">\n            <div class=\"post-box__title\">Parque Nacional Wielkopolski<\/div>\n      <div class=\"post-box__more\">Leer m\u00e1s<\/div>\n    <\/div>\n  <\/a>\n\n          <\/div>\n              <div class=\"swiper-slide post-slide\">\n                      <a href=\"https:\/\/www.polonia.travel\/es\/parque-nacional-drawienski\/\" class=\"post-box post-box--small\" style=\" background-image: url(https:\/\/www.polonia.travel\/es\/wp-content\/uploads\/sites\/18\/2023\/02\/Drawienski-PN-6-600x400.jpg);\">\n          <div class=\"post-box__hover\" style=\"background-image: url(https:\/\/www.polonia.travel\/es\/wp-content\/uploads\/sites\/18\/2023\/02\/Drawienski-PN-4-600x399.jpg);\"><\/div>\n        <div class=\"post-box__info\">\n            <div class=\"post-box__title\">Parque Nacional Drawie\u0144ski<\/div>\n      <div class=\"post-box__more\">Leer m\u00e1s<\/div>\n    <\/div>\n  <\/a>\n\n          <\/div>\n              <div class=\"swiper-slide post-slide\">\n                      <a href=\"https:\/\/www.polonia.travel\/es\/parque-nacional-de-los-bosques-de-tuchola\/\" class=\"post-box post-box--small\" style=\" background-image: url(https:\/\/www.polonia.travel\/es\/wp-content\/uploads\/sites\/18\/2022\/12\/bory_tucholskie_1170-600x400.jpg);\">\n          <div class=\"post-box__hover\" style=\"background-image: url(https:\/\/www.polonia.travel\/es\/wp-content\/uploads\/sites\/18\/2023\/02\/9_Fotolia_EDEN_Bory-Tucholskie_HR-600x400.jpg);\"><\/div>\n        <div class=\"post-box__info\">\n            <div class=\"post-box__title\">Parque Nacional de los Bosques de Tuchola<\/div>\n      <div class=\"post-box__more\">Leer m\u00e1s<\/div>\n    <\/div>\n  <\/a>\n\n          <\/div>\n              <div class=\"swiper-slide post-slide\">\n                      <a href=\"https:\/\/www.polonia.travel\/es\/parque-nacional-de-wolin\/\" class=\"post-box post-box--small\" style=\" background-image: url(https:\/\/www.polonia.travel\/es\/wp-content\/uploads\/sites\/18\/2023\/02\/406_Wolinski-HRark-Narodowy_HR-600x400.jpg);\">\n          <div class=\"post-box__hover\" style=\"background-image: url(https:\/\/www.polonia.travel\/es\/wp-content\/uploads\/sites\/18\/2024\/04\/wolinski_PN_540_360.jpg);\"><\/div>\n        <div class=\"post-box__info\">\n            <div class=\"post-box__title\">Parque Nacional de Wolin<\/div>\n      <div class=\"post-box__more\">Leer m\u00e1s<\/div>\n    <\/div>\n  <\/a>\n\n          <\/div>\n              <div class=\"swiper-slide post-slide\">\n                      <a href=\"https:\/\/www.polonia.travel\/es\/parque-nacional-slowinski\/\" class=\"post-box post-box--small\" style=\" background-image: url(https:\/\/www.polonia.travel\/es\/wp-content\/uploads\/sites\/18\/2022\/12\/slowinski_pn_wydmy_1170-600x400.jpg);\">\n          <div class=\"post-box__hover\" style=\"background-image: url(https:\/\/www.polonia.travel\/es\/wp-content\/uploads\/sites\/18\/2023\/02\/Slowinski-Parc-National-2-600x388.jpg);\"><\/div>\n        <div class=\"post-box__info\">\n            <div class=\"post-box__title\">Parque Nacional S\u0142owi\u0144ski<\/div>\n      <div class=\"post-box__more\">Leer m\u00e1s<\/div>\n    <\/div>\n  <\/a>\n\n          <\/div>\n          <\/div>\n    <div class=\"post-slider__pagination\"><\/div>\n  <\/div>\n<\/div>\n<\/div><\/div>\n\n\n\n<div style=\"height:100px\" aria-hidden=\"true\" class=\"wp-block-spacer is-style-spacer-small\"><\/div>\n<\/div><\/div>\n","protected":false},"excerpt":{"rendered":"<p>Las dunas continentales cubiertas de pinares son una atracci\u00f3n paisaj\u00edstica del parque; entre las dunas se extiende una zona pantanosa cubierta de alisos, as\u00ed como turberas bajas y prados. La fauna del parque es rica en especies raras y protegidas; aqu\u00ed hay alces, castores y linces. El parque est\u00e1 inscrito en la lista de las [&hellip;]<\/p>\n","protected":false},"author":1,"featured_media":21032,"comment_status":"open","ping_status":"open","sticky":false,"template":"","format":"standard","meta":{"_acf_changed":false,"footnotes":""},"categories":[1040],"class_list":["post-31340","post","type-post","status-publish","format-standard","has-post-thumbnail","hentry","category-parques-nacionales"],"acf":[],"yoast_head":"<!-- This site is optimized with the Yoast SEO plugin v27.4 - https:\/\/yoast.com\/product\/yoast-seo-wordpress\/ -->\n<title>Parque Nacional de Kampinos - Polonia Travel (ES)<\/title>\n<meta name=\"robots\" content=\"index, follow, max-snippet:-1, max-image-preview:large, max-video-preview:-1\" \/>\n<link rel=\"canonical\" href=\"https:\/\/www.polonia.travel\/es\/parque-nacional-de-kampinos\/\" \/>\n<meta property=\"og:locale\" content=\"pl_PL\" \/>\n<meta property=\"og:type\" content=\"article\" \/>\n<meta property=\"og:title\" content=\"Parque Nacional de Kampinos - Polonia Travel (ES)\" \/>\n<meta property=\"og:description\" content=\"Las dunas continentales cubiertas de pinares son una atracci\u00f3n paisaj\u00edstica del parque; entre las dunas se extiende una zona pantanosa cubierta de alisos, as\u00ed como turberas bajas y prados. La fauna del parque es rica en especies raras y protegidas; aqu\u00ed hay alces, castores y linces. El parque est\u00e1 inscrito en la lista de las [&hellip;]\" \/>\n<meta property=\"og:url\" content=\"https:\/\/www.polonia.travel\/es\/parque-nacional-de-kampinos\/\" \/>\n<meta property=\"og:site_name\" content=\"Polonia Travel (ES)\" \/>\n<meta property=\"article:published_time\" content=\"2024-05-06T11:47:20+00:00\" \/>\n<meta property=\"article:modified_time\" content=\"2024-05-06T11:47:21+00:00\" \/>\n<meta property=\"og:image\" content=\"https:\/\/www.polonia.travel\/es\/wp-content\/uploads\/sites\/18\/2023\/02\/Kampinoski-PN1920.jpg\" \/>\n\t<meta property=\"og:image:width\" content=\"1920\" \/>\n\t<meta property=\"og:image:height\" content=\"450\" \/>\n\t<meta property=\"og:image:type\" content=\"image\/jpeg\" \/>\n<meta name=\"twitter:card\" content=\"summary_large_image\" \/>\n<meta name=\"twitter:label1\" content=\"Napisane przez\" \/>\n\t<meta name=\"twitter:data1\" content=\"\" \/>\n\t<meta name=\"twitter:label2\" content=\"Szacowany czas czytania\" \/>\n\t<meta name=\"twitter:data2\" content=\"1 minuta\" \/>\n<script type=\"application\/ld+json\" class=\"yoast-schema-graph\">{\"@context\":\"https:\\\/\\\/schema.org\",\"@graph\":[{\"@type\":\"Article\",\"@id\":\"https:\\\/\\\/www.polonia.travel\\\/es\\\/parque-nacional-de-kampinos\\\/#article\",\"isPartOf\":{\"@id\":\"https:\\\/\\\/www.polonia.travel\\\/es\\\/parque-nacional-de-kampinos\\\/\"},\"author\":{\"name\":\"\",\"@id\":\"\"},\"headline\":\"Parque Nacional de Kampinos\",\"datePublished\":\"2024-05-06T11:47:20+00:00\",\"dateModified\":\"2024-05-06T11:47:21+00:00\",\"mainEntityOfPage\":{\"@id\":\"https:\\\/\\\/www.polonia.travel\\\/es\\\/parque-nacional-de-kampinos\\\/\"},\"wordCount\":100,\"commentCount\":0,\"publisher\":{\"@id\":\"https:\\\/\\\/www.polonia.travel\\\/es\\\/#organization\"},\"image\":{\"@id\":\"https:\\\/\\\/www.polonia.travel\\\/es\\\/parque-nacional-de-kampinos\\\/#primaryimage\"},\"thumbnailUrl\":\"https:\\\/\\\/www.polonia.travel\\\/es\\\/wp-content\\\/uploads\\\/sites\\\/18\\\/2023\\\/02\\\/Kampinoski-PN1920.jpg\",\"keywords\":[\"es\",\"que-ver\",\"naturaleza\",\"parques-nacionales\"],\"articleSection\":[\"Parques Nacionales\"],\"inLanguage\":\"pl-PL\"},{\"@type\":\"WebPage\",\"@id\":\"https:\\\/\\\/www.polonia.travel\\\/es\\\/parque-nacional-de-kampinos\\\/\",\"url\":\"https:\\\/\\\/www.polonia.travel\\\/es\\\/parque-nacional-de-kampinos\\\/\",\"name\":\"Parque Nacional de Kampinos - Polonia Travel (ES)\",\"isPartOf\":{\"@id\":\"https:\\\/\\\/www.polonia.travel\\\/es\\\/#website\"},\"primaryImageOfPage\":{\"@id\":\"https:\\\/\\\/www.polonia.travel\\\/es\\\/parque-nacional-de-kampinos\\\/#primaryimage\"},\"image\":{\"@id\":\"https:\\\/\\\/www.polonia.travel\\\/es\\\/parque-nacional-de-kampinos\\\/#primaryimage\"},\"thumbnailUrl\":\"https:\\\/\\\/www.polonia.travel\\\/es\\\/wp-content\\\/uploads\\\/sites\\\/18\\\/2023\\\/02\\\/Kampinoski-PN1920.jpg\",\"datePublished\":\"2024-05-06T11:47:20+00:00\",\"dateModified\":\"2024-05-06T11:47:21+00:00\",\"breadcrumb\":{\"@id\":\"https:\\\/\\\/www.polonia.travel\\\/es\\\/parque-nacional-de-kampinos\\\/#breadcrumb\"},\"inLanguage\":\"pl-PL\",\"potentialAction\":[{\"@type\":\"ReadAction\",\"target\":[\"https:\\\/\\\/www.polonia.travel\\\/es\\\/parque-nacional-de-kampinos\\\/\"]}]},{\"@type\":\"ImageObject\",\"inLanguage\":\"pl-PL\",\"@id\":\"https:\\\/\\\/www.polonia.travel\\\/es\\\/parque-nacional-de-kampinos\\\/#primaryimage\",\"url\":\"https:\\\/\\\/www.polonia.travel\\\/es\\\/wp-content\\\/uploads\\\/sites\\\/18\\\/2023\\\/02\\\/Kampinoski-PN1920.jpg\",\"contentUrl\":\"https:\\\/\\\/www.polonia.travel\\\/es\\\/wp-content\\\/uploads\\\/sites\\\/18\\\/2023\\\/02\\\/Kampinoski-PN1920.jpg\",\"width\":1920,\"height\":450,\"caption\":\"Puszcza Kampinoska\"},{\"@type\":\"BreadcrumbList\",\"@id\":\"https:\\\/\\\/www.polonia.travel\\\/es\\\/parque-nacional-de-kampinos\\\/#breadcrumb\",\"itemListElement\":[{\"@type\":\"ListItem\",\"position\":1,\"name\":\"Home page\",\"item\":\"https:\\\/\\\/www.polonia.travel\\\/es\\\/\"},{\"@type\":\"ListItem\",\"position\":2,\"name\":\"Descubre +\",\"item\":\"https:\\\/\\\/www.polonia.travel\\\/es\\\/category\\\/descubre-lugares\\\/\"},{\"@type\":\"ListItem\",\"position\":3,\"name\":\"Parques Nacionales\",\"item\":\"https:\\\/\\\/www.polonia.travel\\\/es\\\/category\\\/descubre-lugares\\\/parques-nacionales\\\/\"},{\"@type\":\"ListItem\",\"position\":4,\"name\":\"Parque Nacional de Kampinos\"}]},{\"@type\":\"WebSite\",\"@id\":\"https:\\\/\\\/www.polonia.travel\\\/es\\\/#website\",\"url\":\"https:\\\/\\\/www.polonia.travel\\\/es\\\/\",\"name\":\"Polonia Travel (ES)\",\"description\":\"...\",\"publisher\":{\"@id\":\"https:\\\/\\\/www.polonia.travel\\\/es\\\/#organization\"},\"potentialAction\":[{\"@type\":\"SearchAction\",\"target\":{\"@type\":\"EntryPoint\",\"urlTemplate\":\"https:\\\/\\\/www.polonia.travel\\\/es\\\/?s={search_term_string}\"},\"query-input\":{\"@type\":\"PropertyValueSpecification\",\"valueRequired\":true,\"valueName\":\"search_term_string\"}}],\"inLanguage\":\"pl-PL\"},{\"@type\":\"Organization\",\"@id\":\"https:\\\/\\\/www.polonia.travel\\\/es\\\/#organization\",\"name\":\"Polonia Travel (ES)\",\"url\":\"https:\\\/\\\/www.polonia.travel\\\/es\\\/\",\"logo\":{\"@type\":\"ImageObject\",\"inLanguage\":\"pl-PL\",\"@id\":\"https:\\\/\\\/www.polonia.travel\\\/es\\\/#\\\/schema\\\/logo\\\/image\\\/\",\"url\":\"\",\"contentUrl\":\"\",\"caption\":\"Polonia Travel (ES)\"},\"image\":{\"@id\":\"https:\\\/\\\/www.polonia.travel\\\/es\\\/#\\\/schema\\\/logo\\\/image\\\/\"}},{\"@type\":\"Person\",\"@id\":\"\"}]}<\/script>\n<!-- \/ Yoast SEO plugin. -->","yoast_head_json":{"title":"Parque Nacional de Kampinos - Polonia Travel (ES)","robots":{"index":"index","follow":"follow","max-snippet":"max-snippet:-1","max-image-preview":"max-image-preview:large","max-video-preview":"max-video-preview:-1"},"canonical":"https:\/\/www.polonia.travel\/es\/parque-nacional-de-kampinos\/","og_locale":"pl_PL","og_type":"article","og_title":"Parque Nacional de Kampinos - Polonia Travel (ES)","og_description":"Las dunas continentales cubiertas de pinares son una atracci\u00f3n paisaj\u00edstica del parque; entre las dunas se extiende una zona pantanosa cubierta de alisos, as\u00ed como turberas bajas y prados. La fauna del parque es rica en especies raras y protegidas; aqu\u00ed hay alces, castores y linces. El parque est\u00e1 inscrito en la lista de las [&hellip;]","og_url":"https:\/\/www.polonia.travel\/es\/parque-nacional-de-kampinos\/","og_site_name":"Polonia Travel (ES)","article_published_time":"2024-05-06T11:47:20+00:00","article_modified_time":"2024-05-06T11:47:21+00:00","og_image":[{"width":1920,"height":450,"url":"https:\/\/www.polonia.travel\/es\/wp-content\/uploads\/sites\/18\/2023\/02\/Kampinoski-PN1920.jpg","type":"image\/jpeg"}],"twitter_card":"summary_large_image","twitter_misc":{"Napisane przez":"","Szacowany czas czytania":"1 minuta"},"schema":{"@context":"https:\/\/schema.org","@graph":[{"@type":"Article","@id":"https:\/\/www.polonia.travel\/es\/parque-nacional-de-kampinos\/#article","isPartOf":{"@id":"https:\/\/www.polonia.travel\/es\/parque-nacional-de-kampinos\/"},"author":{"name":"","@id":""},"headline":"Parque Nacional de Kampinos","datePublished":"2024-05-06T11:47:20+00:00","dateModified":"2024-05-06T11:47:21+00:00","mainEntityOfPage":{"@id":"https:\/\/www.polonia.travel\/es\/parque-nacional-de-kampinos\/"},"wordCount":100,"commentCount":0,"publisher":{"@id":"https:\/\/www.polonia.travel\/es\/#organization"},"image":{"@id":"https:\/\/www.polonia.travel\/es\/parque-nacional-de-kampinos\/#primaryimage"},"thumbnailUrl":"https:\/\/www.polonia.travel\/es\/wp-content\/uploads\/sites\/18\/2023\/02\/Kampinoski-PN1920.jpg","keywords":["es","que-ver","naturaleza","parques-nacionales"],"articleSection":["Parques Nacionales"],"inLanguage":"pl-PL"},{"@type":"WebPage","@id":"https:\/\/www.polonia.travel\/es\/parque-nacional-de-kampinos\/","url":"https:\/\/www.polonia.travel\/es\/parque-nacional-de-kampinos\/","name":"Parque Nacional de Kampinos - Polonia Travel (ES)","isPartOf":{"@id":"https:\/\/www.polonia.travel\/es\/#website"},"primaryImageOfPage":{"@id":"https:\/\/www.polonia.travel\/es\/parque-nacional-de-kampinos\/#primaryimage"},"image":{"@id":"https:\/\/www.polonia.travel\/es\/parque-nacional-de-kampinos\/#primaryimage"},"thumbnailUrl":"https:\/\/www.polonia.travel\/es\/wp-content\/uploads\/sites\/18\/2023\/02\/Kampinoski-PN1920.jpg","datePublished":"2024-05-06T11:47:20+00:00","dateModified":"2024-05-06T11:47:21+00:00","breadcrumb":{"@id":"https:\/\/www.polonia.travel\/es\/parque-nacional-de-kampinos\/#breadcrumb"},"inLanguage":"pl-PL","potentialAction":[{"@type":"ReadAction","target":["https:\/\/www.polonia.travel\/es\/parque-nacional-de-kampinos\/"]}]},{"@type":"ImageObject","inLanguage":"pl-PL","@id":"https:\/\/www.polonia.travel\/es\/parque-nacional-de-kampinos\/#primaryimage","url":"https:\/\/www.polonia.travel\/es\/wp-content\/uploads\/sites\/18\/2023\/02\/Kampinoski-PN1920.jpg","contentUrl":"https:\/\/www.polonia.travel\/es\/wp-content\/uploads\/sites\/18\/2023\/02\/Kampinoski-PN1920.jpg","width":1920,"height":450,"caption":"Puszcza Kampinoska"},{"@type":"BreadcrumbList","@id":"https:\/\/www.polonia.travel\/es\/parque-nacional-de-kampinos\/#breadcrumb","itemListElement":[{"@type":"ListItem","position":1,"name":"Home page","item":"https:\/\/www.polonia.travel\/es\/"},{"@type":"ListItem","position":2,"name":"Descubre +","item":"https:\/\/www.polonia.travel\/es\/category\/descubre-lugares\/"},{"@type":"ListItem","position":3,"name":"Parques Nacionales","item":"https:\/\/www.polonia.travel\/es\/category\/descubre-lugares\/parques-nacionales\/"},{"@type":"ListItem","position":4,"name":"Parque Nacional de Kampinos"}]},{"@type":"WebSite","@id":"https:\/\/www.polonia.travel\/es\/#website","url":"https:\/\/www.polonia.travel\/es\/","name":"Polonia Travel (ES)","description":"...","publisher":{"@id":"https:\/\/www.polonia.travel\/es\/#organization"},"potentialAction":[{"@type":"SearchAction","target":{"@type":"EntryPoint","urlTemplate":"https:\/\/www.polonia.travel\/es\/?s={search_term_string}"},"query-input":{"@type":"PropertyValueSpecification","valueRequired":true,"valueName":"search_term_string"}}],"inLanguage":"pl-PL"},{"@type":"Organization","@id":"https:\/\/www.polonia.travel\/es\/#organization","name":"Polonia Travel (ES)","url":"https:\/\/www.polonia.travel\/es\/","logo":{"@type":"ImageObject","inLanguage":"pl-PL","@id":"https:\/\/www.polonia.travel\/es\/#\/schema\/logo\/image\/","url":"","contentUrl":"","caption":"Polonia Travel (ES)"},"image":{"@id":"https:\/\/www.polonia.travel\/es\/#\/schema\/logo\/image\/"}},{"@type":"Person","@id":""}]}},"_links":{"self":[{"href":"https:\/\/www.polonia.travel\/es\/wp-json\/wp\/v2\/posts\/31340","targetHints":{"allow":["GET"]}}],"collection":[{"href":"https:\/\/www.polonia.travel\/es\/wp-json\/wp\/v2\/posts"}],"about":[{"href":"https:\/\/www.polonia.travel\/es\/wp-json\/wp\/v2\/types\/post"}],"author":[{"embeddable":true,"href":"https:\/\/www.polonia.travel\/es\/wp-json\/wp\/v2\/users\/1"}],"replies":[{"embeddable":true,"href":"https:\/\/www.polonia.travel\/es\/wp-json\/wp\/v2\/comments?post=31340"}],"version-history":[{"count":3,"href":"https:\/\/www.polonia.travel\/es\/wp-json\/wp\/v2\/posts\/31340\/revisions"}],"predecessor-version":[{"id":33674,"href":"https:\/\/www.polonia.travel\/es\/wp-json\/wp\/v2\/posts\/31340\/revisions\/33674"}],"wp:featuredmedia":[{"embeddable":true,"href":"https:\/\/www.polonia.travel\/es\/wp-json\/wp\/v2\/media\/21032"}],"wp:attachment":[{"href":"https:\/\/www.polonia.travel\/es\/wp-json\/wp\/v2\/media?parent=31340"}],"wp:term":[{"taxonomy":"category","embeddable":true,"href":"https:\/\/www.polonia.travel\/es\/wp-json\/wp\/v2\/categories?post=31340"}],"curies":[{"name":"wp","href":"https:\/\/api.w.org\/{rel}","templated":true}]}}