{"id":31329,"date":"2024-05-19T17:42:00","date_gmt":"2024-05-19T15:42:00","guid":{"rendered":"https:\/\/wp-es.poland.travel\/?p=31329"},"modified":"2025-05-20T14:21:35","modified_gmt":"2025-05-20T12:21:35","slug":"reserva-del-vistula","status":"publish","type":"post","link":"https:\/\/www.polonia.travel\/es\/reserva-del-vistula\/","title":{"rendered":"Reserva del V\u00edstula"},"content":{"rendered":"\n<p>&nbsp;<\/p>\n\n\n\n<div class=\"wp-block-group is-style-container-medium\"><div class=\"wp-block-group__inner-container is-layout-constrained wp-block-group-is-layout-constrained\">\n<h2 class=\"wp-block-heading\">Reserva del V\u00edstula<\/h2>\n<\/div><\/div>\n\n\n\n<div style=\"height:100px\" aria-hidden=\"true\" class=\"wp-block-spacer is-style-spacer-small\"><\/div>\n\n\n\n<div class=\"wp-block-group is-style-container-medium\"><div class=\"wp-block-group__inner-container is-layout-constrained wp-block-group-is-layout-constrained\">\n<p>El <strong>V\u00edstula<\/strong> (en polaco <strong><em>Wis\u0142a<\/em><\/strong>) es el r\u00edo que os acompa\u00f1ar\u00e1 siempre&nbsp; si recorr\u00e9is Polonia desde el sur hasta el norte (o al rev\u00e9s). A lo largo de sus <strong>1.047 km<\/strong> podr\u00e9is visitar ciudades hist\u00f3ricas grandes y peque\u00f1as: Cracovia, Sandomierz, Kazimierz Dolny, Varsovia, Toru\u0144 y, finalmente, Gda\u0144sk en la costa b\u00e1ltica. Pero para los que buscan el contacto con la naturaleza, recomendamos <strong>viajar al nacimiento del r\u00edo<\/strong>, en la regi\u00f3n de <strong>Silesia<\/strong>. El punto de partida puede ser la localidad que se llama exactamente igual que el r\u00edo: <strong>Wis\u0142a<\/strong>. A pocos kil\u00f3metros de all\u00ed se encuentra el <strong>monte Barania G\u00f3ra<\/strong>, &#8222;responsable&#8221; del nacimiento del r\u00edo por la confluencia de peque\u00f1os arroyos: <strong>V\u00edstula Negro<\/strong> y <strong>V\u00edstula Blanc<\/strong>o. Toda esta zona est\u00e1 incluida en la <strong>Reserva Natural del Wis\u0142a<\/strong>&nbsp;(<em><strong>Rezerwat Przyrody&nbsp;<\/strong><\/em><em><strong>Wis\u0142a<\/strong><\/em>), para hacer senderismo, monta\u00f1ismo y deportes de invierno disfrutando de los paisajes.<\/p>\n<\/div><\/div>\n\n\n\n<div style=\"height:100px\" aria-hidden=\"true\" class=\"wp-block-spacer is-style-spacer-small\"><\/div>\n\n\n\n<div class=\"wp-block-group is-style-container-medium\"><div class=\"wp-block-group__inner-container is-layout-constrained wp-block-group-is-layout-constrained\"><div class=\"wp-block-image\">\n<figure class=\"aligncenter size-large\"><img loading=\"lazy\" decoding=\"async\" width=\"900\" height=\"1200\" src=\"https:\/\/www.polonia.travel\/es\/wp-content\/uploads\/sites\/18\/2024\/04\/Rezerwat-Przyrody-Wisla_-moje_IMG_20210811_114748-900x1200.jpg\" alt=\"\" class=\"wp-image-37568\" srcset=\"https:\/\/www.polonia.travel\/es\/wp-content\/uploads\/sites\/18\/2024\/04\/Rezerwat-Przyrody-Wisla_-moje_IMG_20210811_114748-900x1200.jpg 900w, https:\/\/www.polonia.travel\/es\/wp-content\/uploads\/sites\/18\/2024\/04\/Rezerwat-Przyrody-Wisla_-moje_IMG_20210811_114748-450x600.jpg 450w, https:\/\/www.polonia.travel\/es\/wp-content\/uploads\/sites\/18\/2024\/04\/Rezerwat-Przyrody-Wisla_-moje_IMG_20210811_114748-768x1024.jpg 768w, https:\/\/www.polonia.travel\/es\/wp-content\/uploads\/sites\/18\/2024\/04\/Rezerwat-Przyrody-Wisla_-moje_IMG_20210811_114748-1152x1536.jpg 1152w, https:\/\/www.polonia.travel\/es\/wp-content\/uploads\/sites\/18\/2024\/04\/Rezerwat-Przyrody-Wisla_-moje_IMG_20210811_114748-1536x2048.jpg 1536w, https:\/\/www.polonia.travel\/es\/wp-content\/uploads\/sites\/18\/2024\/04\/Rezerwat-Przyrody-Wisla_-moje_IMG_20210811_114748-scaled.jpg 1920w\" sizes=\"auto, (max-width: 900px) 100vw, 900px\" \/><\/figure><\/div><\/div><\/div>\n\n\n\n<div style=\"height:100px\" aria-hidden=\"true\" class=\"wp-block-spacer is-style-spacer-small\"><\/div>\n\n\n\n<div class=\"wp-block-group is-style-container-medium\"><div class=\"wp-block-group__inner-container is-layout-constrained wp-block-group-is-layout-constrained\">\n<figure class=\"wp-block-gallery has-nested-images columns-default is-cropped wp-block-gallery-1 is-layout-flex wp-block-gallery-is-layout-flex\">\n<figure class=\"wp-block-image size-large\"><img loading=\"lazy\" decoding=\"async\" width=\"900\" height=\"1200\" data-id=\"37573\" src=\"https:\/\/www.polonia.travel\/es\/wp-content\/uploads\/sites\/18\/2025\/05\/IMG_20210811_120334-900x1200.jpg\" alt=\"\" class=\"wp-image-37573\" srcset=\"https:\/\/www.polonia.travel\/es\/wp-content\/uploads\/sites\/18\/2025\/05\/IMG_20210811_120334-900x1200.jpg 900w, https:\/\/www.polonia.travel\/es\/wp-content\/uploads\/sites\/18\/2025\/05\/IMG_20210811_120334-450x600.jpg 450w, https:\/\/www.polonia.travel\/es\/wp-content\/uploads\/sites\/18\/2025\/05\/IMG_20210811_120334-768x1024.jpg 768w, https:\/\/www.polonia.travel\/es\/wp-content\/uploads\/sites\/18\/2025\/05\/IMG_20210811_120334-1152x1536.jpg 1152w, https:\/\/www.polonia.travel\/es\/wp-content\/uploads\/sites\/18\/2025\/05\/IMG_20210811_120334-1536x2048.jpg 1536w, https:\/\/www.polonia.travel\/es\/wp-content\/uploads\/sites\/18\/2025\/05\/IMG_20210811_120334-scaled.jpg 1920w\" sizes=\"auto, (max-width: 900px) 100vw, 900px\" \/><\/figure>\n\n\n\n<figure class=\"wp-block-image size-large\"><img loading=\"lazy\" decoding=\"async\" width=\"1200\" height=\"900\" data-id=\"37572\" src=\"https:\/\/www.polonia.travel\/es\/wp-content\/uploads\/sites\/18\/2025\/05\/IMG_20210811_120722-1200x900.jpg\" alt=\"\" class=\"wp-image-37572\" srcset=\"https:\/\/www.polonia.travel\/es\/wp-content\/uploads\/sites\/18\/2025\/05\/IMG_20210811_120722-1200x900.jpg 1200w, https:\/\/www.polonia.travel\/es\/wp-content\/uploads\/sites\/18\/2025\/05\/IMG_20210811_120722-600x450.jpg 600w, https:\/\/www.polonia.travel\/es\/wp-content\/uploads\/sites\/18\/2025\/05\/IMG_20210811_120722-768x576.jpg 768w, https:\/\/www.polonia.travel\/es\/wp-content\/uploads\/sites\/18\/2025\/05\/IMG_20210811_120722-1536x1152.jpg 1536w, https:\/\/www.polonia.travel\/es\/wp-content\/uploads\/sites\/18\/2025\/05\/IMG_20210811_120722-2048x1536.jpg 2048w, https:\/\/www.polonia.travel\/es\/wp-content\/uploads\/sites\/18\/2025\/05\/IMG_20210811_120722-1920x1440.jpg 1920w\" sizes=\"auto, (max-width: 1200px) 100vw, 1200px\" \/><\/figure>\n\n\n\n<figure class=\"wp-block-image size-large\"><img loading=\"lazy\" decoding=\"async\" width=\"900\" height=\"1200\" data-id=\"37571\" src=\"https:\/\/www.polonia.travel\/es\/wp-content\/uploads\/sites\/18\/2025\/05\/IMG_20210811_120754-900x1200.jpg\" alt=\"\" class=\"wp-image-37571\" srcset=\"https:\/\/www.polonia.travel\/es\/wp-content\/uploads\/sites\/18\/2025\/05\/IMG_20210811_120754-900x1200.jpg 900w, https:\/\/www.polonia.travel\/es\/wp-content\/uploads\/sites\/18\/2025\/05\/IMG_20210811_120754-450x600.jpg 450w, https:\/\/www.polonia.travel\/es\/wp-content\/uploads\/sites\/18\/2025\/05\/IMG_20210811_120754-768x1024.jpg 768w, https:\/\/www.polonia.travel\/es\/wp-content\/uploads\/sites\/18\/2025\/05\/IMG_20210811_120754-1152x1536.jpg 1152w, https:\/\/www.polonia.travel\/es\/wp-content\/uploads\/sites\/18\/2025\/05\/IMG_20210811_120754-1536x2048.jpg 1536w, https:\/\/www.polonia.travel\/es\/wp-content\/uploads\/sites\/18\/2025\/05\/IMG_20210811_120754-scaled.jpg 1920w\" sizes=\"auto, (max-width: 900px) 100vw, 900px\" \/><\/figure>\n\n\n\n<figure class=\"wp-block-image size-large\"><img loading=\"lazy\" decoding=\"async\" width=\"1200\" height=\"900\" data-id=\"37570\" src=\"https:\/\/www.polonia.travel\/es\/wp-content\/uploads\/sites\/18\/2025\/05\/IMG_20210811_130419-1200x900.jpg\" alt=\"\" class=\"wp-image-37570\" srcset=\"https:\/\/www.polonia.travel\/es\/wp-content\/uploads\/sites\/18\/2025\/05\/IMG_20210811_130419-1200x900.jpg 1200w, https:\/\/www.polonia.travel\/es\/wp-content\/uploads\/sites\/18\/2025\/05\/IMG_20210811_130419-600x450.jpg 600w, https:\/\/www.polonia.travel\/es\/wp-content\/uploads\/sites\/18\/2025\/05\/IMG_20210811_130419-768x576.jpg 768w, https:\/\/www.polonia.travel\/es\/wp-content\/uploads\/sites\/18\/2025\/05\/IMG_20210811_130419-1536x1152.jpg 1536w, https:\/\/www.polonia.travel\/es\/wp-content\/uploads\/sites\/18\/2025\/05\/IMG_20210811_130419-2048x1536.jpg 2048w, https:\/\/www.polonia.travel\/es\/wp-content\/uploads\/sites\/18\/2025\/05\/IMG_20210811_130419-1920x1440.jpg 1920w\" sizes=\"auto, (max-width: 1200px) 100vw, 1200px\" \/><\/figure>\n<\/figure>\n<\/div><\/div>\n\n\n\n<div style=\"height:100px\" aria-hidden=\"true\" class=\"wp-block-spacer is-style-spacer-small\"><\/div>\n\n\n\n<div class=\"wp-block-group is-style-container-medium\"><div class=\"wp-block-group__inner-container is-layout-constrained wp-block-group-is-layout-constrained\">\n<p>En la <strong>ciudad de&nbsp;Wis\u0142a<\/strong>, cualquier amante de saltos de esqu\u00ed esperar\u00e1 encontrarse con <strong>Adam Malysz<\/strong>, uno de los grandes de esta disciplina e hijo predilecto de la ciudad. Recomendable tambi\u00e9n incluir una visita de corte cultural al <strong>Museo de Realismo M\u00e1gico<\/strong> donde, entre las obras de los reconocidos artistas de este estilo art\u00edstico, no puede faltar la <strong>exposici\u00f3n permanente dedicada a Salvador Dal\u00ed<\/strong>.&nbsp;<\/p>\n<\/div><\/div>\n\n\n\n<div style=\"height:100px\" aria-hidden=\"true\" class=\"wp-block-spacer is-style-spacer-small\"><\/div>\n\n\n\n<div class=\"wp-block-group is-style-container-medium\"><div class=\"wp-block-group__inner-container is-layout-constrained wp-block-group-is-layout-constrained\">\n<figure class=\"wp-block-image size-large\"><img loading=\"lazy\" decoding=\"async\" width=\"1200\" height=\"900\" src=\"https:\/\/www.polonia.travel\/es\/wp-content\/uploads\/sites\/18\/2025\/05\/IMG_20210811_171919-1200x900.jpg\" alt=\"\" class=\"wp-image-37577\" srcset=\"https:\/\/www.polonia.travel\/es\/wp-content\/uploads\/sites\/18\/2025\/05\/IMG_20210811_171919-1200x900.jpg 1200w, https:\/\/www.polonia.travel\/es\/wp-content\/uploads\/sites\/18\/2025\/05\/IMG_20210811_171919-600x450.jpg 600w, https:\/\/www.polonia.travel\/es\/wp-content\/uploads\/sites\/18\/2025\/05\/IMG_20210811_171919-768x576.jpg 768w, https:\/\/www.polonia.travel\/es\/wp-content\/uploads\/sites\/18\/2025\/05\/IMG_20210811_171919-1536x1152.jpg 1536w, https:\/\/www.polonia.travel\/es\/wp-content\/uploads\/sites\/18\/2025\/05\/IMG_20210811_171919-2048x1536.jpg 2048w, https:\/\/www.polonia.travel\/es\/wp-content\/uploads\/sites\/18\/2025\/05\/IMG_20210811_171919-1920x1440.jpg 1920w\" sizes=\"auto, (max-width: 1200px) 100vw, 1200px\" \/><\/figure>\n<\/div><\/div>\n\n\n\n<div style=\"height:100px\" aria-hidden=\"true\" class=\"wp-block-spacer is-style-spacer-medium\"><\/div>\n\n\n\n<div class=\"attachmentsContainer\">\n<div id=\"attachmentsList_com_content_default_29916\" class=\"attachmentsList\">&nbsp;<\/div>\n<\/div>\n\n\n\n<p><\/p>\n","protected":false},"excerpt":{"rendered":"<p>&nbsp; Reserva del V\u00edstula El V\u00edstula (en polaco Wis\u0142a) es el r\u00edo que os acompa\u00f1ar\u00e1 siempre&nbsp; si recorr\u00e9is Polonia desde el sur hasta el norte (o al rev\u00e9s). A lo largo de sus 1.047 km podr\u00e9is visitar ciudades hist\u00f3ricas grandes y peque\u00f1as: Cracovia, Sandomierz, Kazimierz Dolny, Varsovia, Toru\u0144 y, finalmente, Gda\u0144sk en la costa b\u00e1ltica. [&hellip;]<\/p>\n","protected":false},"author":1,"featured_media":0,"comment_status":"open","ping_status":"open","sticky":false,"template":"","format":"standard","meta":{"_acf_changed":false,"footnotes":""},"categories":[1225],"class_list":["post-31329","post","type-post","status-publish","format-standard","hentry","category-senderismo"],"acf":[],"yoast_head":"<!-- This site is optimized with the Yoast SEO plugin v27.4 - https:\/\/yoast.com\/product\/yoast-seo-wordpress\/ -->\n<title>Reserva del V\u00edstula - Polonia Travel (ES)<\/title>\n<meta name=\"robots\" content=\"index, follow, max-snippet:-1, max-image-preview:large, max-video-preview:-1\" \/>\n<link rel=\"canonical\" href=\"https:\/\/www.polonia.travel\/es\/reserva-del-vistula\/\" \/>\n<meta property=\"og:locale\" content=\"pl_PL\" \/>\n<meta property=\"og:type\" content=\"article\" \/>\n<meta property=\"og:title\" content=\"Reserva del V\u00edstula - Polonia Travel (ES)\" \/>\n<meta property=\"og:description\" content=\"&nbsp; Reserva del V\u00edstula El V\u00edstula (en polaco Wis\u0142a) es el r\u00edo que os acompa\u00f1ar\u00e1 siempre&nbsp; si recorr\u00e9is Polonia desde el sur hasta el norte (o al rev\u00e9s). A lo largo de sus 1.047 km podr\u00e9is visitar ciudades hist\u00f3ricas grandes y peque\u00f1as: Cracovia, Sandomierz, Kazimierz Dolny, Varsovia, Toru\u0144 y, finalmente, Gda\u0144sk en la costa b\u00e1ltica. [&hellip;]\" \/>\n<meta property=\"og:url\" content=\"https:\/\/www.polonia.travel\/es\/reserva-del-vistula\/\" \/>\n<meta property=\"og:site_name\" content=\"Polonia Travel (ES)\" \/>\n<meta property=\"article:published_time\" content=\"2024-05-19T15:42:00+00:00\" \/>\n<meta property=\"article:modified_time\" content=\"2025-05-20T12:21:35+00:00\" \/>\n<meta property=\"og:image\" content=\"https:\/\/www.polonia.travel\/es\/wp-content\/uploads\/sites\/18\/2024\/04\/Rezerwat-Przyrody-Wisla_-moje_IMG_20210811_114748-scaled.jpg\" \/>\n\t<meta property=\"og:image:width\" content=\"1920\" \/>\n\t<meta property=\"og:image:height\" content=\"2560\" \/>\n\t<meta property=\"og:image:type\" content=\"image\/jpeg\" \/>\n<meta name=\"twitter:card\" content=\"summary_large_image\" \/>\n<meta name=\"twitter:label1\" content=\"Napisane przez\" \/>\n\t<meta name=\"twitter:data1\" content=\"\" \/>\n\t<meta name=\"twitter:label2\" content=\"Szacowany czas czytania\" \/>\n\t<meta name=\"twitter:data2\" content=\"3 minuty\" \/>\n<script type=\"application\/ld+json\" class=\"yoast-schema-graph\">{\"@context\":\"https:\\\/\\\/schema.org\",\"@graph\":[{\"@type\":\"Article\",\"@id\":\"https:\\\/\\\/www.polonia.travel\\\/es\\\/reserva-del-vistula\\\/#article\",\"isPartOf\":{\"@id\":\"https:\\\/\\\/www.polonia.travel\\\/es\\\/reserva-del-vistula\\\/\"},\"author\":{\"name\":\"\",\"@id\":\"\"},\"headline\":\"Reserva del V\u00edstula\",\"datePublished\":\"2024-05-19T15:42:00+00:00\",\"dateModified\":\"2025-05-20T12:21:35+00:00\",\"mainEntityOfPage\":{\"@id\":\"https:\\\/\\\/www.polonia.travel\\\/es\\\/reserva-del-vistula\\\/\"},\"wordCount\":249,\"commentCount\":0,\"publisher\":{\"@id\":\"https:\\\/\\\/www.polonia.travel\\\/es\\\/#organization\"},\"image\":{\"@id\":\"https:\\\/\\\/www.polonia.travel\\\/es\\\/reserva-del-vistula\\\/#primaryimage\"},\"thumbnailUrl\":\"https:\\\/\\\/www.polonia.travel\\\/es\\\/wp-content\\\/uploads\\\/sites\\\/18\\\/2024\\\/04\\\/Rezerwat-Przyrody-Wisla_-moje_IMG_20210811_114748-900x1200.jpg\",\"keywords\":[\"es\",\"regiones\"],\"articleSection\":[\"Senderismo\"],\"inLanguage\":\"pl-PL\"},{\"@type\":\"WebPage\",\"@id\":\"https:\\\/\\\/www.polonia.travel\\\/es\\\/reserva-del-vistula\\\/\",\"url\":\"https:\\\/\\\/www.polonia.travel\\\/es\\\/reserva-del-vistula\\\/\",\"name\":\"Reserva del V\u00edstula - Polonia Travel (ES)\",\"isPartOf\":{\"@id\":\"https:\\\/\\\/www.polonia.travel\\\/es\\\/#website\"},\"primaryImageOfPage\":{\"@id\":\"https:\\\/\\\/www.polonia.travel\\\/es\\\/reserva-del-vistula\\\/#primaryimage\"},\"image\":{\"@id\":\"https:\\\/\\\/www.polonia.travel\\\/es\\\/reserva-del-vistula\\\/#primaryimage\"},\"thumbnailUrl\":\"https:\\\/\\\/www.polonia.travel\\\/es\\\/wp-content\\\/uploads\\\/sites\\\/18\\\/2024\\\/04\\\/Rezerwat-Przyrody-Wisla_-moje_IMG_20210811_114748-900x1200.jpg\",\"datePublished\":\"2024-05-19T15:42:00+00:00\",\"dateModified\":\"2025-05-20T12:21:35+00:00\",\"breadcrumb\":{\"@id\":\"https:\\\/\\\/www.polonia.travel\\\/es\\\/reserva-del-vistula\\\/#breadcrumb\"},\"inLanguage\":\"pl-PL\",\"potentialAction\":[{\"@type\":\"ReadAction\",\"target\":[\"https:\\\/\\\/www.polonia.travel\\\/es\\\/reserva-del-vistula\\\/\"]}]},{\"@type\":\"ImageObject\",\"inLanguage\":\"pl-PL\",\"@id\":\"https:\\\/\\\/www.polonia.travel\\\/es\\\/reserva-del-vistula\\\/#primaryimage\",\"url\":\"https:\\\/\\\/www.polonia.travel\\\/es\\\/wp-content\\\/uploads\\\/sites\\\/18\\\/2024\\\/04\\\/Rezerwat-Przyrody-Wisla_-moje_IMG_20210811_114748-scaled.jpg\",\"contentUrl\":\"https:\\\/\\\/www.polonia.travel\\\/es\\\/wp-content\\\/uploads\\\/sites\\\/18\\\/2024\\\/04\\\/Rezerwat-Przyrody-Wisla_-moje_IMG_20210811_114748-scaled.jpg\",\"width\":1920,\"height\":2560},{\"@type\":\"BreadcrumbList\",\"@id\":\"https:\\\/\\\/www.polonia.travel\\\/es\\\/reserva-del-vistula\\\/#breadcrumb\",\"itemListElement\":[{\"@type\":\"ListItem\",\"position\":1,\"name\":\"Home page\",\"item\":\"https:\\\/\\\/www.polonia.travel\\\/es\\\/\"},{\"@type\":\"ListItem\",\"position\":2,\"name\":\"Inspiraciones de viaje\",\"item\":\"https:\\\/\\\/www.polonia.travel\\\/es\\\/category\\\/inspiraciones-de-viaje\\\/\"},{\"@type\":\"ListItem\",\"position\":3,\"name\":\"Turismo Activo\",\"item\":\"https:\\\/\\\/www.polonia.travel\\\/es\\\/category\\\/inspiraciones-de-viaje\\\/turismo-activo\\\/\"},{\"@type\":\"ListItem\",\"position\":4,\"name\":\"Senderismo\",\"item\":\"https:\\\/\\\/www.polonia.travel\\\/es\\\/category\\\/inspiraciones-de-viaje\\\/turismo-activo\\\/senderismo\\\/\"},{\"@type\":\"ListItem\",\"position\":5,\"name\":\"Reserva del V\u00edstula\"}]},{\"@type\":\"WebSite\",\"@id\":\"https:\\\/\\\/www.polonia.travel\\\/es\\\/#website\",\"url\":\"https:\\\/\\\/www.polonia.travel\\\/es\\\/\",\"name\":\"Polonia Travel (ES)\",\"description\":\"...\",\"publisher\":{\"@id\":\"https:\\\/\\\/www.polonia.travel\\\/es\\\/#organization\"},\"potentialAction\":[{\"@type\":\"SearchAction\",\"target\":{\"@type\":\"EntryPoint\",\"urlTemplate\":\"https:\\\/\\\/www.polonia.travel\\\/es\\\/?s={search_term_string}\"},\"query-input\":{\"@type\":\"PropertyValueSpecification\",\"valueRequired\":true,\"valueName\":\"search_term_string\"}}],\"inLanguage\":\"pl-PL\"},{\"@type\":\"Organization\",\"@id\":\"https:\\\/\\\/www.polonia.travel\\\/es\\\/#organization\",\"name\":\"Polonia Travel (ES)\",\"url\":\"https:\\\/\\\/www.polonia.travel\\\/es\\\/\",\"logo\":{\"@type\":\"ImageObject\",\"inLanguage\":\"pl-PL\",\"@id\":\"https:\\\/\\\/www.polonia.travel\\\/es\\\/#\\\/schema\\\/logo\\\/image\\\/\",\"url\":\"\",\"contentUrl\":\"\",\"caption\":\"Polonia Travel (ES)\"},\"image\":{\"@id\":\"https:\\\/\\\/www.polonia.travel\\\/es\\\/#\\\/schema\\\/logo\\\/image\\\/\"}},{\"@type\":\"Person\",\"@id\":\"\"}]}<\/script>\n<!-- \/ Yoast SEO plugin. -->","yoast_head_json":{"title":"Reserva del V\u00edstula - Polonia Travel (ES)","robots":{"index":"index","follow":"follow","max-snippet":"max-snippet:-1","max-image-preview":"max-image-preview:large","max-video-preview":"max-video-preview:-1"},"canonical":"https:\/\/www.polonia.travel\/es\/reserva-del-vistula\/","og_locale":"pl_PL","og_type":"article","og_title":"Reserva del V\u00edstula - Polonia Travel (ES)","og_description":"&nbsp; Reserva del V\u00edstula El V\u00edstula (en polaco Wis\u0142a) es el r\u00edo que os acompa\u00f1ar\u00e1 siempre&nbsp; si recorr\u00e9is Polonia desde el sur hasta el norte (o al rev\u00e9s). A lo largo de sus 1.047 km podr\u00e9is visitar ciudades hist\u00f3ricas grandes y peque\u00f1as: Cracovia, Sandomierz, Kazimierz Dolny, Varsovia, Toru\u0144 y, finalmente, Gda\u0144sk en la costa b\u00e1ltica. [&hellip;]","og_url":"https:\/\/www.polonia.travel\/es\/reserva-del-vistula\/","og_site_name":"Polonia Travel (ES)","article_published_time":"2024-05-19T15:42:00+00:00","article_modified_time":"2025-05-20T12:21:35+00:00","og_image":[{"width":1920,"height":2560,"url":"https:\/\/www.polonia.travel\/es\/wp-content\/uploads\/sites\/18\/2024\/04\/Rezerwat-Przyrody-Wisla_-moje_IMG_20210811_114748-scaled.jpg","type":"image\/jpeg"}],"twitter_card":"summary_large_image","twitter_misc":{"Napisane przez":"","Szacowany czas czytania":"3 minuty"},"schema":{"@context":"https:\/\/schema.org","@graph":[{"@type":"Article","@id":"https:\/\/www.polonia.travel\/es\/reserva-del-vistula\/#article","isPartOf":{"@id":"https:\/\/www.polonia.travel\/es\/reserva-del-vistula\/"},"author":{"name":"","@id":""},"headline":"Reserva del V\u00edstula","datePublished":"2024-05-19T15:42:00+00:00","dateModified":"2025-05-20T12:21:35+00:00","mainEntityOfPage":{"@id":"https:\/\/www.polonia.travel\/es\/reserva-del-vistula\/"},"wordCount":249,"commentCount":0,"publisher":{"@id":"https:\/\/www.polonia.travel\/es\/#organization"},"image":{"@id":"https:\/\/www.polonia.travel\/es\/reserva-del-vistula\/#primaryimage"},"thumbnailUrl":"https:\/\/www.polonia.travel\/es\/wp-content\/uploads\/sites\/18\/2024\/04\/Rezerwat-Przyrody-Wisla_-moje_IMG_20210811_114748-900x1200.jpg","keywords":["es","regiones"],"articleSection":["Senderismo"],"inLanguage":"pl-PL"},{"@type":"WebPage","@id":"https:\/\/www.polonia.travel\/es\/reserva-del-vistula\/","url":"https:\/\/www.polonia.travel\/es\/reserva-del-vistula\/","name":"Reserva del V\u00edstula - Polonia Travel (ES)","isPartOf":{"@id":"https:\/\/www.polonia.travel\/es\/#website"},"primaryImageOfPage":{"@id":"https:\/\/www.polonia.travel\/es\/reserva-del-vistula\/#primaryimage"},"image":{"@id":"https:\/\/www.polonia.travel\/es\/reserva-del-vistula\/#primaryimage"},"thumbnailUrl":"https:\/\/www.polonia.travel\/es\/wp-content\/uploads\/sites\/18\/2024\/04\/Rezerwat-Przyrody-Wisla_-moje_IMG_20210811_114748-900x1200.jpg","datePublished":"2024-05-19T15:42:00+00:00","dateModified":"2025-05-20T12:21:35+00:00","breadcrumb":{"@id":"https:\/\/www.polonia.travel\/es\/reserva-del-vistula\/#breadcrumb"},"inLanguage":"pl-PL","potentialAction":[{"@type":"ReadAction","target":["https:\/\/www.polonia.travel\/es\/reserva-del-vistula\/"]}]},{"@type":"ImageObject","inLanguage":"pl-PL","@id":"https:\/\/www.polonia.travel\/es\/reserva-del-vistula\/#primaryimage","url":"https:\/\/www.polonia.travel\/es\/wp-content\/uploads\/sites\/18\/2024\/04\/Rezerwat-Przyrody-Wisla_-moje_IMG_20210811_114748-scaled.jpg","contentUrl":"https:\/\/www.polonia.travel\/es\/wp-content\/uploads\/sites\/18\/2024\/04\/Rezerwat-Przyrody-Wisla_-moje_IMG_20210811_114748-scaled.jpg","width":1920,"height":2560},{"@type":"BreadcrumbList","@id":"https:\/\/www.polonia.travel\/es\/reserva-del-vistula\/#breadcrumb","itemListElement":[{"@type":"ListItem","position":1,"name":"Home page","item":"https:\/\/www.polonia.travel\/es\/"},{"@type":"ListItem","position":2,"name":"Inspiraciones de viaje","item":"https:\/\/www.polonia.travel\/es\/category\/inspiraciones-de-viaje\/"},{"@type":"ListItem","position":3,"name":"Turismo Activo","item":"https:\/\/www.polonia.travel\/es\/category\/inspiraciones-de-viaje\/turismo-activo\/"},{"@type":"ListItem","position":4,"name":"Senderismo","item":"https:\/\/www.polonia.travel\/es\/category\/inspiraciones-de-viaje\/turismo-activo\/senderismo\/"},{"@type":"ListItem","position":5,"name":"Reserva del V\u00edstula"}]},{"@type":"WebSite","@id":"https:\/\/www.polonia.travel\/es\/#website","url":"https:\/\/www.polonia.travel\/es\/","name":"Polonia Travel (ES)","description":"...","publisher":{"@id":"https:\/\/www.polonia.travel\/es\/#organization"},"potentialAction":[{"@type":"SearchAction","target":{"@type":"EntryPoint","urlTemplate":"https:\/\/www.polonia.travel\/es\/?s={search_term_string}"},"query-input":{"@type":"PropertyValueSpecification","valueRequired":true,"valueName":"search_term_string"}}],"inLanguage":"pl-PL"},{"@type":"Organization","@id":"https:\/\/www.polonia.travel\/es\/#organization","name":"Polonia Travel (ES)","url":"https:\/\/www.polonia.travel\/es\/","logo":{"@type":"ImageObject","inLanguage":"pl-PL","@id":"https:\/\/www.polonia.travel\/es\/#\/schema\/logo\/image\/","url":"","contentUrl":"","caption":"Polonia Travel (ES)"},"image":{"@id":"https:\/\/www.polonia.travel\/es\/#\/schema\/logo\/image\/"}},{"@type":"Person","@id":""}]}},"_links":{"self":[{"href":"https:\/\/www.polonia.travel\/es\/wp-json\/wp\/v2\/posts\/31329","targetHints":{"allow":["GET"]}}],"collection":[{"href":"https:\/\/www.polonia.travel\/es\/wp-json\/wp\/v2\/posts"}],"about":[{"href":"https:\/\/www.polonia.travel\/es\/wp-json\/wp\/v2\/types\/post"}],"author":[{"embeddable":true,"href":"https:\/\/www.polonia.travel\/es\/wp-json\/wp\/v2\/users\/1"}],"replies":[{"embeddable":true,"href":"https:\/\/www.polonia.travel\/es\/wp-json\/wp\/v2\/comments?post=31329"}],"version-history":[{"count":5,"href":"https:\/\/www.polonia.travel\/es\/wp-json\/wp\/v2\/posts\/31329\/revisions"}],"predecessor-version":[{"id":37612,"href":"https:\/\/www.polonia.travel\/es\/wp-json\/wp\/v2\/posts\/31329\/revisions\/37612"}],"wp:attachment":[{"href":"https:\/\/www.polonia.travel\/es\/wp-json\/wp\/v2\/media?parent=31329"}],"wp:term":[{"taxonomy":"category","embeddable":true,"href":"https:\/\/www.polonia.travel\/es\/wp-json\/wp\/v2\/categories?post=31329"}],"curies":[{"name":"wp","href":"https:\/\/api.w.org\/{rel}","templated":true}]}}