{"id":31302,"date":"2024-04-25T13:54:47","date_gmt":"2024-04-25T11:54:47","guid":{"rendered":"https:\/\/wp-es.poland.travel\/?p=31302"},"modified":"2025-05-05T11:08:58","modified_gmt":"2025-05-05T09:08:58","slug":"la-region-de-santa-cruz","status":"publish","type":"post","link":"https:\/\/www.polonia.travel\/es\/la-region-de-santa-cruz\/","title":{"rendered":"La regi\u00f3n de SANTA CRUZ"},"content":{"rendered":"\n<p><\/p>\n\n\n\n<div class=\"wp-block-group is-style-container\"><div class=\"wp-block-group__inner-container is-layout-constrained wp-block-group-is-layout-constrained\">\n<!-- empty -->\n\n\n<div class=\"metrics\">\n  <div class=\"metrics__text\">\n    <h1 class=\"is-style-heading-38 mb20 large-mb30\">La regi\u00f3n de SANTA CRUZ<\/h1>\n    <p>El nombre de la regi\u00f3n viene de la denominaci\u00f3n de la cadena de monta\u00f1as, Santa Cruz, que se extiende en la parte suroeste y donde se encuentra la espectacular cueva <strong><em>Raj<\/em><\/strong> (El Para\u00edso). En el este, la frontera natural de la regi\u00f3n la constituyen las <strong>Monta\u00f1as de Pimienta<\/strong> (<strong><em>G\u00f3ry Pieprzowe<\/em><\/strong>), de 500 millones de a\u00f1os y las m\u00e1s antiguas en Europa. La misma capital de la regi\u00f3n, <strong><em>Kielce<\/em><\/strong>, es un museo geol\u00f3gico en s\u00ed; tiene cuatro reservas geol\u00f3gicas, por ejemplo <strong><em>Kadzielnia<\/em><\/strong><em>,<\/em>donde se puede ver el antiguo fondo marino con los restos de la fauna marina. En el cercano <strong><em>Balt\u00f3w <\/em><\/strong>es posible visitar <strong>El Parque Jur\u00e1sico<\/strong>, con aut\u00e9nticas huellas de dinosaurios.<\/p>\n  <\/div>\n  <div class=\"metrics__sidebar\">\n    <div class=\"metrics-box\">\n              <div class=\"metrics-box__title\">Informaci\u00f3n b\u00e1sica<\/div>\n        <div class=\"metrics-box__values\">\n                                        <div class=\"metrics-box__item\">\n      <div class=\"metrics-box__label\">Superficie:<\/div>\n      <div class=\"metrics-box__value\">11 710 km\u00b2<\/div>\n    <\/div>\n                                <div class=\"metrics-box__item\">\n      <div class=\"metrics-box__label\">Poblaci\u00f3n:<\/div>\n      <div class=\"metrics-box__value\">1 187 693 (2019)<\/div>\n    <\/div>\n                                <\/div>\n                    <div class=\"metrics-box__links\">\n                      <a href=\"swietokrzyskie.travel\/en\/\" class=\"metrics-box__link external\"\n                                  target=\"_blank\" rel=\"nofollow noopener noreferrer\"\n                            >www<\/a>\n                  <\/div>\n          <\/div>\n  <\/div>\n<\/div>\n<\/div><\/div>\n\n\n\n<div class=\"wp-block-group is-style-container-medium\"><div class=\"wp-block-group__inner-container is-layout-constrained wp-block-group-is-layout-constrained\">\n<p>Es una regi\u00f3n importante desde el punto de vista de los monumentos preindustriales tambi\u00e9n&nbsp;: en <em><strong>Krzemionki Opatowskie<\/strong><\/em> se puede visitar una mina de s\u00edlex a rayas de 5000 a\u00f1os, \u00fanica en el mundo y que fue incluida en la <strong>Lista de Patrimonio de la Humanidad de la UNESCO<\/strong> en 2019. En <strong><em>Nowa Slupia<\/em><\/strong> es reconstruido el m\u00e9todo de la fundici\u00f3n del hierro del s. II d.c.<\/p>\n<\/div><\/div>\n\n\n\n<div style=\"height:100px\" aria-hidden=\"true\" class=\"wp-block-spacer is-style-spacer-small\"><\/div>\n\n\n\n<div class=\"wp-block-group is-style-container\"><div class=\"wp-block-group__inner-container is-layout-constrained wp-block-group-is-layout-constrained\">  <div class=\"gallery-tiles gallery-tiles--rows-2-3 lightgallery\">\r\n          <a href=\"https:\/\/www.polonia.travel\/es\/wp-content\/uploads\/sites\/18\/2022\/12\/krzemionki_opatowskie_1170.jpg\" class=\"gallery-tiles__item\" data-src=\"https:\/\/www.polonia.travel\/es\/wp-content\/uploads\/sites\/18\/2022\/12\/krzemionki_opatowskie_1170.jpg\"\r\n        aria-label=\"Otw\u00f3rz powi\u0119kszone zdj\u0119cie: krzemionki_opatowskie_1170\">\r\n        <img loading=\"lazy\" decoding=\"async\" width=\"1170\" height=\"780\" src=\"https:\/\/www.polonia.travel\/es\/wp-content\/uploads\/sites\/18\/2022\/12\/krzemionki_opatowskie_1170.jpg\" class=\"gallery-tiles__thumb\" alt=\"\" srcset=\"https:\/\/www.polonia.travel\/es\/wp-content\/uploads\/sites\/18\/2022\/12\/krzemionki_opatowskie_1170.jpg 1170w, https:\/\/www.polonia.travel\/es\/wp-content\/uploads\/sites\/18\/2022\/12\/krzemionki_opatowskie_1170-600x400.jpg 600w, https:\/\/www.polonia.travel\/es\/wp-content\/uploads\/sites\/18\/2022\/12\/krzemionki_opatowskie_1170-768x512.jpg 768w\" sizes=\"auto, (max-width: 1170px) 100vw, 1170px\" \/>      <\/a>\r\n          <a href=\"https:\/\/www.polonia.travel\/es\/wp-content\/uploads\/sites\/18\/2024\/04\/GEOPARK20KIELCE20fot20Anna20Benicewicz-Miazga.jpg\" class=\"gallery-tiles__item\" data-src=\"https:\/\/www.polonia.travel\/es\/wp-content\/uploads\/sites\/18\/2024\/04\/GEOPARK20KIELCE20fot20Anna20Benicewicz-Miazga.jpg\"\r\n        aria-label=\"Otw\u00f3rz powi\u0119kszone zdj\u0119cie: GEOPARK20KIELCE20fot20Anna20Benicewicz-Miazga\">\r\n        <img loading=\"lazy\" decoding=\"async\" width=\"1200\" height=\"800\" src=\"https:\/\/www.polonia.travel\/es\/wp-content\/uploads\/sites\/18\/2024\/04\/GEOPARK20KIELCE20fot20Anna20Benicewicz-Miazga-1200x800.jpg\" class=\"gallery-tiles__thumb\" alt=\"\" srcset=\"https:\/\/www.polonia.travel\/es\/wp-content\/uploads\/sites\/18\/2024\/04\/GEOPARK20KIELCE20fot20Anna20Benicewicz-Miazga-1200x800.jpg 1200w, https:\/\/www.polonia.travel\/es\/wp-content\/uploads\/sites\/18\/2024\/04\/GEOPARK20KIELCE20fot20Anna20Benicewicz-Miazga-600x400.jpg 600w, https:\/\/www.polonia.travel\/es\/wp-content\/uploads\/sites\/18\/2024\/04\/GEOPARK20KIELCE20fot20Anna20Benicewicz-Miazga-768x512.jpg 768w, https:\/\/www.polonia.travel\/es\/wp-content\/uploads\/sites\/18\/2024\/04\/GEOPARK20KIELCE20fot20Anna20Benicewicz-Miazga.jpg 1307w\" sizes=\"auto, (max-width: 1200px) 100vw, 1200px\" \/>      <\/a>\r\n          <a href=\"https:\/\/www.polonia.travel\/es\/wp-content\/uploads\/sites\/18\/2022\/12\/kielce_rynek_2_1170-1.jpg\" class=\"gallery-tiles__item\" data-src=\"https:\/\/www.polonia.travel\/es\/wp-content\/uploads\/sites\/18\/2022\/12\/kielce_rynek_2_1170-1.jpg\"\r\n        aria-label=\"Otw\u00f3rz powi\u0119kszone zdj\u0119cie: kielce_rynek_2_1170-1\">\r\n        <img loading=\"lazy\" decoding=\"async\" width=\"1170\" height=\"780\" src=\"https:\/\/www.polonia.travel\/es\/wp-content\/uploads\/sites\/18\/2022\/12\/kielce_rynek_2_1170-1.jpg\" class=\"gallery-tiles__thumb\" alt=\"\" srcset=\"https:\/\/www.polonia.travel\/es\/wp-content\/uploads\/sites\/18\/2022\/12\/kielce_rynek_2_1170-1.jpg 1170w, https:\/\/www.polonia.travel\/es\/wp-content\/uploads\/sites\/18\/2022\/12\/kielce_rynek_2_1170-1-600x400.jpg 600w, https:\/\/www.polonia.travel\/es\/wp-content\/uploads\/sites\/18\/2022\/12\/kielce_rynek_2_1170-1-768x512.jpg 768w\" sizes=\"auto, (max-width: 1170px) 100vw, 1170px\" \/>      <\/a>\r\n          <a href=\"https:\/\/www.polonia.travel\/es\/wp-content\/uploads\/sites\/18\/2022\/12\/swietokrzyskie_krajobrazy_1170.jpg\" class=\"gallery-tiles__item\" data-src=\"https:\/\/www.polonia.travel\/es\/wp-content\/uploads\/sites\/18\/2022\/12\/swietokrzyskie_krajobrazy_1170.jpg\"\r\n        aria-label=\"Otw\u00f3rz powi\u0119kszone zdj\u0119cie: swietokrzyskie_krajobrazy_1170\">\r\n        <img loading=\"lazy\" decoding=\"async\" width=\"1170\" height=\"780\" src=\"https:\/\/www.polonia.travel\/es\/wp-content\/uploads\/sites\/18\/2022\/12\/swietokrzyskie_krajobrazy_1170.jpg\" class=\"gallery-tiles__thumb\" alt=\"\" srcset=\"https:\/\/www.polonia.travel\/es\/wp-content\/uploads\/sites\/18\/2022\/12\/swietokrzyskie_krajobrazy_1170.jpg 1170w, https:\/\/www.polonia.travel\/es\/wp-content\/uploads\/sites\/18\/2022\/12\/swietokrzyskie_krajobrazy_1170-600x400.jpg 600w, https:\/\/www.polonia.travel\/es\/wp-content\/uploads\/sites\/18\/2022\/12\/swietokrzyskie_krajobrazy_1170-768x512.jpg 768w\" sizes=\"auto, (max-width: 1170px) 100vw, 1170px\" \/>      <\/a>\r\n          <a href=\"https:\/\/www.polonia.travel\/es\/wp-content\/uploads\/sites\/18\/2023\/02\/392_Gory-Swietokrzyskie-i-Swiety-Krzyz-szklany-dom-Zeromskiego_MC_P.jpg\" class=\"gallery-tiles__item\" data-src=\"https:\/\/www.polonia.travel\/es\/wp-content\/uploads\/sites\/18\/2023\/02\/392_Gory-Swietokrzyskie-i-Swiety-Krzyz-szklany-dom-Zeromskiego_MC_P.jpg\"\r\n        aria-label=\"Otw\u00f3rz powi\u0119kszone zdj\u0119cie: 392_G\u00f3ry \u015awi\u0119tokrzyskie i \u015awi\u0119ty Krzy\u017c, szklany dom \u017beromskiego_MC_P\">\r\n        <img loading=\"lazy\" decoding=\"async\" width=\"1024\" height=\"683\" src=\"https:\/\/www.polonia.travel\/es\/wp-content\/uploads\/sites\/18\/2023\/02\/392_Gory-Swietokrzyskie-i-Swiety-Krzyz-szklany-dom-Zeromskiego_MC_P.jpg\" class=\"gallery-tiles__thumb\" alt=\"\" srcset=\"https:\/\/www.polonia.travel\/es\/wp-content\/uploads\/sites\/18\/2023\/02\/392_Gory-Swietokrzyskie-i-Swiety-Krzyz-szklany-dom-Zeromskiego_MC_P.jpg 1024w, https:\/\/www.polonia.travel\/es\/wp-content\/uploads\/sites\/18\/2023\/02\/392_Gory-Swietokrzyskie-i-Swiety-Krzyz-szklany-dom-Zeromskiego_MC_P-600x400.jpg 600w, https:\/\/www.polonia.travel\/es\/wp-content\/uploads\/sites\/18\/2023\/02\/392_Gory-Swietokrzyskie-i-Swiety-Krzyz-szklany-dom-Zeromskiego_MC_P-768x512.jpg 768w\" sizes=\"auto, (max-width: 1024px) 100vw, 1024px\" \/>      <\/a>\r\n      <\/div>\r\n<\/div><\/div>\n\n\n\n<div style=\"height:100px\" aria-hidden=\"true\" class=\"wp-block-spacer is-style-spacer-small\"><\/div>\n\n\n\n<div class=\"wp-block-group is-style-container-medium\"><div class=\"wp-block-group__inner-container is-layout-constrained wp-block-group-is-layout-constrained\">\n<p>La m\u00e1s importante de las ciudades hist\u00f3ricas es&nbsp;<strong><em>Sandomierz<\/em><\/strong>, situada a las orillas del V\u00edstula. La ciudad obtuvo sus derechos en virtud de la<strong> Ley de Magdeburgo<\/strong> (igual que Cracovia), a mediados del s. XIV, y gracias a los privilegios reales se enriquece con el <strong>comercio<\/strong>. A partir de finales de ese siglo el V\u00edstula se utiliza como v\u00eda de transporte de los productos como el trigo, la miel, la sal y la madera, hacia el puerto de Gdansk. Sandomierz se convierte en esta \u00e9poca en un puerto del r\u00edo muy importante y construye almacenes para dichos productos. La ciudad, limitada por el r\u00edo y por las murallas, pronto se ve obligada a facilitar otro <strong>sistema de almacenamiento<\/strong>, utilizando para ello las rocas blandas de&nbsp;debajo de las casas; hasta hoy d\u00eda se puede recorrer el casco antiguo de Sandomierz por los pasillos subterr\u00e1neos que anta\u00f1o serv\u00edan como almacenes. La ciudad no sufri\u00f3 da\u00f1os durante las guerras y es posible admirar el panorama de Sandomierz desde el r\u00edo y, dentro de las murallas, desde la torre que constitu\u00eda la puerta de entrada a la ciudad. Los fines de semana de verano se recrea la gloriosa historia de Sandomierz en la Plaza Mayor, con bailes t\u00edpicos de la \u00e9poca. Es una parada obligatoria para aquellos turistas que recorren Polonia a lo largo del curso del V\u00edstula.<\/p>\n\n\n\n<p>Otro monumento importante son las ruinas del castillo de <strong><em>Krzyztopory<\/em><\/strong>.<\/p>\n\n\n\n<p>La regi\u00f3n, debido a la presencia de monta\u00f1as, tiene tambi\u00e9n&nbsp;una buena oferta para cuidar de la salud y la belleza; hay buenos hoteles spa y balnearios en <em><strong>Busko Zdr\u00f3j<\/strong><\/em> e <strong><em>Iwonicz Zdr\u00f3j<\/em><\/strong>.<\/p>\n<\/div><\/div>\n\n\n\n<div style=\"height:100px\" aria-hidden=\"true\" class=\"wp-block-spacer is-style-spacer-medium\"><\/div>\n\n\n\n<div class=\"wp-block-group has-background\" style=\"background-color:#eeeeee\"><div class=\"wp-block-group__inner-container is-layout-constrained wp-block-group-is-layout-constrained\">\n<div style=\"height:100px\" aria-hidden=\"true\" class=\"wp-block-spacer is-style-spacer-small\"><\/div>\n\n\n\n<div class=\"wp-block-group is-style-container\"><div class=\"wp-block-group__inner-container is-layout-constrained wp-block-group-is-layout-constrained\">\n<h3 class=\"wp-block-heading\">M\u00e1s informaci\u00f3n<\/h3>\n\n\n<div class=\"overflow\">\n  <div class=\"post-slider swiper post-slider--small\" data-schema=\"small\">\n\n    <div class=\"swiper-wrapper\">\n              <div class=\"swiper-slide post-slide\">\n                      <a href=\"https:\/\/www.polonia.travel\/es\/baja-silesia-castillos-y-naturaleza\/\" class=\"post-box post-box--small\" style=\" background-image: url(https:\/\/www.polonia.travel\/es\/wp-content\/uploads\/sites\/18\/2023\/02\/Szczeliniec-Wielki_Stolowe-gory-600x388.jpeg);\">\n          <div class=\"post-box__hover\" style=\"background-image: url(https:\/\/www.polonia.travel\/es\/wp-content\/uploads\/sites\/18\/2022\/12\/gory_stolowe_szczeliniec_wielki_1170-600x400.jpg);\"><\/div>\n        <div class=\"post-box__info\">\n            <div class=\"post-box__title\">BAJA SILESIA, castillos y naturaleza<\/div>\n      <div class=\"post-box__more\">Leer m\u00e1s<\/div>\n    <\/div>\n  <\/a>\n\n          <\/div>\n              <div class=\"swiper-slide post-slide\">\n                      <a href=\"https:\/\/www.polonia.travel\/es\/pomerania-mirando-hacia-el-baltico\/\" class=\"post-box post-box--small\" style=\" background-image: url(https:\/\/www.polonia.travel\/es\/wp-content\/uploads\/sites\/18\/2023\/07\/Gdynia_klif540.jpg);\">\n          <div class=\"post-box__hover\" style=\"background-image: url(https:\/\/www.polonia.travel\/es\/wp-content\/uploads\/sites\/18\/2023\/07\/Gdanskfull1170-600x400.jpg);\"><\/div>\n        <div class=\"post-box__info\">\n            <div class=\"post-box__title\">POMERANIA, mirando hacia el B\u00e1ltico<\/div>\n      <div class=\"post-box__more\">Leer m\u00e1s<\/div>\n    <\/div>\n  <\/a>\n\n          <\/div>\n              <div class=\"swiper-slide post-slide\">\n                      <a href=\"https:\/\/www.polonia.travel\/es\/opole-opole\/\" class=\"post-box post-box--small\" style=\" background-image: url(https:\/\/www.polonia.travel\/es\/wp-content\/uploads\/sites\/18\/2022\/12\/zamek_moszna_odbicie_1170-1-600x400.jpg);\">\n          <div class=\"post-box__hover\" style=\"background-image: url(https:\/\/www.polonia.travel\/es\/wp-content\/uploads\/sites\/18\/2022\/12\/opole_amfiteatr_1170-2-600x400.jpg);\"><\/div>\n        <div class=\"post-box__info\">\n            <div class=\"post-box__title\">OPOLE (Opole)<\/div>\n      <div class=\"post-box__more\">Leer m\u00e1s<\/div>\n    <\/div>\n  <\/a>\n\n          <\/div>\n              <div class=\"swiper-slide post-slide\">\n                      <a href=\"https:\/\/www.polonia.travel\/es\/la-region-de-silesia-slaskie\/\" class=\"post-box post-box--small\" style=\" background-image: url(https:\/\/www.polonia.travel\/es\/wp-content\/uploads\/sites\/18\/2022\/12\/Ogrodzieniec-600x400.jpg);\">\n          <div class=\"post-box__hover\" style=\"background-image: url(https:\/\/www.polonia.travel\/es\/wp-content\/uploads\/sites\/18\/2024\/04\/slaskieogrodzienie_540-1.jpg);\"><\/div>\n        <div class=\"post-box__info\">\n            <div class=\"post-box__title\">La regi\u00f3n de SILESIA (\u015al\u0105skie)<\/div>\n      <div class=\"post-box__more\">Leer m\u00e1s<\/div>\n    <\/div>\n  <\/a>\n\n          <\/div>\n              <div class=\"swiper-slide post-slide\">\n                      <a href=\"https:\/\/www.polonia.travel\/es\/polonia-menor-malopolska\/\" class=\"post-box post-box--small\" style=\" background-image: url(https:\/\/www.polonia.travel\/es\/wp-content\/uploads\/sites\/18\/2024\/04\/malopolska_540.jpg);\">\n          <div class=\"post-box__hover\" style=\"background-image: url(https:\/\/www.polonia.travel\/es\/wp-content\/uploads\/sites\/18\/2024\/04\/61039655_Tatry_wiosna_lato_Adobe201-600x398.jpg);\"><\/div>\n        <div class=\"post-box__info\">\n            <div class=\"post-box__title\">POLONIA MENOR (Malopolska)<\/div>\n      <div class=\"post-box__more\">Leer m\u00e1s<\/div>\n    <\/div>\n  <\/a>\n\n          <\/div>\n              <div class=\"swiper-slide post-slide\">\n                      <a href=\"https:\/\/www.polonia.travel\/es\/region-de-podkarpacie-al-pie-de-los-carpatos\/\" class=\"post-box post-box--small\" style=\" background-image: url(https:\/\/www.polonia.travel\/es\/wp-content\/uploads\/sites\/18\/2023\/07\/bieszczady_jesien_1170-600x400.jpg);\">\n          <div class=\"post-box__hover\" style=\"background-image: url(https:\/\/www.polonia.travel\/es\/wp-content\/uploads\/sites\/18\/2024\/04\/BieszczadyPN_540_360.jpg);\"><\/div>\n        <div class=\"post-box__info\">\n            <div class=\"post-box__title\">Regi\u00f3n de PODKARPACIE, al pie de los C\u00e1rpatos<\/div>\n      <div class=\"post-box__more\">Leer m\u00e1s<\/div>\n    <\/div>\n  <\/a>\n\n          <\/div>\n              <div class=\"swiper-slide post-slide\">\n                      <a href=\"https:\/\/www.polonia.travel\/es\/la-region-de-santa-cruz\/\" class=\"post-box post-box--small\" style=\" background-image: url(https:\/\/www.polonia.travel\/es\/wp-content\/uploads\/sites\/18\/2022\/12\/swietokrzyskie_krajobrazy_1170-600x400.jpg);\">\n          <div class=\"post-box__hover\" style=\"background-image: url(https:\/\/www.polonia.travel\/es\/wp-content\/uploads\/sites\/18\/2024\/04\/GEOPARK20KIELCE20fot20Anna20Benicewicz-Miazga-600x400.jpg);\"><\/div>\n        <div class=\"post-box__info\">\n            <div class=\"post-box__title\">La regi\u00f3n de SANTA CRUZ<\/div>\n      <div class=\"post-box__more\">Leer m\u00e1s<\/div>\n    <\/div>\n  <\/a>\n\n          <\/div>\n              <div class=\"swiper-slide post-slide\">\n                      <a href=\"https:\/\/www.polonia.travel\/es\/region-de-lublin-el-cruce-de-caminos\/\" class=\"post-box post-box--small\" style=\" background-image: url(https:\/\/www.polonia.travel\/es\/wp-content\/uploads\/sites\/18\/2022\/12\/kazimierz_dolny_wawoz_korzeniowy_1170-600x400.jpg);\">\n          <div class=\"post-box__hover\" style=\"background-image: url(https:\/\/www.polonia.travel\/es\/wp-content\/uploads\/sites\/18\/2023\/07\/Lublin1170-6-600x389.jpg);\"><\/div>\n        <div class=\"post-box__info\">\n            <div class=\"post-box__title\">Regi\u00f3n de LUBLIN, el cruce de caminos<\/div>\n      <div class=\"post-box__more\">Leer m\u00e1s<\/div>\n    <\/div>\n  <\/a>\n\n          <\/div>\n              <div class=\"swiper-slide post-slide\">\n                      <a href=\"https:\/\/www.polonia.travel\/es\/lodz-lodz-reciente-tradicion-en-el-corazon-de-polonia\/\" class=\"post-box post-box--small\" style=\" background-image: url(https:\/\/www.polonia.travel\/es\/wp-content\/uploads\/sites\/18\/2022\/12\/arkadia_1170-600x400.jpg);\">\n          <div class=\"post-box__hover\" style=\"background-image: url(https:\/\/www.polonia.travel\/es\/wp-content\/uploads\/sites\/18\/2024\/04\/LODZ_4-600x400.jpg);\"><\/div>\n        <div class=\"post-box__info\">\n            <div class=\"post-box__title\">LODZ (\u0141\u00f3dzkie), reciente tradici\u00f3n en el coraz\u00f3n de Polonia<\/div>\n      <div class=\"post-box__more\">Leer m\u00e1s<\/div>\n    <\/div>\n  <\/a>\n\n          <\/div>\n              <div class=\"swiper-slide post-slide\">\n                      <a href=\"https:\/\/www.polonia.travel\/es\/la-region-de-lubusz-puerta-de-entrada-a-polonia\/\" class=\"post-box post-box--small\" style=\" background-image: url(https:\/\/www.polonia.travel\/es\/wp-content\/uploads\/sites\/18\/2022\/12\/zielona_gora_muzeum_etnograficzne_1170-600x400.jpg);\">\n          <div class=\"post-box__hover\" style=\"background-image: url(https:\/\/www.polonia.travel\/es\/wp-content\/uploads\/sites\/18\/2022\/12\/zielona_gora_1170-600x400.jpg);\"><\/div>\n        <div class=\"post-box__info\">\n            <div class=\"post-box__title\">La regi\u00f3n de LUBUSZ, puerta de entrada a Polonia<\/div>\n      <div class=\"post-box__more\">Leer m\u00e1s<\/div>\n    <\/div>\n  <\/a>\n\n          <\/div>\n              <div class=\"swiper-slide post-slide\">\n                      <a href=\"https:\/\/www.polonia.travel\/es\/polonia-mayor-wielkopolska-la-cuna-del-estado-polaco\/\" class=\"post-box post-box--small\" style=\" background-image: url(https:\/\/www.polonia.travel\/es\/wp-content\/uploads\/sites\/18\/2022\/12\/WielkopolskiPN_ok-600x400.jpg);\">\n          <div class=\"post-box__hover\" style=\"background-image: url(https:\/\/www.polonia.travel\/es\/wp-content\/uploads\/sites\/18\/2024\/04\/Poznan1-600x389.jpg);\"><\/div>\n        <div class=\"post-box__info\">\n            <div class=\"post-box__title\">POLONIA MAYOR (Wielkopolska), la cuna del Estado polaco<\/div>\n      <div class=\"post-box__more\">Leer m\u00e1s<\/div>\n    <\/div>\n  <\/a>\n\n          <\/div>\n              <div class=\"swiper-slide post-slide\">\n                      <a href=\"https:\/\/www.polonia.travel\/es\/kuyavia-y-pomerania-recetas-medievales\/\" class=\"post-box post-box--small\" style=\" background-image: url(https:\/\/www.polonia.travel\/es\/wp-content\/uploads\/sites\/18\/2024\/04\/Torun20panorama20540x360-2.jpg);\">\n          <div class=\"post-box__hover\" style=\"background-image: url(https:\/\/www.polonia.travel\/es\/wp-content\/uploads\/sites\/18\/2022\/12\/bory_tucholskie_1170-600x400.jpg);\"><\/div>\n        <div class=\"post-box__info\">\n            <div class=\"post-box__title\">KUYAVIA Y POMERANIA, recetas medievales<\/div>\n      <div class=\"post-box__more\">Leer m\u00e1s<\/div>\n    <\/div>\n  <\/a>\n\n          <\/div>\n              <div class=\"swiper-slide post-slide\">\n                      <a href=\"https:\/\/www.polonia.travel\/es\/podlasie-la-frontera-entre-la-civilizacion-y-la-naturaleza\/\" class=\"post-box post-box--small\" style=\" background-image: url(https:\/\/www.polonia.travel\/es\/wp-content\/uploads\/sites\/18\/2022\/12\/zubry_1170-600x400.jpg);\">\n          <div class=\"post-box__hover\" style=\"background-image: url(https:\/\/www.polonia.travel\/es\/wp-content\/uploads\/sites\/18\/2023\/07\/narwianski_park_narodowy_1170-600x400.jpg);\"><\/div>\n        <div class=\"post-box__info\">\n            <div class=\"post-box__title\">PODLASIE, la frontera entre la civilizaci\u00f3n y la naturaleza<\/div>\n      <div class=\"post-box__more\">Leer m\u00e1s<\/div>\n    <\/div>\n  <\/a>\n\n          <\/div>\n              <div class=\"swiper-slide post-slide\">\n                      <a href=\"https:\/\/www.polonia.travel\/es\/warmia-y-masuria-los-tres-colores\/\" class=\"post-box post-box--small\" style=\" background-image: url(https:\/\/www.polonia.travel\/es\/wp-content\/uploads\/sites\/18\/2023\/08\/8_lato23-600x349.jpg);\">\n          <div class=\"post-box__hover\" style=\"background-image: url(https:\/\/www.polonia.travel\/es\/wp-content\/uploads\/sites\/18\/2023\/04\/118161621_Fotolia_Mazury_lodzie_HR-600x400.jpg);\"><\/div>\n        <div class=\"post-box__info\">\n            <div class=\"post-box__title\">WARMIA y MASURIA, los tres colores<\/div>\n      <div class=\"post-box__more\">Leer m\u00e1s<\/div>\n    <\/div>\n  <\/a>\n\n          <\/div>\n              <div class=\"swiper-slide post-slide\">\n                      <a href=\"https:\/\/www.polonia.travel\/es\/pomerania-occidental\/\" class=\"post-box post-box--small\" style=\" background-image: url(https:\/\/www.polonia.travel\/es\/wp-content\/uploads\/sites\/18\/2022\/12\/swinoujscie_540-1.jpg);\">\n          <div class=\"post-box__hover\" style=\"background-image: url(https:\/\/www.polonia.travel\/es\/wp-content\/uploads\/sites\/18\/2023\/07\/kolobrzeg-molo-600x400.jpg);\"><\/div>\n        <div class=\"post-box__info\">\n            <div class=\"post-box__title\">POMERANIA OCCIDENTAL<\/div>\n      <div class=\"post-box__more\">Leer m\u00e1s<\/div>\n    <\/div>\n  <\/a>\n\n          <\/div>\n              <div class=\"swiper-slide post-slide\">\n                      <a href=\"https:\/\/www.polonia.travel\/es\/mazovia-mazowsze-la-inspiracion-de-chopin\/\" class=\"post-box post-box--small\" style=\" background-image: url(https:\/\/www.polonia.travel\/es\/wp-content\/uploads\/sites\/18\/2022\/12\/warszawa_panorama_starego_miasta_na_tle_centrum_1170-600x400.jpg);\">\n          <div class=\"post-box__hover\" style=\"background-image: url(https:\/\/www.polonia.travel\/es\/wp-content\/uploads\/sites\/18\/2022\/12\/twierdza_modlin_1170-1-600x400.jpg);\"><\/div>\n        <div class=\"post-box__info\">\n            <div class=\"post-box__title\">MAZOVIA (Mazowsze), la inspiraci\u00f3n de Chopin<\/div>\n      <div class=\"post-box__more\">Leer m\u00e1s<\/div>\n    <\/div>\n  <\/a>\n\n          <\/div>\n          <\/div>\n    <div class=\"post-slider__pagination\"><\/div>\n  <\/div>\n<\/div>\n<\/div><\/div>\n\n\n\n<div style=\"height:100px\" aria-hidden=\"true\" class=\"wp-block-spacer is-style-spacer-small\"><\/div>\n<\/div><\/div>\n","protected":false},"excerpt":{"rendered":"<p>Es una regi\u00f3n importante desde el punto de vista de los monumentos preindustriales tambi\u00e9n&nbsp;: en Krzemionki Opatowskie se puede visitar una mina de s\u00edlex a rayas de 5000 a\u00f1os, \u00fanica en el mundo y que fue incluida en la Lista de Patrimonio de la Humanidad de la UNESCO en 2019. En Nowa Slupia es reconstruido [&hellip;]<\/p>\n","protected":false},"author":1,"featured_media":19416,"comment_status":"open","ping_status":"open","sticky":false,"template":"","format":"standard","meta":{"_acf_changed":false,"footnotes":""},"categories":[1038],"class_list":["post-31302","post","type-post","status-publish","format-standard","has-post-thumbnail","hentry","category-regiones"],"acf":[],"yoast_head":"<!-- This site is optimized with the Yoast SEO plugin v27.4 - https:\/\/yoast.com\/product\/yoast-seo-wordpress\/ -->\n<title>La regi\u00f3n de SANTA CRUZ - Polonia Travel (ES)<\/title>\n<meta name=\"robots\" content=\"index, follow, max-snippet:-1, max-image-preview:large, max-video-preview:-1\" \/>\n<link rel=\"canonical\" href=\"https:\/\/www.polonia.travel\/es\/la-region-de-santa-cruz\/\" \/>\n<meta property=\"og:locale\" content=\"pl_PL\" \/>\n<meta property=\"og:type\" content=\"article\" \/>\n<meta property=\"og:title\" content=\"La regi\u00f3n de SANTA CRUZ - Polonia Travel (ES)\" \/>\n<meta property=\"og:description\" content=\"Es una regi\u00f3n importante desde el punto de vista de los monumentos preindustriales tambi\u00e9n&nbsp;: en Krzemionki Opatowskie se puede visitar una mina de s\u00edlex a rayas de 5000 a\u00f1os, \u00fanica en el mundo y que fue incluida en la Lista de Patrimonio de la Humanidad de la UNESCO en 2019. En Nowa Slupia es reconstruido [&hellip;]\" \/>\n<meta property=\"og:url\" content=\"https:\/\/www.polonia.travel\/es\/la-region-de-santa-cruz\/\" \/>\n<meta property=\"og:site_name\" content=\"Polonia Travel (ES)\" \/>\n<meta property=\"article:published_time\" content=\"2024-04-25T11:54:47+00:00\" \/>\n<meta property=\"article:modified_time\" content=\"2025-05-05T09:08:58+00:00\" \/>\n<meta property=\"og:image\" content=\"https:\/\/www.polonia.travel\/es\/wp-content\/uploads\/sites\/18\/2023\/02\/swiety-krzyz.jpg\" \/>\n\t<meta property=\"og:image:width\" content=\"1920\" \/>\n\t<meta property=\"og:image:height\" content=\"596\" \/>\n\t<meta property=\"og:image:type\" content=\"image\/jpeg\" \/>\n<meta name=\"twitter:card\" content=\"summary_large_image\" \/>\n<meta name=\"twitter:label1\" content=\"Napisane przez\" \/>\n\t<meta name=\"twitter:data1\" content=\"\" \/>\n\t<meta name=\"twitter:label2\" content=\"Szacowany czas czytania\" \/>\n\t<meta name=\"twitter:data2\" content=\"3 minuty\" \/>\n<script type=\"application\/ld+json\" class=\"yoast-schema-graph\">{\"@context\":\"https:\\\/\\\/schema.org\",\"@graph\":[{\"@type\":\"Article\",\"@id\":\"https:\\\/\\\/www.polonia.travel\\\/es\\\/la-region-de-santa-cruz\\\/#article\",\"isPartOf\":{\"@id\":\"https:\\\/\\\/www.polonia.travel\\\/es\\\/la-region-de-santa-cruz\\\/\"},\"author\":{\"name\":\"\",\"@id\":\"\"},\"headline\":\"La regi\u00f3n de SANTA CRUZ\",\"datePublished\":\"2024-04-25T11:54:47+00:00\",\"dateModified\":\"2025-05-05T09:08:58+00:00\",\"mainEntityOfPage\":{\"@id\":\"https:\\\/\\\/www.polonia.travel\\\/es\\\/la-region-de-santa-cruz\\\/\"},\"wordCount\":374,\"commentCount\":0,\"publisher\":{\"@id\":\"https:\\\/\\\/www.polonia.travel\\\/es\\\/#organization\"},\"image\":{\"@id\":\"https:\\\/\\\/www.polonia.travel\\\/es\\\/la-region-de-santa-cruz\\\/#primaryimage\"},\"thumbnailUrl\":\"https:\\\/\\\/www.polonia.travel\\\/es\\\/wp-content\\\/uploads\\\/sites\\\/18\\\/2023\\\/02\\\/swiety-krzyz.jpg\",\"keywords\":[\"es\",\"regiones\"],\"articleSection\":[\"Descubre su variedad\"],\"inLanguage\":\"pl-PL\"},{\"@type\":\"WebPage\",\"@id\":\"https:\\\/\\\/www.polonia.travel\\\/es\\\/la-region-de-santa-cruz\\\/\",\"url\":\"https:\\\/\\\/www.polonia.travel\\\/es\\\/la-region-de-santa-cruz\\\/\",\"name\":\"La regi\u00f3n de SANTA CRUZ - Polonia Travel (ES)\",\"isPartOf\":{\"@id\":\"https:\\\/\\\/www.polonia.travel\\\/es\\\/#website\"},\"primaryImageOfPage\":{\"@id\":\"https:\\\/\\\/www.polonia.travel\\\/es\\\/la-region-de-santa-cruz\\\/#primaryimage\"},\"image\":{\"@id\":\"https:\\\/\\\/www.polonia.travel\\\/es\\\/la-region-de-santa-cruz\\\/#primaryimage\"},\"thumbnailUrl\":\"https:\\\/\\\/www.polonia.travel\\\/es\\\/wp-content\\\/uploads\\\/sites\\\/18\\\/2023\\\/02\\\/swiety-krzyz.jpg\",\"datePublished\":\"2024-04-25T11:54:47+00:00\",\"dateModified\":\"2025-05-05T09:08:58+00:00\",\"breadcrumb\":{\"@id\":\"https:\\\/\\\/www.polonia.travel\\\/es\\\/la-region-de-santa-cruz\\\/#breadcrumb\"},\"inLanguage\":\"pl-PL\",\"potentialAction\":[{\"@type\":\"ReadAction\",\"target\":[\"https:\\\/\\\/www.polonia.travel\\\/es\\\/la-region-de-santa-cruz\\\/\"]}]},{\"@type\":\"ImageObject\",\"inLanguage\":\"pl-PL\",\"@id\":\"https:\\\/\\\/www.polonia.travel\\\/es\\\/la-region-de-santa-cruz\\\/#primaryimage\",\"url\":\"https:\\\/\\\/www.polonia.travel\\\/es\\\/wp-content\\\/uploads\\\/sites\\\/18\\\/2023\\\/02\\\/swiety-krzyz.jpg\",\"contentUrl\":\"https:\\\/\\\/www.polonia.travel\\\/es\\\/wp-content\\\/uploads\\\/sites\\\/18\\\/2023\\\/02\\\/swiety-krzyz.jpg\",\"width\":1920,\"height\":596,\"caption\":\"\u015awi\u0119ty Krzy\u017c\"},{\"@type\":\"BreadcrumbList\",\"@id\":\"https:\\\/\\\/www.polonia.travel\\\/es\\\/la-region-de-santa-cruz\\\/#breadcrumb\",\"itemListElement\":[{\"@type\":\"ListItem\",\"position\":1,\"name\":\"Home page\",\"item\":\"https:\\\/\\\/www.polonia.travel\\\/es\\\/\"},{\"@type\":\"ListItem\",\"position\":2,\"name\":\"Descubre +\",\"item\":\"https:\\\/\\\/www.polonia.travel\\\/es\\\/category\\\/descubre-lugares\\\/\"},{\"@type\":\"ListItem\",\"position\":3,\"name\":\"Descubre su variedad\",\"item\":\"https:\\\/\\\/www.polonia.travel\\\/es\\\/category\\\/descubre-lugares\\\/regiones\\\/\"},{\"@type\":\"ListItem\",\"position\":4,\"name\":\"La regi\u00f3n de SANTA CRUZ\"}]},{\"@type\":\"WebSite\",\"@id\":\"https:\\\/\\\/www.polonia.travel\\\/es\\\/#website\",\"url\":\"https:\\\/\\\/www.polonia.travel\\\/es\\\/\",\"name\":\"Polonia Travel (ES)\",\"description\":\"...\",\"publisher\":{\"@id\":\"https:\\\/\\\/www.polonia.travel\\\/es\\\/#organization\"},\"potentialAction\":[{\"@type\":\"SearchAction\",\"target\":{\"@type\":\"EntryPoint\",\"urlTemplate\":\"https:\\\/\\\/www.polonia.travel\\\/es\\\/?s={search_term_string}\"},\"query-input\":{\"@type\":\"PropertyValueSpecification\",\"valueRequired\":true,\"valueName\":\"search_term_string\"}}],\"inLanguage\":\"pl-PL\"},{\"@type\":\"Organization\",\"@id\":\"https:\\\/\\\/www.polonia.travel\\\/es\\\/#organization\",\"name\":\"Polonia Travel (ES)\",\"url\":\"https:\\\/\\\/www.polonia.travel\\\/es\\\/\",\"logo\":{\"@type\":\"ImageObject\",\"inLanguage\":\"pl-PL\",\"@id\":\"https:\\\/\\\/www.polonia.travel\\\/es\\\/#\\\/schema\\\/logo\\\/image\\\/\",\"url\":\"\",\"contentUrl\":\"\",\"caption\":\"Polonia Travel (ES)\"},\"image\":{\"@id\":\"https:\\\/\\\/www.polonia.travel\\\/es\\\/#\\\/schema\\\/logo\\\/image\\\/\"}},{\"@type\":\"Person\",\"@id\":\"\"}]}<\/script>\n<!-- \/ Yoast SEO plugin. -->","yoast_head_json":{"title":"La regi\u00f3n de SANTA CRUZ - Polonia Travel (ES)","robots":{"index":"index","follow":"follow","max-snippet":"max-snippet:-1","max-image-preview":"max-image-preview:large","max-video-preview":"max-video-preview:-1"},"canonical":"https:\/\/www.polonia.travel\/es\/la-region-de-santa-cruz\/","og_locale":"pl_PL","og_type":"article","og_title":"La regi\u00f3n de SANTA CRUZ - Polonia Travel (ES)","og_description":"Es una regi\u00f3n importante desde el punto de vista de los monumentos preindustriales tambi\u00e9n&nbsp;: en Krzemionki Opatowskie se puede visitar una mina de s\u00edlex a rayas de 5000 a\u00f1os, \u00fanica en el mundo y que fue incluida en la Lista de Patrimonio de la Humanidad de la UNESCO en 2019. En Nowa Slupia es reconstruido [&hellip;]","og_url":"https:\/\/www.polonia.travel\/es\/la-region-de-santa-cruz\/","og_site_name":"Polonia Travel (ES)","article_published_time":"2024-04-25T11:54:47+00:00","article_modified_time":"2025-05-05T09:08:58+00:00","og_image":[{"width":1920,"height":596,"url":"https:\/\/www.polonia.travel\/es\/wp-content\/uploads\/sites\/18\/2023\/02\/swiety-krzyz.jpg","type":"image\/jpeg"}],"twitter_card":"summary_large_image","twitter_misc":{"Napisane przez":"","Szacowany czas czytania":"3 minuty"},"schema":{"@context":"https:\/\/schema.org","@graph":[{"@type":"Article","@id":"https:\/\/www.polonia.travel\/es\/la-region-de-santa-cruz\/#article","isPartOf":{"@id":"https:\/\/www.polonia.travel\/es\/la-region-de-santa-cruz\/"},"author":{"name":"","@id":""},"headline":"La regi\u00f3n de SANTA CRUZ","datePublished":"2024-04-25T11:54:47+00:00","dateModified":"2025-05-05T09:08:58+00:00","mainEntityOfPage":{"@id":"https:\/\/www.polonia.travel\/es\/la-region-de-santa-cruz\/"},"wordCount":374,"commentCount":0,"publisher":{"@id":"https:\/\/www.polonia.travel\/es\/#organization"},"image":{"@id":"https:\/\/www.polonia.travel\/es\/la-region-de-santa-cruz\/#primaryimage"},"thumbnailUrl":"https:\/\/www.polonia.travel\/es\/wp-content\/uploads\/sites\/18\/2023\/02\/swiety-krzyz.jpg","keywords":["es","regiones"],"articleSection":["Descubre su variedad"],"inLanguage":"pl-PL"},{"@type":"WebPage","@id":"https:\/\/www.polonia.travel\/es\/la-region-de-santa-cruz\/","url":"https:\/\/www.polonia.travel\/es\/la-region-de-santa-cruz\/","name":"La regi\u00f3n de SANTA CRUZ - Polonia Travel (ES)","isPartOf":{"@id":"https:\/\/www.polonia.travel\/es\/#website"},"primaryImageOfPage":{"@id":"https:\/\/www.polonia.travel\/es\/la-region-de-santa-cruz\/#primaryimage"},"image":{"@id":"https:\/\/www.polonia.travel\/es\/la-region-de-santa-cruz\/#primaryimage"},"thumbnailUrl":"https:\/\/www.polonia.travel\/es\/wp-content\/uploads\/sites\/18\/2023\/02\/swiety-krzyz.jpg","datePublished":"2024-04-25T11:54:47+00:00","dateModified":"2025-05-05T09:08:58+00:00","breadcrumb":{"@id":"https:\/\/www.polonia.travel\/es\/la-region-de-santa-cruz\/#breadcrumb"},"inLanguage":"pl-PL","potentialAction":[{"@type":"ReadAction","target":["https:\/\/www.polonia.travel\/es\/la-region-de-santa-cruz\/"]}]},{"@type":"ImageObject","inLanguage":"pl-PL","@id":"https:\/\/www.polonia.travel\/es\/la-region-de-santa-cruz\/#primaryimage","url":"https:\/\/www.polonia.travel\/es\/wp-content\/uploads\/sites\/18\/2023\/02\/swiety-krzyz.jpg","contentUrl":"https:\/\/www.polonia.travel\/es\/wp-content\/uploads\/sites\/18\/2023\/02\/swiety-krzyz.jpg","width":1920,"height":596,"caption":"\u015awi\u0119ty Krzy\u017c"},{"@type":"BreadcrumbList","@id":"https:\/\/www.polonia.travel\/es\/la-region-de-santa-cruz\/#breadcrumb","itemListElement":[{"@type":"ListItem","position":1,"name":"Home page","item":"https:\/\/www.polonia.travel\/es\/"},{"@type":"ListItem","position":2,"name":"Descubre +","item":"https:\/\/www.polonia.travel\/es\/category\/descubre-lugares\/"},{"@type":"ListItem","position":3,"name":"Descubre su variedad","item":"https:\/\/www.polonia.travel\/es\/category\/descubre-lugares\/regiones\/"},{"@type":"ListItem","position":4,"name":"La regi\u00f3n de SANTA CRUZ"}]},{"@type":"WebSite","@id":"https:\/\/www.polonia.travel\/es\/#website","url":"https:\/\/www.polonia.travel\/es\/","name":"Polonia Travel (ES)","description":"...","publisher":{"@id":"https:\/\/www.polonia.travel\/es\/#organization"},"potentialAction":[{"@type":"SearchAction","target":{"@type":"EntryPoint","urlTemplate":"https:\/\/www.polonia.travel\/es\/?s={search_term_string}"},"query-input":{"@type":"PropertyValueSpecification","valueRequired":true,"valueName":"search_term_string"}}],"inLanguage":"pl-PL"},{"@type":"Organization","@id":"https:\/\/www.polonia.travel\/es\/#organization","name":"Polonia Travel (ES)","url":"https:\/\/www.polonia.travel\/es\/","logo":{"@type":"ImageObject","inLanguage":"pl-PL","@id":"https:\/\/www.polonia.travel\/es\/#\/schema\/logo\/image\/","url":"","contentUrl":"","caption":"Polonia Travel (ES)"},"image":{"@id":"https:\/\/www.polonia.travel\/es\/#\/schema\/logo\/image\/"}},{"@type":"Person","@id":""}]}},"_links":{"self":[{"href":"https:\/\/www.polonia.travel\/es\/wp-json\/wp\/v2\/posts\/31302","targetHints":{"allow":["GET"]}}],"collection":[{"href":"https:\/\/www.polonia.travel\/es\/wp-json\/wp\/v2\/posts"}],"about":[{"href":"https:\/\/www.polonia.travel\/es\/wp-json\/wp\/v2\/types\/post"}],"author":[{"embeddable":true,"href":"https:\/\/www.polonia.travel\/es\/wp-json\/wp\/v2\/users\/1"}],"replies":[{"embeddable":true,"href":"https:\/\/www.polonia.travel\/es\/wp-json\/wp\/v2\/comments?post=31302"}],"version-history":[{"count":6,"href":"https:\/\/www.polonia.travel\/es\/wp-json\/wp\/v2\/posts\/31302\/revisions"}],"predecessor-version":[{"id":37289,"href":"https:\/\/www.polonia.travel\/es\/wp-json\/wp\/v2\/posts\/31302\/revisions\/37289"}],"wp:featuredmedia":[{"embeddable":true,"href":"https:\/\/www.polonia.travel\/es\/wp-json\/wp\/v2\/media\/19416"}],"wp:attachment":[{"href":"https:\/\/www.polonia.travel\/es\/wp-json\/wp\/v2\/media?parent=31302"}],"wp:term":[{"taxonomy":"category","embeddable":true,"href":"https:\/\/www.polonia.travel\/es\/wp-json\/wp\/v2\/categories?post=31302"}],"curies":[{"name":"wp","href":"https:\/\/api.w.org\/{rel}","templated":true}]}}