{"id":31301,"date":"2024-04-24T13:30:01","date_gmt":"2024-04-24T11:30:01","guid":{"rendered":"https:\/\/wp-es.poland.travel\/?p=31301"},"modified":"2024-04-24T13:30:02","modified_gmt":"2024-04-24T11:30:02","slug":"warmia-y-masuria-los-tres-colores","status":"publish","type":"post","link":"https:\/\/www.polonia.travel\/es\/warmia-y-masuria-los-tres-colores\/","title":{"rendered":"WARMIA y MASURIA, los tres colores"},"content":{"rendered":"\n<div class=\"wp-block-group is-style-container\"><div class=\"wp-block-group__inner-container is-layout-constrained wp-block-group-is-layout-constrained\">\n<!-- empty -->\n\n\n<div class=\"metrics\">\n  <div class=\"metrics__text\">\n    <h1 class=\"is-style-heading-38 mb20 large-mb30\">WARMIA y MASURIA, los tres colores<\/h1>\n    <p><!-- wp:paragraph --><\/p>\n<p><strong>Un viaje <em>slow<\/em> a la naturaleza y tradiciones vivas<\/strong><\/p>\n<p><!-- \/wp:paragraph --> <!-- wp:paragraph --><\/p>\n<p>La regi\u00f3n, en la parte noreste de Polonia, es el &#8222;pulm\u00f3n verde&#8221; del pa\u00eds, compuesta por dos regiones hist\u00f3ricas,\u00a0<strong>Warmia y Masuria<\/strong>, cuya\u00a0capital actual es <strong><em>Olsztyn<\/em><\/strong>. La mayor atracci\u00f3n de la regi\u00f3n son sus lagos, grandes y peque\u00f1os, algunos unidos entre s\u00ed por medio de canales que permiten disfrutar de largas excursiones sobre el agua. <strong>El Canal<\/strong> <strong><em>Mazurski<\/em><\/strong> un\u00eda las rutas locales con el Mar B\u00e1ltico. En <em><strong>Gizycko<\/strong><\/em> se conserva el <strong>puente rotativo<\/strong> que pesa m\u00e1s de cien toneladas, aunque basta con una sola persona para moverlo, utilizando para ello una palanca.<\/p>\n<p><!-- \/wp:paragraph --><\/p>\n  <\/div>\n  <div class=\"metrics__sidebar\">\n    <div class=\"metrics-box\">\n              <div class=\"metrics-box__title\">Informaci\u00f3n b\u00e1sica<\/div>\n        <div class=\"metrics-box__values\">\n                                        <div class=\"metrics-box__item\">\n      <div class=\"metrics-box__label\">Superficie:<\/div>\n      <div class=\"metrics-box__value\">24 173 km\u00b2<\/div>\n    <\/div>\n                                <div class=\"metrics-box__item\">\n      <div class=\"metrics-box__label\">Poblaci\u00f3n:<\/div>\n      <div class=\"metrics-box__value\">1 000 434 (2017)<\/div>\n    <\/div>\n                                <\/div>\n                <\/div>\n  <\/div>\n<\/div>\n<\/div><\/div>\n\n\n\n<p><\/p>\n\n\n\n<div class=\"wp-block-group is-style-container-medium\"><div class=\"wp-block-group__inner-container is-layout-constrained wp-block-group-is-layout-constrained\">\n<p>Es uno de los lugares muy populares durante el verano. Los lagos m\u00e1s peque\u00f1os (en la parte de Warmia) y grandes lagos de Masuria, divididos por bosques o praderas, dan mucho de s\u00ed para satisfacer tanto a los que buscan actividades al aire libre, como a los que prefieren descansar en las playas, lejos del bullicio mundano. Las actividades m\u00e1s populares son, por lo tanto, los deportes acu\u00e1ticos (vela en los lagos grandes, buceo, kayak, barcos) pero tambi\u00e9n senderismo y bicicleta. Algunos de ellos se pueden practicar tambi\u00e9n en invierno, seg\u00fan lo se\u00f1alado a continuaci\u00f3n.<\/p>\n<\/div><\/div>\n\n\n\n<div style=\"height:100px\" aria-hidden=\"true\" class=\"wp-block-spacer is-style-spacer-small\"><\/div>\n\n\n\n<div class=\"wp-block-group is-style-container\"><div class=\"wp-block-group__inner-container is-layout-constrained wp-block-group-is-layout-constrained\">\n<figure class=\"wp-block-embed is-type-video is-provider-youtube wp-block-embed-youtube wp-embed-aspect-16-9 wp-has-aspect-ratio\"><div class=\"wp-block-embed__wrapper\">\n<iframe loading=\"lazy\" title=\"Warmia i Mazury zapraszaj\u0105 przez ca\u0142y rok :)\" width=\"500\" height=\"281\" src=\"https:\/\/www.youtube.com\/embed\/Er8GWtyUMlg?feature=oembed\" frameborder=\"0\" allow=\"accelerometer; autoplay; clipboard-write; encrypted-media; gyroscope; picture-in-picture; web-share\" referrerpolicy=\"strict-origin-when-cross-origin\" allowfullscreen><\/iframe>\n<\/div><\/figure>\n<\/div><\/div>\n\n\n\n<div style=\"height:100px\" aria-hidden=\"true\" class=\"wp-block-spacer is-style-spacer-small\"><\/div>\n\n\n\n<div class=\"wp-block-group is-style-container-medium\"><div class=\"wp-block-group__inner-container is-layout-constrained wp-block-group-is-layout-constrained\">\n<p>Siendo \u00e9sta una regi\u00f3n hist\u00f3rica, entre los monumentos m\u00e1s significativos encontraremos castillos medievales de la <strong>Orden de los Teutones,&nbsp;<\/strong>en <em><strong>Ryn<\/strong><\/em> y <strong><em>K\u0119trzyn<\/em>,<\/strong> y otro en <em><strong>Olsztyn <\/strong><\/em>o <em><strong>Nidzica<\/strong><\/em>; palacios o castillos obispales en <em><strong>Lidzbark Warmi\u0144ski<\/strong><\/em> y en <em><strong>Reszel<\/strong><\/em> o palacios aristcr\u00e1ticos, como el de <em><strong>Kadyn<\/strong><strong>y<\/strong><\/em>.&nbsp; Este \u00fatlimo, junto con <a href=\"https:\/\/www.zamekryn.pl\/en\/\"><strong><em>Ryn<\/em><\/strong><\/a> y el <a href=\"http:\/\/www.hotelkrasicki.pl\/en\/\"><em><strong>Hotel Krasicki<\/strong><\/em><\/a> en&nbsp; <em><strong>Lidzbark Warmi\u0144ski<\/strong><\/em>&nbsp; ofrecen tambi\u00e9n alojamiento en sus espacios hist\u00f3ricos, a\u00f1adiendo al viaje el toque de glamour y encanto.&nbsp;<\/p>\n\n\n\n<p>El pasado medieval de la regi\u00f3n se recrea cada julio a trav\u00e9s de la <strong>escenificaci\u00f3n<\/strong> de una de las batallas clave durante el medievo: la <strong>Batalla de Grunwald<\/strong>. En 1410, en esta peque\u00f1a localidad se enfrentaron las tropas de los caballeros teutones y las polaco-lituanas luchando por el dominio de la zona. Cientos de aficionados recrean esta contienda en la misma localidad. Para los interesados, recomendamos aprovechar la visita al <strong>Museo Nacional de Varsovia<\/strong> donde se exhibe de manera permanente el cuadro <strong>&#8222;La Batalla de Grunwald&#8221;<\/strong> de <strong>Jan Matejko<\/strong>, autor de otras grandes obras pict\u00f3ricas con la historia de Polonia de fondo.<\/p>\n\n\n\n<p>Tambi\u00e9n merece la pena visitar la <strong>medieval Frombork<\/strong> donde el <a href=\"http:\/\/frombork.art.pl\/en\/\"><strong>Museo de Cop\u00e9rnico<\/strong><\/a> nos cuenta la vida y la obra del astr\u00f3nomo que pas\u00f3 aqu\u00ed gran parte de su vida.<\/p>\n<\/div><\/div>\n\n\n\n<div style=\"height:100px\" aria-hidden=\"true\" class=\"wp-block-spacer is-style-spacer-small\"><\/div>\n\n\n\n<div class=\"wp-block-group is-style-container\"><div class=\"wp-block-group__inner-container is-layout-constrained wp-block-group-is-layout-constrained\">  <div class=\"gallery-tiles gallery-tiles--rows-2-3 lightgallery\">\r\n          <a href=\"https:\/\/www.polonia.travel\/es\/wp-content\/uploads\/sites\/18\/2024\/04\/17504_Mazury_WLO_HR-1024x663-1.jpg\" class=\"gallery-tiles__item\" data-src=\"https:\/\/www.polonia.travel\/es\/wp-content\/uploads\/sites\/18\/2024\/04\/17504_Mazury_WLO_HR-1024x663-1.jpg\"\r\n        aria-label=\"Otw\u00f3rz powi\u0119kszone zdj\u0119cie: 17504_Mazury_WLO_HR-1024&#215;663-1\">\r\n        <img loading=\"lazy\" decoding=\"async\" width=\"1024\" height=\"663\" src=\"https:\/\/www.polonia.travel\/es\/wp-content\/uploads\/sites\/18\/2024\/04\/17504_Mazury_WLO_HR-1024x663-1.jpg\" class=\"gallery-tiles__thumb\" alt=\"\" srcset=\"https:\/\/www.polonia.travel\/es\/wp-content\/uploads\/sites\/18\/2024\/04\/17504_Mazury_WLO_HR-1024x663-1.jpg 1024w, https:\/\/www.polonia.travel\/es\/wp-content\/uploads\/sites\/18\/2024\/04\/17504_Mazury_WLO_HR-1024x663-1-600x388.jpg 600w, https:\/\/www.polonia.travel\/es\/wp-content\/uploads\/sites\/18\/2024\/04\/17504_Mazury_WLO_HR-1024x663-1-768x497.jpg 768w\" sizes=\"auto, (max-width: 1024px) 100vw, 1024px\" \/>      <\/a>\r\n          <a href=\"https:\/\/www.polonia.travel\/es\/wp-content\/uploads\/sites\/18\/2023\/07\/mazury_krutynia_kajaki_splyw_1170.jpg\" class=\"gallery-tiles__item\" data-src=\"https:\/\/www.polonia.travel\/es\/wp-content\/uploads\/sites\/18\/2023\/07\/mazury_krutynia_kajaki_splyw_1170.jpg\"\r\n        aria-label=\"Otw\u00f3rz powi\u0119kszone zdj\u0119cie: mazury_krutynia_kajaki_splyw_1170\">\r\n        <img loading=\"lazy\" decoding=\"async\" width=\"1170\" height=\"780\" src=\"https:\/\/www.polonia.travel\/es\/wp-content\/uploads\/sites\/18\/2023\/07\/mazury_krutynia_kajaki_splyw_1170.jpg\" class=\"gallery-tiles__thumb\" alt=\"\" srcset=\"https:\/\/www.polonia.travel\/es\/wp-content\/uploads\/sites\/18\/2023\/07\/mazury_krutynia_kajaki_splyw_1170.jpg 1170w, https:\/\/www.polonia.travel\/es\/wp-content\/uploads\/sites\/18\/2023\/07\/mazury_krutynia_kajaki_splyw_1170-600x400.jpg 600w, https:\/\/www.polonia.travel\/es\/wp-content\/uploads\/sites\/18\/2023\/07\/mazury_krutynia_kajaki_splyw_1170-768x512.jpg 768w\" sizes=\"auto, (max-width: 1170px) 100vw, 1170px\" \/>      <\/a>\r\n          <a href=\"https:\/\/www.polonia.travel\/es\/wp-content\/uploads\/sites\/18\/2023\/07\/mazury_mragowo_jezioro_czos_1170.jpg\" class=\"gallery-tiles__item\" data-src=\"https:\/\/www.polonia.travel\/es\/wp-content\/uploads\/sites\/18\/2023\/07\/mazury_mragowo_jezioro_czos_1170.jpg\"\r\n        aria-label=\"Otw\u00f3rz powi\u0119kszone zdj\u0119cie: Wiecz\u00f3r w Mr\u0105gowie na Mazurach\">\r\n        <img loading=\"lazy\" decoding=\"async\" width=\"1170\" height=\"780\" src=\"https:\/\/www.polonia.travel\/es\/wp-content\/uploads\/sites\/18\/2023\/07\/mazury_mragowo_jezioro_czos_1170.jpg\" class=\"gallery-tiles__thumb\" alt=\"\" srcset=\"https:\/\/www.polonia.travel\/es\/wp-content\/uploads\/sites\/18\/2023\/07\/mazury_mragowo_jezioro_czos_1170.jpg 1170w, https:\/\/www.polonia.travel\/es\/wp-content\/uploads\/sites\/18\/2023\/07\/mazury_mragowo_jezioro_czos_1170-600x400.jpg 600w, https:\/\/www.polonia.travel\/es\/wp-content\/uploads\/sites\/18\/2023\/07\/mazury_mragowo_jezioro_czos_1170-768x512.jpg 768w\" sizes=\"auto, (max-width: 1170px) 100vw, 1170px\" \/>      <\/a>\r\n          <a href=\"https:\/\/www.polonia.travel\/es\/wp-content\/uploads\/sites\/18\/2023\/07\/wielkie_jeziora_mazurskie_1170.jpg\" class=\"gallery-tiles__item\" data-src=\"https:\/\/www.polonia.travel\/es\/wp-content\/uploads\/sites\/18\/2023\/07\/wielkie_jeziora_mazurskie_1170.jpg\"\r\n        aria-label=\"Otw\u00f3rz powi\u0119kszone zdj\u0119cie: Mazury-yachts to Lake Kisajno in Gi\u017cycko\">\r\n        <img loading=\"lazy\" decoding=\"async\" width=\"1170\" height=\"780\" src=\"https:\/\/www.polonia.travel\/es\/wp-content\/uploads\/sites\/18\/2023\/07\/wielkie_jeziora_mazurskie_1170.jpg\" class=\"gallery-tiles__thumb\" alt=\"\" srcset=\"https:\/\/www.polonia.travel\/es\/wp-content\/uploads\/sites\/18\/2023\/07\/wielkie_jeziora_mazurskie_1170.jpg 1170w, https:\/\/www.polonia.travel\/es\/wp-content\/uploads\/sites\/18\/2023\/07\/wielkie_jeziora_mazurskie_1170-600x400.jpg 600w, https:\/\/www.polonia.travel\/es\/wp-content\/uploads\/sites\/18\/2023\/07\/wielkie_jeziora_mazurskie_1170-768x512.jpg 768w\" sizes=\"auto, (max-width: 1170px) 100vw, 1170px\" \/>      <\/a>\r\n          <a href=\"https:\/\/www.polonia.travel\/es\/wp-content\/uploads\/sites\/18\/2023\/04\/118161621_Fotolia_Mazury_lodzie_HR.jpg\" class=\"gallery-tiles__item\" data-src=\"https:\/\/www.polonia.travel\/es\/wp-content\/uploads\/sites\/18\/2023\/04\/118161621_Fotolia_Mazury_lodzie_HR.jpg\"\r\n        aria-label=\"Otw\u00f3rz powi\u0119kszone zdj\u0119cie: Rowing boats floating over the Lake Lasmiady waters early morning. HDR image. Masuria, Poland.\">\r\n        <img loading=\"lazy\" decoding=\"async\" width=\"1170\" height=\"780\" src=\"https:\/\/www.polonia.travel\/es\/wp-content\/uploads\/sites\/18\/2023\/04\/118161621_Fotolia_Mazury_lodzie_HR.jpg\" class=\"gallery-tiles__thumb\" alt=\"\" srcset=\"https:\/\/www.polonia.travel\/es\/wp-content\/uploads\/sites\/18\/2023\/04\/118161621_Fotolia_Mazury_lodzie_HR.jpg 1170w, https:\/\/www.polonia.travel\/es\/wp-content\/uploads\/sites\/18\/2023\/04\/118161621_Fotolia_Mazury_lodzie_HR-600x400.jpg 600w, https:\/\/www.polonia.travel\/es\/wp-content\/uploads\/sites\/18\/2023\/04\/118161621_Fotolia_Mazury_lodzie_HR-768x512.jpg 768w\" sizes=\"auto, (max-width: 1170px) 100vw, 1170px\" \/>      <\/a>\r\n      <\/div>\r\n<\/div><\/div>\n\n\n\n<div style=\"height:100px\" aria-hidden=\"true\" class=\"wp-block-spacer is-style-spacer-small\"><\/div>\n\n\n\n<div class=\"wp-block-group is-style-container-medium\"><div class=\"wp-block-group__inner-container is-layout-constrained wp-block-group-is-layout-constrained\">\n<p>Con el agua como protagonista, el monumento de la t\u00e9cnica del s. XIX, el <em><strong>Canal de Elbl\u0105g<\/strong><\/em>, es una atractiva opci\u00f3n para relajarse, y tambi\u00e9n aprender.<\/p>\n\n\n\n<p>Si nos trasladamos a la historia del s. XX, algunos tendr\u00e1n inter\u00e9s en visitar el <em><strong>Wilczy Szaniec<\/strong><\/em> (La Guarida del Lobo) en <strong><em>Gier\u0142o\u017c<\/em><\/strong>, cuartel principal de Hitler durante la II Guerra Mundial, comunicado con Berl\u00edn por v\u00eda a\u00e9rea (cont\u00f3 con aeropuerto propio) y v\u00eda ferrocarril.<\/p>\n\n\n\n<p>Pero sobre todo, recomendamos disfrutar de la belleza natural de Warmia y Masuria con su completa oferta de estancias y actividades para todos los bolsillos y <strong>no solamente en verano<\/strong>. <a href=\"https:\/\/mazury.travel\/en\/\">M\u00e1s informaci\u00f3n<\/a> en la web de la regi\u00f3n.<\/p>\n<\/div><\/div>\n\n\n\n<div class=\"wp-block-group has-background\" style=\"background-color:#eeeeeeed\"><div class=\"wp-block-group__inner-container is-layout-constrained wp-block-group-is-layout-constrained\">\n<div style=\"height:100px\" aria-hidden=\"true\" class=\"wp-block-spacer is-style-spacer-small\"><\/div>\n\n\n\n<div class=\"wp-block-group is-style-container\"><div class=\"wp-block-group__inner-container is-layout-constrained wp-block-group-is-layout-constrained\">\n<h3 class=\"wp-block-heading\">M\u00e1s informaci\u00f3n<\/h3>\n\n\n<div class=\"overflow\">\n  <div class=\"post-slider swiper post-slider--small\" data-schema=\"small\">\n\n    <div class=\"swiper-wrapper\">\n              <div class=\"swiper-slide post-slide\">\n                      <a href=\"https:\/\/www.polonia.travel\/es\/baja-silesia-castillos-y-naturaleza\/\" class=\"post-box post-box--small\" style=\" background-image: url(https:\/\/www.polonia.travel\/es\/wp-content\/uploads\/sites\/18\/2023\/02\/Szczeliniec-Wielki_Stolowe-gory-600x388.jpeg);\">\n          <div class=\"post-box__hover\" style=\"background-image: url(https:\/\/www.polonia.travel\/es\/wp-content\/uploads\/sites\/18\/2022\/12\/gory_stolowe_szczeliniec_wielki_1170-600x400.jpg);\"><\/div>\n        <div class=\"post-box__info\">\n            <div class=\"post-box__title\">BAJA SILESIA, castillos y naturaleza<\/div>\n      <div class=\"post-box__more\">Leer m\u00e1s<\/div>\n    <\/div>\n  <\/a>\n\n          <\/div>\n              <div class=\"swiper-slide post-slide\">\n                      <a href=\"https:\/\/www.polonia.travel\/es\/pomerania-mirando-hacia-el-baltico\/\" class=\"post-box post-box--small\" style=\" background-image: url(https:\/\/www.polonia.travel\/es\/wp-content\/uploads\/sites\/18\/2023\/07\/Gdynia_klif540.jpg);\">\n          <div class=\"post-box__hover\" style=\"background-image: url(https:\/\/www.polonia.travel\/es\/wp-content\/uploads\/sites\/18\/2023\/07\/Gdanskfull1170-600x400.jpg);\"><\/div>\n        <div class=\"post-box__info\">\n            <div class=\"post-box__title\">POMERANIA, mirando hacia el B\u00e1ltico<\/div>\n      <div class=\"post-box__more\">Leer m\u00e1s<\/div>\n    <\/div>\n  <\/a>\n\n          <\/div>\n              <div class=\"swiper-slide post-slide\">\n                      <a href=\"https:\/\/www.polonia.travel\/es\/opole-opole\/\" class=\"post-box post-box--small\" style=\" background-image: url(https:\/\/www.polonia.travel\/es\/wp-content\/uploads\/sites\/18\/2022\/12\/zamek_moszna_odbicie_1170-1-600x400.jpg);\">\n          <div class=\"post-box__hover\" style=\"background-image: url(https:\/\/www.polonia.travel\/es\/wp-content\/uploads\/sites\/18\/2022\/12\/opole_amfiteatr_1170-2-600x400.jpg);\"><\/div>\n        <div class=\"post-box__info\">\n            <div class=\"post-box__title\">OPOLE (Opole)<\/div>\n      <div class=\"post-box__more\">Leer m\u00e1s<\/div>\n    <\/div>\n  <\/a>\n\n          <\/div>\n              <div class=\"swiper-slide post-slide\">\n                      <a href=\"https:\/\/www.polonia.travel\/es\/la-region-de-silesia-slaskie\/\" class=\"post-box post-box--small\" style=\" background-image: url(https:\/\/www.polonia.travel\/es\/wp-content\/uploads\/sites\/18\/2022\/12\/Ogrodzieniec-600x400.jpg);\">\n          <div class=\"post-box__hover\" style=\"background-image: url(https:\/\/www.polonia.travel\/es\/wp-content\/uploads\/sites\/18\/2024\/04\/slaskieogrodzienie_540-1.jpg);\"><\/div>\n        <div class=\"post-box__info\">\n            <div class=\"post-box__title\">La regi\u00f3n de SILESIA (\u015al\u0105skie)<\/div>\n      <div class=\"post-box__more\">Leer m\u00e1s<\/div>\n    <\/div>\n  <\/a>\n\n          <\/div>\n              <div class=\"swiper-slide post-slide\">\n                      <a href=\"https:\/\/www.polonia.travel\/es\/polonia-menor-malopolska\/\" class=\"post-box post-box--small\" style=\" background-image: url(https:\/\/www.polonia.travel\/es\/wp-content\/uploads\/sites\/18\/2024\/04\/malopolska_540.jpg);\">\n          <div class=\"post-box__hover\" style=\"background-image: url(https:\/\/www.polonia.travel\/es\/wp-content\/uploads\/sites\/18\/2024\/04\/61039655_Tatry_wiosna_lato_Adobe201-600x398.jpg);\"><\/div>\n        <div class=\"post-box__info\">\n            <div class=\"post-box__title\">POLONIA MENOR (Malopolska)<\/div>\n      <div class=\"post-box__more\">Leer m\u00e1s<\/div>\n    <\/div>\n  <\/a>\n\n          <\/div>\n              <div class=\"swiper-slide post-slide\">\n                      <a href=\"https:\/\/www.polonia.travel\/es\/region-de-podkarpacie-al-pie-de-los-carpatos\/\" class=\"post-box post-box--small\" style=\" background-image: url(https:\/\/www.polonia.travel\/es\/wp-content\/uploads\/sites\/18\/2023\/07\/bieszczady_jesien_1170-600x400.jpg);\">\n          <div class=\"post-box__hover\" style=\"background-image: url(https:\/\/www.polonia.travel\/es\/wp-content\/uploads\/sites\/18\/2024\/04\/BieszczadyPN_540_360.jpg);\"><\/div>\n        <div class=\"post-box__info\">\n            <div class=\"post-box__title\">Regi\u00f3n de PODKARPACIE, al pie de los C\u00e1rpatos<\/div>\n      <div class=\"post-box__more\">Leer m\u00e1s<\/div>\n    <\/div>\n  <\/a>\n\n          <\/div>\n              <div class=\"swiper-slide post-slide\">\n                      <a href=\"https:\/\/www.polonia.travel\/es\/la-region-de-santa-cruz\/\" class=\"post-box post-box--small\" style=\" background-image: url(https:\/\/www.polonia.travel\/es\/wp-content\/uploads\/sites\/18\/2022\/12\/swietokrzyskie_krajobrazy_1170-600x400.jpg);\">\n          <div class=\"post-box__hover\" style=\"background-image: url(https:\/\/www.polonia.travel\/es\/wp-content\/uploads\/sites\/18\/2024\/04\/GEOPARK20KIELCE20fot20Anna20Benicewicz-Miazga-600x400.jpg);\"><\/div>\n        <div class=\"post-box__info\">\n            <div class=\"post-box__title\">La regi\u00f3n de SANTA CRUZ<\/div>\n      <div class=\"post-box__more\">Leer m\u00e1s<\/div>\n    <\/div>\n  <\/a>\n\n          <\/div>\n              <div class=\"swiper-slide post-slide\">\n                      <a href=\"https:\/\/www.polonia.travel\/es\/region-de-lublin-el-cruce-de-caminos\/\" class=\"post-box post-box--small\" style=\" background-image: url(https:\/\/www.polonia.travel\/es\/wp-content\/uploads\/sites\/18\/2022\/12\/kazimierz_dolny_wawoz_korzeniowy_1170-600x400.jpg);\">\n          <div class=\"post-box__hover\" style=\"background-image: url(https:\/\/www.polonia.travel\/es\/wp-content\/uploads\/sites\/18\/2023\/07\/Lublin1170-6-600x389.jpg);\"><\/div>\n        <div class=\"post-box__info\">\n            <div class=\"post-box__title\">Regi\u00f3n de LUBLIN, el cruce de caminos<\/div>\n      <div class=\"post-box__more\">Leer m\u00e1s<\/div>\n    <\/div>\n  <\/a>\n\n          <\/div>\n              <div class=\"swiper-slide post-slide\">\n                      <a href=\"https:\/\/www.polonia.travel\/es\/lodz-lodz-reciente-tradicion-en-el-corazon-de-polonia\/\" class=\"post-box post-box--small\" style=\" background-image: url(https:\/\/www.polonia.travel\/es\/wp-content\/uploads\/sites\/18\/2022\/12\/arkadia_1170-600x400.jpg);\">\n          <div class=\"post-box__hover\" style=\"background-image: url(https:\/\/www.polonia.travel\/es\/wp-content\/uploads\/sites\/18\/2024\/04\/LODZ_4-600x400.jpg);\"><\/div>\n        <div class=\"post-box__info\">\n            <div class=\"post-box__title\">LODZ (\u0141\u00f3dzkie), reciente tradici\u00f3n en el coraz\u00f3n de Polonia<\/div>\n      <div class=\"post-box__more\">Leer m\u00e1s<\/div>\n    <\/div>\n  <\/a>\n\n          <\/div>\n              <div class=\"swiper-slide post-slide\">\n                      <a href=\"https:\/\/www.polonia.travel\/es\/la-region-de-lubusz-puerta-de-entrada-a-polonia\/\" class=\"post-box post-box--small\" style=\" background-image: url(https:\/\/www.polonia.travel\/es\/wp-content\/uploads\/sites\/18\/2022\/12\/zielona_gora_muzeum_etnograficzne_1170-600x400.jpg);\">\n          <div class=\"post-box__hover\" style=\"background-image: url(https:\/\/www.polonia.travel\/es\/wp-content\/uploads\/sites\/18\/2022\/12\/zielona_gora_1170-600x400.jpg);\"><\/div>\n        <div class=\"post-box__info\">\n            <div class=\"post-box__title\">La regi\u00f3n de LUBUSZ, puerta de entrada a Polonia<\/div>\n      <div class=\"post-box__more\">Leer m\u00e1s<\/div>\n    <\/div>\n  <\/a>\n\n          <\/div>\n              <div class=\"swiper-slide post-slide\">\n                      <a href=\"https:\/\/www.polonia.travel\/es\/polonia-mayor-wielkopolska-la-cuna-del-estado-polaco\/\" class=\"post-box post-box--small\" style=\" background-image: url(https:\/\/www.polonia.travel\/es\/wp-content\/uploads\/sites\/18\/2022\/12\/WielkopolskiPN_ok-600x400.jpg);\">\n          <div class=\"post-box__hover\" style=\"background-image: url(https:\/\/www.polonia.travel\/es\/wp-content\/uploads\/sites\/18\/2024\/04\/Poznan1-600x389.jpg);\"><\/div>\n        <div class=\"post-box__info\">\n            <div class=\"post-box__title\">POLONIA MAYOR (Wielkopolska), la cuna del Estado polaco<\/div>\n      <div class=\"post-box__more\">Leer m\u00e1s<\/div>\n    <\/div>\n  <\/a>\n\n          <\/div>\n              <div class=\"swiper-slide post-slide\">\n                      <a href=\"https:\/\/www.polonia.travel\/es\/kuyavia-y-pomerania-recetas-medievales\/\" class=\"post-box post-box--small\" style=\" background-image: url(https:\/\/www.polonia.travel\/es\/wp-content\/uploads\/sites\/18\/2024\/04\/Torun20panorama20540x360-2.jpg);\">\n          <div class=\"post-box__hover\" style=\"background-image: url(https:\/\/www.polonia.travel\/es\/wp-content\/uploads\/sites\/18\/2022\/12\/bory_tucholskie_1170-600x400.jpg);\"><\/div>\n        <div class=\"post-box__info\">\n            <div class=\"post-box__title\">KUYAVIA Y POMERANIA, recetas medievales<\/div>\n      <div class=\"post-box__more\">Leer m\u00e1s<\/div>\n    <\/div>\n  <\/a>\n\n          <\/div>\n              <div class=\"swiper-slide post-slide\">\n                      <a href=\"https:\/\/www.polonia.travel\/es\/podlasie-la-frontera-entre-la-civilizacion-y-la-naturaleza\/\" class=\"post-box post-box--small\" style=\" background-image: url(https:\/\/www.polonia.travel\/es\/wp-content\/uploads\/sites\/18\/2022\/12\/zubry_1170-600x400.jpg);\">\n          <div class=\"post-box__hover\" style=\"background-image: url(https:\/\/www.polonia.travel\/es\/wp-content\/uploads\/sites\/18\/2023\/07\/narwianski_park_narodowy_1170-600x400.jpg);\"><\/div>\n        <div class=\"post-box__info\">\n            <div class=\"post-box__title\">PODLASIE, la frontera entre la civilizaci\u00f3n y la naturaleza<\/div>\n      <div class=\"post-box__more\">Leer m\u00e1s<\/div>\n    <\/div>\n  <\/a>\n\n          <\/div>\n              <div class=\"swiper-slide post-slide\">\n                      <a href=\"https:\/\/www.polonia.travel\/es\/warmia-y-masuria-los-tres-colores\/\" class=\"post-box post-box--small\" style=\" background-image: url(https:\/\/www.polonia.travel\/es\/wp-content\/uploads\/sites\/18\/2023\/08\/8_lato23-600x349.jpg);\">\n          <div class=\"post-box__hover\" style=\"background-image: url(https:\/\/www.polonia.travel\/es\/wp-content\/uploads\/sites\/18\/2023\/04\/118161621_Fotolia_Mazury_lodzie_HR-600x400.jpg);\"><\/div>\n        <div class=\"post-box__info\">\n            <div class=\"post-box__title\">WARMIA y MASURIA, los tres colores<\/div>\n      <div class=\"post-box__more\">Leer m\u00e1s<\/div>\n    <\/div>\n  <\/a>\n\n          <\/div>\n              <div class=\"swiper-slide post-slide\">\n                      <a href=\"https:\/\/www.polonia.travel\/es\/pomerania-occidental\/\" class=\"post-box post-box--small\" style=\" background-image: url(https:\/\/www.polonia.travel\/es\/wp-content\/uploads\/sites\/18\/2022\/12\/swinoujscie_540-1.jpg);\">\n          <div class=\"post-box__hover\" style=\"background-image: url(https:\/\/www.polonia.travel\/es\/wp-content\/uploads\/sites\/18\/2023\/07\/kolobrzeg-molo-600x400.jpg);\"><\/div>\n        <div class=\"post-box__info\">\n            <div class=\"post-box__title\">POMERANIA OCCIDENTAL<\/div>\n      <div class=\"post-box__more\">Leer m\u00e1s<\/div>\n    <\/div>\n  <\/a>\n\n          <\/div>\n              <div class=\"swiper-slide post-slide\">\n                      <a href=\"https:\/\/www.polonia.travel\/es\/mazovia-mazowsze-la-inspiracion-de-chopin\/\" class=\"post-box post-box--small\" style=\" background-image: url(https:\/\/www.polonia.travel\/es\/wp-content\/uploads\/sites\/18\/2022\/12\/warszawa_panorama_starego_miasta_na_tle_centrum_1170-600x400.jpg);\">\n          <div class=\"post-box__hover\" style=\"background-image: url(https:\/\/www.polonia.travel\/es\/wp-content\/uploads\/sites\/18\/2022\/12\/twierdza_modlin_1170-1-600x400.jpg);\"><\/div>\n        <div class=\"post-box__info\">\n            <div class=\"post-box__title\">MAZOVIA (Mazowsze), la inspiraci\u00f3n de Chopin<\/div>\n      <div class=\"post-box__more\">Leer m\u00e1s<\/div>\n    <\/div>\n  <\/a>\n\n          <\/div>\n          <\/div>\n    <div class=\"post-slider__pagination\"><\/div>\n  <\/div>\n<\/div>\n<\/div><\/div>\n\n\n\n<div style=\"height:100px\" aria-hidden=\"true\" class=\"wp-block-spacer is-style-spacer-small\"><\/div>\n\n\n\n<p>a<\/p>\n<\/div><\/div>\n","protected":false},"excerpt":{"rendered":"<p>Es uno de los lugares muy populares durante el verano. Los lagos m\u00e1s peque\u00f1os (en la parte de Warmia) y grandes lagos de Masuria, divididos por bosques o praderas, dan mucho de s\u00ed para satisfacer tanto a los que buscan actividades al aire libre, como a los que prefieren descansar en las playas, lejos del [&hellip;]<\/p>\n","protected":false},"author":1,"featured_media":19229,"comment_status":"open","ping_status":"open","sticky":false,"template":"","format":"standard","meta":{"_acf_changed":false,"footnotes":""},"categories":[1038],"class_list":["post-31301","post","type-post","status-publish","format-standard","has-post-thumbnail","hentry","category-regiones"],"acf":[],"yoast_head":"<!-- This site is optimized with the Yoast SEO plugin v27.4 - https:\/\/yoast.com\/product\/yoast-seo-wordpress\/ -->\n<title>WARMIA y MASURIA, los tres colores - Polonia Travel (ES)<\/title>\n<meta name=\"robots\" content=\"index, follow, max-snippet:-1, max-image-preview:large, max-video-preview:-1\" \/>\n<link rel=\"canonical\" href=\"https:\/\/www.polonia.travel\/es\/warmia-y-masuria-los-tres-colores\/\" \/>\n<meta property=\"og:locale\" content=\"pl_PL\" \/>\n<meta property=\"og:type\" content=\"article\" \/>\n<meta property=\"og:title\" content=\"WARMIA y MASURIA, los tres colores - Polonia Travel (ES)\" \/>\n<meta property=\"og:description\" content=\"Es uno de los lugares muy populares durante el verano. Los lagos m\u00e1s peque\u00f1os (en la parte de Warmia) y grandes lagos de Masuria, divididos por bosques o praderas, dan mucho de s\u00ed para satisfacer tanto a los que buscan actividades al aire libre, como a los que prefieren descansar en las playas, lejos del [&hellip;]\" \/>\n<meta property=\"og:url\" content=\"https:\/\/www.polonia.travel\/es\/warmia-y-masuria-los-tres-colores\/\" \/>\n<meta property=\"og:site_name\" content=\"Polonia Travel (ES)\" \/>\n<meta property=\"article:published_time\" content=\"2024-04-24T11:30:01+00:00\" \/>\n<meta property=\"article:modified_time\" content=\"2024-04-24T11:30:02+00:00\" \/>\n<meta property=\"og:image\" content=\"https:\/\/www.polonia.travel\/es\/wp-content\/uploads\/sites\/18\/2023\/01\/mazury-panorama.jpg\" \/>\n\t<meta property=\"og:image:width\" content=\"1920\" \/>\n\t<meta property=\"og:image:height\" content=\"518\" \/>\n\t<meta property=\"og:image:type\" content=\"image\/jpeg\" \/>\n<meta name=\"twitter:card\" content=\"summary_large_image\" \/>\n<meta name=\"twitter:label1\" content=\"Napisane przez\" \/>\n\t<meta name=\"twitter:data1\" content=\"\" \/>\n\t<meta name=\"twitter:label2\" content=\"Szacowany czas czytania\" \/>\n\t<meta name=\"twitter:data2\" content=\"3 minuty\" \/>\n<script type=\"application\/ld+json\" class=\"yoast-schema-graph\">{\"@context\":\"https:\\\/\\\/schema.org\",\"@graph\":[{\"@type\":\"Article\",\"@id\":\"https:\\\/\\\/www.polonia.travel\\\/es\\\/warmia-y-masuria-los-tres-colores\\\/#article\",\"isPartOf\":{\"@id\":\"https:\\\/\\\/www.polonia.travel\\\/es\\\/warmia-y-masuria-los-tres-colores\\\/\"},\"author\":{\"name\":\"\",\"@id\":\"\"},\"headline\":\"WARMIA y MASURIA, los tres colores\",\"datePublished\":\"2024-04-24T11:30:01+00:00\",\"dateModified\":\"2024-04-24T11:30:02+00:00\",\"mainEntityOfPage\":{\"@id\":\"https:\\\/\\\/www.polonia.travel\\\/es\\\/warmia-y-masuria-los-tres-colores\\\/\"},\"wordCount\":475,\"commentCount\":0,\"publisher\":{\"@id\":\"https:\\\/\\\/www.polonia.travel\\\/es\\\/#organization\"},\"image\":{\"@id\":\"https:\\\/\\\/www.polonia.travel\\\/es\\\/warmia-y-masuria-los-tres-colores\\\/#primaryimage\"},\"thumbnailUrl\":\"https:\\\/\\\/www.polonia.travel\\\/es\\\/wp-content\\\/uploads\\\/sites\\\/18\\\/2023\\\/01\\\/mazury-panorama.jpg\",\"keywords\":[\"es\",\"regiones\"],\"articleSection\":[\"Descubre su variedad\"],\"inLanguage\":\"pl-PL\"},{\"@type\":\"WebPage\",\"@id\":\"https:\\\/\\\/www.polonia.travel\\\/es\\\/warmia-y-masuria-los-tres-colores\\\/\",\"url\":\"https:\\\/\\\/www.polonia.travel\\\/es\\\/warmia-y-masuria-los-tres-colores\\\/\",\"name\":\"WARMIA y MASURIA, los tres colores - Polonia Travel (ES)\",\"isPartOf\":{\"@id\":\"https:\\\/\\\/www.polonia.travel\\\/es\\\/#website\"},\"primaryImageOfPage\":{\"@id\":\"https:\\\/\\\/www.polonia.travel\\\/es\\\/warmia-y-masuria-los-tres-colores\\\/#primaryimage\"},\"image\":{\"@id\":\"https:\\\/\\\/www.polonia.travel\\\/es\\\/warmia-y-masuria-los-tres-colores\\\/#primaryimage\"},\"thumbnailUrl\":\"https:\\\/\\\/www.polonia.travel\\\/es\\\/wp-content\\\/uploads\\\/sites\\\/18\\\/2023\\\/01\\\/mazury-panorama.jpg\",\"datePublished\":\"2024-04-24T11:30:01+00:00\",\"dateModified\":\"2024-04-24T11:30:02+00:00\",\"breadcrumb\":{\"@id\":\"https:\\\/\\\/www.polonia.travel\\\/es\\\/warmia-y-masuria-los-tres-colores\\\/#breadcrumb\"},\"inLanguage\":\"pl-PL\",\"potentialAction\":[{\"@type\":\"ReadAction\",\"target\":[\"https:\\\/\\\/www.polonia.travel\\\/es\\\/warmia-y-masuria-los-tres-colores\\\/\"]}]},{\"@type\":\"ImageObject\",\"inLanguage\":\"pl-PL\",\"@id\":\"https:\\\/\\\/www.polonia.travel\\\/es\\\/warmia-y-masuria-los-tres-colores\\\/#primaryimage\",\"url\":\"https:\\\/\\\/www.polonia.travel\\\/es\\\/wp-content\\\/uploads\\\/sites\\\/18\\\/2023\\\/01\\\/mazury-panorama.jpg\",\"contentUrl\":\"https:\\\/\\\/www.polonia.travel\\\/es\\\/wp-content\\\/uploads\\\/sites\\\/18\\\/2023\\\/01\\\/mazury-panorama.jpg\",\"width\":1920,\"height\":518,\"caption\":\"Mazury\"},{\"@type\":\"BreadcrumbList\",\"@id\":\"https:\\\/\\\/www.polonia.travel\\\/es\\\/warmia-y-masuria-los-tres-colores\\\/#breadcrumb\",\"itemListElement\":[{\"@type\":\"ListItem\",\"position\":1,\"name\":\"Home page\",\"item\":\"https:\\\/\\\/www.polonia.travel\\\/es\\\/\"},{\"@type\":\"ListItem\",\"position\":2,\"name\":\"Descubre +\",\"item\":\"https:\\\/\\\/www.polonia.travel\\\/es\\\/category\\\/descubre-lugares\\\/\"},{\"@type\":\"ListItem\",\"position\":3,\"name\":\"Descubre su variedad\",\"item\":\"https:\\\/\\\/www.polonia.travel\\\/es\\\/category\\\/descubre-lugares\\\/regiones\\\/\"},{\"@type\":\"ListItem\",\"position\":4,\"name\":\"WARMIA y MASURIA, los tres colores\"}]},{\"@type\":\"WebSite\",\"@id\":\"https:\\\/\\\/www.polonia.travel\\\/es\\\/#website\",\"url\":\"https:\\\/\\\/www.polonia.travel\\\/es\\\/\",\"name\":\"Polonia Travel (ES)\",\"description\":\"...\",\"publisher\":{\"@id\":\"https:\\\/\\\/www.polonia.travel\\\/es\\\/#organization\"},\"potentialAction\":[{\"@type\":\"SearchAction\",\"target\":{\"@type\":\"EntryPoint\",\"urlTemplate\":\"https:\\\/\\\/www.polonia.travel\\\/es\\\/?s={search_term_string}\"},\"query-input\":{\"@type\":\"PropertyValueSpecification\",\"valueRequired\":true,\"valueName\":\"search_term_string\"}}],\"inLanguage\":\"pl-PL\"},{\"@type\":\"Organization\",\"@id\":\"https:\\\/\\\/www.polonia.travel\\\/es\\\/#organization\",\"name\":\"Polonia Travel (ES)\",\"url\":\"https:\\\/\\\/www.polonia.travel\\\/es\\\/\",\"logo\":{\"@type\":\"ImageObject\",\"inLanguage\":\"pl-PL\",\"@id\":\"https:\\\/\\\/www.polonia.travel\\\/es\\\/#\\\/schema\\\/logo\\\/image\\\/\",\"url\":\"\",\"contentUrl\":\"\",\"caption\":\"Polonia Travel (ES)\"},\"image\":{\"@id\":\"https:\\\/\\\/www.polonia.travel\\\/es\\\/#\\\/schema\\\/logo\\\/image\\\/\"}},{\"@type\":\"Person\",\"@id\":\"\"}]}<\/script>\n<!-- \/ Yoast SEO plugin. -->","yoast_head_json":{"title":"WARMIA y MASURIA, los tres colores - Polonia Travel (ES)","robots":{"index":"index","follow":"follow","max-snippet":"max-snippet:-1","max-image-preview":"max-image-preview:large","max-video-preview":"max-video-preview:-1"},"canonical":"https:\/\/www.polonia.travel\/es\/warmia-y-masuria-los-tres-colores\/","og_locale":"pl_PL","og_type":"article","og_title":"WARMIA y MASURIA, los tres colores - Polonia Travel (ES)","og_description":"Es uno de los lugares muy populares durante el verano. Los lagos m\u00e1s peque\u00f1os (en la parte de Warmia) y grandes lagos de Masuria, divididos por bosques o praderas, dan mucho de s\u00ed para satisfacer tanto a los que buscan actividades al aire libre, como a los que prefieren descansar en las playas, lejos del [&hellip;]","og_url":"https:\/\/www.polonia.travel\/es\/warmia-y-masuria-los-tres-colores\/","og_site_name":"Polonia Travel (ES)","article_published_time":"2024-04-24T11:30:01+00:00","article_modified_time":"2024-04-24T11:30:02+00:00","og_image":[{"width":1920,"height":518,"url":"https:\/\/www.polonia.travel\/es\/wp-content\/uploads\/sites\/18\/2023\/01\/mazury-panorama.jpg","type":"image\/jpeg"}],"twitter_card":"summary_large_image","twitter_misc":{"Napisane przez":"","Szacowany czas czytania":"3 minuty"},"schema":{"@context":"https:\/\/schema.org","@graph":[{"@type":"Article","@id":"https:\/\/www.polonia.travel\/es\/warmia-y-masuria-los-tres-colores\/#article","isPartOf":{"@id":"https:\/\/www.polonia.travel\/es\/warmia-y-masuria-los-tres-colores\/"},"author":{"name":"","@id":""},"headline":"WARMIA y MASURIA, los tres colores","datePublished":"2024-04-24T11:30:01+00:00","dateModified":"2024-04-24T11:30:02+00:00","mainEntityOfPage":{"@id":"https:\/\/www.polonia.travel\/es\/warmia-y-masuria-los-tres-colores\/"},"wordCount":475,"commentCount":0,"publisher":{"@id":"https:\/\/www.polonia.travel\/es\/#organization"},"image":{"@id":"https:\/\/www.polonia.travel\/es\/warmia-y-masuria-los-tres-colores\/#primaryimage"},"thumbnailUrl":"https:\/\/www.polonia.travel\/es\/wp-content\/uploads\/sites\/18\/2023\/01\/mazury-panorama.jpg","keywords":["es","regiones"],"articleSection":["Descubre su variedad"],"inLanguage":"pl-PL"},{"@type":"WebPage","@id":"https:\/\/www.polonia.travel\/es\/warmia-y-masuria-los-tres-colores\/","url":"https:\/\/www.polonia.travel\/es\/warmia-y-masuria-los-tres-colores\/","name":"WARMIA y MASURIA, los tres colores - Polonia Travel (ES)","isPartOf":{"@id":"https:\/\/www.polonia.travel\/es\/#website"},"primaryImageOfPage":{"@id":"https:\/\/www.polonia.travel\/es\/warmia-y-masuria-los-tres-colores\/#primaryimage"},"image":{"@id":"https:\/\/www.polonia.travel\/es\/warmia-y-masuria-los-tres-colores\/#primaryimage"},"thumbnailUrl":"https:\/\/www.polonia.travel\/es\/wp-content\/uploads\/sites\/18\/2023\/01\/mazury-panorama.jpg","datePublished":"2024-04-24T11:30:01+00:00","dateModified":"2024-04-24T11:30:02+00:00","breadcrumb":{"@id":"https:\/\/www.polonia.travel\/es\/warmia-y-masuria-los-tres-colores\/#breadcrumb"},"inLanguage":"pl-PL","potentialAction":[{"@type":"ReadAction","target":["https:\/\/www.polonia.travel\/es\/warmia-y-masuria-los-tres-colores\/"]}]},{"@type":"ImageObject","inLanguage":"pl-PL","@id":"https:\/\/www.polonia.travel\/es\/warmia-y-masuria-los-tres-colores\/#primaryimage","url":"https:\/\/www.polonia.travel\/es\/wp-content\/uploads\/sites\/18\/2023\/01\/mazury-panorama.jpg","contentUrl":"https:\/\/www.polonia.travel\/es\/wp-content\/uploads\/sites\/18\/2023\/01\/mazury-panorama.jpg","width":1920,"height":518,"caption":"Mazury"},{"@type":"BreadcrumbList","@id":"https:\/\/www.polonia.travel\/es\/warmia-y-masuria-los-tres-colores\/#breadcrumb","itemListElement":[{"@type":"ListItem","position":1,"name":"Home page","item":"https:\/\/www.polonia.travel\/es\/"},{"@type":"ListItem","position":2,"name":"Descubre +","item":"https:\/\/www.polonia.travel\/es\/category\/descubre-lugares\/"},{"@type":"ListItem","position":3,"name":"Descubre su variedad","item":"https:\/\/www.polonia.travel\/es\/category\/descubre-lugares\/regiones\/"},{"@type":"ListItem","position":4,"name":"WARMIA y MASURIA, los tres colores"}]},{"@type":"WebSite","@id":"https:\/\/www.polonia.travel\/es\/#website","url":"https:\/\/www.polonia.travel\/es\/","name":"Polonia Travel (ES)","description":"...","publisher":{"@id":"https:\/\/www.polonia.travel\/es\/#organization"},"potentialAction":[{"@type":"SearchAction","target":{"@type":"EntryPoint","urlTemplate":"https:\/\/www.polonia.travel\/es\/?s={search_term_string}"},"query-input":{"@type":"PropertyValueSpecification","valueRequired":true,"valueName":"search_term_string"}}],"inLanguage":"pl-PL"},{"@type":"Organization","@id":"https:\/\/www.polonia.travel\/es\/#organization","name":"Polonia Travel (ES)","url":"https:\/\/www.polonia.travel\/es\/","logo":{"@type":"ImageObject","inLanguage":"pl-PL","@id":"https:\/\/www.polonia.travel\/es\/#\/schema\/logo\/image\/","url":"","contentUrl":"","caption":"Polonia Travel (ES)"},"image":{"@id":"https:\/\/www.polonia.travel\/es\/#\/schema\/logo\/image\/"}},{"@type":"Person","@id":""}]}},"_links":{"self":[{"href":"https:\/\/www.polonia.travel\/es\/wp-json\/wp\/v2\/posts\/31301","targetHints":{"allow":["GET"]}}],"collection":[{"href":"https:\/\/www.polonia.travel\/es\/wp-json\/wp\/v2\/posts"}],"about":[{"href":"https:\/\/www.polonia.travel\/es\/wp-json\/wp\/v2\/types\/post"}],"author":[{"embeddable":true,"href":"https:\/\/www.polonia.travel\/es\/wp-json\/wp\/v2\/users\/1"}],"replies":[{"embeddable":true,"href":"https:\/\/www.polonia.travel\/es\/wp-json\/wp\/v2\/comments?post=31301"}],"version-history":[{"count":4,"href":"https:\/\/www.polonia.travel\/es\/wp-json\/wp\/v2\/posts\/31301\/revisions"}],"predecessor-version":[{"id":33508,"href":"https:\/\/www.polonia.travel\/es\/wp-json\/wp\/v2\/posts\/31301\/revisions\/33508"}],"wp:featuredmedia":[{"embeddable":true,"href":"https:\/\/www.polonia.travel\/es\/wp-json\/wp\/v2\/media\/19229"}],"wp:attachment":[{"href":"https:\/\/www.polonia.travel\/es\/wp-json\/wp\/v2\/media?parent=31301"}],"wp:term":[{"taxonomy":"category","embeddable":true,"href":"https:\/\/www.polonia.travel\/es\/wp-json\/wp\/v2\/categories?post=31301"}],"curies":[{"name":"wp","href":"https:\/\/api.w.org\/{rel}","templated":true}]}}