{"id":31297,"date":"2024-05-21T12:59:31","date_gmt":"2024-05-21T10:59:31","guid":{"rendered":"https:\/\/wp-es.poland.travel\/?p=31297"},"modified":"2025-07-30T13:42:14","modified_gmt":"2025-07-30T11:42:14","slug":"cracovia-y-su-leyenda-del-dragon","status":"publish","type":"post","link":"https:\/\/www.polonia.travel\/es\/cracovia-y-su-leyenda-del-dragon\/","title":{"rendered":"Cracovia y su leyenda del drag\u00f3n"},"content":{"rendered":"\n<div class=\"wp-block-group is-style-container-medium\"><div class=\"wp-block-group__inner-container is-layout-constrained wp-block-group-is-layout-constrained\">\n<h2 class=\"wp-block-heading\">Cracovia y su leyenda del drag\u00f3n<\/h2>\n\n\n\n<div style=\"height:100px\" aria-hidden=\"true\" class=\"wp-block-spacer is-style-spacer-small\"><\/div>\n\n\n\n<p><em><strong>Rynek G\u0142\u00f3wny<\/strong><\/em>&nbsp; (as\u00ed se llama la principal plaza de mercado de Cracovia) es el punto de encuentro tanto para los locales como para los turistas. No os lo pod\u00e9is perder, sobre todo a cada hora punta cuando desde la torre de la Iglesia de Santa Mar\u00eda escuchar\u00e9is, en directo, al trompetista que toca el &#8222;<strong><em>hejna\u0142<\/em><\/strong>&#8222;, manteniendo viva una de las leyendas de la ciudad.<\/p>\n<\/div><\/div>\n\n\n\n<div style=\"height:100px\" aria-hidden=\"true\" class=\"wp-block-spacer is-style-spacer-small\"><\/div>\n\n\n<div class=\"wp-block-image\">\n<figure class=\"aligncenter size-large\"><img loading=\"lazy\" decoding=\"async\" width=\"1200\" height=\"857\" src=\"https:\/\/wp-es.poland.travel\/wp-content\/uploads\/sites\/18\/2024\/04\/parada-smokow-1200x857.jpg\" alt=\"\" class=\"wp-image-33920\" srcset=\"https:\/\/www.polonia.travel\/es\/wp-content\/uploads\/sites\/18\/2024\/04\/parada-smokow-1200x857.jpg 1200w, https:\/\/www.polonia.travel\/es\/wp-content\/uploads\/sites\/18\/2024\/04\/parada-smokow-600x428.jpg 600w, https:\/\/www.polonia.travel\/es\/wp-content\/uploads\/sites\/18\/2024\/04\/parada-smokow-768x548.jpg 768w, https:\/\/www.polonia.travel\/es\/wp-content\/uploads\/sites\/18\/2024\/04\/parada-smokow.jpg 1434w\" sizes=\"auto, (max-width: 1200px) 100vw, 1200px\" \/><\/figure><\/div>\n\n\n<div style=\"height:100px\" aria-hidden=\"true\" class=\"wp-block-spacer is-style-spacer-small\"><\/div>\n\n\n\n<div class=\"wp-block-group is-style-container-medium\"><div class=\"wp-block-group__inner-container is-layout-constrained wp-block-group-is-layout-constrained\">\n<p>Sin embargo, ni la <strong>Plaza de Mercado<\/strong> ni la <strong>leyenda del trompetista<\/strong> con su melod\u00eda entrecortada son los \u00fanicos atractivos del extenso casco antiguo cracoviano. Bajando la <strong>Colina de Wawel<\/strong> (despu\u00e9s de una recomendada visita al castillo y la catedral hom\u00f3nimos) os encontrar\u00e9is&nbsp; en la orilla escarpada del <strong>V\u00edstula<\/strong>. En este lugar, seg\u00fan <strong>cuenta la leyenda<\/strong>, viv\u00eda un <strong>drag\u00f3n<\/strong> que amenazaba a la poblaci\u00f3n hasta que un humilde zapatero encontr\u00f3 una astuta soluci\u00f3n al problema. Por esta raz\u00f3n, tambi\u00e9n podr\u00e9is visitar la <strong>cueva<\/strong> que habita el ya vencido <strong>Drag\u00f3n de Wawel<\/strong> y descubrir porqu\u00e9 sigue escupiendo fuego de vez en cuando.<\/p>\n\n\n\n<p>Adem\u00e1s de la leyenda, el drag\u00f3n es uno de los s\u00edmbolos de la ciudad y protagonista, desde hace m\u00e1s de 20 a\u00f1os, del <strong>Desfile de Dragones<\/strong> que se celebra en primavera. La edici\u00f3n de este 2025 tendr\u00e1 lugar el fin de semana del 7 al 8 de junio. <\/p>\n\n\n\n<p><strong>Programa<\/strong><\/p>\n\n\n\n<p>s\u00e1bado, 7 de junio, tendr\u00e1 lugar el gran evento multimedia al aire libre. El lugar no puede ser otro que la ribera del V\u00edstula debajo de la Colina de Wawel: los dragones, haciendo alusi\u00f3n a la leyenda, dominar\u00e1n el r\u00edo<\/p>\n\n\n\n<p>domingo, 8 de junio, <strong>30 dragones animados por hasta mil ni\u00f1os<\/strong>, acompa\u00f1ados por el equipo del <strong>Teatro Groteska<\/strong> y <strong>bandas musicales<\/strong>, desfilar\u00e1n desde Wawel hacia la Plaza de Mercado. El drag\u00f3n m\u00e1s &#8222;bello&#8221;&nbsp; y el m\u00e1s ingenioso recibir\u00e1n sus merecidos premios. Cabe destacar que todos los dragones son el fruto de la creatividad y de la imaginaci\u00f3n de los ni\u00f1os, autores de los dragones que acuden a esta cita anual.<\/p>\n<\/div><\/div>\n\n\n\n<div style=\"height:100px\" aria-hidden=\"true\" class=\"wp-block-spacer\"><\/div>\n\n\n\n<div class=\"wp-block-group has-background\" style=\"background-color:#eeeeee\"><div class=\"wp-block-group__inner-container is-layout-constrained wp-block-group-is-layout-constrained\">\n<div style=\"height:100px\" aria-hidden=\"true\" class=\"wp-block-spacer is-style-spacer-small\"><\/div>\n\n\n\n<div class=\"wp-block-group is-style-container\"><div class=\"wp-block-group__inner-container is-layout-constrained wp-block-group-is-layout-constrained\">\n<h3 class=\"wp-block-heading\">Lee m\u00e1s art\u00edculos<\/h3>\n\n\n<div class=\"overflow\">\n  <div class=\"post-slider swiper post-slider--small\" data-schema=\"small\">\n\n    <div class=\"swiper-wrapper\">\n              <div class=\"swiper-slide post-slide\">\n                      <a href=\"https:\/\/www.polonia.travel\/es\/festivales-estrellas-y-mucho-mas-conciertos-en-2026\/\" class=\"post-box post-box--small\" style=\" background-image: url(https:\/\/www.polonia.travel\/es\/wp-content\/uploads\/sites\/18\/2024\/05\/45471132_Fotolia_Koncert_dlonie_P-600x450.jpg);\">\n          <div class=\"post-box__hover\" style=\"background-image: url(https:\/\/www.polonia.travel\/es\/wp-content\/uploads\/sites\/18\/2024\/04\/Koncert-przed-PKiN_1170-600x416.jpg);\"><\/div>\n        <div class=\"post-box__info\">\n            <div class=\"post-box__title\">Festivales, estrellas y mucho m\u00e1s: conciertos en 2026<\/div>\n      <div class=\"post-box__more\">Leer m\u00e1s<\/div>\n    <\/div>\n  <\/a>\n\n          <\/div>\n              <div class=\"swiper-slide post-slide\">\n                      <a href=\"https:\/\/www.polonia.travel\/es\/varsovia-el-destino-europeo-perfecto-para-combinar-ocio-y-negocios\/\" class=\"post-box post-box--small\" style=\" background-image: url(https:\/\/www.polonia.travel\/es\/wp-content\/uploads\/sites\/18\/2025\/09\/Warszawa_GettyImages-1050760854-2-600x408.jpg);\">\n          <div class=\"post-box__hover\" style=\"background-image: url(https:\/\/www.polonia.travel\/es\/wp-content\/uploads\/sites\/18\/2024\/08\/2024_BUY_POLAND_Warszawa_S1-600x442.jpg);\"><\/div>\n        <div class=\"post-box__info\">\n            <div class=\"post-box__title\">Varsovia: el destino europeo perfecto para combinar ocio y negocios<\/div>\n      <div class=\"post-box__more\">Leer m\u00e1s<\/div>\n    <\/div>\n  <\/a>\n\n          <\/div>\n              <div class=\"swiper-slide post-slide\">\n                      <a href=\"https:\/\/www.polonia.travel\/es\/vuelos-directos-a-polonia-verano-26\/\" class=\"post-box post-box--small\" style=\" background-image: url(https:\/\/www.polonia.travel\/es\/wp-content\/uploads\/sites\/18\/2026\/01\/GettyImages-959289774_wroclaw_ostrow_tumski-600x400.jpg);\">\n          <div class=\"post-box__hover\" style=\"background-image: url(https:\/\/www.polonia.travel\/es\/wp-content\/uploads\/sites\/18\/2024\/05\/172720969_Samolot_Adobe-1-600x462.jpg);\"><\/div>\n        <div class=\"post-box__info\">\n            <div class=\"post-box__title\">VUELOS DIRECTOS A POLONIA (VERANO 26)<\/div>\n      <div class=\"post-box__more\">Leer m\u00e1s<\/div>\n    <\/div>\n  <\/a>\n\n          <\/div>\n              <div class=\"swiper-slide post-slide\">\n                      <a href=\"https:\/\/www.polonia.travel\/es\/nuestra-cita-con-la-comunidad-viajera-en-fitur-2026\/\" class=\"post-box post-box--small\" style=\" background-image: url(https:\/\/www.polonia.travel\/es\/wp-content\/uploads\/sites\/18\/2024\/08\/wizualizacja-1-600x337.jpg);\">\n          <div class=\"post-box__hover\" style=\"background-image: url(https:\/\/www.polonia.travel\/es\/wp-content\/uploads\/sites\/18\/2026\/01\/09_26_1117_Bannery_FITUR_2026__2_kafelek-600x413.jpg);\"><\/div>\n        <div class=\"post-box__info\">\n            <div class=\"post-box__title\">Nuestra cita con la comunidad viajera en Fitur 2026<\/div>\n      <div class=\"post-box__more\">Leer m\u00e1s<\/div>\n    <\/div>\n  <\/a>\n\n          <\/div>\n              <div class=\"swiper-slide post-slide\">\n                      <a href=\"https:\/\/www.polonia.travel\/es\/la-gran-orquesta-solidaria-de-navidad\/\" class=\"post-box post-box--small\" style=\" background-image: url(https:\/\/www.polonia.travel\/es\/wp-content\/uploads\/sites\/18\/2024\/05\/Wielka-Orkiestra-Swiatecznej-Pomocy-web-8.jpg);\">\n          <div class=\"post-box__hover\" style=\"background-image: url(https:\/\/www.polonia.travel\/es\/wp-content\/uploads\/sites\/18\/2024\/04\/SERDUSZKO_WOSP_ES_podglad.jpg);\"><\/div>\n        <div class=\"post-box__info\">\n            <div class=\"post-box__title\">La Gran Orquesta Solidaria de Navidad<\/div>\n      <div class=\"post-box__more\">Leer m\u00e1s<\/div>\n    <\/div>\n  <\/a>\n\n          <\/div>\n              <div class=\"swiper-slide post-slide\">\n                      <a href=\"https:\/\/www.polonia.travel\/es\/prepara-tu-primer-viaje-a-polonia-seminario-informativo\/\" class=\"post-box post-box--small\" style=\" background-image: url(https:\/\/www.polonia.travel\/es\/wp-content\/uploads\/sites\/18\/2025\/07\/257253974_Biznes_Adobe-600x400.jpg);\">\n          <div class=\"post-box__hover\" style=\"background-image: url(https:\/\/www.polonia.travel\/es\/wp-content\/uploads\/sites\/18\/2024\/04\/DSC_5825_Warszawa_Jarmark-Bozonarodzeniowy-600x450.jpg);\"><\/div>\n        <div class=\"post-box__info\">\n            <div class=\"post-box__title\">Prepara tu viaje a Polonia: Mercados de Navidad &#8211; seminario informativo<\/div>\n      <div class=\"post-box__more\">Leer m\u00e1s<\/div>\n    <\/div>\n  <\/a>\n\n          <\/div>\n              <div class=\"swiper-slide post-slide\">\n                      <a href=\"https:\/\/www.polonia.travel\/es\/vuelos-directos-a-polonia-invierno-2025-26\/\" class=\"post-box post-box--small\" style=\" background-image: url(https:\/\/www.polonia.travel\/es\/wp-content\/uploads\/sites\/18\/2024\/04\/Wroclaw_GettyImages-845954698-600x386.jpg);\">\n          <div class=\"post-box__hover\" style=\"background-image: url(https:\/\/www.polonia.travel\/es\/wp-content\/uploads\/sites\/18\/2024\/05\/90555838_Fotolia_Samolot_HR-600x419.jpg);\"><\/div>\n        <div class=\"post-box__info\">\n            <div class=\"post-box__title\">VUELOS DIRECTOS A POLONIA (INVIERNO 2025-26)<\/div>\n      <div class=\"post-box__more\">Leer m\u00e1s<\/div>\n    <\/div>\n  <\/a>\n\n          <\/div>\n              <div class=\"swiper-slide post-slide\">\n                      <a href=\"https:\/\/www.polonia.travel\/es\/gdansk-con-buen-sabor-de-boca\/\" class=\"post-box post-box--small\" style=\" background-image: url(https:\/\/www.polonia.travel\/es\/wp-content\/uploads\/sites\/18\/2024\/04\/MIASTA_ALL-540x355-Gdansk-panorama76.jpg);\">\n          <div class=\"post-box__hover\" style=\"background-image: url(https:\/\/www.polonia.travel\/es\/wp-content\/uploads\/sites\/18\/2023\/07\/119607857_Oscypek_Gdansk-600x400.jpg);\"><\/div>\n        <div class=\"post-box__info\">\n            <div class=\"post-box__title\">Gda\u0144sk, con buen sabor de boca<\/div>\n      <div class=\"post-box__more\">Leer m\u00e1s<\/div>\n    <\/div>\n  <\/a>\n\n          <\/div>\n              <div class=\"swiper-slide post-slide\">\n                      <a href=\"https:\/\/www.polonia.travel\/es\/vuelos-directos-a-polonia-verano-25\/\" class=\"post-box post-box--small\" style=\" background-image: url(https:\/\/www.polonia.travel\/es\/wp-content\/uploads\/sites\/18\/2024\/04\/Poznan_kamieniczki-1-600x400.jpg);\">\n          <div class=\"post-box__hover\" style=\"background-image: url(https:\/\/www.polonia.travel\/es\/wp-content\/uploads\/sites\/18\/2024\/05\/172720969_Samolot_Adobe-1-600x462.jpg);\"><\/div>\n        <div class=\"post-box__info\">\n            <div class=\"post-box__title\">VUELOS DIRECTOS A POLONIA (VERANO 25)<\/div>\n      <div class=\"post-box__more\">Leer m\u00e1s<\/div>\n    <\/div>\n  <\/a>\n\n          <\/div>\n              <div class=\"swiper-slide post-slide\">\n                      <a href=\"https:\/\/www.polonia.travel\/es\/cracovia-y-su-leyenda-del-dragon\/\" class=\"post-box post-box--small\" style=\" background-image: url(https:\/\/www.polonia.travel\/es\/wp-content\/uploads\/sites\/18\/2024\/04\/parada-smokow-600x428.jpg);\">\n          <div class=\"post-box__hover\" style=\"background-image: url(https:\/\/www.polonia.travel\/es\/wp-content\/uploads\/sites\/18\/2022\/12\/krakow_smok_wawelski_1170-600x400.jpg);\"><\/div>\n        <div class=\"post-box__info\">\n            <div class=\"post-box__title\">Cracovia y su leyenda del drag\u00f3n<\/div>\n      <div class=\"post-box__more\">Leer m\u00e1s<\/div>\n    <\/div>\n  <\/a>\n\n          <\/div>\n              <div class=\"swiper-slide post-slide\">\n                      <a href=\"https:\/\/www.polonia.travel\/es\/viaje-con-sabor-a-polonia\/\" class=\"post-box post-box--small\" style=\" background-image: url(https:\/\/www.polonia.travel\/es\/wp-content\/uploads\/sites\/18\/2024\/04\/01_23_0685_MICHELIN_Krakow_1200x1200-600x600.jpg);\">\n          <div class=\"post-box__hover\" style=\"background-image: url(https:\/\/www.polonia.travel\/es\/wp-content\/uploads\/sites\/18\/2024\/04\/obw20540x405mt181105_KRK_ECGC_0067.jpg);\"><\/div>\n        <div class=\"post-box__info\">\n            <div class=\"post-box__title\">Viaje con sabor a Polonia<\/div>\n      <div class=\"post-box__more\">Leer m\u00e1s<\/div>\n    <\/div>\n  <\/a>\n\n          <\/div>\n              <div class=\"swiper-slide post-slide\">\n                      <a href=\"https:\/\/www.polonia.travel\/es\/dias-festivos-en-polonia-2\/\" class=\"post-box post-box--small\" style=\" background-image: url(https:\/\/www.polonia.travel\/es\/wp-content\/uploads\/sites\/18\/2023\/07\/warszawa_la_playa_2170-600x400.jpg);\">\n          <div class=\"post-box__hover\" style=\"background-image: url(https:\/\/www.polonia.travel\/es\/wp-content\/uploads\/sites\/18\/2023\/07\/warszawa_lazienki_krolewskie_koncert_chopinowski_1170-600x400.jpg);\"><\/div>\n        <div class=\"post-box__info\">\n            <div class=\"post-box__title\">D\u00edas festivos en Polonia (2)<\/div>\n      <div class=\"post-box__more\">Leer m\u00e1s<\/div>\n    <\/div>\n  <\/a>\n\n          <\/div>\n          <\/div>\n    <div class=\"post-slider__pagination\"><\/div>\n  <\/div>\n<\/div>\n<\/div><\/div>\n\n\n\n<div style=\"height:100px\" aria-hidden=\"true\" class=\"wp-block-spacer is-style-spacer-small\"><\/div>\n\n\n\n<p>a<\/p>\n<\/div><\/div>\n","protected":false},"excerpt":{"rendered":"<p>Cracovia y su leyenda del drag\u00f3n Rynek G\u0142\u00f3wny&nbsp; (as\u00ed se llama la principal plaza de mercado de Cracovia) es el punto de encuentro tanto para los locales como para los turistas. No os lo pod\u00e9is perder, sobre todo a cada hora punta cuando desde la torre de la Iglesia de Santa Mar\u00eda escuchar\u00e9is, en directo, [&hellip;]<\/p>\n","protected":false},"author":1,"featured_media":18002,"comment_status":"open","ping_status":"open","sticky":false,"template":"","format":"standard","meta":{"_acf_changed":false,"footnotes":""},"categories":[1052,1053,1051],"class_list":["post-31297","post","type-post","status-publish","format-standard","has-post-thumbnail","hentry","category-noticias","category-inspirations","category-inspiraciones-de-viaje"],"acf":[],"yoast_head":"<!-- This site is optimized with the Yoast SEO plugin v27.4 - https:\/\/yoast.com\/product\/yoast-seo-wordpress\/ -->\n<title>Cracovia y su leyenda del drag\u00f3n - Polonia Travel (ES)<\/title>\n<meta name=\"robots\" content=\"index, follow, max-snippet:-1, max-image-preview:large, max-video-preview:-1\" \/>\n<link rel=\"canonical\" href=\"https:\/\/www.polonia.travel\/es\/cracovia-y-su-leyenda-del-dragon\/\" \/>\n<meta property=\"og:locale\" content=\"pl_PL\" \/>\n<meta property=\"og:type\" content=\"article\" \/>\n<meta property=\"og:title\" content=\"Cracovia y su leyenda del drag\u00f3n - Polonia Travel (ES)\" \/>\n<meta property=\"og:description\" content=\"Cracovia y su leyenda del drag\u00f3n Rynek G\u0142\u00f3wny&nbsp; (as\u00ed se llama la principal plaza de mercado de Cracovia) es el punto de encuentro tanto para los locales como para los turistas. No os lo pod\u00e9is perder, sobre todo a cada hora punta cuando desde la torre de la Iglesia de Santa Mar\u00eda escuchar\u00e9is, en directo, [&hellip;]\" \/>\n<meta property=\"og:url\" content=\"https:\/\/www.polonia.travel\/es\/cracovia-y-su-leyenda-del-dragon\/\" \/>\n<meta property=\"og:site_name\" content=\"Polonia Travel (ES)\" \/>\n<meta property=\"article:published_time\" content=\"2024-05-21T10:59:31+00:00\" \/>\n<meta property=\"article:modified_time\" content=\"2025-07-30T11:42:14+00:00\" \/>\n<meta property=\"og:image\" content=\"https:\/\/www.polonia.travel\/es\/wp-content\/uploads\/sites\/18\/2023\/01\/krakow_wawel_wiosna_magnilia_1920-1200x799.jpg\" \/>\n\t<meta property=\"og:image:width\" content=\"1200\" \/>\n\t<meta property=\"og:image:height\" content=\"799\" \/>\n\t<meta property=\"og:image:type\" content=\"image\/jpeg\" \/>\n<meta name=\"twitter:card\" content=\"summary_large_image\" \/>\n<meta name=\"twitter:label1\" content=\"Napisane przez\" \/>\n\t<meta name=\"twitter:data1\" content=\"\" \/>\n\t<meta name=\"twitter:label2\" content=\"Szacowany czas czytania\" \/>\n\t<meta name=\"twitter:data2\" content=\"1 minuta\" \/>\n<script type=\"application\/ld+json\" class=\"yoast-schema-graph\">{\"@context\":\"https:\\\/\\\/schema.org\",\"@graph\":[{\"@type\":\"Article\",\"@id\":\"https:\\\/\\\/www.polonia.travel\\\/es\\\/cracovia-y-su-leyenda-del-dragon\\\/#article\",\"isPartOf\":{\"@id\":\"https:\\\/\\\/www.polonia.travel\\\/es\\\/cracovia-y-su-leyenda-del-dragon\\\/\"},\"author\":{\"name\":\"\",\"@id\":\"\"},\"headline\":\"Cracovia y su leyenda del drag\u00f3n\",\"datePublished\":\"2024-05-21T10:59:31+00:00\",\"dateModified\":\"2025-07-30T11:42:14+00:00\",\"mainEntityOfPage\":{\"@id\":\"https:\\\/\\\/www.polonia.travel\\\/es\\\/cracovia-y-su-leyenda-del-dragon\\\/\"},\"wordCount\":378,\"commentCount\":0,\"publisher\":{\"@id\":\"https:\\\/\\\/www.polonia.travel\\\/es\\\/#organization\"},\"image\":{\"@id\":\"https:\\\/\\\/www.polonia.travel\\\/es\\\/cracovia-y-su-leyenda-del-dragon\\\/#primaryimage\"},\"thumbnailUrl\":\"https:\\\/\\\/www.polonia.travel\\\/es\\\/wp-content\\\/uploads\\\/sites\\\/18\\\/2023\\\/01\\\/krakow_wawel_wiosna_magnilia_1920.jpg\",\"keywords\":[\"es\",\"ciudades\"],\"articleSection\":[\"Noticias\",\"Ideas y propuestas\",\"Inspiraciones de viaje\"],\"inLanguage\":\"pl-PL\"},{\"@type\":\"WebPage\",\"@id\":\"https:\\\/\\\/www.polonia.travel\\\/es\\\/cracovia-y-su-leyenda-del-dragon\\\/\",\"url\":\"https:\\\/\\\/www.polonia.travel\\\/es\\\/cracovia-y-su-leyenda-del-dragon\\\/\",\"name\":\"Cracovia y su leyenda del drag\u00f3n - Polonia Travel (ES)\",\"isPartOf\":{\"@id\":\"https:\\\/\\\/www.polonia.travel\\\/es\\\/#website\"},\"primaryImageOfPage\":{\"@id\":\"https:\\\/\\\/www.polonia.travel\\\/es\\\/cracovia-y-su-leyenda-del-dragon\\\/#primaryimage\"},\"image\":{\"@id\":\"https:\\\/\\\/www.polonia.travel\\\/es\\\/cracovia-y-su-leyenda-del-dragon\\\/#primaryimage\"},\"thumbnailUrl\":\"https:\\\/\\\/www.polonia.travel\\\/es\\\/wp-content\\\/uploads\\\/sites\\\/18\\\/2023\\\/01\\\/krakow_wawel_wiosna_magnilia_1920.jpg\",\"datePublished\":\"2024-05-21T10:59:31+00:00\",\"dateModified\":\"2025-07-30T11:42:14+00:00\",\"breadcrumb\":{\"@id\":\"https:\\\/\\\/www.polonia.travel\\\/es\\\/cracovia-y-su-leyenda-del-dragon\\\/#breadcrumb\"},\"inLanguage\":\"pl-PL\",\"potentialAction\":[{\"@type\":\"ReadAction\",\"target\":[\"https:\\\/\\\/www.polonia.travel\\\/es\\\/cracovia-y-su-leyenda-del-dragon\\\/\"]}]},{\"@type\":\"ImageObject\",\"inLanguage\":\"pl-PL\",\"@id\":\"https:\\\/\\\/www.polonia.travel\\\/es\\\/cracovia-y-su-leyenda-del-dragon\\\/#primaryimage\",\"url\":\"https:\\\/\\\/www.polonia.travel\\\/es\\\/wp-content\\\/uploads\\\/sites\\\/18\\\/2023\\\/01\\\/krakow_wawel_wiosna_magnilia_1920.jpg\",\"contentUrl\":\"https:\\\/\\\/www.polonia.travel\\\/es\\\/wp-content\\\/uploads\\\/sites\\\/18\\\/2023\\\/01\\\/krakow_wawel_wiosna_magnilia_1920.jpg\",\"width\":1920,\"height\":1278,\"caption\":\"Zamek Kr\u00f3lewski na Wawelu w Krakowie\"},{\"@type\":\"BreadcrumbList\",\"@id\":\"https:\\\/\\\/www.polonia.travel\\\/es\\\/cracovia-y-su-leyenda-del-dragon\\\/#breadcrumb\",\"itemListElement\":[{\"@type\":\"ListItem\",\"position\":1,\"name\":\"Home page\",\"item\":\"https:\\\/\\\/www.polonia.travel\\\/es\\\/\"},{\"@type\":\"ListItem\",\"position\":2,\"name\":\"Inspiraciones de viaje\",\"item\":\"https:\\\/\\\/www.polonia.travel\\\/es\\\/category\\\/inspiraciones-de-viaje\\\/\"},{\"@type\":\"ListItem\",\"position\":3,\"name\":\"Cracovia y su leyenda del drag\u00f3n\"}]},{\"@type\":\"WebSite\",\"@id\":\"https:\\\/\\\/www.polonia.travel\\\/es\\\/#website\",\"url\":\"https:\\\/\\\/www.polonia.travel\\\/es\\\/\",\"name\":\"Polonia Travel (ES)\",\"description\":\"...\",\"publisher\":{\"@id\":\"https:\\\/\\\/www.polonia.travel\\\/es\\\/#organization\"},\"potentialAction\":[{\"@type\":\"SearchAction\",\"target\":{\"@type\":\"EntryPoint\",\"urlTemplate\":\"https:\\\/\\\/www.polonia.travel\\\/es\\\/?s={search_term_string}\"},\"query-input\":{\"@type\":\"PropertyValueSpecification\",\"valueRequired\":true,\"valueName\":\"search_term_string\"}}],\"inLanguage\":\"pl-PL\"},{\"@type\":\"Organization\",\"@id\":\"https:\\\/\\\/www.polonia.travel\\\/es\\\/#organization\",\"name\":\"Polonia Travel (ES)\",\"url\":\"https:\\\/\\\/www.polonia.travel\\\/es\\\/\",\"logo\":{\"@type\":\"ImageObject\",\"inLanguage\":\"pl-PL\",\"@id\":\"https:\\\/\\\/www.polonia.travel\\\/es\\\/#\\\/schema\\\/logo\\\/image\\\/\",\"url\":\"\",\"contentUrl\":\"\",\"caption\":\"Polonia Travel (ES)\"},\"image\":{\"@id\":\"https:\\\/\\\/www.polonia.travel\\\/es\\\/#\\\/schema\\\/logo\\\/image\\\/\"}},{\"@type\":\"Person\",\"@id\":\"\"}]}<\/script>\n<!-- \/ Yoast SEO plugin. -->","yoast_head_json":{"title":"Cracovia y su leyenda del drag\u00f3n - Polonia Travel (ES)","robots":{"index":"index","follow":"follow","max-snippet":"max-snippet:-1","max-image-preview":"max-image-preview:large","max-video-preview":"max-video-preview:-1"},"canonical":"https:\/\/www.polonia.travel\/es\/cracovia-y-su-leyenda-del-dragon\/","og_locale":"pl_PL","og_type":"article","og_title":"Cracovia y su leyenda del drag\u00f3n - Polonia Travel (ES)","og_description":"Cracovia y su leyenda del drag\u00f3n Rynek G\u0142\u00f3wny&nbsp; (as\u00ed se llama la principal plaza de mercado de Cracovia) es el punto de encuentro tanto para los locales como para los turistas. No os lo pod\u00e9is perder, sobre todo a cada hora punta cuando desde la torre de la Iglesia de Santa Mar\u00eda escuchar\u00e9is, en directo, [&hellip;]","og_url":"https:\/\/www.polonia.travel\/es\/cracovia-y-su-leyenda-del-dragon\/","og_site_name":"Polonia Travel (ES)","article_published_time":"2024-05-21T10:59:31+00:00","article_modified_time":"2025-07-30T11:42:14+00:00","og_image":[{"width":1200,"height":799,"url":"https:\/\/www.polonia.travel\/es\/wp-content\/uploads\/sites\/18\/2023\/01\/krakow_wawel_wiosna_magnilia_1920-1200x799.jpg","type":"image\/jpeg"}],"twitter_card":"summary_large_image","twitter_misc":{"Napisane przez":"","Szacowany czas czytania":"1 minuta"},"schema":{"@context":"https:\/\/schema.org","@graph":[{"@type":"Article","@id":"https:\/\/www.polonia.travel\/es\/cracovia-y-su-leyenda-del-dragon\/#article","isPartOf":{"@id":"https:\/\/www.polonia.travel\/es\/cracovia-y-su-leyenda-del-dragon\/"},"author":{"name":"","@id":""},"headline":"Cracovia y su leyenda del drag\u00f3n","datePublished":"2024-05-21T10:59:31+00:00","dateModified":"2025-07-30T11:42:14+00:00","mainEntityOfPage":{"@id":"https:\/\/www.polonia.travel\/es\/cracovia-y-su-leyenda-del-dragon\/"},"wordCount":378,"commentCount":0,"publisher":{"@id":"https:\/\/www.polonia.travel\/es\/#organization"},"image":{"@id":"https:\/\/www.polonia.travel\/es\/cracovia-y-su-leyenda-del-dragon\/#primaryimage"},"thumbnailUrl":"https:\/\/www.polonia.travel\/es\/wp-content\/uploads\/sites\/18\/2023\/01\/krakow_wawel_wiosna_magnilia_1920.jpg","keywords":["es","ciudades"],"articleSection":["Noticias","Ideas y propuestas","Inspiraciones de viaje"],"inLanguage":"pl-PL"},{"@type":"WebPage","@id":"https:\/\/www.polonia.travel\/es\/cracovia-y-su-leyenda-del-dragon\/","url":"https:\/\/www.polonia.travel\/es\/cracovia-y-su-leyenda-del-dragon\/","name":"Cracovia y su leyenda del drag\u00f3n - Polonia Travel (ES)","isPartOf":{"@id":"https:\/\/www.polonia.travel\/es\/#website"},"primaryImageOfPage":{"@id":"https:\/\/www.polonia.travel\/es\/cracovia-y-su-leyenda-del-dragon\/#primaryimage"},"image":{"@id":"https:\/\/www.polonia.travel\/es\/cracovia-y-su-leyenda-del-dragon\/#primaryimage"},"thumbnailUrl":"https:\/\/www.polonia.travel\/es\/wp-content\/uploads\/sites\/18\/2023\/01\/krakow_wawel_wiosna_magnilia_1920.jpg","datePublished":"2024-05-21T10:59:31+00:00","dateModified":"2025-07-30T11:42:14+00:00","breadcrumb":{"@id":"https:\/\/www.polonia.travel\/es\/cracovia-y-su-leyenda-del-dragon\/#breadcrumb"},"inLanguage":"pl-PL","potentialAction":[{"@type":"ReadAction","target":["https:\/\/www.polonia.travel\/es\/cracovia-y-su-leyenda-del-dragon\/"]}]},{"@type":"ImageObject","inLanguage":"pl-PL","@id":"https:\/\/www.polonia.travel\/es\/cracovia-y-su-leyenda-del-dragon\/#primaryimage","url":"https:\/\/www.polonia.travel\/es\/wp-content\/uploads\/sites\/18\/2023\/01\/krakow_wawel_wiosna_magnilia_1920.jpg","contentUrl":"https:\/\/www.polonia.travel\/es\/wp-content\/uploads\/sites\/18\/2023\/01\/krakow_wawel_wiosna_magnilia_1920.jpg","width":1920,"height":1278,"caption":"Zamek Kr\u00f3lewski na Wawelu w Krakowie"},{"@type":"BreadcrumbList","@id":"https:\/\/www.polonia.travel\/es\/cracovia-y-su-leyenda-del-dragon\/#breadcrumb","itemListElement":[{"@type":"ListItem","position":1,"name":"Home page","item":"https:\/\/www.polonia.travel\/es\/"},{"@type":"ListItem","position":2,"name":"Inspiraciones de viaje","item":"https:\/\/www.polonia.travel\/es\/category\/inspiraciones-de-viaje\/"},{"@type":"ListItem","position":3,"name":"Cracovia y su leyenda del drag\u00f3n"}]},{"@type":"WebSite","@id":"https:\/\/www.polonia.travel\/es\/#website","url":"https:\/\/www.polonia.travel\/es\/","name":"Polonia Travel (ES)","description":"...","publisher":{"@id":"https:\/\/www.polonia.travel\/es\/#organization"},"potentialAction":[{"@type":"SearchAction","target":{"@type":"EntryPoint","urlTemplate":"https:\/\/www.polonia.travel\/es\/?s={search_term_string}"},"query-input":{"@type":"PropertyValueSpecification","valueRequired":true,"valueName":"search_term_string"}}],"inLanguage":"pl-PL"},{"@type":"Organization","@id":"https:\/\/www.polonia.travel\/es\/#organization","name":"Polonia Travel (ES)","url":"https:\/\/www.polonia.travel\/es\/","logo":{"@type":"ImageObject","inLanguage":"pl-PL","@id":"https:\/\/www.polonia.travel\/es\/#\/schema\/logo\/image\/","url":"","contentUrl":"","caption":"Polonia Travel (ES)"},"image":{"@id":"https:\/\/www.polonia.travel\/es\/#\/schema\/logo\/image\/"}},{"@type":"Person","@id":""}]}},"_links":{"self":[{"href":"https:\/\/www.polonia.travel\/es\/wp-json\/wp\/v2\/posts\/31297","targetHints":{"allow":["GET"]}}],"collection":[{"href":"https:\/\/www.polonia.travel\/es\/wp-json\/wp\/v2\/posts"}],"about":[{"href":"https:\/\/www.polonia.travel\/es\/wp-json\/wp\/v2\/types\/post"}],"author":[{"embeddable":true,"href":"https:\/\/www.polonia.travel\/es\/wp-json\/wp\/v2\/users\/1"}],"replies":[{"embeddable":true,"href":"https:\/\/www.polonia.travel\/es\/wp-json\/wp\/v2\/comments?post=31297"}],"version-history":[{"count":8,"href":"https:\/\/www.polonia.travel\/es\/wp-json\/wp\/v2\/posts\/31297\/revisions"}],"predecessor-version":[{"id":37954,"href":"https:\/\/www.polonia.travel\/es\/wp-json\/wp\/v2\/posts\/31297\/revisions\/37954"}],"wp:featuredmedia":[{"embeddable":true,"href":"https:\/\/www.polonia.travel\/es\/wp-json\/wp\/v2\/media\/18002"}],"wp:attachment":[{"href":"https:\/\/www.polonia.travel\/es\/wp-json\/wp\/v2\/media?parent=31297"}],"wp:term":[{"taxonomy":"category","embeddable":true,"href":"https:\/\/www.polonia.travel\/es\/wp-json\/wp\/v2\/categories?post=31297"}],"curies":[{"name":"wp","href":"https:\/\/api.w.org\/{rel}","templated":true}]}}