{"id":31268,"date":"2025-05-05T16:37:26","date_gmt":"2025-05-05T14:37:26","guid":{"rendered":"https:\/\/wp-es.poland.travel\/?p=31268"},"modified":"2025-05-05T16:49:29","modified_gmt":"2025-05-05T14:49:29","slug":"westerplatte-un-simbolo-para-recordar","status":"publish","type":"post","link":"https:\/\/www.polonia.travel\/es\/westerplatte-un-simbolo-para-recordar\/","title":{"rendered":"Westerplatte, un s\u00edmbolo para recordar"},"content":{"rendered":"\n<div class=\"wp-block-group is-style-container-medium\"><div class=\"wp-block-group__inner-container is-layout-constrained wp-block-group-is-layout-constrained\">\n<h2 class=\"wp-block-heading\">Westerplatte, un s\u00edmbolo para recordar<\/h2>\n<\/div><\/div>\n\n\n\n<div style=\"height:100px\" aria-hidden=\"true\" class=\"wp-block-spacer is-style-spacer-medium\"><\/div>\n\n\n\n<div class=\"wp-block-group is-style-container-medium\"><div class=\"wp-block-group__inner-container is-layout-constrained wp-block-group-is-layout-constrained\">\n<p><strong>Westerplatte<\/strong> es una peque\u00f1a isla en la zona de Gda\u0144sk con gran importancia hist\u00f3rica: all\u00ed empez\u00f3 la primera batalla de la Segunda Guerra Mundial. &nbsp;<\/p>\n\n\n\n<p>A las 4:45 de la ma\u00f1ana del 1 septiembre de 1939, la nave militar alemana \u201c<strong><em>Schleswig-Holstein<\/em><\/strong>\u201d empez\u00f3 el bombardeo de la guarnici\u00f3n polaca en \u00a0Westerplatte. \u00a0Las tropas nazi \u00a0esperaban que Westerplatte se rindiera en unas horas, \u00a0pero los polacos lograron defenderse durante\u00a0 siete d\u00edas hasta que, debido a falta de munici\u00f3n, se vieron obligados a rendir.<\/p>\n\n\n\n<p>&nbsp;Ahora <strong>la isla de Westerplatte<\/strong> forma parte del <a href=\"https:\/\/muzeum1939.pl\/en\/FOR-VISITORS\">Museo de la Segunda Guerra Mundial<\/a>.<\/p>\n<\/div><\/div>\n\n\n\n<div style=\"height:100px\" aria-hidden=\"true\" class=\"wp-block-spacer is-style-spacer-small\"><\/div>\n\n\n\n<div class=\"wp-block-group is-style-container-medium\"><div class=\"wp-block-group__inner-container is-layout-constrained wp-block-group-is-layout-constrained\">\n<p><strong>\u00bfC\u00f3mo llegar?<\/strong><\/p>\n\n\n\n<div class=\"wp-block-group\"><div class=\"wp-block-group__inner-container is-layout-constrained wp-block-group-is-layout-constrained\">\n<p>Desde Gda\u0144sk se puede acceder en transporte p\u00fablico (autobuses 106, 138 y 606, desde &nbsp;la estaci\u00f3n principal <strong><em>Dworzec G\u0142\u00f3wny<\/em><\/strong>). El viaje dura unos &nbsp;30 minutos.<\/p>\n\n\n\n<p>La manera m\u00e1s original es llegar en barco, l\u00ednea F5, que sale de la parada <strong><em>\u017babi Kruk<\/em><\/strong>. &nbsp;<a href=\"https:\/\/www.ztm.gda.pl\/hmvc\/\">Consulta de horarios<\/a><\/p>\n<\/div><\/div>\n<\/div><\/div>\n\n\n<div class=\"wp-block-image\">\n<figure class=\"aligncenter size-large\"><img loading=\"lazy\" decoding=\"async\" width=\"1200\" height=\"674\" src=\"https:\/\/www.polonia.travel\/es\/wp-content\/uploads\/sites\/18\/2023\/03\/Westerplatte_Adobe-xl-1200x674.jpg\" alt=\"\" class=\"wp-image-22029\" srcset=\"https:\/\/www.polonia.travel\/es\/wp-content\/uploads\/sites\/18\/2023\/03\/Westerplatte_Adobe-xl-1200x674.jpg 1200w, https:\/\/www.polonia.travel\/es\/wp-content\/uploads\/sites\/18\/2023\/03\/Westerplatte_Adobe-xl-600x337.jpg 600w, https:\/\/www.polonia.travel\/es\/wp-content\/uploads\/sites\/18\/2023\/03\/Westerplatte_Adobe-xl-768x431.jpg 768w, https:\/\/www.polonia.travel\/es\/wp-content\/uploads\/sites\/18\/2023\/03\/Westerplatte_Adobe-xl.jpg 1224w\" sizes=\"auto, (max-width: 1200px) 100vw, 1200px\" \/><\/figure><\/div>\n\n\n<div style=\"height:100px\" aria-hidden=\"true\" class=\"wp-block-spacer is-style-spacer-medium\"><\/div>\n\n\n\n<div class=\"attachmentsContainer\">\n<div id=\"attachmentsList_com_content_default_25823\" class=\"attachmentsList\">&nbsp;<\/div>\n<\/div>\n","protected":false},"excerpt":{"rendered":"<p>Westerplatte, un s\u00edmbolo para recordar Westerplatte es una peque\u00f1a isla en la zona de Gda\u0144sk con gran importancia hist\u00f3rica: all\u00ed empez\u00f3 la primera batalla de la Segunda Guerra Mundial. &nbsp; A las 4:45 de la ma\u00f1ana del 1 septiembre de 1939, la nave militar alemana \u201cSchleswig-Holstein\u201d empez\u00f3 el bombardeo de la guarnici\u00f3n polaca en \u00a0Westerplatte. [&hellip;]<\/p>\n","protected":false},"author":1,"featured_media":0,"comment_status":"open","ping_status":"open","sticky":false,"template":"","format":"standard","meta":{"_acf_changed":false,"footnotes":""},"categories":[1],"class_list":["post-31268","post","type-post","status-publish","format-standard","hentry","category-archiwum"],"acf":[],"yoast_head":"<!-- This site is optimized with the Yoast SEO plugin v27.4 - https:\/\/yoast.com\/product\/yoast-seo-wordpress\/ -->\n<title>Westerplatte, un s\u00edmbolo para recordar - Polonia Travel (ES)<\/title>\n<meta name=\"robots\" content=\"index, follow, max-snippet:-1, max-image-preview:large, max-video-preview:-1\" \/>\n<link rel=\"canonical\" href=\"https:\/\/www.polonia.travel\/es\/westerplatte-un-simbolo-para-recordar\/\" \/>\n<meta property=\"og:locale\" content=\"pl_PL\" \/>\n<meta property=\"og:type\" content=\"article\" \/>\n<meta property=\"og:title\" content=\"Westerplatte, un s\u00edmbolo para recordar - Polonia Travel (ES)\" \/>\n<meta property=\"og:description\" content=\"Westerplatte, un s\u00edmbolo para recordar Westerplatte es una peque\u00f1a isla en la zona de Gda\u0144sk con gran importancia hist\u00f3rica: all\u00ed empez\u00f3 la primera batalla de la Segunda Guerra Mundial. &nbsp; A las 4:45 de la ma\u00f1ana del 1 septiembre de 1939, la nave militar alemana \u201cSchleswig-Holstein\u201d empez\u00f3 el bombardeo de la guarnici\u00f3n polaca en \u00a0Westerplatte. [&hellip;]\" \/>\n<meta property=\"og:url\" content=\"https:\/\/www.polonia.travel\/es\/westerplatte-un-simbolo-para-recordar\/\" \/>\n<meta property=\"og:site_name\" content=\"Polonia Travel (ES)\" \/>\n<meta property=\"article:published_time\" content=\"2025-05-05T14:37:26+00:00\" \/>\n<meta property=\"article:modified_time\" content=\"2025-05-05T14:49:29+00:00\" \/>\n<meta property=\"og:image\" content=\"https:\/\/www.polonia.travel\/es\/wp-content\/uploads\/sites\/18\/2023\/03\/Westerplatte_Adobe-xl.jpg\" \/>\n\t<meta property=\"og:image:width\" content=\"1224\" \/>\n\t<meta property=\"og:image:height\" content=\"687\" \/>\n\t<meta property=\"og:image:type\" content=\"image\/jpeg\" \/>\n<meta name=\"twitter:card\" content=\"summary_large_image\" \/>\n<meta name=\"twitter:label1\" content=\"Napisane przez\" \/>\n\t<meta name=\"twitter:data1\" content=\"\" \/>\n\t<meta name=\"twitter:label2\" content=\"Szacowany czas czytania\" \/>\n\t<meta name=\"twitter:data2\" content=\"2 minuty\" \/>\n<script type=\"application\/ld+json\" class=\"yoast-schema-graph\">{\"@context\":\"https:\\\/\\\/schema.org\",\"@graph\":[{\"@type\":\"Article\",\"@id\":\"https:\\\/\\\/www.polonia.travel\\\/es\\\/westerplatte-un-simbolo-para-recordar\\\/#article\",\"isPartOf\":{\"@id\":\"https:\\\/\\\/www.polonia.travel\\\/es\\\/westerplatte-un-simbolo-para-recordar\\\/\"},\"author\":{\"name\":\"\",\"@id\":\"\"},\"headline\":\"Westerplatte, un s\u00edmbolo para recordar\",\"datePublished\":\"2025-05-05T14:37:26+00:00\",\"dateModified\":\"2025-05-05T14:49:29+00:00\",\"mainEntityOfPage\":{\"@id\":\"https:\\\/\\\/www.polonia.travel\\\/es\\\/westerplatte-un-simbolo-para-recordar\\\/\"},\"wordCount\":166,\"commentCount\":0,\"publisher\":{\"@id\":\"https:\\\/\\\/www.polonia.travel\\\/es\\\/#organization\"},\"image\":{\"@id\":\"https:\\\/\\\/www.polonia.travel\\\/es\\\/westerplatte-un-simbolo-para-recordar\\\/#primaryimage\"},\"thumbnailUrl\":\"https:\\\/\\\/www.polonia.travel\\\/es\\\/wp-content\\\/uploads\\\/sites\\\/18\\\/2023\\\/03\\\/Westerplatte_Adobe-xl-1200x674.jpg\",\"keywords\":[\"es\",\"ciudades\"],\"articleSection\":[\"Archiwum\"],\"inLanguage\":\"pl-PL\"},{\"@type\":\"WebPage\",\"@id\":\"https:\\\/\\\/www.polonia.travel\\\/es\\\/westerplatte-un-simbolo-para-recordar\\\/\",\"url\":\"https:\\\/\\\/www.polonia.travel\\\/es\\\/westerplatte-un-simbolo-para-recordar\\\/\",\"name\":\"Westerplatte, un s\u00edmbolo para recordar - Polonia Travel (ES)\",\"isPartOf\":{\"@id\":\"https:\\\/\\\/www.polonia.travel\\\/es\\\/#website\"},\"primaryImageOfPage\":{\"@id\":\"https:\\\/\\\/www.polonia.travel\\\/es\\\/westerplatte-un-simbolo-para-recordar\\\/#primaryimage\"},\"image\":{\"@id\":\"https:\\\/\\\/www.polonia.travel\\\/es\\\/westerplatte-un-simbolo-para-recordar\\\/#primaryimage\"},\"thumbnailUrl\":\"https:\\\/\\\/www.polonia.travel\\\/es\\\/wp-content\\\/uploads\\\/sites\\\/18\\\/2023\\\/03\\\/Westerplatte_Adobe-xl-1200x674.jpg\",\"datePublished\":\"2025-05-05T14:37:26+00:00\",\"dateModified\":\"2025-05-05T14:49:29+00:00\",\"breadcrumb\":{\"@id\":\"https:\\\/\\\/www.polonia.travel\\\/es\\\/westerplatte-un-simbolo-para-recordar\\\/#breadcrumb\"},\"inLanguage\":\"pl-PL\",\"potentialAction\":[{\"@type\":\"ReadAction\",\"target\":[\"https:\\\/\\\/www.polonia.travel\\\/es\\\/westerplatte-un-simbolo-para-recordar\\\/\"]}]},{\"@type\":\"ImageObject\",\"inLanguage\":\"pl-PL\",\"@id\":\"https:\\\/\\\/www.polonia.travel\\\/es\\\/westerplatte-un-simbolo-para-recordar\\\/#primaryimage\",\"url\":\"https:\\\/\\\/www.polonia.travel\\\/es\\\/wp-content\\\/uploads\\\/sites\\\/18\\\/2023\\\/03\\\/Westerplatte_Adobe-xl.jpg\",\"contentUrl\":\"https:\\\/\\\/www.polonia.travel\\\/es\\\/wp-content\\\/uploads\\\/sites\\\/18\\\/2023\\\/03\\\/Westerplatte_Adobe-xl.jpg\",\"width\":1224,\"height\":687},{\"@type\":\"BreadcrumbList\",\"@id\":\"https:\\\/\\\/www.polonia.travel\\\/es\\\/westerplatte-un-simbolo-para-recordar\\\/#breadcrumb\",\"itemListElement\":[{\"@type\":\"ListItem\",\"position\":1,\"name\":\"Home page\",\"item\":\"https:\\\/\\\/www.polonia.travel\\\/es\\\/\"},{\"@type\":\"ListItem\",\"position\":2,\"name\":\"Archiwum\",\"item\":\"https:\\\/\\\/www.polonia.travel\\\/es\\\/category\\\/archiwum\\\/\"},{\"@type\":\"ListItem\",\"position\":3,\"name\":\"Westerplatte, un s\u00edmbolo para recordar\"}]},{\"@type\":\"WebSite\",\"@id\":\"https:\\\/\\\/www.polonia.travel\\\/es\\\/#website\",\"url\":\"https:\\\/\\\/www.polonia.travel\\\/es\\\/\",\"name\":\"Polonia Travel (ES)\",\"description\":\"...\",\"publisher\":{\"@id\":\"https:\\\/\\\/www.polonia.travel\\\/es\\\/#organization\"},\"potentialAction\":[{\"@type\":\"SearchAction\",\"target\":{\"@type\":\"EntryPoint\",\"urlTemplate\":\"https:\\\/\\\/www.polonia.travel\\\/es\\\/?s={search_term_string}\"},\"query-input\":{\"@type\":\"PropertyValueSpecification\",\"valueRequired\":true,\"valueName\":\"search_term_string\"}}],\"inLanguage\":\"pl-PL\"},{\"@type\":\"Organization\",\"@id\":\"https:\\\/\\\/www.polonia.travel\\\/es\\\/#organization\",\"name\":\"Polonia Travel (ES)\",\"url\":\"https:\\\/\\\/www.polonia.travel\\\/es\\\/\",\"logo\":{\"@type\":\"ImageObject\",\"inLanguage\":\"pl-PL\",\"@id\":\"https:\\\/\\\/www.polonia.travel\\\/es\\\/#\\\/schema\\\/logo\\\/image\\\/\",\"url\":\"\",\"contentUrl\":\"\",\"caption\":\"Polonia Travel (ES)\"},\"image\":{\"@id\":\"https:\\\/\\\/www.polonia.travel\\\/es\\\/#\\\/schema\\\/logo\\\/image\\\/\"}},{\"@type\":\"Person\",\"@id\":\"\"}]}<\/script>\n<!-- \/ Yoast SEO plugin. -->","yoast_head_json":{"title":"Westerplatte, un s\u00edmbolo para recordar - Polonia Travel (ES)","robots":{"index":"index","follow":"follow","max-snippet":"max-snippet:-1","max-image-preview":"max-image-preview:large","max-video-preview":"max-video-preview:-1"},"canonical":"https:\/\/www.polonia.travel\/es\/westerplatte-un-simbolo-para-recordar\/","og_locale":"pl_PL","og_type":"article","og_title":"Westerplatte, un s\u00edmbolo para recordar - Polonia Travel (ES)","og_description":"Westerplatte, un s\u00edmbolo para recordar Westerplatte es una peque\u00f1a isla en la zona de Gda\u0144sk con gran importancia hist\u00f3rica: all\u00ed empez\u00f3 la primera batalla de la Segunda Guerra Mundial. &nbsp; A las 4:45 de la ma\u00f1ana del 1 septiembre de 1939, la nave militar alemana \u201cSchleswig-Holstein\u201d empez\u00f3 el bombardeo de la guarnici\u00f3n polaca en \u00a0Westerplatte. [&hellip;]","og_url":"https:\/\/www.polonia.travel\/es\/westerplatte-un-simbolo-para-recordar\/","og_site_name":"Polonia Travel (ES)","article_published_time":"2025-05-05T14:37:26+00:00","article_modified_time":"2025-05-05T14:49:29+00:00","og_image":[{"width":1224,"height":687,"url":"https:\/\/www.polonia.travel\/es\/wp-content\/uploads\/sites\/18\/2023\/03\/Westerplatte_Adobe-xl.jpg","type":"image\/jpeg"}],"twitter_card":"summary_large_image","twitter_misc":{"Napisane przez":"","Szacowany czas czytania":"2 minuty"},"schema":{"@context":"https:\/\/schema.org","@graph":[{"@type":"Article","@id":"https:\/\/www.polonia.travel\/es\/westerplatte-un-simbolo-para-recordar\/#article","isPartOf":{"@id":"https:\/\/www.polonia.travel\/es\/westerplatte-un-simbolo-para-recordar\/"},"author":{"name":"","@id":""},"headline":"Westerplatte, un s\u00edmbolo para recordar","datePublished":"2025-05-05T14:37:26+00:00","dateModified":"2025-05-05T14:49:29+00:00","mainEntityOfPage":{"@id":"https:\/\/www.polonia.travel\/es\/westerplatte-un-simbolo-para-recordar\/"},"wordCount":166,"commentCount":0,"publisher":{"@id":"https:\/\/www.polonia.travel\/es\/#organization"},"image":{"@id":"https:\/\/www.polonia.travel\/es\/westerplatte-un-simbolo-para-recordar\/#primaryimage"},"thumbnailUrl":"https:\/\/www.polonia.travel\/es\/wp-content\/uploads\/sites\/18\/2023\/03\/Westerplatte_Adobe-xl-1200x674.jpg","keywords":["es","ciudades"],"articleSection":["Archiwum"],"inLanguage":"pl-PL"},{"@type":"WebPage","@id":"https:\/\/www.polonia.travel\/es\/westerplatte-un-simbolo-para-recordar\/","url":"https:\/\/www.polonia.travel\/es\/westerplatte-un-simbolo-para-recordar\/","name":"Westerplatte, un s\u00edmbolo para recordar - Polonia Travel (ES)","isPartOf":{"@id":"https:\/\/www.polonia.travel\/es\/#website"},"primaryImageOfPage":{"@id":"https:\/\/www.polonia.travel\/es\/westerplatte-un-simbolo-para-recordar\/#primaryimage"},"image":{"@id":"https:\/\/www.polonia.travel\/es\/westerplatte-un-simbolo-para-recordar\/#primaryimage"},"thumbnailUrl":"https:\/\/www.polonia.travel\/es\/wp-content\/uploads\/sites\/18\/2023\/03\/Westerplatte_Adobe-xl-1200x674.jpg","datePublished":"2025-05-05T14:37:26+00:00","dateModified":"2025-05-05T14:49:29+00:00","breadcrumb":{"@id":"https:\/\/www.polonia.travel\/es\/westerplatte-un-simbolo-para-recordar\/#breadcrumb"},"inLanguage":"pl-PL","potentialAction":[{"@type":"ReadAction","target":["https:\/\/www.polonia.travel\/es\/westerplatte-un-simbolo-para-recordar\/"]}]},{"@type":"ImageObject","inLanguage":"pl-PL","@id":"https:\/\/www.polonia.travel\/es\/westerplatte-un-simbolo-para-recordar\/#primaryimage","url":"https:\/\/www.polonia.travel\/es\/wp-content\/uploads\/sites\/18\/2023\/03\/Westerplatte_Adobe-xl.jpg","contentUrl":"https:\/\/www.polonia.travel\/es\/wp-content\/uploads\/sites\/18\/2023\/03\/Westerplatte_Adobe-xl.jpg","width":1224,"height":687},{"@type":"BreadcrumbList","@id":"https:\/\/www.polonia.travel\/es\/westerplatte-un-simbolo-para-recordar\/#breadcrumb","itemListElement":[{"@type":"ListItem","position":1,"name":"Home page","item":"https:\/\/www.polonia.travel\/es\/"},{"@type":"ListItem","position":2,"name":"Archiwum","item":"https:\/\/www.polonia.travel\/es\/category\/archiwum\/"},{"@type":"ListItem","position":3,"name":"Westerplatte, un s\u00edmbolo para recordar"}]},{"@type":"WebSite","@id":"https:\/\/www.polonia.travel\/es\/#website","url":"https:\/\/www.polonia.travel\/es\/","name":"Polonia Travel (ES)","description":"...","publisher":{"@id":"https:\/\/www.polonia.travel\/es\/#organization"},"potentialAction":[{"@type":"SearchAction","target":{"@type":"EntryPoint","urlTemplate":"https:\/\/www.polonia.travel\/es\/?s={search_term_string}"},"query-input":{"@type":"PropertyValueSpecification","valueRequired":true,"valueName":"search_term_string"}}],"inLanguage":"pl-PL"},{"@type":"Organization","@id":"https:\/\/www.polonia.travel\/es\/#organization","name":"Polonia Travel (ES)","url":"https:\/\/www.polonia.travel\/es\/","logo":{"@type":"ImageObject","inLanguage":"pl-PL","@id":"https:\/\/www.polonia.travel\/es\/#\/schema\/logo\/image\/","url":"","contentUrl":"","caption":"Polonia Travel (ES)"},"image":{"@id":"https:\/\/www.polonia.travel\/es\/#\/schema\/logo\/image\/"}},{"@type":"Person","@id":""}]}},"_links":{"self":[{"href":"https:\/\/www.polonia.travel\/es\/wp-json\/wp\/v2\/posts\/31268","targetHints":{"allow":["GET"]}}],"collection":[{"href":"https:\/\/www.polonia.travel\/es\/wp-json\/wp\/v2\/posts"}],"about":[{"href":"https:\/\/www.polonia.travel\/es\/wp-json\/wp\/v2\/types\/post"}],"author":[{"embeddable":true,"href":"https:\/\/www.polonia.travel\/es\/wp-json\/wp\/v2\/users\/1"}],"replies":[{"embeddable":true,"href":"https:\/\/www.polonia.travel\/es\/wp-json\/wp\/v2\/comments?post=31268"}],"version-history":[{"count":5,"href":"https:\/\/www.polonia.travel\/es\/wp-json\/wp\/v2\/posts\/31268\/revisions"}],"predecessor-version":[{"id":37337,"href":"https:\/\/www.polonia.travel\/es\/wp-json\/wp\/v2\/posts\/31268\/revisions\/37337"}],"wp:attachment":[{"href":"https:\/\/www.polonia.travel\/es\/wp-json\/wp\/v2\/media?parent=31268"}],"wp:term":[{"taxonomy":"category","embeddable":true,"href":"https:\/\/www.polonia.travel\/es\/wp-json\/wp\/v2\/categories?post=31268"}],"curies":[{"name":"wp","href":"https:\/\/api.w.org\/{rel}","templated":true}]}}