{"id":31256,"date":"2023-12-11T12:40:00","date_gmt":"2023-12-11T11:40:00","guid":{"rendered":"https:\/\/wp-es.poland.travel\/?p=31256"},"modified":"2025-09-01T17:00:20","modified_gmt":"2025-09-01T15:00:20","slug":"los-belenes-de-cracovia-patrimonio-no-material-de-la-unesco","status":"publish","type":"post","link":"https:\/\/www.polonia.travel\/es\/los-belenes-de-cracovia-patrimonio-no-material-de-la-unesco\/","title":{"rendered":"Los belenes de Cracovia, Patrimonio no material de la UNESCO"},"content":{"rendered":"\n<div class=\"wp-block-group is-style-container-medium\"><div class=\"wp-block-group__inner-container is-layout-constrained wp-block-group-is-layout-constrained\">\n<h2 class=\"wp-block-heading\">Los Belenes de Cracovia, Patrimonio no material de la UNESCO<\/h2>\n\n\n\n<div style=\"height:100px\" aria-hidden=\"true\" class=\"wp-block-spacer is-style-spacer-small\"><\/div>\n<\/div><\/div>\n\n\n\n<div class=\"wp-block-group is-style-container-medium\"><div class=\"wp-block-group__inner-container is-layout-constrained wp-block-group-is-layout-constrained\">\n<p style=\"text-align: justify\">La tradici\u00f3n de los belenes se remonta a San Francisco, quien en la Edad Media durante la \u00e9poca de la Navidad representaba el nacimiento de Jes\u00fas a trav\u00e9s de escenarios naturales con animales vivos. Con el tiempo, estas escenificaciones se extendieron por Europa en forma de peque\u00f1os teatros o escenarios que representaban la magia navide\u00f1a en cada hogar. Esta &#8222;moda&#8221; se extendi\u00f3 r\u00e1pidamente por todo el continente gracias a las nuevas tecnolog\u00edas: los belenes se montaban en forma de peque\u00f1os teatros transportables o port\u00e1tiles para llegar con ellos a m\u00e1s p\u00fablico, permitiendo colocarlos en diferentes rincones.<\/p>\n<p style=\"text-align: justify\">En Polonia, m\u00e1s espec\u00edficamente en Cracovia, por aquellos tiempos la capital del pa\u00eds, se continu\u00f3 el mismo patr\u00f3n durante siglos. Es a mediados del s. XIX cuando los belenes de Cracovia empiezan a adquirir su filosof\u00eda y aspecto actual. Los protagonistas y art\u00edfices de estos belenes fueron los alba\u00f1iles de la ciudad, que en los meses de invierno, libres de trabajar en las obras, se dedicaban a recrear en miniatura las torres g\u00f3ticas, iglesias barrocas y palacios renacentistas que conoc\u00edan de memoria. La arquitectura de Cracovia y las tradiciones populares de los pueblos de alrededor son, por lo tanto, las indiscutibles protagonistas de los belenes cracovianos. Los habitantes de la ciudad recibieron esta iniciativa con mucho entusiasmo, presente hasta hoy gracias al cruce entre la arquitectura local y las leyendas populares de la regi\u00f3n.<\/p>\n<p><img loading=\"lazy\" decoding=\"async\" class=\"alignnone size-medium wp-image-38059 aligncenter\" src=\"https:\/\/www.polonia.travel\/es\/wp-content\/uploads\/sites\/18\/2023\/12\/1963_POT-SZOPKI_HR-600x400.jpg\" alt=\"\" width=\"600\" height=\"400\" srcset=\"https:\/\/www.polonia.travel\/es\/wp-content\/uploads\/sites\/18\/2023\/12\/1963_POT-SZOPKI_HR-600x400.jpg 600w, https:\/\/www.polonia.travel\/es\/wp-content\/uploads\/sites\/18\/2023\/12\/1963_POT-SZOPKI_HR-768x512.jpg 768w, https:\/\/www.polonia.travel\/es\/wp-content\/uploads\/sites\/18\/2023\/12\/1963_POT-SZOPKI_HR.jpg 1000w\" sizes=\"auto, (max-width: 600px) 100vw, 600px\" \/><\/p>\n<p>\u00a0<\/p>\n<p>Tal fue la acogida que cada primer jueves de diciembre se celebra el Concurso de Belenes de Cracovia, donde decenas de artesanos presentan sus obras en la Plaza del Mercado. Los belenes premiados se exponen despu\u00e9s en distintos puntos del casco antiguo y el Museo Hist\u00f3rico de la Ciudad, en el <a href=\"https:\/\/muzeumkrakowa.pl\/en\/branches\/krzysztofory-palace\">Palacio Krzysztofory<\/a>\u00a0, hasta finales del carnaval, para que la poblaci\u00f3n local y los turistas puedan contemplar y apreciar con sus propios ojos las coloridas creaciones y el resultado de mentes creativas encargadas de construirlos. En cada una de estas ediciones llegan a participar hasta 150 proyectos de belenes, demostrando el inter\u00e9s por una tradici\u00f3n tan arraigada.<\/p>\n<p><img loading=\"lazy\" decoding=\"async\" class=\"size-medium wp-image-38060\" src=\"https:\/\/www.polonia.travel\/es\/wp-content\/uploads\/sites\/18\/2023\/12\/AdobeStock_308037230_szopka_krakowska-600x400.jpeg\" alt=\"\" width=\"600\" height=\"400\" srcset=\"https:\/\/www.polonia.travel\/es\/wp-content\/uploads\/sites\/18\/2023\/12\/AdobeStock_308037230_szopka_krakowska-600x400.jpeg 600w, https:\/\/www.polonia.travel\/es\/wp-content\/uploads\/sites\/18\/2023\/12\/AdobeStock_308037230_szopka_krakowska-1200x800.jpeg 1200w, https:\/\/www.polonia.travel\/es\/wp-content\/uploads\/sites\/18\/2023\/12\/AdobeStock_308037230_szopka_krakowska-768x512.jpeg 768w, https:\/\/www.polonia.travel\/es\/wp-content\/uploads\/sites\/18\/2023\/12\/AdobeStock_308037230_szopka_krakowska-1536x1024.jpeg 1536w, https:\/\/www.polonia.travel\/es\/wp-content\/uploads\/sites\/18\/2023\/12\/AdobeStock_308037230_szopka_krakowska-2048x1365.jpeg 2048w, https:\/\/www.polonia.travel\/es\/wp-content\/uploads\/sites\/18\/2023\/12\/AdobeStock_308037230_szopka_krakowska-1920x1280.jpeg 1920w\" sizes=\"auto, (max-width: 600px) 100vw, 600px\" \/><\/p>\n<p style=\"text-align: left\">\u00a0El 28 de noviembre de 2018, esta tradici\u00f3n fue reconocida oficialmente por la UNESCO como Patrimonio Cultural Inmaterial de la Humanidad, un homenaje a nivel mundial a un arte que a\u00fan se mantiene vivo en la ciudad de Cracovia. Estos belenes, ya sea por su forma, manera de montaje y la tradici\u00f3n, ofrecen un atractivo tur\u00edstico durante el invierno, entre luces, villancicos y el esp\u00edritu navide\u00f1o que se respira en la ciudad por estas fechas.<\/p>\n<p>\u00a0<\/p>\n<p><strong>\u00bfQu\u00e9 sucede ese primer jueves de diciembre?<\/strong><\/p>\n<p>Los participantes del concurso de belenes de Cracovia se congregan desde la ma\u00f1ana a los pies del monumento de Adam Mickiewicz. Tras la interpretaci\u00f3n del <em>hejna\u0142\u00a0<\/em>(una melod\u00eda de trompeta tradicional) al mediod\u00eda, el cortejo de belenes recorre la ciudad, pasando por la Plaza del Mercado (<em>Rynek G\u0142\u00f3wny<\/em>) antes de ser trasladado al Palacio Krzysztofory, donde se ubica el museo y entidad organizadora del evento.<\/p>\n<p>El domingo posterior al concurso, el director del museo anuncia los resultados y se inaugura la exposici\u00f3n de los belenes premiados y destacados, que suelen permanecer abiertos hasta final de febrero y principio de marzo. Esta exhibici\u00f3n ofrece a los interesados una oportunidad \u00fanica de apreciar la diversidad art\u00edstica de estilos, la minuciosidad de los detalles y la creatividad que caracteriza a esta tradici\u00f3n centenaria. Adem\u00e1s, el evento contribuye activamente a promover el patrimonio cultural de Cracovia, reforzando la identidad local vinculada a esta emblem\u00e1tica pr\u00e1ctica navide\u00f1a, la cual se lleva celebrando desde 1937. Gracias a la creaci\u00f3n del concurso ese a\u00f1o, la tradici\u00f3n se revitaliz\u00f3, manteniendo viva la tradici\u00f3n y permitiendo transmitir de generaci\u00f3n a generaci\u00f3n este legado.<\/p>\n<\/div><\/div>\n\n\n\n<div style=\"height:100px\" aria-hidden=\"true\" class=\"wp-block-spacer\"><\/div>\n","protected":false},"excerpt":{"rendered":"<p>Los Belenes de Cracovia, Patrimonio no material de la UNESCO La tradici\u00f3n de los belenes se remonta a San Francisco, quien en la Edad Media durante la \u00e9poca de la Navidad representaba el nacimiento de Jes\u00fas a trav\u00e9s de escenarios naturales con animales vivos. Con el tiempo, estas escenificaciones se extendieron por Europa en forma [&hellip;]<\/p>\n","protected":false},"author":1,"featured_media":34400,"comment_status":"open","ping_status":"open","sticky":false,"template":"","format":"standard","meta":{"_acf_changed":false,"footnotes":""},"categories":[1053,1221,1039],"class_list":["post-31256","post","type-post","status-publish","format-standard","has-post-thumbnail","hentry","category-inspirations","category-escapadas-de-invierno","category-monumentos-unesco-en-polonia"],"acf":[],"yoast_head":"<!-- This site is optimized with the Yoast SEO plugin v27.4 - https:\/\/yoast.com\/product\/yoast-seo-wordpress\/ -->\n<title>Los belenes de Cracovia, Patrimonio no material de la UNESCO - Polonia Travel (ES)<\/title>\n<meta name=\"robots\" content=\"index, follow, max-snippet:-1, max-image-preview:large, max-video-preview:-1\" \/>\n<link rel=\"canonical\" href=\"https:\/\/www.polonia.travel\/es\/los-belenes-de-cracovia-patrimonio-no-material-de-la-unesco\/\" \/>\n<meta property=\"og:locale\" content=\"pl_PL\" \/>\n<meta property=\"og:type\" content=\"article\" \/>\n<meta property=\"og:title\" content=\"Los belenes de Cracovia, Patrimonio no material de la UNESCO - Polonia Travel (ES)\" \/>\n<meta property=\"og:description\" content=\"Los Belenes de Cracovia, Patrimonio no material de la UNESCO La tradici\u00f3n de los belenes se remonta a San Francisco, quien en la Edad Media durante la \u00e9poca de la Navidad representaba el nacimiento de Jes\u00fas a trav\u00e9s de escenarios naturales con animales vivos. Con el tiempo, estas escenificaciones se extendieron por Europa en forma [&hellip;]\" \/>\n<meta property=\"og:url\" content=\"https:\/\/www.polonia.travel\/es\/los-belenes-de-cracovia-patrimonio-no-material-de-la-unesco\/\" \/>\n<meta property=\"og:site_name\" content=\"Polonia Travel (ES)\" \/>\n<meta property=\"article:published_time\" content=\"2023-12-11T11:40:00+00:00\" \/>\n<meta property=\"article:modified_time\" content=\"2025-09-01T15:00:20+00:00\" \/>\n<meta property=\"og:image\" content=\"https:\/\/www.polonia.travel\/es\/wp-content\/uploads\/sites\/18\/2024\/04\/AdobeStock_308037230_szopka_krakowska.jpeg\" \/>\n\t<meta property=\"og:image:width\" content=\"2000\" \/>\n\t<meta property=\"og:image:height\" content=\"896\" \/>\n\t<meta property=\"og:image:type\" content=\"image\/jpeg\" \/>\n<meta name=\"twitter:card\" content=\"summary_large_image\" \/>\n<meta name=\"twitter:label1\" content=\"Napisane przez\" \/>\n\t<meta name=\"twitter:data1\" content=\"\" \/>\n\t<meta name=\"twitter:label2\" content=\"Szacowany czas czytania\" \/>\n\t<meta name=\"twitter:data2\" content=\"5 minut\" \/>\n<script type=\"application\/ld+json\" class=\"yoast-schema-graph\">{\"@context\":\"https:\\\/\\\/schema.org\",\"@graph\":[{\"@type\":\"Article\",\"@id\":\"https:\\\/\\\/www.polonia.travel\\\/es\\\/los-belenes-de-cracovia-patrimonio-no-material-de-la-unesco\\\/#article\",\"isPartOf\":{\"@id\":\"https:\\\/\\\/www.polonia.travel\\\/es\\\/los-belenes-de-cracovia-patrimonio-no-material-de-la-unesco\\\/\"},\"author\":{\"name\":\"\",\"@id\":\"\"},\"headline\":\"Los belenes de Cracovia, Patrimonio no material de la UNESCO\",\"datePublished\":\"2023-12-11T11:40:00+00:00\",\"dateModified\":\"2025-09-01T15:00:20+00:00\",\"mainEntityOfPage\":{\"@id\":\"https:\\\/\\\/www.polonia.travel\\\/es\\\/los-belenes-de-cracovia-patrimonio-no-material-de-la-unesco\\\/\"},\"wordCount\":670,\"commentCount\":0,\"publisher\":{\"@id\":\"https:\\\/\\\/www.polonia.travel\\\/es\\\/#organization\"},\"image\":{\"@id\":\"https:\\\/\\\/www.polonia.travel\\\/es\\\/los-belenes-de-cracovia-patrimonio-no-material-de-la-unesco\\\/#primaryimage\"},\"thumbnailUrl\":\"https:\\\/\\\/www.polonia.travel\\\/es\\\/wp-content\\\/uploads\\\/sites\\\/18\\\/2024\\\/04\\\/AdobeStock_308037230_szopka_krakowska.jpeg\",\"keywords\":[\"es\",\"ciudades\"],\"articleSection\":[\"Ideas y propuestas\",\"Escapadas de invierno\",\"Monumentos UNESCO en Polonia\"],\"inLanguage\":\"pl-PL\"},{\"@type\":\"WebPage\",\"@id\":\"https:\\\/\\\/www.polonia.travel\\\/es\\\/los-belenes-de-cracovia-patrimonio-no-material-de-la-unesco\\\/\",\"url\":\"https:\\\/\\\/www.polonia.travel\\\/es\\\/los-belenes-de-cracovia-patrimonio-no-material-de-la-unesco\\\/\",\"name\":\"Los belenes de Cracovia, Patrimonio no material de la UNESCO - Polonia Travel (ES)\",\"isPartOf\":{\"@id\":\"https:\\\/\\\/www.polonia.travel\\\/es\\\/#website\"},\"primaryImageOfPage\":{\"@id\":\"https:\\\/\\\/www.polonia.travel\\\/es\\\/los-belenes-de-cracovia-patrimonio-no-material-de-la-unesco\\\/#primaryimage\"},\"image\":{\"@id\":\"https:\\\/\\\/www.polonia.travel\\\/es\\\/los-belenes-de-cracovia-patrimonio-no-material-de-la-unesco\\\/#primaryimage\"},\"thumbnailUrl\":\"https:\\\/\\\/www.polonia.travel\\\/es\\\/wp-content\\\/uploads\\\/sites\\\/18\\\/2024\\\/04\\\/AdobeStock_308037230_szopka_krakowska.jpeg\",\"datePublished\":\"2023-12-11T11:40:00+00:00\",\"dateModified\":\"2025-09-01T15:00:20+00:00\",\"breadcrumb\":{\"@id\":\"https:\\\/\\\/www.polonia.travel\\\/es\\\/los-belenes-de-cracovia-patrimonio-no-material-de-la-unesco\\\/#breadcrumb\"},\"inLanguage\":\"pl-PL\",\"potentialAction\":[{\"@type\":\"ReadAction\",\"target\":[\"https:\\\/\\\/www.polonia.travel\\\/es\\\/los-belenes-de-cracovia-patrimonio-no-material-de-la-unesco\\\/\"]}]},{\"@type\":\"ImageObject\",\"inLanguage\":\"pl-PL\",\"@id\":\"https:\\\/\\\/www.polonia.travel\\\/es\\\/los-belenes-de-cracovia-patrimonio-no-material-de-la-unesco\\\/#primaryimage\",\"url\":\"https:\\\/\\\/www.polonia.travel\\\/es\\\/wp-content\\\/uploads\\\/sites\\\/18\\\/2024\\\/04\\\/AdobeStock_308037230_szopka_krakowska.jpeg\",\"contentUrl\":\"https:\\\/\\\/www.polonia.travel\\\/es\\\/wp-content\\\/uploads\\\/sites\\\/18\\\/2024\\\/04\\\/AdobeStock_308037230_szopka_krakowska.jpeg\",\"width\":2000,\"height\":896,\"caption\":\"Annual Nativity Scenes Contest, Krakow Poland.\"},{\"@type\":\"BreadcrumbList\",\"@id\":\"https:\\\/\\\/www.polonia.travel\\\/es\\\/los-belenes-de-cracovia-patrimonio-no-material-de-la-unesco\\\/#breadcrumb\",\"itemListElement\":[{\"@type\":\"ListItem\",\"position\":1,\"name\":\"Home page\",\"item\":\"https:\\\/\\\/www.polonia.travel\\\/es\\\/\"},{\"@type\":\"ListItem\",\"position\":2,\"name\":\"Descubre +\",\"item\":\"https:\\\/\\\/www.polonia.travel\\\/es\\\/category\\\/descubre-lugares\\\/\"},{\"@type\":\"ListItem\",\"position\":3,\"name\":\"Monumentos UNESCO en Polonia\",\"item\":\"https:\\\/\\\/www.polonia.travel\\\/es\\\/category\\\/descubre-lugares\\\/monumentos-unesco-en-polonia\\\/\"},{\"@type\":\"ListItem\",\"position\":4,\"name\":\"Los belenes de Cracovia, Patrimonio no material de la UNESCO\"}]},{\"@type\":\"WebSite\",\"@id\":\"https:\\\/\\\/www.polonia.travel\\\/es\\\/#website\",\"url\":\"https:\\\/\\\/www.polonia.travel\\\/es\\\/\",\"name\":\"Polonia Travel (ES)\",\"description\":\"...\",\"publisher\":{\"@id\":\"https:\\\/\\\/www.polonia.travel\\\/es\\\/#organization\"},\"potentialAction\":[{\"@type\":\"SearchAction\",\"target\":{\"@type\":\"EntryPoint\",\"urlTemplate\":\"https:\\\/\\\/www.polonia.travel\\\/es\\\/?s={search_term_string}\"},\"query-input\":{\"@type\":\"PropertyValueSpecification\",\"valueRequired\":true,\"valueName\":\"search_term_string\"}}],\"inLanguage\":\"pl-PL\"},{\"@type\":\"Organization\",\"@id\":\"https:\\\/\\\/www.polonia.travel\\\/es\\\/#organization\",\"name\":\"Polonia Travel (ES)\",\"url\":\"https:\\\/\\\/www.polonia.travel\\\/es\\\/\",\"logo\":{\"@type\":\"ImageObject\",\"inLanguage\":\"pl-PL\",\"@id\":\"https:\\\/\\\/www.polonia.travel\\\/es\\\/#\\\/schema\\\/logo\\\/image\\\/\",\"url\":\"\",\"contentUrl\":\"\",\"caption\":\"Polonia Travel (ES)\"},\"image\":{\"@id\":\"https:\\\/\\\/www.polonia.travel\\\/es\\\/#\\\/schema\\\/logo\\\/image\\\/\"}},{\"@type\":\"Person\",\"@id\":\"\"}]}<\/script>\n<!-- \/ Yoast SEO plugin. -->","yoast_head_json":{"title":"Los belenes de Cracovia, Patrimonio no material de la UNESCO - Polonia Travel (ES)","robots":{"index":"index","follow":"follow","max-snippet":"max-snippet:-1","max-image-preview":"max-image-preview:large","max-video-preview":"max-video-preview:-1"},"canonical":"https:\/\/www.polonia.travel\/es\/los-belenes-de-cracovia-patrimonio-no-material-de-la-unesco\/","og_locale":"pl_PL","og_type":"article","og_title":"Los belenes de Cracovia, Patrimonio no material de la UNESCO - Polonia Travel (ES)","og_description":"Los Belenes de Cracovia, Patrimonio no material de la UNESCO La tradici\u00f3n de los belenes se remonta a San Francisco, quien en la Edad Media durante la \u00e9poca de la Navidad representaba el nacimiento de Jes\u00fas a trav\u00e9s de escenarios naturales con animales vivos. Con el tiempo, estas escenificaciones se extendieron por Europa en forma [&hellip;]","og_url":"https:\/\/www.polonia.travel\/es\/los-belenes-de-cracovia-patrimonio-no-material-de-la-unesco\/","og_site_name":"Polonia Travel (ES)","article_published_time":"2023-12-11T11:40:00+00:00","article_modified_time":"2025-09-01T15:00:20+00:00","og_image":[{"width":2000,"height":896,"url":"https:\/\/www.polonia.travel\/es\/wp-content\/uploads\/sites\/18\/2024\/04\/AdobeStock_308037230_szopka_krakowska.jpeg","type":"image\/jpeg"}],"twitter_card":"summary_large_image","twitter_misc":{"Napisane przez":"","Szacowany czas czytania":"5 minut"},"schema":{"@context":"https:\/\/schema.org","@graph":[{"@type":"Article","@id":"https:\/\/www.polonia.travel\/es\/los-belenes-de-cracovia-patrimonio-no-material-de-la-unesco\/#article","isPartOf":{"@id":"https:\/\/www.polonia.travel\/es\/los-belenes-de-cracovia-patrimonio-no-material-de-la-unesco\/"},"author":{"name":"","@id":""},"headline":"Los belenes de Cracovia, Patrimonio no material de la UNESCO","datePublished":"2023-12-11T11:40:00+00:00","dateModified":"2025-09-01T15:00:20+00:00","mainEntityOfPage":{"@id":"https:\/\/www.polonia.travel\/es\/los-belenes-de-cracovia-patrimonio-no-material-de-la-unesco\/"},"wordCount":670,"commentCount":0,"publisher":{"@id":"https:\/\/www.polonia.travel\/es\/#organization"},"image":{"@id":"https:\/\/www.polonia.travel\/es\/los-belenes-de-cracovia-patrimonio-no-material-de-la-unesco\/#primaryimage"},"thumbnailUrl":"https:\/\/www.polonia.travel\/es\/wp-content\/uploads\/sites\/18\/2024\/04\/AdobeStock_308037230_szopka_krakowska.jpeg","keywords":["es","ciudades"],"articleSection":["Ideas y propuestas","Escapadas de invierno","Monumentos UNESCO en Polonia"],"inLanguage":"pl-PL"},{"@type":"WebPage","@id":"https:\/\/www.polonia.travel\/es\/los-belenes-de-cracovia-patrimonio-no-material-de-la-unesco\/","url":"https:\/\/www.polonia.travel\/es\/los-belenes-de-cracovia-patrimonio-no-material-de-la-unesco\/","name":"Los belenes de Cracovia, Patrimonio no material de la UNESCO - Polonia Travel (ES)","isPartOf":{"@id":"https:\/\/www.polonia.travel\/es\/#website"},"primaryImageOfPage":{"@id":"https:\/\/www.polonia.travel\/es\/los-belenes-de-cracovia-patrimonio-no-material-de-la-unesco\/#primaryimage"},"image":{"@id":"https:\/\/www.polonia.travel\/es\/los-belenes-de-cracovia-patrimonio-no-material-de-la-unesco\/#primaryimage"},"thumbnailUrl":"https:\/\/www.polonia.travel\/es\/wp-content\/uploads\/sites\/18\/2024\/04\/AdobeStock_308037230_szopka_krakowska.jpeg","datePublished":"2023-12-11T11:40:00+00:00","dateModified":"2025-09-01T15:00:20+00:00","breadcrumb":{"@id":"https:\/\/www.polonia.travel\/es\/los-belenes-de-cracovia-patrimonio-no-material-de-la-unesco\/#breadcrumb"},"inLanguage":"pl-PL","potentialAction":[{"@type":"ReadAction","target":["https:\/\/www.polonia.travel\/es\/los-belenes-de-cracovia-patrimonio-no-material-de-la-unesco\/"]}]},{"@type":"ImageObject","inLanguage":"pl-PL","@id":"https:\/\/www.polonia.travel\/es\/los-belenes-de-cracovia-patrimonio-no-material-de-la-unesco\/#primaryimage","url":"https:\/\/www.polonia.travel\/es\/wp-content\/uploads\/sites\/18\/2024\/04\/AdobeStock_308037230_szopka_krakowska.jpeg","contentUrl":"https:\/\/www.polonia.travel\/es\/wp-content\/uploads\/sites\/18\/2024\/04\/AdobeStock_308037230_szopka_krakowska.jpeg","width":2000,"height":896,"caption":"Annual Nativity Scenes Contest, Krakow Poland."},{"@type":"BreadcrumbList","@id":"https:\/\/www.polonia.travel\/es\/los-belenes-de-cracovia-patrimonio-no-material-de-la-unesco\/#breadcrumb","itemListElement":[{"@type":"ListItem","position":1,"name":"Home page","item":"https:\/\/www.polonia.travel\/es\/"},{"@type":"ListItem","position":2,"name":"Descubre +","item":"https:\/\/www.polonia.travel\/es\/category\/descubre-lugares\/"},{"@type":"ListItem","position":3,"name":"Monumentos UNESCO en Polonia","item":"https:\/\/www.polonia.travel\/es\/category\/descubre-lugares\/monumentos-unesco-en-polonia\/"},{"@type":"ListItem","position":4,"name":"Los belenes de Cracovia, Patrimonio no material de la UNESCO"}]},{"@type":"WebSite","@id":"https:\/\/www.polonia.travel\/es\/#website","url":"https:\/\/www.polonia.travel\/es\/","name":"Polonia Travel (ES)","description":"...","publisher":{"@id":"https:\/\/www.polonia.travel\/es\/#organization"},"potentialAction":[{"@type":"SearchAction","target":{"@type":"EntryPoint","urlTemplate":"https:\/\/www.polonia.travel\/es\/?s={search_term_string}"},"query-input":{"@type":"PropertyValueSpecification","valueRequired":true,"valueName":"search_term_string"}}],"inLanguage":"pl-PL"},{"@type":"Organization","@id":"https:\/\/www.polonia.travel\/es\/#organization","name":"Polonia Travel (ES)","url":"https:\/\/www.polonia.travel\/es\/","logo":{"@type":"ImageObject","inLanguage":"pl-PL","@id":"https:\/\/www.polonia.travel\/es\/#\/schema\/logo\/image\/","url":"","contentUrl":"","caption":"Polonia Travel (ES)"},"image":{"@id":"https:\/\/www.polonia.travel\/es\/#\/schema\/logo\/image\/"}},{"@type":"Person","@id":""}]}},"_links":{"self":[{"href":"https:\/\/www.polonia.travel\/es\/wp-json\/wp\/v2\/posts\/31256","targetHints":{"allow":["GET"]}}],"collection":[{"href":"https:\/\/www.polonia.travel\/es\/wp-json\/wp\/v2\/posts"}],"about":[{"href":"https:\/\/www.polonia.travel\/es\/wp-json\/wp\/v2\/types\/post"}],"author":[{"embeddable":true,"href":"https:\/\/www.polonia.travel\/es\/wp-json\/wp\/v2\/users\/1"}],"replies":[{"embeddable":true,"href":"https:\/\/www.polonia.travel\/es\/wp-json\/wp\/v2\/comments?post=31256"}],"version-history":[{"count":11,"href":"https:\/\/www.polonia.travel\/es\/wp-json\/wp\/v2\/posts\/31256\/revisions"}],"predecessor-version":[{"id":38069,"href":"https:\/\/www.polonia.travel\/es\/wp-json\/wp\/v2\/posts\/31256\/revisions\/38069"}],"wp:featuredmedia":[{"embeddable":true,"href":"https:\/\/www.polonia.travel\/es\/wp-json\/wp\/v2\/media\/34400"}],"wp:attachment":[{"href":"https:\/\/www.polonia.travel\/es\/wp-json\/wp\/v2\/media?parent=31256"}],"wp:term":[{"taxonomy":"category","embeddable":true,"href":"https:\/\/www.polonia.travel\/es\/wp-json\/wp\/v2\/categories?post=31256"}],"curies":[{"name":"wp","href":"https:\/\/api.w.org\/{rel}","templated":true}]}}