{"id":31235,"date":"2024-04-29T12:29:59","date_gmt":"2024-04-29T10:29:59","guid":{"rendered":"https:\/\/wp-es.poland.travel\/?p=31235"},"modified":"2025-09-18T12:29:18","modified_gmt":"2025-09-18T10:29:18","slug":"tarnow-cracovia-en-miniatura","status":"publish","type":"post","link":"https:\/\/www.polonia.travel\/es\/tarnow-cracovia-en-miniatura\/","title":{"rendered":"Tarn\u00f3w, Cracovia en miniatura"},"content":{"rendered":"\n<div class=\"wp-block-group is-style-container\"><div class=\"wp-block-group__inner-container is-layout-constrained wp-block-group-is-layout-constrained\">\n<!-- empty -->\n\n\n<div class=\"metrics\">\n  <div class=\"metrics__text\">\n    <h1 class=\"is-style-heading-38 mb20 large-mb30\">Tarn\u00f3w, Cracovia en miniatura<\/h1>\n    <p>Tan solo a 90 km de distancia de Cracovia, esta ciudad supone su replica en miniatura &#8211; conocida como la <strong>perla del renacimiento <\/strong>(por tanto, si eres amante del renacimiento este es el lugar perfecto para visitar), reflejado en su arquitectura y considerado uno de las m\u00e1s bella de Polonia.\u00a0 Tambi\u00e9n es llamada la ciudad &#8222;<strong>polo de calor&#8221; <\/strong>debido a su clima&#8230; \u00a1Y ahora su p\u00e1gina web tambi\u00e9n est\u00e1 en espa\u00f1ol, para que pod\u00e1is organizar vuestra visita!<\/p>\n  <\/div>\n  <div class=\"metrics__sidebar\">\n    <div class=\"metrics-box\">\n              <div class=\"metrics-box__title\">Informaci\u00f3n b\u00e1sica<\/div>\n        <div class=\"metrics-box__values\">\n                                        <div class=\"metrics-box__item\">\n      <div class=\"metrics-box__label\">Superficie:<\/div>\n      <div class=\"metrics-box__value\">72,38 km\u00b2 <\/div>\n    <\/div>\n                                <div class=\"metrics-box__item\">\n      <div class=\"metrics-box__label\">Poblaci\u00f3n:<\/div>\n      <div class=\"metrics-box__value\">105 922 (2021)<\/div>\n    <\/div>\n                                <\/div>\n                    <div class=\"metrics-box__links\">\n                      <a href=\"https:\/\/www.tarnow.travel\" class=\"metrics-box__link external\"\n                                  target=\"_blank\" rel=\"nofollow noopener noreferrer\"\n                            >www.tarnow.travel<\/a>\n                      <a href=\"https:\/\/www.it.tarnow.pl\/\" class=\"metrics-box__link external\"\n                                  target=\"_blank\" rel=\"nofollow noopener noreferrer\"\n                            >https:\/\/www.it.tarnow.pl\/<\/a>\n                      <a href=\"https:\/\/www.it.tarnow.pl\/es\/\" class=\"metrics-box__link external\"\n                                  target=\"_blank\" rel=\"nofollow noopener noreferrer\"\n                            >https:\/\/www.it.tarnow.pl\/es\/<\/a>\n                  <\/div>\n          <\/div>\n  <\/div>\n<\/div>\n<\/div><\/div>\n\n\n\n<div class=\"wp-block-group is-style-container-medium\"><div class=\"wp-block-group__inner-container is-layout-constrained wp-block-group-is-layout-constrained\">\n<p>Tarn\u00f3w, ha sido un lugar de encuentro de diferentes culturas &#8211; <strong>polaca, gitana, jud\u00eda y h\u00fangara<\/strong> &#8211; visible en su arquitectura y tradici\u00f3n. Por ello, te recomendamos visitar el <strong><a href=\"https:\/\/muzeum.tarnow.pl\/en\" target=\"_blank\" rel=\"noreferrer noopener\">Museo Etnogr\u00e1fico<\/a><\/strong> de la ciudad para sentir este ambiente multicultural, de paso conocer la historia&#8230; Sin embargo, en la ciudad no faltar\u00e1n influencias de dichas culturas, como por ejemplo el <strong>Mural dedicado a la comunidad gitana<\/strong> realizado el 23 de marzo de 2014, fecha clave por su <strong>50 aniversario<\/strong> de la prohibici\u00f3n de su deambulamiento y vagabundeo por la ciudad.<\/p>\n\n\n\n<p>Si hablamos de influencias jud\u00edas, estos llegaron en el S.XV donde su principal dedicaci\u00f3n fue al trigo y al vino, lo que da pie a la visita de alguno de los <strong>vi\u00f1edos<\/strong> de los alrededores o, acudir a primeros de noviembre, a la <strong>Plaza Mayor de Tarn\u00f3w<\/strong> y degustar la <strong>selecci\u00f3n regional de los vinos<\/strong>. Posteriormente, los jud\u00edos eran los m\u00e9dicos, abogados y m\u00fasicos de la ciudad, residiendo en las actuales <strong>calles \u017bydowska i Wekslarska<\/strong>, donde podemos apreciar su arquitectura. Adem\u00e1s, es donde se encuentra el cementerio jud\u00edo m\u00e1s grande de la zona del siglo XVII abierto para visitar, junto con la<strong> Sinagoga Vieja de Bimah. <\/strong><\/p>\n\n\n\n<p>Tambi\u00e9n merece visita la <strong>Bas\u00edlica<\/strong> en la Plaza Mayor, el s\u00edmbolo de la ciudad, o la <em><strong>Baszta Ksi\u0105\u017c\u0119ca<\/strong><\/em> (Torre de Pr\u00edncipe), los restos del sistema de defensa de la Edad Media.<\/p>\n\n\n\n<p><\/p>\n<\/div><\/div>\n\n\n\n<div class=\"wp-block-group\"><div class=\"wp-block-group__inner-container is-layout-constrained wp-block-group-is-layout-constrained\">\n<div style=\"height:100px\" aria-hidden=\"true\" class=\"wp-block-spacer is-style-spacer-small\"><\/div>\n\n\n\n<div class=\"wp-block-group is-style-container\"><div class=\"wp-block-group__inner-container is-layout-constrained wp-block-group-is-layout-constrained\">  <div class=\"gallery-tiles gallery-tiles--rows-3-2 lightgallery\">\r\n          <a href=\"https:\/\/www.polonia.travel\/es\/wp-content\/uploads\/sites\/18\/2023\/02\/tarnow_rynek_1170-e1676559935860.jpg\" class=\"gallery-tiles__item\" data-src=\"https:\/\/www.polonia.travel\/es\/wp-content\/uploads\/sites\/18\/2023\/02\/tarnow_rynek_1170-e1676559935860.jpg\"\r\n        aria-label=\"Otw\u00f3rz powi\u0119kszone zdj\u0119cie: Tarn\u00f3w rynek\">\r\n        <img loading=\"lazy\" decoding=\"async\" width=\"1170\" height=\"675\" src=\"https:\/\/www.polonia.travel\/es\/wp-content\/uploads\/sites\/18\/2023\/02\/tarnow_rynek_1170-e1676559935860.jpg\" class=\"gallery-tiles__thumb\" alt=\"\" srcset=\"https:\/\/www.polonia.travel\/es\/wp-content\/uploads\/sites\/18\/2023\/02\/tarnow_rynek_1170-e1676559935860.jpg 1170w, https:\/\/www.polonia.travel\/es\/wp-content\/uploads\/sites\/18\/2023\/02\/tarnow_rynek_1170-e1676559935860-600x346.jpg 600w, https:\/\/www.polonia.travel\/es\/wp-content\/uploads\/sites\/18\/2023\/02\/tarnow_rynek_1170-e1676559935860-768x443.jpg 768w\" sizes=\"auto, (max-width: 1170px) 100vw, 1170px\" \/>      <\/a>\r\n          <a href=\"https:\/\/www.polonia.travel\/es\/wp-content\/uploads\/sites\/18\/2022\/12\/tarnow_muzeum_rtnograficzne_1170.jpg\" class=\"gallery-tiles__item\" data-src=\"https:\/\/www.polonia.travel\/es\/wp-content\/uploads\/sites\/18\/2022\/12\/tarnow_muzeum_rtnograficzne_1170.jpg\"\r\n        aria-label=\"Otw\u00f3rz powi\u0119kszone zdj\u0119cie: tarnow_muzeum_rtnograficzne_1170\">\r\n        <img loading=\"lazy\" decoding=\"async\" width=\"1170\" height=\"780\" src=\"https:\/\/www.polonia.travel\/es\/wp-content\/uploads\/sites\/18\/2022\/12\/tarnow_muzeum_rtnograficzne_1170.jpg\" class=\"gallery-tiles__thumb\" alt=\"\" srcset=\"https:\/\/www.polonia.travel\/es\/wp-content\/uploads\/sites\/18\/2022\/12\/tarnow_muzeum_rtnograficzne_1170.jpg 1170w, https:\/\/www.polonia.travel\/es\/wp-content\/uploads\/sites\/18\/2022\/12\/tarnow_muzeum_rtnograficzne_1170-600x400.jpg 600w, https:\/\/www.polonia.travel\/es\/wp-content\/uploads\/sites\/18\/2022\/12\/tarnow_muzeum_rtnograficzne_1170-768x512.jpg 768w\" sizes=\"auto, (max-width: 1170px) 100vw, 1170px\" \/>      <\/a>\r\n          <a href=\"https:\/\/www.polonia.travel\/es\/wp-content\/uploads\/sites\/18\/2022\/12\/enotarnowskie_3_1170.jpg\" class=\"gallery-tiles__item\" data-src=\"https:\/\/www.polonia.travel\/es\/wp-content\/uploads\/sites\/18\/2022\/12\/enotarnowskie_3_1170.jpg\"\r\n        aria-label=\"Otw\u00f3rz powi\u0119kszone zdj\u0119cie: enotarnowskie_3_1170\">\r\n        <img loading=\"lazy\" decoding=\"async\" width=\"1200\" height=\"800\" src=\"https:\/\/www.polonia.travel\/es\/wp-content\/uploads\/sites\/18\/2022\/12\/enotarnowskie_3_1170-1200x800.jpg\" class=\"gallery-tiles__thumb\" alt=\"\" srcset=\"https:\/\/www.polonia.travel\/es\/wp-content\/uploads\/sites\/18\/2022\/12\/enotarnowskie_3_1170-1200x800.jpg 1200w, https:\/\/www.polonia.travel\/es\/wp-content\/uploads\/sites\/18\/2022\/12\/enotarnowskie_3_1170-600x400.jpg 600w, https:\/\/www.polonia.travel\/es\/wp-content\/uploads\/sites\/18\/2022\/12\/enotarnowskie_3_1170-768x512.jpg 768w, https:\/\/www.polonia.travel\/es\/wp-content\/uploads\/sites\/18\/2022\/12\/enotarnowskie_3_1170.jpg 1536w\" sizes=\"auto, (max-width: 1200px) 100vw, 1200px\" \/>      <\/a>\r\n          <a href=\"https:\/\/www.polonia.travel\/es\/wp-content\/uploads\/sites\/18\/2022\/12\/tarnow_brama_seklerska_1170.jpg\" class=\"gallery-tiles__item\" data-src=\"https:\/\/www.polonia.travel\/es\/wp-content\/uploads\/sites\/18\/2022\/12\/tarnow_brama_seklerska_1170.jpg\"\r\n        aria-label=\"Otw\u00f3rz powi\u0119kszone zdj\u0119cie: tarnow_brama_seklerska_1170\">\r\n        <img loading=\"lazy\" decoding=\"async\" width=\"1170\" height=\"780\" src=\"https:\/\/www.polonia.travel\/es\/wp-content\/uploads\/sites\/18\/2022\/12\/tarnow_brama_seklerska_1170.jpg\" class=\"gallery-tiles__thumb\" alt=\"\" srcset=\"https:\/\/www.polonia.travel\/es\/wp-content\/uploads\/sites\/18\/2022\/12\/tarnow_brama_seklerska_1170.jpg 1170w, https:\/\/www.polonia.travel\/es\/wp-content\/uploads\/sites\/18\/2022\/12\/tarnow_brama_seklerska_1170-600x400.jpg 600w, https:\/\/www.polonia.travel\/es\/wp-content\/uploads\/sites\/18\/2022\/12\/tarnow_brama_seklerska_1170-768x512.jpg 768w\" sizes=\"auto, (max-width: 1170px) 100vw, 1170px\" \/>      <\/a>\r\n          <a href=\"https:\/\/www.polonia.travel\/es\/wp-content\/uploads\/sites\/18\/2022\/12\/tarnow_pomnik_bema_1170.jpg\" class=\"gallery-tiles__item\" data-src=\"https:\/\/www.polonia.travel\/es\/wp-content\/uploads\/sites\/18\/2022\/12\/tarnow_pomnik_bema_1170.jpg\"\r\n        aria-label=\"Otw\u00f3rz powi\u0119kszone zdj\u0119cie: tarnow_pomnik_bema_1170\">\r\n        <img loading=\"lazy\" decoding=\"async\" width=\"1170\" height=\"780\" src=\"https:\/\/www.polonia.travel\/es\/wp-content\/uploads\/sites\/18\/2022\/12\/tarnow_pomnik_bema_1170.jpg\" class=\"gallery-tiles__thumb\" alt=\"\" srcset=\"https:\/\/www.polonia.travel\/es\/wp-content\/uploads\/sites\/18\/2022\/12\/tarnow_pomnik_bema_1170.jpg 1170w, https:\/\/www.polonia.travel\/es\/wp-content\/uploads\/sites\/18\/2022\/12\/tarnow_pomnik_bema_1170-600x400.jpg 600w, https:\/\/www.polonia.travel\/es\/wp-content\/uploads\/sites\/18\/2022\/12\/tarnow_pomnik_bema_1170-768x512.jpg 768w\" sizes=\"auto, (max-width: 1170px) 100vw, 1170px\" \/>      <\/a>\r\n      <\/div>\r\n<\/div><\/div>\n\n\n\n<div style=\"height:100px\" aria-hidden=\"true\" class=\"wp-block-spacer is-style-spacer-small\"><\/div>\n<\/div><\/div>\n\n\n\n<div class=\"wp-block-group is-style-container-medium\"><div class=\"wp-block-group__inner-container is-layout-constrained wp-block-group-is-layout-constrained\">\n<p>Desde Tarn\u00f3w se pueden visitar algunos ejemplos de la rica arquitectura de madera de la regi\u00f3n: <strong>la iglesia de Binarowa<\/strong> a tan solo 45 km, <strong>Patrimonio de la Humanidad<\/strong>, o un poco m\u00e1s cerca (a 30km) l<strong>a peque\u00f1a localidad de Zalipie<\/strong>&nbsp;Un lugar lleno de encanto por sus casas de madera decoradas por dentro y por fuera, con motivos folkl\u00f3ricos tradicionales de Polonia.<\/p>\n\n\n\n<div style=\"height:100px\" aria-hidden=\"true\" class=\"wp-block-spacer is-style-spacer-small\"><\/div>\n\n\n\n<div class=\"wp-block-group is-style-container-medium\"><div class=\"wp-block-group__inner-container is-layout-constrained wp-block-group-is-layout-constrained\"><div class=\"wp-block-image\">\n<figure class=\"aligncenter size-full is-resized\"><img loading=\"lazy\" decoding=\"async\" width=\"4252\" height=\"2835\" src=\"https:\/\/www.polonia.travel\/es\/wp-content\/uploads\/sites\/18\/2024\/04\/00462_3096_Binarowa_kosc_Michala_Archaniola_KK_HR.jpg\" alt=\"\" class=\"wp-image-37496\" style=\"width:693px;height:auto\"\/><figcaption class=\"wp-element-caption\">Interior de la Iglesia de <strong>San Miguel Arc\u00e1ngel<\/strong> en <em>Binarowa<\/em><\/figcaption><\/figure><\/div><\/div><\/div>\n\n\n\n<div style=\"height:100px\" aria-hidden=\"true\" class=\"wp-block-spacer is-style-spacer-small\"><\/div>\n\n\n\n<p><strong>Tarn\u00f3w y la huella espa\u00f1ola<\/strong><\/p>\n\n\n\n<p>Entre las <strong>curiosidades<\/strong> propias de <strong>Tarn\u00f3w<\/strong> se encuentran las <strong>huellas espa\u00f1olas<\/strong> m\u00e1s cerca de lo que cre\u00edais. \u00bfSab\u00edais que uno de los ciudadanos de la ciudad fue condecorado por Alfonso XIII con la Medalla de Isabel Cat\u00f3lica en 1902? &nbsp;<\/p>\n\n\n\n<p><strong>Jan Szczepanik<\/strong>, conocido por el ser creador del primer &#8222;chaleco antibalas&#8221;, logr\u00f3 salvar al <strong>rey Alfonso XIII<\/strong> de Espa\u00f1a. El carruaje real en el que se encontraba el monarca hab\u00eda sido fabricado con un <strong>material antibalas<\/strong>, obra de Szczepanik. Cuando se intent\u00f3 atentar contra su vida mediante el lanzamiento de una bomba en su direcci\u00f3n, el monarca no fue herido gracias a esta protecci\u00f3n. Sin embargo, aunque el rey no sufriera grandes da\u00f1os, no tuvieron la misma suerte los transe\u00fantes que se encontraban cerca del veh\u00edculo, los cuales s\u00ed fueron heridos. Debido a este suceso, el rey Alfonso XIII concedi\u00f3 a Jan Szczepanik la Medalla de Isabel la Cat\u00f3lica el 2 de junio de 1902.<\/p>\n\n\n\n<div style=\"height:100px\" aria-hidden=\"true\" class=\"wp-block-spacer is-style-spacer-small\"><\/div>\n\n\n\n<figure class=\"wp-block-gallery has-nested-images columns-default is-cropped wp-block-gallery-1 is-layout-flex wp-block-gallery-is-layout-flex\">\n<figure class=\"wp-block-image size-large is-style-default\"><img loading=\"lazy\" decoding=\"async\" width=\"1200\" height=\"902\" data-id=\"38264\" src=\"https:\/\/www.polonia.travel\/es\/wp-content\/uploads\/sites\/18\/2024\/04\/11270005-1200x902.jpg\" alt=\"\" class=\"wp-image-38264\" srcset=\"https:\/\/www.polonia.travel\/es\/wp-content\/uploads\/sites\/18\/2024\/04\/11270005-1200x902.jpg 1200w, https:\/\/www.polonia.travel\/es\/wp-content\/uploads\/sites\/18\/2024\/04\/11270005-600x451.jpg 600w, https:\/\/www.polonia.travel\/es\/wp-content\/uploads\/sites\/18\/2024\/04\/11270005-768x577.jpg 768w, https:\/\/www.polonia.travel\/es\/wp-content\/uploads\/sites\/18\/2024\/04\/11270005-1536x1155.jpg 1536w, https:\/\/www.polonia.travel\/es\/wp-content\/uploads\/sites\/18\/2024\/04\/11270005.jpg 1853w\" sizes=\"auto, (max-width: 1200px) 100vw, 1200px\" \/><\/figure>\n<\/figure>\n\n\n\n<div style=\"height:100px\" aria-hidden=\"true\" class=\"wp-block-spacer is-style-spacer-small\"><\/div>\n\n\n\n<p>\u00bfY por qu\u00e9 en Barcelona hay una plaza que lleva el nombre de Gabriel de Morvay? <strong>Gabriel Stanis\u0142aw Morvay<\/strong> naci\u00f3 en la ciudad de Tarn\u00f3w, pero muri\u00f3 en en Sabadell, Barcelona, despu\u00e9s de una vida dedicada a su arte. no queremos desvelaros muchos detalles porque as\u00ed podr\u00e9is conocerle mejor si visit\u00e9is la ciudad. Pero s\u00ed que os podemos adelantar que ambas ciudades, Tarn\u00f3w y Sabadell, cuentan con una placa conmemorativa que rinden homenaje a su figura.<\/p>\n<\/div><\/div>\n\n\n\n<div style=\"height:100px\" aria-hidden=\"true\" class=\"wp-block-spacer\"><\/div>\n\n\n\n<div style=\"height:100px\" aria-hidden=\"true\" class=\"wp-block-spacer is-style-spacer-small\"><\/div>\n\n\n\n<div class=\"wp-block-group is-style-container-medium\"><div class=\"wp-block-group__inner-container is-layout-constrained wp-block-group-is-layout-constrained\">\n<p>Para una gu\u00eda m\u00e1s detallada de la ciudad, os invitamos a leer el siguiente blog: <a href=\"https:\/\/www.mibauldeblogs.com\/que-ver-en-Tarnow\/\" target=\"_blank\" rel=\"noreferrer noopener\">Mi ba\u00fal de blogs<\/a><\/p>\n<\/div><\/div>\n\n\n\n<div style=\"height:100px\" aria-hidden=\"true\" class=\"wp-block-spacer is-style-spacer-medium\"><\/div>\n\n\n\n<div class=\"wp-block-group has-background\" style=\"background-color:#eeeeee\"><div class=\"wp-block-group__inner-container is-layout-constrained wp-block-group-is-layout-constrained\">\n<div style=\"height:100px\" aria-hidden=\"true\" class=\"wp-block-spacer is-style-spacer-small\"><\/div>\n\n\n\n<div class=\"wp-block-group is-style-container\"><div class=\"wp-block-group__inner-container is-layout-constrained wp-block-group-is-layout-constrained\">\n<h3 class=\"wp-block-heading\">M\u00e1s informaci\u00f3n<\/h3>\n\n\n<div class=\"overflow\">\n  <div class=\"post-slider swiper post-slider--small\" data-schema=\"small\">\n\n    <div class=\"swiper-wrapper\">\n              <div class=\"swiper-slide post-slide\">\n                      <a href=\"https:\/\/www.polonia.travel\/es\/cracovia-la-cautivadora\/\" class=\"post-box post-box--small\" style=\" background-image: url(https:\/\/www.polonia.travel\/es\/wp-content\/uploads\/sites\/18\/2023\/07\/Krakow1170-600x400.jpg);\">\n          <div class=\"post-box__hover\" style=\"background-image: url(https:\/\/www.polonia.travel\/es\/wp-content\/uploads\/sites\/18\/2023\/07\/krakow_kazimierz_2_1170-1-600x400.jpg);\"><\/div>\n        <div class=\"post-box__info\">\n            <div class=\"post-box__title\">Cracovia la cautivadora<\/div>\n      <div class=\"post-box__more\">Leer m\u00e1s<\/div>\n    <\/div>\n  <\/a>\n\n          <\/div>\n              <div class=\"swiper-slide post-slide\">\n                      <a href=\"https:\/\/www.polonia.travel\/es\/la-mina-de-sal-de-wieliczka-1978-y-bochnia\/\" class=\"post-box post-box--small\" style=\" background-image: url(https:\/\/www.polonia.travel\/es\/wp-content\/uploads\/sites\/18\/2023\/01\/unesco-600x399.jpg);\">\n          <div class=\"post-box__hover\" style=\"background-image: url(https:\/\/www.polonia.travel\/es\/wp-content\/uploads\/sites\/18\/2022\/12\/bochnia_10_1170-600x400.jpg);\"><\/div>\n        <div class=\"post-box__info\">\n            <div class=\"post-box__title\">La Mina de Sal de Wieliczka (1978) y Bochnia<\/div>\n      <div class=\"post-box__more\">Leer m\u00e1s<\/div>\n    <\/div>\n  <\/a>\n\n          <\/div>\n              <div class=\"swiper-slide post-slide\">\n                      <a href=\"https:\/\/www.polonia.travel\/es\/polonia-menor-malopolska\/\" class=\"post-box post-box--small\" style=\" background-image: url(https:\/\/www.polonia.travel\/es\/wp-content\/uploads\/sites\/18\/2024\/04\/malopolska_540.jpg);\">\n          <div class=\"post-box__hover\" style=\"background-image: url(https:\/\/www.polonia.travel\/es\/wp-content\/uploads\/sites\/18\/2024\/04\/61039655_Tatry_wiosna_lato_Adobe201-600x398.jpg);\"><\/div>\n        <div class=\"post-box__info\">\n            <div class=\"post-box__title\">POLONIA MENOR (Malopolska)<\/div>\n      <div class=\"post-box__more\">Leer m\u00e1s<\/div>\n    <\/div>\n  <\/a>\n\n          <\/div>\n              <div class=\"swiper-slide post-slide\">\n                      <a href=\"https:\/\/www.polonia.travel\/es\/iglesias-goticas-de-madera-2003\/\" class=\"post-box post-box--small\" style=\" background-image: url(https:\/\/www.polonia.travel\/es\/wp-content\/uploads\/sites\/18\/2023\/02\/Lipnica_Murowana_TP00774_1603_TP-600x400.jpg);\">\n          <div class=\"post-box__hover\" style=\"background-image: url(https:\/\/www.polonia.travel\/es\/wp-content\/uploads\/sites\/18\/2024\/04\/Binarowa_WEB_kosc_Michala_Archaniola_TP00462_3096_TP-600x400.jpg);\"><\/div>\n        <div class=\"post-box__info\">\n            <div class=\"post-box__title\">Iglesias g\u00f3ticas de madera (2003)<\/div>\n      <div class=\"post-box__more\">Leer m\u00e1s<\/div>\n    <\/div>\n  <\/a>\n\n          <\/div>\n              <div class=\"swiper-slide post-slide\">\n                      <a href=\"https:\/\/www.polonia.travel\/es\/iglesias-ortodoxas-de-madera-2013\/\" class=\"post-box post-box--small\" style=\" background-image: url(https:\/\/www.polonia.travel\/es\/wp-content\/uploads\/sites\/18\/2023\/02\/00735_4466_Radruz_cerkiew_TP_P-600x400.jpg);\">\n          <div class=\"post-box__hover\" style=\"background-image: url(https:\/\/www.polonia.travel\/es\/wp-content\/uploads\/sites\/18\/2023\/02\/4511_Chotyniec_cerkiew_Narodzenia_NMP_TP_P-600x400.jpg);\"><\/div>\n        <div class=\"post-box__info\">\n            <div class=\"post-box__title\">Iglesias ortodoxas de madera (2013)<\/div>\n      <div class=\"post-box__more\">Leer m\u00e1s<\/div>\n    <\/div>\n  <\/a>\n\n          <\/div>\n          <\/div>\n    <div class=\"post-slider__pagination\"><\/div>\n  <\/div>\n<\/div>\n<\/div><\/div>\n\n\n\n<div style=\"height:100px\" aria-hidden=\"true\" class=\"wp-block-spacer is-style-spacer-small\"><\/div>\n<\/div><\/div>\n","protected":false},"excerpt":{"rendered":"<p>Tarn\u00f3w, ha sido un lugar de encuentro de diferentes culturas &#8211; polaca, gitana, jud\u00eda y h\u00fangara &#8211; visible en su arquitectura y tradici\u00f3n. Por ello, te recomendamos visitar el Museo Etnogr\u00e1fico de la ciudad para sentir este ambiente multicultural, de paso conocer la historia&#8230; Sin embargo, en la ciudad no faltar\u00e1n influencias de dichas culturas, [&hellip;]<\/p>\n","protected":false},"author":1,"featured_media":21824,"comment_status":"open","ping_status":"open","sticky":false,"template":"","format":"standard","meta":{"_acf_changed":false,"footnotes":""},"categories":[1037],"class_list":["post-31235","post","type-post","status-publish","format-standard","has-post-thumbnail","hentry","category-ciudades"],"acf":[],"yoast_head":"<!-- This site is optimized with the Yoast SEO plugin v27.4 - https:\/\/yoast.com\/product\/yoast-seo-wordpress\/ -->\n<title>Tarn\u00f3w, Cracovia en miniatura - Polonia Travel (ES)<\/title>\n<meta name=\"robots\" content=\"index, follow, max-snippet:-1, max-image-preview:large, max-video-preview:-1\" \/>\n<link rel=\"canonical\" href=\"https:\/\/www.polonia.travel\/es\/tarnow-cracovia-en-miniatura\/\" \/>\n<meta property=\"og:locale\" content=\"pl_PL\" \/>\n<meta property=\"og:type\" content=\"article\" \/>\n<meta property=\"og:title\" content=\"Tarn\u00f3w, Cracovia en miniatura - Polonia Travel (ES)\" \/>\n<meta property=\"og:description\" content=\"Tarn\u00f3w, ha sido un lugar de encuentro de diferentes culturas &#8211; polaca, gitana, jud\u00eda y h\u00fangara &#8211; visible en su arquitectura y tradici\u00f3n. Por ello, te recomendamos visitar el Museo Etnogr\u00e1fico de la ciudad para sentir este ambiente multicultural, de paso conocer la historia&#8230; Sin embargo, en la ciudad no faltar\u00e1n influencias de dichas culturas, [&hellip;]\" \/>\n<meta property=\"og:url\" content=\"https:\/\/www.polonia.travel\/es\/tarnow-cracovia-en-miniatura\/\" \/>\n<meta property=\"og:site_name\" content=\"Polonia Travel (ES)\" \/>\n<meta property=\"article:published_time\" content=\"2024-04-29T10:29:59+00:00\" \/>\n<meta property=\"article:modified_time\" content=\"2025-09-18T10:29:18+00:00\" \/>\n<meta property=\"og:image\" content=\"https:\/\/www.polonia.travel\/es\/wp-content\/uploads\/sites\/18\/2023\/03\/tarnow1920.jpg\" \/>\n\t<meta property=\"og:image:width\" content=\"1920\" \/>\n\t<meta property=\"og:image:height\" content=\"610\" \/>\n\t<meta property=\"og:image:type\" content=\"image\/jpeg\" \/>\n<meta name=\"twitter:card\" content=\"summary_large_image\" \/>\n<meta name=\"twitter:label1\" content=\"Napisane przez\" \/>\n\t<meta name=\"twitter:data1\" content=\"\" \/>\n\t<meta name=\"twitter:label2\" content=\"Szacowany czas czytania\" \/>\n\t<meta name=\"twitter:data2\" content=\"4 minuty\" \/>\n<script type=\"application\/ld+json\" class=\"yoast-schema-graph\">{\"@context\":\"https:\\\/\\\/schema.org\",\"@graph\":[{\"@type\":\"Article\",\"@id\":\"https:\\\/\\\/www.polonia.travel\\\/es\\\/tarnow-cracovia-en-miniatura\\\/#article\",\"isPartOf\":{\"@id\":\"https:\\\/\\\/www.polonia.travel\\\/es\\\/tarnow-cracovia-en-miniatura\\\/\"},\"author\":{\"name\":\"\",\"@id\":\"\"},\"headline\":\"Tarn\u00f3w, Cracovia en miniatura\",\"datePublished\":\"2024-04-29T10:29:59+00:00\",\"dateModified\":\"2025-09-18T10:29:18+00:00\",\"mainEntityOfPage\":{\"@id\":\"https:\\\/\\\/www.polonia.travel\\\/es\\\/tarnow-cracovia-en-miniatura\\\/\"},\"wordCount\":612,\"commentCount\":0,\"publisher\":{\"@id\":\"https:\\\/\\\/www.polonia.travel\\\/es\\\/#organization\"},\"image\":{\"@id\":\"https:\\\/\\\/www.polonia.travel\\\/es\\\/tarnow-cracovia-en-miniatura\\\/#primaryimage\"},\"thumbnailUrl\":\"https:\\\/\\\/www.polonia.travel\\\/es\\\/wp-content\\\/uploads\\\/sites\\\/18\\\/2023\\\/03\\\/tarnow1920.jpg\",\"keywords\":[\"es\",\"ciudades\"],\"articleSection\":[\"Ciudades\"],\"inLanguage\":\"pl-PL\"},{\"@type\":\"WebPage\",\"@id\":\"https:\\\/\\\/www.polonia.travel\\\/es\\\/tarnow-cracovia-en-miniatura\\\/\",\"url\":\"https:\\\/\\\/www.polonia.travel\\\/es\\\/tarnow-cracovia-en-miniatura\\\/\",\"name\":\"Tarn\u00f3w, Cracovia en miniatura - Polonia Travel (ES)\",\"isPartOf\":{\"@id\":\"https:\\\/\\\/www.polonia.travel\\\/es\\\/#website\"},\"primaryImageOfPage\":{\"@id\":\"https:\\\/\\\/www.polonia.travel\\\/es\\\/tarnow-cracovia-en-miniatura\\\/#primaryimage\"},\"image\":{\"@id\":\"https:\\\/\\\/www.polonia.travel\\\/es\\\/tarnow-cracovia-en-miniatura\\\/#primaryimage\"},\"thumbnailUrl\":\"https:\\\/\\\/www.polonia.travel\\\/es\\\/wp-content\\\/uploads\\\/sites\\\/18\\\/2023\\\/03\\\/tarnow1920.jpg\",\"datePublished\":\"2024-04-29T10:29:59+00:00\",\"dateModified\":\"2025-09-18T10:29:18+00:00\",\"breadcrumb\":{\"@id\":\"https:\\\/\\\/www.polonia.travel\\\/es\\\/tarnow-cracovia-en-miniatura\\\/#breadcrumb\"},\"inLanguage\":\"pl-PL\",\"potentialAction\":[{\"@type\":\"ReadAction\",\"target\":[\"https:\\\/\\\/www.polonia.travel\\\/es\\\/tarnow-cracovia-en-miniatura\\\/\"]}]},{\"@type\":\"ImageObject\",\"inLanguage\":\"pl-PL\",\"@id\":\"https:\\\/\\\/www.polonia.travel\\\/es\\\/tarnow-cracovia-en-miniatura\\\/#primaryimage\",\"url\":\"https:\\\/\\\/www.polonia.travel\\\/es\\\/wp-content\\\/uploads\\\/sites\\\/18\\\/2023\\\/03\\\/tarnow1920.jpg\",\"contentUrl\":\"https:\\\/\\\/www.polonia.travel\\\/es\\\/wp-content\\\/uploads\\\/sites\\\/18\\\/2023\\\/03\\\/tarnow1920.jpg\",\"width\":1920,\"height\":610},{\"@type\":\"BreadcrumbList\",\"@id\":\"https:\\\/\\\/www.polonia.travel\\\/es\\\/tarnow-cracovia-en-miniatura\\\/#breadcrumb\",\"itemListElement\":[{\"@type\":\"ListItem\",\"position\":1,\"name\":\"Home page\",\"item\":\"https:\\\/\\\/www.polonia.travel\\\/es\\\/\"},{\"@type\":\"ListItem\",\"position\":2,\"name\":\"Descubre +\",\"item\":\"https:\\\/\\\/www.polonia.travel\\\/es\\\/category\\\/descubre-lugares\\\/\"},{\"@type\":\"ListItem\",\"position\":3,\"name\":\"Ciudades\",\"item\":\"https:\\\/\\\/www.polonia.travel\\\/es\\\/category\\\/descubre-lugares\\\/ciudades\\\/\"},{\"@type\":\"ListItem\",\"position\":4,\"name\":\"Tarn\u00f3w, Cracovia en miniatura\"}]},{\"@type\":\"WebSite\",\"@id\":\"https:\\\/\\\/www.polonia.travel\\\/es\\\/#website\",\"url\":\"https:\\\/\\\/www.polonia.travel\\\/es\\\/\",\"name\":\"Polonia Travel (ES)\",\"description\":\"...\",\"publisher\":{\"@id\":\"https:\\\/\\\/www.polonia.travel\\\/es\\\/#organization\"},\"potentialAction\":[{\"@type\":\"SearchAction\",\"target\":{\"@type\":\"EntryPoint\",\"urlTemplate\":\"https:\\\/\\\/www.polonia.travel\\\/es\\\/?s={search_term_string}\"},\"query-input\":{\"@type\":\"PropertyValueSpecification\",\"valueRequired\":true,\"valueName\":\"search_term_string\"}}],\"inLanguage\":\"pl-PL\"},{\"@type\":\"Organization\",\"@id\":\"https:\\\/\\\/www.polonia.travel\\\/es\\\/#organization\",\"name\":\"Polonia Travel (ES)\",\"url\":\"https:\\\/\\\/www.polonia.travel\\\/es\\\/\",\"logo\":{\"@type\":\"ImageObject\",\"inLanguage\":\"pl-PL\",\"@id\":\"https:\\\/\\\/www.polonia.travel\\\/es\\\/#\\\/schema\\\/logo\\\/image\\\/\",\"url\":\"\",\"contentUrl\":\"\",\"caption\":\"Polonia Travel (ES)\"},\"image\":{\"@id\":\"https:\\\/\\\/www.polonia.travel\\\/es\\\/#\\\/schema\\\/logo\\\/image\\\/\"}},{\"@type\":\"Person\",\"@id\":\"\"}]}<\/script>\n<!-- \/ Yoast SEO plugin. -->","yoast_head_json":{"title":"Tarn\u00f3w, Cracovia en miniatura - Polonia Travel (ES)","robots":{"index":"index","follow":"follow","max-snippet":"max-snippet:-1","max-image-preview":"max-image-preview:large","max-video-preview":"max-video-preview:-1"},"canonical":"https:\/\/www.polonia.travel\/es\/tarnow-cracovia-en-miniatura\/","og_locale":"pl_PL","og_type":"article","og_title":"Tarn\u00f3w, Cracovia en miniatura - Polonia Travel (ES)","og_description":"Tarn\u00f3w, ha sido un lugar de encuentro de diferentes culturas &#8211; polaca, gitana, jud\u00eda y h\u00fangara &#8211; visible en su arquitectura y tradici\u00f3n. Por ello, te recomendamos visitar el Museo Etnogr\u00e1fico de la ciudad para sentir este ambiente multicultural, de paso conocer la historia&#8230; Sin embargo, en la ciudad no faltar\u00e1n influencias de dichas culturas, [&hellip;]","og_url":"https:\/\/www.polonia.travel\/es\/tarnow-cracovia-en-miniatura\/","og_site_name":"Polonia Travel (ES)","article_published_time":"2024-04-29T10:29:59+00:00","article_modified_time":"2025-09-18T10:29:18+00:00","og_image":[{"width":1920,"height":610,"url":"https:\/\/www.polonia.travel\/es\/wp-content\/uploads\/sites\/18\/2023\/03\/tarnow1920.jpg","type":"image\/jpeg"}],"twitter_card":"summary_large_image","twitter_misc":{"Napisane przez":"","Szacowany czas czytania":"4 minuty"},"schema":{"@context":"https:\/\/schema.org","@graph":[{"@type":"Article","@id":"https:\/\/www.polonia.travel\/es\/tarnow-cracovia-en-miniatura\/#article","isPartOf":{"@id":"https:\/\/www.polonia.travel\/es\/tarnow-cracovia-en-miniatura\/"},"author":{"name":"","@id":""},"headline":"Tarn\u00f3w, Cracovia en miniatura","datePublished":"2024-04-29T10:29:59+00:00","dateModified":"2025-09-18T10:29:18+00:00","mainEntityOfPage":{"@id":"https:\/\/www.polonia.travel\/es\/tarnow-cracovia-en-miniatura\/"},"wordCount":612,"commentCount":0,"publisher":{"@id":"https:\/\/www.polonia.travel\/es\/#organization"},"image":{"@id":"https:\/\/www.polonia.travel\/es\/tarnow-cracovia-en-miniatura\/#primaryimage"},"thumbnailUrl":"https:\/\/www.polonia.travel\/es\/wp-content\/uploads\/sites\/18\/2023\/03\/tarnow1920.jpg","keywords":["es","ciudades"],"articleSection":["Ciudades"],"inLanguage":"pl-PL"},{"@type":"WebPage","@id":"https:\/\/www.polonia.travel\/es\/tarnow-cracovia-en-miniatura\/","url":"https:\/\/www.polonia.travel\/es\/tarnow-cracovia-en-miniatura\/","name":"Tarn\u00f3w, Cracovia en miniatura - Polonia Travel (ES)","isPartOf":{"@id":"https:\/\/www.polonia.travel\/es\/#website"},"primaryImageOfPage":{"@id":"https:\/\/www.polonia.travel\/es\/tarnow-cracovia-en-miniatura\/#primaryimage"},"image":{"@id":"https:\/\/www.polonia.travel\/es\/tarnow-cracovia-en-miniatura\/#primaryimage"},"thumbnailUrl":"https:\/\/www.polonia.travel\/es\/wp-content\/uploads\/sites\/18\/2023\/03\/tarnow1920.jpg","datePublished":"2024-04-29T10:29:59+00:00","dateModified":"2025-09-18T10:29:18+00:00","breadcrumb":{"@id":"https:\/\/www.polonia.travel\/es\/tarnow-cracovia-en-miniatura\/#breadcrumb"},"inLanguage":"pl-PL","potentialAction":[{"@type":"ReadAction","target":["https:\/\/www.polonia.travel\/es\/tarnow-cracovia-en-miniatura\/"]}]},{"@type":"ImageObject","inLanguage":"pl-PL","@id":"https:\/\/www.polonia.travel\/es\/tarnow-cracovia-en-miniatura\/#primaryimage","url":"https:\/\/www.polonia.travel\/es\/wp-content\/uploads\/sites\/18\/2023\/03\/tarnow1920.jpg","contentUrl":"https:\/\/www.polonia.travel\/es\/wp-content\/uploads\/sites\/18\/2023\/03\/tarnow1920.jpg","width":1920,"height":610},{"@type":"BreadcrumbList","@id":"https:\/\/www.polonia.travel\/es\/tarnow-cracovia-en-miniatura\/#breadcrumb","itemListElement":[{"@type":"ListItem","position":1,"name":"Home page","item":"https:\/\/www.polonia.travel\/es\/"},{"@type":"ListItem","position":2,"name":"Descubre +","item":"https:\/\/www.polonia.travel\/es\/category\/descubre-lugares\/"},{"@type":"ListItem","position":3,"name":"Ciudades","item":"https:\/\/www.polonia.travel\/es\/category\/descubre-lugares\/ciudades\/"},{"@type":"ListItem","position":4,"name":"Tarn\u00f3w, Cracovia en miniatura"}]},{"@type":"WebSite","@id":"https:\/\/www.polonia.travel\/es\/#website","url":"https:\/\/www.polonia.travel\/es\/","name":"Polonia Travel (ES)","description":"...","publisher":{"@id":"https:\/\/www.polonia.travel\/es\/#organization"},"potentialAction":[{"@type":"SearchAction","target":{"@type":"EntryPoint","urlTemplate":"https:\/\/www.polonia.travel\/es\/?s={search_term_string}"},"query-input":{"@type":"PropertyValueSpecification","valueRequired":true,"valueName":"search_term_string"}}],"inLanguage":"pl-PL"},{"@type":"Organization","@id":"https:\/\/www.polonia.travel\/es\/#organization","name":"Polonia Travel (ES)","url":"https:\/\/www.polonia.travel\/es\/","logo":{"@type":"ImageObject","inLanguage":"pl-PL","@id":"https:\/\/www.polonia.travel\/es\/#\/schema\/logo\/image\/","url":"","contentUrl":"","caption":"Polonia Travel (ES)"},"image":{"@id":"https:\/\/www.polonia.travel\/es\/#\/schema\/logo\/image\/"}},{"@type":"Person","@id":""}]}},"_links":{"self":[{"href":"https:\/\/www.polonia.travel\/es\/wp-json\/wp\/v2\/posts\/31235","targetHints":{"allow":["GET"]}}],"collection":[{"href":"https:\/\/www.polonia.travel\/es\/wp-json\/wp\/v2\/posts"}],"about":[{"href":"https:\/\/www.polonia.travel\/es\/wp-json\/wp\/v2\/types\/post"}],"author":[{"embeddable":true,"href":"https:\/\/www.polonia.travel\/es\/wp-json\/wp\/v2\/users\/1"}],"replies":[{"embeddable":true,"href":"https:\/\/www.polonia.travel\/es\/wp-json\/wp\/v2\/comments?post=31235"}],"version-history":[{"count":18,"href":"https:\/\/www.polonia.travel\/es\/wp-json\/wp\/v2\/posts\/31235\/revisions"}],"predecessor-version":[{"id":38310,"href":"https:\/\/www.polonia.travel\/es\/wp-json\/wp\/v2\/posts\/31235\/revisions\/38310"}],"wp:featuredmedia":[{"embeddable":true,"href":"https:\/\/www.polonia.travel\/es\/wp-json\/wp\/v2\/media\/21824"}],"wp:attachment":[{"href":"https:\/\/www.polonia.travel\/es\/wp-json\/wp\/v2\/media?parent=31235"}],"wp:term":[{"taxonomy":"category","embeddable":true,"href":"https:\/\/www.polonia.travel\/es\/wp-json\/wp\/v2\/categories?post=31235"}],"curies":[{"name":"wp","href":"https:\/\/api.w.org\/{rel}","templated":true}]}}