{"id":31230,"date":"2024-04-26T13:24:50","date_gmt":"2024-04-26T11:24:50","guid":{"rendered":"https:\/\/wp-es.poland.travel\/?p=31230"},"modified":"2026-02-13T13:26:20","modified_gmt":"2026-02-13T12:26:20","slug":"torun-ciudad-natal-de-nicolas-copernico","status":"publish","type":"post","link":"https:\/\/www.polonia.travel\/es\/torun-ciudad-natal-de-nicolas-copernico\/","title":{"rendered":"Torun, ciudad natal de Nicol\u00e1s Cop\u00e9rnico"},"content":{"rendered":"\n<div class=\"wp-block-group is-style-container\"><div class=\"wp-block-group__inner-container is-layout-constrained wp-block-group-is-layout-constrained\">\n<!-- empty -->\n\n\n<div class=\"metrics\">\n  <div class=\"metrics__text\">\n    <h1 class=\"is-style-heading-38 mb20 large-mb30\">Torun, ciudad natal de Nicol\u00e1s Cop\u00e9rnico<\/h1>\n    <p>Lugar natal de\u00a0<strong>Nicol\u00e1s Cop\u00e9rnico,\u00a0<\/strong>ciudad asentada a ambas orillas del r\u00edo V\u00edstula, posee la mayor riqueza de arquitectura g\u00f3tica de Polonia. Su centro hist\u00f3rico, con una distribuci\u00f3n de gran originalidad, forma parte de la lista de\u00a0<strong>Monumentos de la UNESCO<\/strong>.<\/p>\n  <\/div>\n  <div class=\"metrics__sidebar\">\n    <div class=\"metrics-box\">\n              <div class=\"metrics-box__title\">Informaci\u00f3n b\u00e1sica<\/div>\n        <div class=\"metrics-box__values\">\n                                        <div class=\"metrics-box__item\">\n      <div class=\"metrics-box__label\">Superficie:<\/div>\n      <div class=\"metrics-box__value\">115,72 km\u00b2 <\/div>\n    <\/div>\n                                <div class=\"metrics-box__item\">\n      <div class=\"metrics-box__label\">Poblaci\u00f3n:<\/div>\n      <div class=\"metrics-box__value\">198 273 (2020)<\/div>\n    <\/div>\n                                <\/div>\n                <\/div>\n  <\/div>\n<\/div>\n<\/div><\/div>\n\n\n\n<div class=\"wp-block-group is-style-container-medium\"><div class=\"wp-block-group__inner-container is-layout-constrained wp-block-group-is-layout-constrained\">\n<p>En esta ciudad destaca la <strong>Plaza Mayor<\/strong>,&nbsp;con el <strong>Ayuntamiento<\/strong> en su parte central. Desde lo alto de la torre del ayuntamiento se divisa una maravillosa vista panor\u00e1mica. Otros monumentos son la estatua de Cop\u00e9rnico, la <strong>casa de la familia de Cop\u00e9rnico<\/strong>, tres iglesias g\u00f3ticas, las murallas defensivas y accesos medievales a la ciudad, las ruinas de un castillo de los caballeros&nbsp; teut\u00f3nicos y la <strong>Torre Torcida<\/strong>. Entre las iglesias destaca la de <strong>Santiago Ap\u00f3stol<\/strong>, ya que en la Edad Media Toru\u0144 se encontraba en el Camino de Santiago del noreste europeo a la Pen\u00ednsula Ib\u00e9rica. Adem\u00e1s, numerosos museos, un planetario y un museo de arquitectura tradicional&nbsp; al aire libre.<\/p>\n<\/div><\/div>\n\n\n\n<div style=\"height:100px\" aria-hidden=\"true\" class=\"wp-block-spacer is-style-spacer-small\"><\/div>\n\n\n\n<div class=\"wp-block-group is-style-container\"><div class=\"wp-block-group__inner-container is-layout-constrained wp-block-group-is-layout-constrained\">\n<figure class=\"wp-block-embed is-type-video is-provider-youtube wp-block-embed-youtube wp-embed-aspect-16-9 wp-has-aspect-ratio\"><div class=\"wp-block-embed__wrapper\">\n<iframe loading=\"lazy\" title=\"Polskie Marki Turystyczne - Toru\u0144\" width=\"500\" height=\"281\" src=\"https:\/\/www.youtube.com\/embed\/s6iSyj3X8d4?feature=oembed&#038;enablejsapi=1&#038;origin=https:\/\/www.polonia.travel\" frameborder=\"0\" allow=\"accelerometer; autoplay; clipboard-write; encrypted-media; gyroscope; picture-in-picture; web-share\" referrerpolicy=\"strict-origin-when-cross-origin\" allowfullscreen><\/iframe>\n<\/div><\/figure>\n<\/div><\/div>\n\n\n\n<div style=\"height:100px\" aria-hidden=\"true\" class=\"wp-block-spacer is-style-spacer-small\"><\/div>\n\n\n\n<div class=\"wp-block-group is-style-container-medium\"><div class=\"wp-block-group__inner-container is-layout-constrained wp-block-group-is-layout-constrained\">\n<p>Torun es tambi\u00e9n la capital de <em><strong>piernik<\/strong><\/em>, conocido en ingl\u00e9s como <em>gingerbread<\/em>, y en espa\u00f1ol, pan\/pastel de especias y miel. Se puede completar la visita en el Museo de <em><strong>Piernik<\/strong><\/em> y\/o museo vivo (<em><strong>\u017bywe Muzeum Piernika<\/strong><\/em>) viendo c\u00f3mo se elabora la masa y conocer sus secretos.<\/p>\n\n\n\n<div style=\"height:100px\" aria-hidden=\"true\" class=\"wp-block-spacer is-style-spacer-medium\"><\/div>\n<\/div><\/div>\n\n\n\n<div class=\"wp-block-group is-style-container-medium\"><div class=\"wp-block-group__inner-container is-layout-constrained wp-block-group-is-layout-constrained\">\n<h3 class=\"wp-block-heading\">\u00bfQu\u00e9 ver y qu\u00e9 hacer en Toru\u0144?<\/h3>\n\n\n\n<div style=\"height:100px\" aria-hidden=\"true\" class=\"wp-block-spacer is-style-spacer-small\"><\/div>\n\n\n\n<div class=\"wp-block-group is-style-container-medium\"><div class=\"wp-block-group__inner-container is-layout-constrained wp-block-group-is-layout-constrained\">\n<p><strong>Casco hist\u00f3rico<\/strong><\/p>\n\n\n\n<ul class=\"wp-block-list\">\n<li><strong>Plaza del Mercado (Rynek Staromiejski):<\/strong> el coraz\u00f3n de la ciudad con arquitectura medieval, ambiente animado, caf\u00e9s y restaurantes.<\/li>\n\n\n\n<li><strong>Antiguo <\/strong><strong>Ayuntamiento <\/strong><strong>(Ratusz)<\/strong><strong>:<\/strong> edificio g\u00f3tico impresionante; alberga el Museo Regional y desde sus alturas hay vistas espectaculares de la ciudad y el r\u00edo.<\/li>\n\n\n\n<li class=\"wp-embed-aspect-16-9 wp-has-aspect-ratio\"><strong>Casa de<\/strong><strong> Nicol\u00e1s Cop\u00e9rnico:<\/strong> lugar de nacimiento del famoso astr\u00f3nomo. Hoy es un museo dedicado a su vida, su obra y la \u00e9poca en la que vivi\u00f3. Frente al ayuntamiento, hay tambi\u00e9n un monumento a Cop\u00e9rnico &#8211; uno de los s\u00edmbolos de Toru\u0144.<\/li>\n\n\n\n<li class=\"wp-embed-aspect-16-9 wp-has-aspect-ratio\"><strong>Torre Inclinada: <\/strong>una torre medieval que se inclina bastante (similar a Pisa a peque\u00f1a escala) y es ideal para fotos.<\/li>\n\n\n\n<li class=\"wp-embed-aspect-16-9 wp-has-aspect-ratio\"><strong>Catedral de San Juan Bautista y San Juan Evangelista<\/strong><em><strong>:<\/strong> u<\/em>na iglesia g\u00f3tica impresionante donde fue bautizado Cop\u00e9rnico.<\/li>\n\n\n\n<li class=\"wp-embed-aspect-16-9 wp-has-aspect-ratio\"><strong>Ruinas del Castillo de los Caballeros Teut\u00f3nicos<\/strong><em>:<\/em> Pasea por los restos de esta fortaleza medieval con vistas al r\u00edo V\u00edstula<\/li>\n<\/ul>\n<\/div><\/div>\n\n\n\n<div style=\"height:100px\" aria-hidden=\"true\" class=\"wp-block-spacer is-style-spacer-small\"><\/div>\n\n\n\n<div class=\"wp-block-group is-style-container-medium\"><div class=\"wp-block-group__inner-container is-layout-constrained wp-block-group-is-layout-constrained\">\n<p><br>\ud83d\udca1<strong>Experiencias \u00fanicas en Toru\u0144<\/strong><\/p>\n\n\n\n<ul class=\"wp-block-list\">\n<li class=\"wp-embed-aspect-16-9 wp-has-aspect-ratio\"><strong>Museos del pan de jengibre (<em>Piernik<\/em>)<\/strong><em><strong> <\/strong>&#8211; <\/em>\u00a1Es una visita obligada, y al salir podr\u00e1s probar o llevarte tus propias galletas! <\/li>\n\n\n\n<li class=\"wp-embed-aspect-16-9 wp-has-aspect-ratio\"><strong>Planetario de Toru\u0144<\/strong><em> &#8211; <\/em>Perfecto para profundizar en astronom\u00eda en la ciudad donde naci\u00f3 Cop\u00e9rnico.<\/li>\n<\/ul>\n<\/div><\/div>\n<\/div><\/div>\n\n\n\n<div style=\"height:100px\" aria-hidden=\"true\" class=\"wp-block-spacer is-style-spacer-small\"><\/div>\n\n\n\n<div class=\"wp-block-group is-style-container-medium\"><div class=\"wp-block-group__inner-container is-layout-constrained wp-block-group-is-layout-constrained\">\n<p>\ud83c\udfad <strong>Eventos culturales<\/strong><\/p>\n\n\n\n<ul class=\"wp-block-list\">\n<li class=\"wp-embed-aspect-16-9 wp-has-aspect-ratio\"><strong><strong>Festival Internacional de Cine \u201cCamerimage\u201d<\/strong><\/strong><em><strong> <\/strong>&#8211; <\/em>Se trata del mayor festival cinematogr\u00e1fico del pa\u00eds y uno de los referentes mundiales dedicados al arte de la cinematograf\u00eda. Previamente fue celebrado en Bydgoszcz (2010 a 2018) y \u0141\u00f3d\u017a (2002 &#8211; 2009).<\/li>\n\n\n\n<li class=\"wp-embed-aspect-16-9 wp-has-aspect-ratio\"><strong>Bella Skyway Festival\u00a0<\/strong>&#8211; festival internacional de la luz que se celebra generalmente durante el mes de agosto, transformando el casco antiguo de Toru\u0144 con instalaciones art\u00edsticas y proyecciones de mapeo.<\/li>\n<\/ul>\n<\/div><\/div>\n\n\n\n<div style=\"height:100px\" aria-hidden=\"true\" class=\"wp-block-spacer\"><\/div>\n\n\n\n<div class=\"wp-block-group has-background\" style=\"background-color:#eeeeee\"><div class=\"wp-block-group__inner-container is-layout-constrained wp-block-group-is-layout-constrained\">\n<div style=\"height:100px\" aria-hidden=\"true\" class=\"wp-block-spacer is-style-spacer-small\"><\/div>\n\n\n\n<div class=\"wp-block-group is-style-container\"><div class=\"wp-block-group__inner-container is-layout-constrained wp-block-group-is-layout-constrained\">\n<h3 class=\"wp-block-heading\">M\u00e1s informaci\u00f3n<\/h3>\n\n\n<div class=\"overflow\">\n  <div class=\"post-slider swiper post-slider--small\" data-schema=\"small\">\n\n    <div class=\"swiper-wrapper\">\n              <div class=\"swiper-slide post-slide\">\n                      <a href=\"https:\/\/www.polonia.travel\/es\/varsovia-con-un-toque-de-lujo\/\" class=\"post-box post-box--small\" style=\" background-image: url(https:\/\/www.polonia.travel\/es\/wp-content\/uploads\/sites\/18\/2024\/04\/Plaza-castillo-Real-fot.-m.st_.-Warszawa-3-540x360-1.jpg);\">\n          <div class=\"post-box__hover\" style=\"background-image: url(https:\/\/www.polonia.travel\/es\/wp-content\/uploads\/sites\/18\/2023\/08\/10_lato23-600x349.jpeg);\"><\/div>\n        <div class=\"post-box__info\">\n            <div class=\"post-box__title\">Varsovia con un toque de lujo<\/div>\n      <div class=\"post-box__more\">Leer m\u00e1s<\/div>\n    <\/div>\n  <\/a>\n\n          <\/div>\n              <div class=\"swiper-slide post-slide\">\n                      <a href=\"https:\/\/www.polonia.travel\/es\/lo-mejor-de-los-museos-de-cracovia\/\" class=\"post-box post-box--small\" style=\" background-image: url(https:\/\/www.polonia.travel\/es\/wp-content\/uploads\/sites\/18\/2022\/12\/krakow_sukiennice_noca_1170-600x400.jpg);\">\n          <div class=\"post-box__hover\" style=\"background-image: url(https:\/\/www.polonia.travel\/es\/wp-content\/uploads\/sites\/18\/2024\/11\/Krakow_kosc_Mariacki_TP_8316_20101125-192x125-cm_POT-600x389.jpg);\"><\/div>\n        <div class=\"post-box__info\">\n            <div class=\"post-box__title\">Lo mejor de los museos de Cracovia<\/div>\n      <div class=\"post-box__more\">Leer m\u00e1s<\/div>\n    <\/div>\n  <\/a>\n\n          <\/div>\n              <div class=\"swiper-slide post-slide\">\n                      <a href=\"https:\/\/www.polonia.travel\/es\/como-moverse-por-la-triciudad\/\" class=\"post-box post-box--small\" style=\" background-image: url(https:\/\/www.polonia.travel\/es\/wp-content\/uploads\/sites\/18\/2024\/04\/gdansk20PKP.jpg);\">\n          <div class=\"post-box__hover\" style=\"background-image: url(https:\/\/www.polonia.travel\/es\/wp-content\/uploads\/sites\/18\/2024\/04\/00352_8045_Sopot_Krzywy_Domek_KK_HR-500x500-1.jpg);\"><\/div>\n        <div class=\"post-box__info\">\n            <div class=\"post-box__title\">\u00bfC\u00f3mo moverse por la Triciudad?<\/div>\n      <div class=\"post-box__more\">Leer m\u00e1s<\/div>\n    <\/div>\n  <\/a>\n\n          <\/div>\n              <div class=\"swiper-slide post-slide\">\n                      <a href=\"https:\/\/www.polonia.travel\/es\/como-moverse-por-cracovia\/\" class=\"post-box post-box--small\" style=\" background-image: url(https:\/\/www.polonia.travel\/es\/wp-content\/uploads\/sites\/18\/2024\/05\/11434_Krakow_WLO_HR-600x389.jpg);\">\n          <div class=\"post-box__hover\" style=\"background-image: url(https:\/\/www.polonia.travel\/es\/wp-content\/uploads\/sites\/18\/2024\/04\/autobus20768x505-600x395.jpg);\"><\/div>\n        <div class=\"post-box__info\">\n            <div class=\"post-box__title\">\u00bfC\u00f3mo moverse por Cracovia?<\/div>\n      <div class=\"post-box__more\">Leer m\u00e1s<\/div>\n    <\/div>\n  <\/a>\n\n          <\/div>\n              <div class=\"swiper-slide post-slide\">\n                      <a href=\"https:\/\/www.polonia.travel\/es\/varsovia-es-el-mejor-destino-europeo-2023\/\" class=\"post-box post-box--small\" style=\" background-image: url(https:\/\/www.polonia.travel\/es\/wp-content\/uploads\/sites\/18\/2024\/04\/WarszawaKlubBarka540.jpg);\">\n          <div class=\"post-box__hover\" style=\"background-image: url(https:\/\/www.polonia.travel\/es\/wp-content\/uploads\/sites\/18\/2024\/04\/Muzeum20Chopina_fot.20m.st_.20Warszawa20540x365.jpg);\"><\/div>\n        <div class=\"post-box__info\">\n            <div class=\"post-box__title\">Varsovia ES EL MEJOR DESTINO EUROPEO 2023<\/div>\n      <div class=\"post-box__more\">Leer m\u00e1s<\/div>\n    <\/div>\n  <\/a>\n\n          <\/div>\n              <div class=\"swiper-slide post-slide\">\n                      <a href=\"https:\/\/www.polonia.travel\/es\/museos-de-varsovia\/\" class=\"post-box post-box--small\" style=\" background-image: url(https:\/\/www.polonia.travel\/es\/wp-content\/uploads\/sites\/18\/2024\/04\/zamek540-1.jpg);\">\n        <div class=\"post-box__info\">\n            <div class=\"post-box__title\">Museos de Varsovia<\/div>\n      <div class=\"post-box__more\">Leer m\u00e1s<\/div>\n    <\/div>\n  <\/a>\n\n          <\/div>\n              <div class=\"swiper-slide post-slide\">\n                      <a href=\"https:\/\/www.polonia.travel\/es\/chopin-bajo-el-sauce\/\" class=\"post-box post-box--small\" style=\" background-image: url(https:\/\/www.polonia.travel\/es\/wp-content\/uploads\/sites\/18\/2024\/04\/0047_C398aweczka20Chopina_fot.20m.st_.20Warszawa_licencja20nieograniczona_SBT_HR20540x360.jpg);\">\n          <div class=\"post-box__hover\" style=\"background-image: url(https:\/\/www.polonia.travel\/es\/wp-content\/uploads\/sites\/18\/2023\/07\/warszawa_pomnik_chopina_lazienki_kroleskie_jesien_1_1170-600x400.jpg);\"><\/div>\n        <div class=\"post-box__info\">\n            <div class=\"post-box__title\">Chopin bajo el sauce<\/div>\n      <div class=\"post-box__more\">Leer m\u00e1s<\/div>\n    <\/div>\n  <\/a>\n\n          <\/div>\n              <div class=\"swiper-slide post-slide\">\n                      <a href=\"https:\/\/www.polonia.travel\/es\/como-moverse-por-varsovia\/\" class=\"post-box post-box--small\" style=\" background-image: url(https:\/\/www.polonia.travel\/es\/wp-content\/uploads\/sites\/18\/2024\/08\/\u00a9warsawtour.p_photo-Filip-Kwiatkowski4-1-600x600.jpg);\">\n          <div class=\"post-box__hover\" style=\"background-image: url(https:\/\/www.polonia.travel\/es\/wp-content\/uploads\/sites\/18\/2024\/08\/tramwaj-web-20151003_Warszawa-41.jpg);\"><\/div>\n        <div class=\"post-box__info\">\n            <div class=\"post-box__title\">\u00bfC\u00f3mo moverse por Varsovia?<\/div>\n      <div class=\"post-box__more\">Leer m\u00e1s<\/div>\n    <\/div>\n  <\/a>\n\n          <\/div>\n              <div class=\"swiper-slide post-slide\">\n                      <a href=\"https:\/\/www.polonia.travel\/es\/primavera-en-polonia\/\" class=\"post-box post-box--small\" style=\" background-image: url(https:\/\/www.polonia.travel\/es\/wp-content\/uploads\/sites\/18\/2023\/01\/warszawa_lazienki_wiosna_1920-600x400.jpg);\">\n          <div class=\"post-box__hover\" style=\"background-image: url(https:\/\/www.polonia.travel\/es\/wp-content\/uploads\/sites\/18\/2024\/04\/61039655_Tatry_wiosna_lato_Adobe201-600x398.jpg);\"><\/div>\n        <div class=\"post-box__info\">\n            <div class=\"post-box__title\">Primavera en Polonia<\/div>\n      <div class=\"post-box__more\">Leer m\u00e1s<\/div>\n    <\/div>\n  <\/a>\n\n          <\/div>\n              <div class=\"swiper-slide post-slide\">\n                      <a href=\"https:\/\/www.polonia.travel\/es\/rzeszow\/\" class=\"post-box post-box--small\" style=\" background-image: url(https:\/\/www.polonia.travel\/es\/wp-content\/uploads\/sites\/18\/2022\/12\/rzeszow_rynek_noca_1170-600x400.jpg);\">\n          <div class=\"post-box__hover\" style=\"background-image: url(https:\/\/www.polonia.travel\/es\/wp-content\/uploads\/sites\/18\/2022\/12\/rzeszow_3_1170-600x400.jpg);\"><\/div>\n        <div class=\"post-box__info\">\n            <div class=\"post-box__title\">Rzesz\u00f3w<\/div>\n      <div class=\"post-box__more\">Leer m\u00e1s<\/div>\n    <\/div>\n  <\/a>\n\n          <\/div>\n              <div class=\"swiper-slide post-slide\">\n                      <a href=\"https:\/\/www.polonia.travel\/es\/lublin-entre-el-este-y-oeste-europeo\/\" class=\"post-box post-box--small\" style=\" background-image: url(https:\/\/www.polonia.travel\/es\/wp-content\/uploads\/sites\/18\/2024\/04\/Lublin_Zamek_TP_17140_2012040620540x353.jpg);\">\n          <div class=\"post-box__hover\" style=\"background-image: url(https:\/\/www.polonia.travel\/es\/wp-content\/uploads\/sites\/18\/2023\/07\/LublinStrareMiasto-600x400.jpg);\"><\/div>\n        <div class=\"post-box__info\">\n            <div class=\"post-box__title\">Lublin, entre el este y oeste europeo<\/div>\n      <div class=\"post-box__more\">Leer m\u00e1s<\/div>\n    <\/div>\n  <\/a>\n\n          <\/div>\n              <div class=\"swiper-slide post-slide\">\n                      <a href=\"https:\/\/www.polonia.travel\/es\/plock-el-antiguo-esplendor-de-masovia\/\" class=\"post-box post-box--small\" style=\" background-image: url(https:\/\/www.polonia.travel\/es\/wp-content\/uploads\/sites\/18\/2022\/12\/plock_1170-600x400.jpg);\">\n          <div class=\"post-box__hover\" style=\"background-image: url(https:\/\/www.polonia.travel\/es\/wp-content\/uploads\/sites\/18\/2022\/12\/plock_nad_wisla_1170-600x400.jpg);\"><\/div>\n        <div class=\"post-box__info\">\n            <div class=\"post-box__title\">P\u0142ock, el antiguo esplendor de Masovia<\/div>\n      <div class=\"post-box__more\">Leer m\u00e1s<\/div>\n    <\/div>\n  <\/a>\n\n          <\/div>\n              <div class=\"swiper-slide post-slide\">\n                      <a href=\"https:\/\/www.polonia.travel\/es\/zamosc-ciudad-ideal\/\" class=\"post-box post-box--small\" style=\" background-image: url(https:\/\/www.polonia.travel\/es\/wp-content\/uploads\/sites\/18\/2024\/04\/61845854_Zamosc_ratusz201-600x400.jpg);\">\n          <div class=\"post-box__hover\" style=\"background-image: url(https:\/\/www.polonia.travel\/es\/wp-content\/uploads\/sites\/18\/2024\/04\/zamosc_5_1170-600x400.jpg);\"><\/div>\n        <div class=\"post-box__info\">\n            <div class=\"post-box__title\">Zamo\u015b\u0107, ciudad ideal<\/div>\n      <div class=\"post-box__more\">Leer m\u00e1s<\/div>\n    <\/div>\n  <\/a>\n\n          <\/div>\n              <div class=\"swiper-slide post-slide\">\n                      <a href=\"https:\/\/www.polonia.travel\/es\/encanto-y-glamour-en-kazimierz-dolny\/\" class=\"post-box post-box--small\" style=\" background-image: url(https:\/\/www.polonia.travel\/es\/wp-content\/uploads\/sites\/18\/2023\/02\/kazimierz_dolny_starowka_kosciol_farny_2_1170-600x400.jpg);\">\n          <div class=\"post-box__hover\" style=\"background-image: url(https:\/\/www.polonia.travel\/es\/wp-content\/uploads\/sites\/18\/2024\/04\/1255_Wawoz_korzeniowy_dol1-600x400.jpg);\"><\/div>\n        <div class=\"post-box__info\">\n            <div class=\"post-box__title\">Encanto y glamour en Kazimierz Dolny<\/div>\n      <div class=\"post-box__more\">Leer m\u00e1s<\/div>\n    <\/div>\n  <\/a>\n\n          <\/div>\n              <div class=\"swiper-slide post-slide\">\n                      <a href=\"https:\/\/www.polonia.travel\/es\/sandomierz-el-glorioso-pasado-a-orillas-del-vistula\/\" class=\"post-box post-box--small\" style=\" background-image: url(https:\/\/www.polonia.travel\/es\/wp-content\/uploads\/sites\/18\/2022\/12\/sandomierz_noca_1170-1-600x400.jpg);\">\n          <div class=\"post-box__hover\" style=\"background-image: url(https:\/\/www.polonia.travel\/es\/wp-content\/uploads\/sites\/18\/2024\/04\/AdobeStock_362950178_Sandomierz-600x400.jpeg);\"><\/div>\n        <div class=\"post-box__info\">\n            <div class=\"post-box__title\">Sandomierz, el glorioso pasado a orillas del V\u00edstula<\/div>\n      <div class=\"post-box__more\">Leer m\u00e1s<\/div>\n    <\/div>\n  <\/a>\n\n          <\/div>\n              <div class=\"swiper-slide post-slide\">\n                      <a href=\"https:\/\/www.polonia.travel\/es\/tarnow-cracovia-en-miniatura\/\" class=\"post-box post-box--small\" style=\" background-image: url(https:\/\/www.polonia.travel\/es\/wp-content\/uploads\/sites\/18\/2023\/02\/tarnow_rynek_1170-e1676559935860-600x346.jpg);\">\n          <div class=\"post-box__hover\" style=\"background-image: url(https:\/\/www.polonia.travel\/es\/wp-content\/uploads\/sites\/18\/2024\/04\/7539r_Tarnow_Tabor_Pamieci_KK_HR-600x400.jpg);\"><\/div>\n        <div class=\"post-box__info\">\n            <div class=\"post-box__title\">Tarn\u00f3w, Cracovia en miniatura<\/div>\n      <div class=\"post-box__more\">Leer m\u00e1s<\/div>\n    <\/div>\n  <\/a>\n\n          <\/div>\n              <div class=\"swiper-slide post-slide\">\n                      <a href=\"https:\/\/www.polonia.travel\/es\/zakopane-capital-de-no-solo-invierno\/\" class=\"post-box post-box--small\" style=\" background-image: url(https:\/\/www.polonia.travel\/es\/wp-content\/uploads\/sites\/18\/2024\/04\/IMG_875220Zakopane20Jaszczurowka20WEB-600x400.jpg);\">\n          <div class=\"post-box__hover\" style=\"background-image: url(https:\/\/www.polonia.travel\/es\/wp-content\/uploads\/sites\/18\/2024\/04\/20181011_Gubalowka_kolejka_1_AB_HR-600x400.jpg);\"><\/div>\n        <div class=\"post-box__info\">\n            <div class=\"post-box__title\">Zakopane, capital de (no s\u00f3lo) invierno<\/div>\n      <div class=\"post-box__more\">Leer m\u00e1s<\/div>\n    <\/div>\n  <\/a>\n\n          <\/div>\n              <div class=\"swiper-slide post-slide\">\n                      <a href=\"https:\/\/www.polonia.travel\/es\/cracovia-la-cautivadora\/\" class=\"post-box post-box--small\" style=\" background-image: url(https:\/\/www.polonia.travel\/es\/wp-content\/uploads\/sites\/18\/2023\/07\/Krakow1170-600x400.jpg);\">\n          <div class=\"post-box__hover\" style=\"background-image: url(https:\/\/www.polonia.travel\/es\/wp-content\/uploads\/sites\/18\/2023\/07\/krakow_kazimierz_2_1170-1-600x400.jpg);\"><\/div>\n        <div class=\"post-box__info\">\n            <div class=\"post-box__title\">Cracovia la cautivadora<\/div>\n      <div class=\"post-box__more\">Leer m\u00e1s<\/div>\n    <\/div>\n  <\/a>\n\n          <\/div>\n              <div class=\"swiper-slide post-slide\">\n                      <a href=\"https:\/\/www.polonia.travel\/es\/kielce-el-tesoro-esta-en-sus-cuevas\/\" class=\"post-box post-box--small\" style=\" background-image: url(https:\/\/www.polonia.travel\/es\/wp-content\/uploads\/sites\/18\/2023\/02\/kielce_muzeum_narodowe_1170-600x400.jpg);\">\n          <div class=\"post-box__hover\" style=\"background-image: url(https:\/\/www.polonia.travel\/es\/wp-content\/uploads\/sites\/18\/2024\/04\/GEOPARK20KIELCE20fot20Anna20Benicewicz-Miazga-600x400.jpg);\"><\/div>\n        <div class=\"post-box__info\">\n            <div class=\"post-box__title\">Kielce, el tesoro est\u00e1 en sus cuevas<\/div>\n      <div class=\"post-box__more\">Leer m\u00e1s<\/div>\n    <\/div>\n  <\/a>\n\n          <\/div>\n              <div class=\"swiper-slide post-slide\">\n                      <a href=\"https:\/\/www.polonia.travel\/es\/katowice-silesia-en-miniatura\/\" class=\"post-box post-box--small\" style=\" background-image: url(https:\/\/www.polonia.travel\/es\/wp-content\/uploads\/sites\/18\/2024\/04\/07_Katowice-600x409.jpg);\">\n          <div class=\"post-box__hover\" style=\"background-image: url(https:\/\/www.polonia.travel\/es\/wp-content\/uploads\/sites\/18\/2023\/07\/katowice_nikiszowiec_3_1170-600x400.jpg);\"><\/div>\n        <div class=\"post-box__info\">\n            <div class=\"post-box__title\">Katowice, Silesia en miniatura<\/div>\n      <div class=\"post-box__more\">Leer m\u00e1s<\/div>\n    <\/div>\n  <\/a>\n\n          <\/div>\n              <div class=\"swiper-slide post-slide\">\n                      <a href=\"https:\/\/www.polonia.travel\/es\/czestochowa-capital-espiritual\/\" class=\"post-box post-box--small\" style=\" background-image: url(https:\/\/www.polonia.travel\/es\/wp-content\/uploads\/sites\/18\/2024\/04\/Jasna_Gora_GettyImages-925657524-600x400.jpg);\">\n          <div class=\"post-box__hover\" style=\"background-image: url(https:\/\/www.polonia.travel\/es\/wp-content\/uploads\/sites\/18\/2023\/07\/Czestochowa1170-600x400.jpg);\"><\/div>\n        <div class=\"post-box__info\">\n            <div class=\"post-box__title\">Cz\u0119stochowa, capital espiritual<\/div>\n      <div class=\"post-box__more\">Leer m\u00e1s<\/div>\n    <\/div>\n  <\/a>\n\n          <\/div>\n              <div class=\"swiper-slide post-slide\">\n                      <a href=\"https:\/\/www.polonia.travel\/es\/opole\/\" class=\"post-box post-box--small\" style=\" background-image: url(https:\/\/www.polonia.travel\/es\/wp-content\/uploads\/sites\/18\/2022\/12\/opole_amfiteatr_1170-1-600x400.jpg);\">\n          <div class=\"post-box__hover\" style=\"background-image: url(https:\/\/www.polonia.travel\/es\/wp-content\/uploads\/sites\/18\/2023\/08\/Opole6-600x349.jpg);\"><\/div>\n        <div class=\"post-box__info\">\n            <div class=\"post-box__title\">Opole<\/div>\n      <div class=\"post-box__more\">Leer m\u00e1s<\/div>\n    <\/div>\n  <\/a>\n\n          <\/div>\n              <div class=\"swiper-slide post-slide\">\n                      <a href=\"https:\/\/www.polonia.travel\/es\/wroclaw-capital-de-la-baja-silesia\/\" class=\"post-box post-box--small\" style=\" background-image: url(https:\/\/www.polonia.travel\/es\/wp-content\/uploads\/sites\/18\/2024\/04\/WROCLAW_2-600x400.jpg);\">\n          <div class=\"post-box__hover\" style=\"background-image: url(https:\/\/www.polonia.travel\/es\/wp-content\/uploads\/sites\/18\/2024\/04\/wroclaw_krasnal_540.jpg);\"><\/div>\n        <div class=\"post-box__info\">\n            <div class=\"post-box__title\">Wroclaw, capital de la Baja Silesia<\/div>\n      <div class=\"post-box__more\">Leer m\u00e1s<\/div>\n    <\/div>\n  <\/a>\n\n          <\/div>\n              <div class=\"swiper-slide post-slide\">\n                      <a href=\"https:\/\/www.polonia.travel\/es\/lodz-el-hollywood-polaco\/\" class=\"post-box post-box--small\" style=\" background-image: url(https:\/\/www.polonia.travel\/es\/wp-content\/uploads\/sites\/18\/2024\/04\/lodz_manufaktura_540-600x372.jpg);\">\n          <div class=\"post-box__hover\" style=\"background-image: url(https:\/\/www.polonia.travel\/es\/wp-content\/uploads\/sites\/18\/2023\/09\/LODZ_MANUFAKTURA-600x400.jpg);\"><\/div>\n        <div class=\"post-box__info\">\n            <div class=\"post-box__title\">\u0141\u00f3d\u017a, el Hollywood polaco<\/div>\n      <div class=\"post-box__more\">Leer m\u00e1s<\/div>\n    <\/div>\n  <\/a>\n\n          <\/div>\n              <div class=\"swiper-slide post-slide\">\n                      <a href=\"https:\/\/www.polonia.travel\/es\/zielona-gora-el-monte-verde-de-lubusz\/\" class=\"post-box post-box--small\" style=\" background-image: url(https:\/\/www.polonia.travel\/es\/wp-content\/uploads\/sites\/18\/2022\/12\/zielona_gora_deptak_1170-600x400.jpg);\">\n          <div class=\"post-box__hover\" style=\"background-image: url(https:\/\/www.polonia.travel\/es\/wp-content\/uploads\/sites\/18\/2022\/12\/zielona_gora_szlak_bachusikowy_1170-600x400.jpg);\"><\/div>\n        <div class=\"post-box__info\">\n            <div class=\"post-box__title\">Zielona G\u00f3ra, el monte verde de Lubusz<\/div>\n      <div class=\"post-box__more\">Leer m\u00e1s<\/div>\n    <\/div>\n  <\/a>\n\n          <\/div>\n              <div class=\"swiper-slide post-slide\">\n                      <a href=\"https:\/\/www.polonia.travel\/es\/poznan-la-capital-de-polonia-mayor\/\" class=\"post-box post-box--small\" style=\" background-image: url(https:\/\/www.polonia.travel\/es\/wp-content\/uploads\/sites\/18\/2024\/04\/poznan20z20logo20POT20nw20d-600x397.jpg);\">\n          <div class=\"post-box__hover\" style=\"background-image: url(https:\/\/www.polonia.travel\/es\/wp-content\/uploads\/sites\/18\/2022\/12\/poznan20ichot-1-600x400.jpg);\"><\/div>\n        <div class=\"post-box__info\">\n            <div class=\"post-box__title\">Pozna\u0144, la capital de Polonia Mayor<\/div>\n      <div class=\"post-box__more\">Leer m\u00e1s<\/div>\n    <\/div>\n  <\/a>\n\n          <\/div>\n              <div class=\"swiper-slide post-slide\">\n                      <a href=\"https:\/\/www.polonia.travel\/es\/varsovia-el-cuento-del-patito-feo-hecho-realidad\/\" class=\"post-box post-box--small\" style=\" background-image: url(https:\/\/www.polonia.travel\/es\/wp-content\/uploads\/sites\/18\/2022\/12\/warszawa_panorama_starego_miasta_na_tle_centrum_1170-600x400.jpg);\">\n          <div class=\"post-box__hover\" style=\"background-image: url(https:\/\/www.polonia.travel\/es\/wp-content\/uploads\/sites\/18\/2023\/02\/206197146_Warszawa_plac_zamkowy_Adobe-xl-600x367.jpg);\"><\/div>\n        <div class=\"post-box__info\">\n            <div class=\"post-box__title\">Varsovia, del cuento del &#8222;patito feo&#8221; a \u2026<\/div>\n      <div class=\"post-box__more\">Leer m\u00e1s<\/div>\n    <\/div>\n  <\/a>\n\n          <\/div>\n              <div class=\"swiper-slide post-slide\">\n                      <a href=\"https:\/\/www.polonia.travel\/es\/torun-ciudad-natal-de-nicolas-copernico\/\" class=\"post-box post-box--small\" style=\" background-image: url(https:\/\/www.polonia.travel\/es\/wp-content\/uploads\/sites\/18\/2022\/12\/torun_panorama_wisla_1170-600x400.jpg);\">\n          <div class=\"post-box__hover\" style=\"background-image: url(https:\/\/www.polonia.travel\/es\/wp-content\/uploads\/sites\/18\/2022\/12\/Torun_krzywawieza-1-600x400.jpg);\"><\/div>\n        <div class=\"post-box__info\">\n            <div class=\"post-box__title\">Torun, ciudad natal de Nicol\u00e1s Cop\u00e9rnico<\/div>\n      <div class=\"post-box__more\">Leer m\u00e1s<\/div>\n    <\/div>\n  <\/a>\n\n          <\/div>\n              <div class=\"swiper-slide post-slide\">\n                      <a href=\"https:\/\/www.polonia.travel\/es\/bydgoszcz-identidad-renovada\/\" class=\"post-box post-box--small\" style=\" background-image: url(https:\/\/www.polonia.travel\/es\/wp-content\/uploads\/sites\/18\/2024\/04\/04_Bydgoszcz-600x409.jpg);\">\n          <div class=\"post-box__hover\" style=\"background-image: url(https:\/\/www.polonia.travel\/es\/wp-content\/uploads\/sites\/18\/2023\/07\/Bydgoszcz1170-1-600x400.jpg);\"><\/div>\n        <div class=\"post-box__info\">\n            <div class=\"post-box__title\">Bydgoszcz, identidad renovada<\/div>\n      <div class=\"post-box__more\">Leer m\u00e1s<\/div>\n    <\/div>\n  <\/a>\n\n          <\/div>\n              <div class=\"swiper-slide post-slide\">\n                      <a href=\"https:\/\/www.polonia.travel\/es\/un-puerto-baltico-en-el-rio-odra\/\" class=\"post-box post-box--small\" style=\" background-image: url(https:\/\/www.polonia.travel\/es\/wp-content\/uploads\/sites\/18\/2024\/04\/szczecin_port_1170-600x400.jpg);\">\n          <div class=\"post-box__hover\" style=\"background-image: url(https:\/\/www.polonia.travel\/es\/wp-content\/uploads\/sites\/18\/2024\/04\/szczecin_tarasy_widokowe_1170-600x400.jpg);\"><\/div>\n        <div class=\"post-box__info\">\n            <div class=\"post-box__title\">Szczecin, un puerto b\u00e1ltico en el r\u00edo Odra<\/div>\n      <div class=\"post-box__more\">Leer m\u00e1s<\/div>\n    <\/div>\n  <\/a>\n\n          <\/div>\n          <\/div>\n    <div class=\"post-slider__pagination\"><\/div>\n  <\/div>\n<\/div>\n<\/div><\/div>\n\n\n\n<div style=\"height:100px\" aria-hidden=\"true\" class=\"wp-block-spacer is-style-spacer-small\"><\/div>\n<\/div><\/div>\n","protected":false},"excerpt":{"rendered":"<p>En esta ciudad destaca la Plaza Mayor,&nbsp;con el Ayuntamiento en su parte central. Desde lo alto de la torre del ayuntamiento se divisa una maravillosa vista panor\u00e1mica. Otros monumentos son la estatua de Cop\u00e9rnico, la casa de la familia de Cop\u00e9rnico, tres iglesias g\u00f3ticas, las murallas defensivas y accesos medievales a la ciudad, las ruinas [&hellip;]<\/p>\n","protected":false},"author":1,"featured_media":20597,"comment_status":"open","ping_status":"open","sticky":false,"template":"","format":"standard","meta":{"_acf_changed":false,"footnotes":""},"categories":[1037],"class_list":["post-31230","post","type-post","status-publish","format-standard","has-post-thumbnail","hentry","category-ciudades"],"acf":[],"yoast_head":"<!-- This site is optimized with the Yoast SEO plugin v27.4 - https:\/\/yoast.com\/product\/yoast-seo-wordpress\/ -->\n<title>Torun, ciudad natal de Nicol\u00e1s Cop\u00e9rnico - Polonia Travel (ES)<\/title>\n<meta name=\"robots\" content=\"index, follow, max-snippet:-1, max-image-preview:large, max-video-preview:-1\" \/>\n<link rel=\"canonical\" href=\"https:\/\/www.polonia.travel\/es\/torun-ciudad-natal-de-nicolas-copernico\/\" \/>\n<meta property=\"og:locale\" content=\"pl_PL\" \/>\n<meta property=\"og:type\" content=\"article\" \/>\n<meta property=\"og:title\" content=\"Torun, ciudad natal de Nicol\u00e1s Cop\u00e9rnico - Polonia Travel (ES)\" \/>\n<meta property=\"og:description\" content=\"En esta ciudad destaca la Plaza Mayor,&nbsp;con el Ayuntamiento en su parte central. Desde lo alto de la torre del ayuntamiento se divisa una maravillosa vista panor\u00e1mica. Otros monumentos son la estatua de Cop\u00e9rnico, la casa de la familia de Cop\u00e9rnico, tres iglesias g\u00f3ticas, las murallas defensivas y accesos medievales a la ciudad, las ruinas [&hellip;]\" \/>\n<meta property=\"og:url\" content=\"https:\/\/www.polonia.travel\/es\/torun-ciudad-natal-de-nicolas-copernico\/\" \/>\n<meta property=\"og:site_name\" content=\"Polonia Travel (ES)\" \/>\n<meta property=\"article:published_time\" content=\"2024-04-26T11:24:50+00:00\" \/>\n<meta property=\"article:modified_time\" content=\"2026-02-13T12:26:20+00:00\" \/>\n<meta property=\"og:image\" content=\"https:\/\/www.polonia.travel\/es\/wp-content\/uploads\/sites\/18\/2023\/02\/7__Torun_panorama_MH_HD.jpg\" \/>\n\t<meta property=\"og:image:width\" content=\"1920\" \/>\n\t<meta property=\"og:image:height\" content=\"514\" \/>\n\t<meta property=\"og:image:type\" content=\"image\/jpeg\" \/>\n<meta name=\"twitter:card\" content=\"summary_large_image\" \/>\n<meta name=\"twitter:label1\" content=\"Napisane przez\" \/>\n\t<meta name=\"twitter:data1\" content=\"\" \/>\n\t<meta name=\"twitter:label2\" content=\"Szacowany czas czytania\" \/>\n\t<meta name=\"twitter:data2\" content=\"3 minuty\" \/>\n<script type=\"application\/ld+json\" class=\"yoast-schema-graph\">{\"@context\":\"https:\\\/\\\/schema.org\",\"@graph\":[{\"@type\":\"Article\",\"@id\":\"https:\\\/\\\/www.polonia.travel\\\/es\\\/torun-ciudad-natal-de-nicolas-copernico\\\/#article\",\"isPartOf\":{\"@id\":\"https:\\\/\\\/www.polonia.travel\\\/es\\\/torun-ciudad-natal-de-nicolas-copernico\\\/\"},\"author\":{\"name\":\"\",\"@id\":\"\"},\"headline\":\"Torun, ciudad natal de Nicol\u00e1s Cop\u00e9rnico\",\"datePublished\":\"2024-04-26T11:24:50+00:00\",\"dateModified\":\"2026-02-13T12:26:20+00:00\",\"mainEntityOfPage\":{\"@id\":\"https:\\\/\\\/www.polonia.travel\\\/es\\\/torun-ciudad-natal-de-nicolas-copernico\\\/\"},\"wordCount\":478,\"commentCount\":0,\"publisher\":{\"@id\":\"https:\\\/\\\/www.polonia.travel\\\/es\\\/#organization\"},\"image\":{\"@id\":\"https:\\\/\\\/www.polonia.travel\\\/es\\\/torun-ciudad-natal-de-nicolas-copernico\\\/#primaryimage\"},\"thumbnailUrl\":\"https:\\\/\\\/www.polonia.travel\\\/es\\\/wp-content\\\/uploads\\\/sites\\\/18\\\/2023\\\/02\\\/7__Torun_panorama_MH_HD.jpg\",\"keywords\":[\"es\",\"ciudades\"],\"articleSection\":[\"Ciudades\"],\"inLanguage\":\"pl-PL\"},{\"@type\":\"WebPage\",\"@id\":\"https:\\\/\\\/www.polonia.travel\\\/es\\\/torun-ciudad-natal-de-nicolas-copernico\\\/\",\"url\":\"https:\\\/\\\/www.polonia.travel\\\/es\\\/torun-ciudad-natal-de-nicolas-copernico\\\/\",\"name\":\"Torun, ciudad natal de Nicol\u00e1s Cop\u00e9rnico - Polonia Travel (ES)\",\"isPartOf\":{\"@id\":\"https:\\\/\\\/www.polonia.travel\\\/es\\\/#website\"},\"primaryImageOfPage\":{\"@id\":\"https:\\\/\\\/www.polonia.travel\\\/es\\\/torun-ciudad-natal-de-nicolas-copernico\\\/#primaryimage\"},\"image\":{\"@id\":\"https:\\\/\\\/www.polonia.travel\\\/es\\\/torun-ciudad-natal-de-nicolas-copernico\\\/#primaryimage\"},\"thumbnailUrl\":\"https:\\\/\\\/www.polonia.travel\\\/es\\\/wp-content\\\/uploads\\\/sites\\\/18\\\/2023\\\/02\\\/7__Torun_panorama_MH_HD.jpg\",\"datePublished\":\"2024-04-26T11:24:50+00:00\",\"dateModified\":\"2026-02-13T12:26:20+00:00\",\"breadcrumb\":{\"@id\":\"https:\\\/\\\/www.polonia.travel\\\/es\\\/torun-ciudad-natal-de-nicolas-copernico\\\/#breadcrumb\"},\"inLanguage\":\"pl-PL\",\"potentialAction\":[{\"@type\":\"ReadAction\",\"target\":[\"https:\\\/\\\/www.polonia.travel\\\/es\\\/torun-ciudad-natal-de-nicolas-copernico\\\/\"]}]},{\"@type\":\"ImageObject\",\"inLanguage\":\"pl-PL\",\"@id\":\"https:\\\/\\\/www.polonia.travel\\\/es\\\/torun-ciudad-natal-de-nicolas-copernico\\\/#primaryimage\",\"url\":\"https:\\\/\\\/www.polonia.travel\\\/es\\\/wp-content\\\/uploads\\\/sites\\\/18\\\/2023\\\/02\\\/7__Torun_panorama_MH_HD.jpg\",\"contentUrl\":\"https:\\\/\\\/www.polonia.travel\\\/es\\\/wp-content\\\/uploads\\\/sites\\\/18\\\/2023\\\/02\\\/7__Torun_panorama_MH_HD.jpg\",\"width\":1920,\"height\":514},{\"@type\":\"BreadcrumbList\",\"@id\":\"https:\\\/\\\/www.polonia.travel\\\/es\\\/torun-ciudad-natal-de-nicolas-copernico\\\/#breadcrumb\",\"itemListElement\":[{\"@type\":\"ListItem\",\"position\":1,\"name\":\"Home page\",\"item\":\"https:\\\/\\\/www.polonia.travel\\\/es\\\/\"},{\"@type\":\"ListItem\",\"position\":2,\"name\":\"Descubre +\",\"item\":\"https:\\\/\\\/www.polonia.travel\\\/es\\\/category\\\/descubre-lugares\\\/\"},{\"@type\":\"ListItem\",\"position\":3,\"name\":\"Ciudades\",\"item\":\"https:\\\/\\\/www.polonia.travel\\\/es\\\/category\\\/descubre-lugares\\\/ciudades\\\/\"},{\"@type\":\"ListItem\",\"position\":4,\"name\":\"Torun, ciudad natal de Nicol\u00e1s Cop\u00e9rnico\"}]},{\"@type\":\"WebSite\",\"@id\":\"https:\\\/\\\/www.polonia.travel\\\/es\\\/#website\",\"url\":\"https:\\\/\\\/www.polonia.travel\\\/es\\\/\",\"name\":\"Polonia Travel (ES)\",\"description\":\"...\",\"publisher\":{\"@id\":\"https:\\\/\\\/www.polonia.travel\\\/es\\\/#organization\"},\"potentialAction\":[{\"@type\":\"SearchAction\",\"target\":{\"@type\":\"EntryPoint\",\"urlTemplate\":\"https:\\\/\\\/www.polonia.travel\\\/es\\\/?s={search_term_string}\"},\"query-input\":{\"@type\":\"PropertyValueSpecification\",\"valueRequired\":true,\"valueName\":\"search_term_string\"}}],\"inLanguage\":\"pl-PL\"},{\"@type\":\"Organization\",\"@id\":\"https:\\\/\\\/www.polonia.travel\\\/es\\\/#organization\",\"name\":\"Polonia Travel (ES)\",\"url\":\"https:\\\/\\\/www.polonia.travel\\\/es\\\/\",\"logo\":{\"@type\":\"ImageObject\",\"inLanguage\":\"pl-PL\",\"@id\":\"https:\\\/\\\/www.polonia.travel\\\/es\\\/#\\\/schema\\\/logo\\\/image\\\/\",\"url\":\"\",\"contentUrl\":\"\",\"caption\":\"Polonia Travel (ES)\"},\"image\":{\"@id\":\"https:\\\/\\\/www.polonia.travel\\\/es\\\/#\\\/schema\\\/logo\\\/image\\\/\"}},{\"@type\":\"Person\",\"@id\":\"\"}]}<\/script>\n<!-- \/ Yoast SEO plugin. -->","yoast_head_json":{"title":"Torun, ciudad natal de Nicol\u00e1s Cop\u00e9rnico - Polonia Travel (ES)","robots":{"index":"index","follow":"follow","max-snippet":"max-snippet:-1","max-image-preview":"max-image-preview:large","max-video-preview":"max-video-preview:-1"},"canonical":"https:\/\/www.polonia.travel\/es\/torun-ciudad-natal-de-nicolas-copernico\/","og_locale":"pl_PL","og_type":"article","og_title":"Torun, ciudad natal de Nicol\u00e1s Cop\u00e9rnico - Polonia Travel (ES)","og_description":"En esta ciudad destaca la Plaza Mayor,&nbsp;con el Ayuntamiento en su parte central. Desde lo alto de la torre del ayuntamiento se divisa una maravillosa vista panor\u00e1mica. Otros monumentos son la estatua de Cop\u00e9rnico, la casa de la familia de Cop\u00e9rnico, tres iglesias g\u00f3ticas, las murallas defensivas y accesos medievales a la ciudad, las ruinas [&hellip;]","og_url":"https:\/\/www.polonia.travel\/es\/torun-ciudad-natal-de-nicolas-copernico\/","og_site_name":"Polonia Travel (ES)","article_published_time":"2024-04-26T11:24:50+00:00","article_modified_time":"2026-02-13T12:26:20+00:00","og_image":[{"width":1920,"height":514,"url":"https:\/\/www.polonia.travel\/es\/wp-content\/uploads\/sites\/18\/2023\/02\/7__Torun_panorama_MH_HD.jpg","type":"image\/jpeg"}],"twitter_card":"summary_large_image","twitter_misc":{"Napisane przez":"","Szacowany czas czytania":"3 minuty"},"schema":{"@context":"https:\/\/schema.org","@graph":[{"@type":"Article","@id":"https:\/\/www.polonia.travel\/es\/torun-ciudad-natal-de-nicolas-copernico\/#article","isPartOf":{"@id":"https:\/\/www.polonia.travel\/es\/torun-ciudad-natal-de-nicolas-copernico\/"},"author":{"name":"","@id":""},"headline":"Torun, ciudad natal de Nicol\u00e1s Cop\u00e9rnico","datePublished":"2024-04-26T11:24:50+00:00","dateModified":"2026-02-13T12:26:20+00:00","mainEntityOfPage":{"@id":"https:\/\/www.polonia.travel\/es\/torun-ciudad-natal-de-nicolas-copernico\/"},"wordCount":478,"commentCount":0,"publisher":{"@id":"https:\/\/www.polonia.travel\/es\/#organization"},"image":{"@id":"https:\/\/www.polonia.travel\/es\/torun-ciudad-natal-de-nicolas-copernico\/#primaryimage"},"thumbnailUrl":"https:\/\/www.polonia.travel\/es\/wp-content\/uploads\/sites\/18\/2023\/02\/7__Torun_panorama_MH_HD.jpg","keywords":["es","ciudades"],"articleSection":["Ciudades"],"inLanguage":"pl-PL"},{"@type":"WebPage","@id":"https:\/\/www.polonia.travel\/es\/torun-ciudad-natal-de-nicolas-copernico\/","url":"https:\/\/www.polonia.travel\/es\/torun-ciudad-natal-de-nicolas-copernico\/","name":"Torun, ciudad natal de Nicol\u00e1s Cop\u00e9rnico - Polonia Travel (ES)","isPartOf":{"@id":"https:\/\/www.polonia.travel\/es\/#website"},"primaryImageOfPage":{"@id":"https:\/\/www.polonia.travel\/es\/torun-ciudad-natal-de-nicolas-copernico\/#primaryimage"},"image":{"@id":"https:\/\/www.polonia.travel\/es\/torun-ciudad-natal-de-nicolas-copernico\/#primaryimage"},"thumbnailUrl":"https:\/\/www.polonia.travel\/es\/wp-content\/uploads\/sites\/18\/2023\/02\/7__Torun_panorama_MH_HD.jpg","datePublished":"2024-04-26T11:24:50+00:00","dateModified":"2026-02-13T12:26:20+00:00","breadcrumb":{"@id":"https:\/\/www.polonia.travel\/es\/torun-ciudad-natal-de-nicolas-copernico\/#breadcrumb"},"inLanguage":"pl-PL","potentialAction":[{"@type":"ReadAction","target":["https:\/\/www.polonia.travel\/es\/torun-ciudad-natal-de-nicolas-copernico\/"]}]},{"@type":"ImageObject","inLanguage":"pl-PL","@id":"https:\/\/www.polonia.travel\/es\/torun-ciudad-natal-de-nicolas-copernico\/#primaryimage","url":"https:\/\/www.polonia.travel\/es\/wp-content\/uploads\/sites\/18\/2023\/02\/7__Torun_panorama_MH_HD.jpg","contentUrl":"https:\/\/www.polonia.travel\/es\/wp-content\/uploads\/sites\/18\/2023\/02\/7__Torun_panorama_MH_HD.jpg","width":1920,"height":514},{"@type":"BreadcrumbList","@id":"https:\/\/www.polonia.travel\/es\/torun-ciudad-natal-de-nicolas-copernico\/#breadcrumb","itemListElement":[{"@type":"ListItem","position":1,"name":"Home page","item":"https:\/\/www.polonia.travel\/es\/"},{"@type":"ListItem","position":2,"name":"Descubre +","item":"https:\/\/www.polonia.travel\/es\/category\/descubre-lugares\/"},{"@type":"ListItem","position":3,"name":"Ciudades","item":"https:\/\/www.polonia.travel\/es\/category\/descubre-lugares\/ciudades\/"},{"@type":"ListItem","position":4,"name":"Torun, ciudad natal de Nicol\u00e1s Cop\u00e9rnico"}]},{"@type":"WebSite","@id":"https:\/\/www.polonia.travel\/es\/#website","url":"https:\/\/www.polonia.travel\/es\/","name":"Polonia Travel (ES)","description":"...","publisher":{"@id":"https:\/\/www.polonia.travel\/es\/#organization"},"potentialAction":[{"@type":"SearchAction","target":{"@type":"EntryPoint","urlTemplate":"https:\/\/www.polonia.travel\/es\/?s={search_term_string}"},"query-input":{"@type":"PropertyValueSpecification","valueRequired":true,"valueName":"search_term_string"}}],"inLanguage":"pl-PL"},{"@type":"Organization","@id":"https:\/\/www.polonia.travel\/es\/#organization","name":"Polonia Travel (ES)","url":"https:\/\/www.polonia.travel\/es\/","logo":{"@type":"ImageObject","inLanguage":"pl-PL","@id":"https:\/\/www.polonia.travel\/es\/#\/schema\/logo\/image\/","url":"","contentUrl":"","caption":"Polonia Travel (ES)"},"image":{"@id":"https:\/\/www.polonia.travel\/es\/#\/schema\/logo\/image\/"}},{"@type":"Person","@id":""}]}},"_links":{"self":[{"href":"https:\/\/www.polonia.travel\/es\/wp-json\/wp\/v2\/posts\/31230","targetHints":{"allow":["GET"]}}],"collection":[{"href":"https:\/\/www.polonia.travel\/es\/wp-json\/wp\/v2\/posts"}],"about":[{"href":"https:\/\/www.polonia.travel\/es\/wp-json\/wp\/v2\/types\/post"}],"author":[{"embeddable":true,"href":"https:\/\/www.polonia.travel\/es\/wp-json\/wp\/v2\/users\/1"}],"replies":[{"embeddable":true,"href":"https:\/\/www.polonia.travel\/es\/wp-json\/wp\/v2\/comments?post=31230"}],"version-history":[{"count":5,"href":"https:\/\/www.polonia.travel\/es\/wp-json\/wp\/v2\/posts\/31230\/revisions"}],"predecessor-version":[{"id":38777,"href":"https:\/\/www.polonia.travel\/es\/wp-json\/wp\/v2\/posts\/31230\/revisions\/38777"}],"wp:featuredmedia":[{"embeddable":true,"href":"https:\/\/www.polonia.travel\/es\/wp-json\/wp\/v2\/media\/20597"}],"wp:attachment":[{"href":"https:\/\/www.polonia.travel\/es\/wp-json\/wp\/v2\/media?parent=31230"}],"wp:term":[{"taxonomy":"category","embeddable":true,"href":"https:\/\/www.polonia.travel\/es\/wp-json\/wp\/v2\/categories?post=31230"}],"curies":[{"name":"wp","href":"https:\/\/api.w.org\/{rel}","templated":true}]}}