{"id":31229,"date":"2024-09-09T09:26:40","date_gmt":"2024-09-09T07:26:40","guid":{"rendered":"https:\/\/wp-es.poland.travel\/?p=31229"},"modified":"2025-05-05T15:42:23","modified_gmt":"2025-05-05T13:42:23","slug":"visitar-el-antiguo-campo-de-concentracion-nazi-auschwitz-birkenau","status":"publish","type":"post","link":"https:\/\/www.polonia.travel\/es\/visitar-el-antiguo-campo-de-concentracion-nazi-auschwitz-birkenau\/","title":{"rendered":"Visitar el antiguo Campo de Concentraci\u00f3n Nazi Auschwitz-Birkenau"},"content":{"rendered":"\n<div class=\"wp-block-group is-style-container-medium\"><div class=\"wp-block-group__inner-container is-layout-constrained wp-block-group-is-layout-constrained\">\n<h2 class=\"wp-block-heading\">Visitar el antiguo Campo de Concentraci\u00f3n nazi Auschwitz-Birkenau<\/h2>\n<\/div><\/div>\n\n\n\n<div style=\"height:100px\" aria-hidden=\"true\" class=\"wp-block-spacer is-style-spacer-small\"><\/div>\n\n\n\n<div class=\"wp-block-group is-style-container-medium\"><div class=\"wp-block-group__inner-container is-layout-constrained wp-block-group-is-layout-constrained\">\n<p><strong>El Museo Nacional del Antiguo Campo de Concentraci\u00f3n Nazi Auschwitz-Birkenau<\/strong>, creado por el estado polaco justo despu\u00e9s de la salida de los nazis de Polonia, es para muchos viajeros una visita clave.<\/p>\n<\/div><\/div>\n\n\n\n<div style=\"height:100px\" aria-hidden=\"true\" class=\"wp-block-spacer is-style-spacer-small\"><\/div>\n\n\n\n<div class=\"wp-block-group is-style-container-medium\"><div class=\"wp-block-group__inner-container is-layout-constrained wp-block-group-is-layout-constrained\">\n<ul class=\"wp-block-list\">\n<li><strong>Antes de ir<\/strong><\/li>\n<\/ul>\n<\/div><\/div>\n\n\n\n<div class=\"wp-block-group is-style-container-medium\"><div class=\"wp-block-group__inner-container is-layout-constrained wp-block-group-is-layout-constrained\">\n<p>El Museo est\u00e1 <strong>abierto<\/strong> pr\u00e1cticamente durante todo el a\u00f1o, <strong>a excepci\u00f3n del 1 de enero, el D\u00eda Internacional en Memoria de las V\u00edctimas del Holocausto (27 de enero)<\/strong>,<strong> La Marcha de los Vivos <\/strong>(suele celebrarse en abril)<strong>, Domingo de Pascua y la Navidad (25 de diciembre). <\/strong>Puntualmente&nbsp;puede estar cerrado por una visita oficial de estado.&nbsp;<strong>La visita dura entre tres horas y media y cuatro horas<\/strong>, durante las cuales se cuenta la historia del lugar tanto en Auschwitz (Campo I) como en Birkenau (el transporte entre los dos est\u00e1 incluido en la visita con educador).&nbsp;Al tratarse de uno de los lugares m\u00e1s visitados, <strong>se recomienda reservar las entradas con suficiente antelaci\u00f3n<\/strong> y evitar en la medida de lo posible, visitar Auschwitz en las fechas de alta demanda (Semana Santa, el Puente de Mayo, el Puente de Diciembre o la Navidad).<\/p>\n<\/div><\/div>\n\n\n\n<div class=\"wp-block-group is-style-container-medium\"><div class=\"wp-block-group__inner-container is-layout-constrained wp-block-group-is-layout-constrained\">\n<p><strong>El Museo no recomienda, de manera general, visitar Auschwitz con ni\u00f1os menores de 14 a\u00f1os<\/strong>.<\/p>\n<\/div><\/div>\n\n\n\n<div style=\"height:100px\" aria-hidden=\"true\" class=\"wp-block-spacer is-style-spacer-small\"><\/div>\n\n\n\n<div class=\"wp-block-group is-style-container-medium\"><div class=\"wp-block-group__inner-container is-layout-constrained wp-block-group-is-layout-constrained\">\n<div class=\"wp-block-group is-style-container-medium\"><div class=\"wp-block-group__inner-container is-layout-constrained wp-block-group-is-layout-constrained\">\n<\/p>\n<ul>\n<li><strong>\u00bfC\u00f3mo llegar?<\/strong><\/li>\n<\/ul>\n<p style=\"text-align: justify\">La ciudad de <strong><em>O\u015bwi\u0119cim<\/em><\/strong>, nombre polaco de la localidad que cuenta con una historia bastante m\u00e1s remota que el campo de Auschwitz, se encuentra a unos 60 km de Cracovia desde donde se puede llegar f\u00e1cilmente en tren, autob\u00fas o minib\u00fas privado, compartiendo los tres medios de transporte el mismo punto de partida: la estaci\u00f3n central de trenes y autobuses<strong> <em>Krak\u00f3w G\u0142\u00f3wny <\/em><\/strong>o sus alrededores. Es una alternativa para los viajeros que han contratado la entrada al museo en su p\u00e1gina web. El viaje dura cerca de una hora y media a lo que hay que sumar unos 20 minutos de paseo si el viaje se ha realizado en tren (la distancia entre la estaci\u00f3n de trenes de <em>O\u015bwi\u0119cim <\/em>al Museo es de 2 km). A la hora de viajar en bus o minib\u00fas, es mejor optar por las conexiones con parada en frente del museo: <strong><a href=\"http:\/\/www.busy-krk.pl\/en\/oswiecim-krakow\/\">buses a y desde Oswiecim (Auschwitz)<\/a>.<\/strong><\/p>\n<\/div><\/div>\n\n\n\n<div style=\"height:100px\" aria-hidden=\"true\" class=\"wp-block-spacer is-style-spacer-small\"><\/div>\n\n\n\n<p><\/p>\n\n\n\n<ul class=\"wp-block-list\">\n<li><strong>\u00bfC\u00f3mo realizar la visita?<\/strong><\/li>\n<\/ul>\n\n\n\n<p>Este lugar es uno de los m\u00e1s visitados no solamente en Polonia sino tambi\u00e9n a nivel europeo. Para evitar la &#8222;banalizaci\u00f3n&#8221; de la visita por la afluencia masiva de visitantes, a partir del 2015 se adoptaron nuevas medidas y condiciones de visita. En primer lugar, al personal que atiende a los grupos (en diferentes idiomas) se les denomina &#8222;educadores&#8221; en vez de &#8222;gu\u00edas&#8221;. En segundo lugar, sigue siendo posible visitar el museo de manera gratuita sin educador, pero hay que tener en cuenta que <strong>no hay audio gu\u00edas<\/strong>. La entrada gratuita, en temporada alta, es posible a partir de las 16.00 h, frente a la temporada baja cuando se adelanta a mediod\u00eda (en diciembre). Cualquier formato de visita (con educador o sin educador) requiere previo registro en la p\u00e1gina web.&nbsp; <strong>RECOMENDAMOS, por lo tanto, reservar la visita con o sin educador a trav\u00e9s de la <a href=\"https:\/\/visit.auschwitz.org\/?lang=en\">p\u00e1gina web oficial<\/a> del museo o a trav\u00e9s de una agencia de viajes certificada.<\/strong><\/p>\n\n\n\n<p>La <strong>reserva<\/strong> de la visita <strong>a trav\u00e9s de una agencia de viajes<\/strong> suele incluir el transporte desde Cracovia al museo, por ejemplo, con&nbsp;<a href=\"http:\/\/www.cracowcitytours.es\/\"><strong>cracowcitytours<\/strong><\/a> o <strong><a href=\"https:\/\/www.civitatis.com\/es\/\">Civitatis<\/a><\/strong>.<\/p>\n\n\n\n<p>Cabe destacar tambi\u00e9n <strong>la necesidad de llegar al museo con cierta antelaci\u00f3n<\/strong> antes de la hora reservada de entrada para pasar el control de seguridad. ASEG\u00daRENSE DE LLEVAR UN BOLSO DE DIMENSIONES QUE NO SUPEREN LAS SIGUIENTES MEDIDAS: 30X20X10<\/p>\n<\/div><\/div>\n\n\n\n<div style=\"height:100px\" aria-hidden=\"true\" class=\"wp-block-spacer is-style-spacer-small\"><\/div>\n\n\n\n<div class=\"wp-block-group is-style-container-medium\"><div class=\"wp-block-group__inner-container is-layout-constrained wp-block-group-is-layout-constrained\">\n<ul class=\"wp-block-list\">\n<li><strong>Horarios<\/strong><\/li>\n<\/ul>\n<\/div><\/div>\n\n\n\n<div class=\"wp-block-group is-style-container-medium\"><div class=\"wp-block-group__inner-container is-layout-constrained wp-block-group-is-layout-constrained\">\n<p><strong>En temporada baja <\/strong>hay<strong> <\/strong>&nbsp;programadas menos visitas con educador en espa\u00f1ol*:<\/p>\n\n\n\n<p>Enero: a las 10.45<\/p>\n\n\n\n<p>Febrero: a las 12.15<\/p>\n\n\n\n<p>Marzo: a las 10.45 y 14.45<\/p>\n\n\n\n<p><strong>Abril\/Mayo\/Junio: a las 10.45, 12.15 y 14.45<\/strong><\/p>\n\n\n\n<p><strong>Julio\/Agosto: a las 10.45, 12.15 y 14.45<\/strong><\/p>\n\n\n\n<p><strong>Septiembre: a las 10.45, 12.15 y 13.45<\/strong><\/p>\n\n\n\n<p>Octubre: a las 10.45 y 14.45<\/p>\n\n\n\n<p>Noviembre: a las 12.15<\/p>\n\n\n\n<p>Diciembre: a las 10.45<\/p>\n\n\n\n<p>&nbsp;*estos horarios los actualizamos al inicio de la temporada<\/p>\n\n\n\n<div style=\"height:100px\" aria-hidden=\"true\" class=\"wp-block-spacer is-style-spacer-medium\"><\/div>\n\n\n\n<p>El museo est\u00e1 abierto durante todo el a\u00f1o en el siguiente horario:<\/p>\n\n\n\n<p><strong>enero y noviembre<\/strong>, desde las 8.00 hasta las 15.00*<\/p>\n\n\n\n<p><strong>febrero<\/strong>,&nbsp;desde las 8.00 hasta las 16.00*<\/p>\n\n\n\n<p><strong>marzo y octubre<\/strong>,&nbsp;desde las 8.00 hasta las 17.00*<\/p>\n\n\n\n<p><strong>abril, mayo y septiembre<\/strong>,&nbsp;desde las 8.00 hasta las 18.00*<\/p>\n\n\n\n<p><strong>junio, julio, agosto<\/strong>,&nbsp;desde las 8.00 hasta las 19.00*<\/p>\n\n\n\n<p>* este horario se refiere a la<strong> \u00faltima entrada<\/strong> y se podr\u00e1 visitar el recinto 90 minutos m\u00e1s (si la \u00faltima entrada es a las 19.00 h, el visitante podr\u00e1 hacer el recorrido por el Museo hasta las 20.30 h)<\/p>\n\n\n\n<div style=\"height:100px\" aria-hidden=\"true\" class=\"wp-block-spacer is-style-spacer-small\"><\/div>\n<\/div><\/div>\n\n\n\n<div class=\"wp-block-group is-style-container-medium\"><div class=\"wp-block-group__inner-container is-layout-constrained wp-block-group-is-layout-constrained\">\n<figure class=\"wp-block-image size-full\"><img loading=\"lazy\" decoding=\"async\" width=\"540\" height=\"354\" src=\"https:\/\/www.polonia.travel\/es\/wp-content\/uploads\/sites\/18\/2024\/04\/Auschwitz20Birkenau20540x354-2.jpg\" alt=\"\" class=\"wp-image-33057\" \/><\/figure>\n<\/div><\/div>\n\n\n\n<div style=\"height:100px\" aria-hidden=\"true\" class=\"wp-block-spacer is-style-spacer-small\"><\/div>\n","protected":false},"excerpt":{"rendered":"<p>Visitar el antiguo Campo de Concentraci\u00f3n nazi Auschwitz-Birkenau El Museo Nacional del Antiguo Campo de Concentraci\u00f3n Nazi Auschwitz-Birkenau, creado por el estado polaco justo despu\u00e9s de la salida de los nazis de Polonia, es para muchos viajeros una visita clave. El Museo est\u00e1 abierto pr\u00e1cticamente durante todo el a\u00f1o, a excepci\u00f3n del 1 de enero, [&hellip;]<\/p>\n","protected":false},"author":1,"featured_media":20820,"comment_status":"open","ping_status":"open","sticky":false,"template":"","format":"standard","meta":{"_acf_changed":false,"footnotes":""},"categories":[1055],"class_list":["post-31229","post","type-post","status-publish","format-standard","has-post-thumbnail","hentry","category-other"],"acf":[],"yoast_head":"<!-- This site is optimized with the Yoast SEO plugin v27.4 - https:\/\/yoast.com\/product\/yoast-seo-wordpress\/ -->\n<title>Visitar el antiguo Campo de Concentraci\u00f3n Nazi Auschwitz-Birkenau - Polonia Travel (ES)<\/title>\n<meta name=\"robots\" content=\"index, follow, max-snippet:-1, max-image-preview:large, max-video-preview:-1\" \/>\n<link rel=\"canonical\" href=\"https:\/\/www.polonia.travel\/es\/visitar-el-antiguo-campo-de-concentracion-nazi-auschwitz-birkenau\/\" \/>\n<meta property=\"og:locale\" content=\"pl_PL\" \/>\n<meta property=\"og:type\" content=\"article\" \/>\n<meta property=\"og:title\" content=\"Visitar el antiguo Campo de Concentraci\u00f3n Nazi Auschwitz-Birkenau - Polonia Travel (ES)\" \/>\n<meta property=\"og:description\" content=\"Visitar el antiguo Campo de Concentraci\u00f3n nazi Auschwitz-Birkenau El Museo Nacional del Antiguo Campo de Concentraci\u00f3n Nazi Auschwitz-Birkenau, creado por el estado polaco justo despu\u00e9s de la salida de los nazis de Polonia, es para muchos viajeros una visita clave. El Museo est\u00e1 abierto pr\u00e1cticamente durante todo el a\u00f1o, a excepci\u00f3n del 1 de enero, [&hellip;]\" \/>\n<meta property=\"og:url\" content=\"https:\/\/www.polonia.travel\/es\/visitar-el-antiguo-campo-de-concentracion-nazi-auschwitz-birkenau\/\" \/>\n<meta property=\"og:site_name\" content=\"Polonia Travel (ES)\" \/>\n<meta property=\"article:published_time\" content=\"2024-09-09T07:26:40+00:00\" \/>\n<meta property=\"article:modified_time\" content=\"2025-05-05T13:42:23+00:00\" \/>\n<meta property=\"og:image\" content=\"https:\/\/www.polonia.travel\/es\/wp-content\/uploads\/sites\/18\/2022\/12\/978_auschwitz-birkenau_HR.jpg\" \/>\n\t<meta property=\"og:image:width\" content=\"1920\" \/>\n\t<meta property=\"og:image:height\" content=\"650\" \/>\n\t<meta property=\"og:image:type\" content=\"image\/jpeg\" \/>\n<meta name=\"twitter:card\" content=\"summary_large_image\" \/>\n<meta name=\"twitter:label1\" content=\"Napisane przez\" \/>\n\t<meta name=\"twitter:data1\" content=\"\" \/>\n\t<meta name=\"twitter:label2\" content=\"Szacowany czas czytania\" \/>\n\t<meta name=\"twitter:data2\" content=\"5 minut\" \/>\n<script type=\"application\/ld+json\" class=\"yoast-schema-graph\">{\"@context\":\"https:\\\/\\\/schema.org\",\"@graph\":[{\"@type\":\"Article\",\"@id\":\"https:\\\/\\\/www.polonia.travel\\\/es\\\/visitar-el-antiguo-campo-de-concentracion-nazi-auschwitz-birkenau\\\/#article\",\"isPartOf\":{\"@id\":\"https:\\\/\\\/www.polonia.travel\\\/es\\\/visitar-el-antiguo-campo-de-concentracion-nazi-auschwitz-birkenau\\\/\"},\"author\":{\"name\":\"\",\"@id\":\"\"},\"headline\":\"Visitar el antiguo Campo de Concentraci\u00f3n Nazi Auschwitz-Birkenau\",\"datePublished\":\"2024-09-09T07:26:40+00:00\",\"dateModified\":\"2025-05-05T13:42:23+00:00\",\"mainEntityOfPage\":{\"@id\":\"https:\\\/\\\/www.polonia.travel\\\/es\\\/visitar-el-antiguo-campo-de-concentracion-nazi-auschwitz-birkenau\\\/\"},\"wordCount\":777,\"commentCount\":0,\"publisher\":{\"@id\":\"https:\\\/\\\/www.polonia.travel\\\/es\\\/#organization\"},\"image\":{\"@id\":\"https:\\\/\\\/www.polonia.travel\\\/es\\\/visitar-el-antiguo-campo-de-concentracion-nazi-auschwitz-birkenau\\\/#primaryimage\"},\"thumbnailUrl\":\"https:\\\/\\\/www.polonia.travel\\\/es\\\/wp-content\\\/uploads\\\/sites\\\/18\\\/2022\\\/12\\\/978_auschwitz-birkenau_HR.jpg\",\"keywords\":[\"es\",\"ciudades\"],\"articleSection\":[\"Other\"],\"inLanguage\":\"pl-PL\"},{\"@type\":\"WebPage\",\"@id\":\"https:\\\/\\\/www.polonia.travel\\\/es\\\/visitar-el-antiguo-campo-de-concentracion-nazi-auschwitz-birkenau\\\/\",\"url\":\"https:\\\/\\\/www.polonia.travel\\\/es\\\/visitar-el-antiguo-campo-de-concentracion-nazi-auschwitz-birkenau\\\/\",\"name\":\"Visitar el antiguo Campo de Concentraci\u00f3n Nazi Auschwitz-Birkenau - Polonia Travel (ES)\",\"isPartOf\":{\"@id\":\"https:\\\/\\\/www.polonia.travel\\\/es\\\/#website\"},\"primaryImageOfPage\":{\"@id\":\"https:\\\/\\\/www.polonia.travel\\\/es\\\/visitar-el-antiguo-campo-de-concentracion-nazi-auschwitz-birkenau\\\/#primaryimage\"},\"image\":{\"@id\":\"https:\\\/\\\/www.polonia.travel\\\/es\\\/visitar-el-antiguo-campo-de-concentracion-nazi-auschwitz-birkenau\\\/#primaryimage\"},\"thumbnailUrl\":\"https:\\\/\\\/www.polonia.travel\\\/es\\\/wp-content\\\/uploads\\\/sites\\\/18\\\/2022\\\/12\\\/978_auschwitz-birkenau_HR.jpg\",\"datePublished\":\"2024-09-09T07:26:40+00:00\",\"dateModified\":\"2025-05-05T13:42:23+00:00\",\"breadcrumb\":{\"@id\":\"https:\\\/\\\/www.polonia.travel\\\/es\\\/visitar-el-antiguo-campo-de-concentracion-nazi-auschwitz-birkenau\\\/#breadcrumb\"},\"inLanguage\":\"pl-PL\",\"potentialAction\":[{\"@type\":\"ReadAction\",\"target\":[\"https:\\\/\\\/www.polonia.travel\\\/es\\\/visitar-el-antiguo-campo-de-concentracion-nazi-auschwitz-birkenau\\\/\"]}]},{\"@type\":\"ImageObject\",\"inLanguage\":\"pl-PL\",\"@id\":\"https:\\\/\\\/www.polonia.travel\\\/es\\\/visitar-el-antiguo-campo-de-concentracion-nazi-auschwitz-birkenau\\\/#primaryimage\",\"url\":\"https:\\\/\\\/www.polonia.travel\\\/es\\\/wp-content\\\/uploads\\\/sites\\\/18\\\/2022\\\/12\\\/978_auschwitz-birkenau_HR.jpg\",\"contentUrl\":\"https:\\\/\\\/www.polonia.travel\\\/es\\\/wp-content\\\/uploads\\\/sites\\\/18\\\/2022\\\/12\\\/978_auschwitz-birkenau_HR.jpg\",\"width\":1920,\"height\":650},{\"@type\":\"BreadcrumbList\",\"@id\":\"https:\\\/\\\/www.polonia.travel\\\/es\\\/visitar-el-antiguo-campo-de-concentracion-nazi-auschwitz-birkenau\\\/#breadcrumb\",\"itemListElement\":[{\"@type\":\"ListItem\",\"position\":1,\"name\":\"Home page\",\"item\":\"https:\\\/\\\/www.polonia.travel\\\/es\\\/\"},{\"@type\":\"ListItem\",\"position\":2,\"name\":\"Other\",\"item\":\"https:\\\/\\\/www.polonia.travel\\\/es\\\/category\\\/other\\\/\"},{\"@type\":\"ListItem\",\"position\":3,\"name\":\"Visitar el antiguo Campo de Concentraci\u00f3n Nazi Auschwitz-Birkenau\"}]},{\"@type\":\"WebSite\",\"@id\":\"https:\\\/\\\/www.polonia.travel\\\/es\\\/#website\",\"url\":\"https:\\\/\\\/www.polonia.travel\\\/es\\\/\",\"name\":\"Polonia Travel (ES)\",\"description\":\"...\",\"publisher\":{\"@id\":\"https:\\\/\\\/www.polonia.travel\\\/es\\\/#organization\"},\"potentialAction\":[{\"@type\":\"SearchAction\",\"target\":{\"@type\":\"EntryPoint\",\"urlTemplate\":\"https:\\\/\\\/www.polonia.travel\\\/es\\\/?s={search_term_string}\"},\"query-input\":{\"@type\":\"PropertyValueSpecification\",\"valueRequired\":true,\"valueName\":\"search_term_string\"}}],\"inLanguage\":\"pl-PL\"},{\"@type\":\"Organization\",\"@id\":\"https:\\\/\\\/www.polonia.travel\\\/es\\\/#organization\",\"name\":\"Polonia Travel (ES)\",\"url\":\"https:\\\/\\\/www.polonia.travel\\\/es\\\/\",\"logo\":{\"@type\":\"ImageObject\",\"inLanguage\":\"pl-PL\",\"@id\":\"https:\\\/\\\/www.polonia.travel\\\/es\\\/#\\\/schema\\\/logo\\\/image\\\/\",\"url\":\"\",\"contentUrl\":\"\",\"caption\":\"Polonia Travel (ES)\"},\"image\":{\"@id\":\"https:\\\/\\\/www.polonia.travel\\\/es\\\/#\\\/schema\\\/logo\\\/image\\\/\"}},{\"@type\":\"Person\",\"@id\":\"\"}]}<\/script>\n<!-- \/ Yoast SEO plugin. -->","yoast_head_json":{"title":"Visitar el antiguo Campo de Concentraci\u00f3n Nazi Auschwitz-Birkenau - Polonia Travel (ES)","robots":{"index":"index","follow":"follow","max-snippet":"max-snippet:-1","max-image-preview":"max-image-preview:large","max-video-preview":"max-video-preview:-1"},"canonical":"https:\/\/www.polonia.travel\/es\/visitar-el-antiguo-campo-de-concentracion-nazi-auschwitz-birkenau\/","og_locale":"pl_PL","og_type":"article","og_title":"Visitar el antiguo Campo de Concentraci\u00f3n Nazi Auschwitz-Birkenau - Polonia Travel (ES)","og_description":"Visitar el antiguo Campo de Concentraci\u00f3n nazi Auschwitz-Birkenau El Museo Nacional del Antiguo Campo de Concentraci\u00f3n Nazi Auschwitz-Birkenau, creado por el estado polaco justo despu\u00e9s de la salida de los nazis de Polonia, es para muchos viajeros una visita clave. El Museo est\u00e1 abierto pr\u00e1cticamente durante todo el a\u00f1o, a excepci\u00f3n del 1 de enero, [&hellip;]","og_url":"https:\/\/www.polonia.travel\/es\/visitar-el-antiguo-campo-de-concentracion-nazi-auschwitz-birkenau\/","og_site_name":"Polonia Travel (ES)","article_published_time":"2024-09-09T07:26:40+00:00","article_modified_time":"2025-05-05T13:42:23+00:00","og_image":[{"width":1920,"height":650,"url":"https:\/\/www.polonia.travel\/es\/wp-content\/uploads\/sites\/18\/2022\/12\/978_auschwitz-birkenau_HR.jpg","type":"image\/jpeg"}],"twitter_card":"summary_large_image","twitter_misc":{"Napisane przez":"","Szacowany czas czytania":"5 minut"},"schema":{"@context":"https:\/\/schema.org","@graph":[{"@type":"Article","@id":"https:\/\/www.polonia.travel\/es\/visitar-el-antiguo-campo-de-concentracion-nazi-auschwitz-birkenau\/#article","isPartOf":{"@id":"https:\/\/www.polonia.travel\/es\/visitar-el-antiguo-campo-de-concentracion-nazi-auschwitz-birkenau\/"},"author":{"name":"","@id":""},"headline":"Visitar el antiguo Campo de Concentraci\u00f3n Nazi Auschwitz-Birkenau","datePublished":"2024-09-09T07:26:40+00:00","dateModified":"2025-05-05T13:42:23+00:00","mainEntityOfPage":{"@id":"https:\/\/www.polonia.travel\/es\/visitar-el-antiguo-campo-de-concentracion-nazi-auschwitz-birkenau\/"},"wordCount":777,"commentCount":0,"publisher":{"@id":"https:\/\/www.polonia.travel\/es\/#organization"},"image":{"@id":"https:\/\/www.polonia.travel\/es\/visitar-el-antiguo-campo-de-concentracion-nazi-auschwitz-birkenau\/#primaryimage"},"thumbnailUrl":"https:\/\/www.polonia.travel\/es\/wp-content\/uploads\/sites\/18\/2022\/12\/978_auschwitz-birkenau_HR.jpg","keywords":["es","ciudades"],"articleSection":["Other"],"inLanguage":"pl-PL"},{"@type":"WebPage","@id":"https:\/\/www.polonia.travel\/es\/visitar-el-antiguo-campo-de-concentracion-nazi-auschwitz-birkenau\/","url":"https:\/\/www.polonia.travel\/es\/visitar-el-antiguo-campo-de-concentracion-nazi-auschwitz-birkenau\/","name":"Visitar el antiguo Campo de Concentraci\u00f3n Nazi Auschwitz-Birkenau - Polonia Travel (ES)","isPartOf":{"@id":"https:\/\/www.polonia.travel\/es\/#website"},"primaryImageOfPage":{"@id":"https:\/\/www.polonia.travel\/es\/visitar-el-antiguo-campo-de-concentracion-nazi-auschwitz-birkenau\/#primaryimage"},"image":{"@id":"https:\/\/www.polonia.travel\/es\/visitar-el-antiguo-campo-de-concentracion-nazi-auschwitz-birkenau\/#primaryimage"},"thumbnailUrl":"https:\/\/www.polonia.travel\/es\/wp-content\/uploads\/sites\/18\/2022\/12\/978_auschwitz-birkenau_HR.jpg","datePublished":"2024-09-09T07:26:40+00:00","dateModified":"2025-05-05T13:42:23+00:00","breadcrumb":{"@id":"https:\/\/www.polonia.travel\/es\/visitar-el-antiguo-campo-de-concentracion-nazi-auschwitz-birkenau\/#breadcrumb"},"inLanguage":"pl-PL","potentialAction":[{"@type":"ReadAction","target":["https:\/\/www.polonia.travel\/es\/visitar-el-antiguo-campo-de-concentracion-nazi-auschwitz-birkenau\/"]}]},{"@type":"ImageObject","inLanguage":"pl-PL","@id":"https:\/\/www.polonia.travel\/es\/visitar-el-antiguo-campo-de-concentracion-nazi-auschwitz-birkenau\/#primaryimage","url":"https:\/\/www.polonia.travel\/es\/wp-content\/uploads\/sites\/18\/2022\/12\/978_auschwitz-birkenau_HR.jpg","contentUrl":"https:\/\/www.polonia.travel\/es\/wp-content\/uploads\/sites\/18\/2022\/12\/978_auschwitz-birkenau_HR.jpg","width":1920,"height":650},{"@type":"BreadcrumbList","@id":"https:\/\/www.polonia.travel\/es\/visitar-el-antiguo-campo-de-concentracion-nazi-auschwitz-birkenau\/#breadcrumb","itemListElement":[{"@type":"ListItem","position":1,"name":"Home page","item":"https:\/\/www.polonia.travel\/es\/"},{"@type":"ListItem","position":2,"name":"Other","item":"https:\/\/www.polonia.travel\/es\/category\/other\/"},{"@type":"ListItem","position":3,"name":"Visitar el antiguo Campo de Concentraci\u00f3n Nazi Auschwitz-Birkenau"}]},{"@type":"WebSite","@id":"https:\/\/www.polonia.travel\/es\/#website","url":"https:\/\/www.polonia.travel\/es\/","name":"Polonia Travel (ES)","description":"...","publisher":{"@id":"https:\/\/www.polonia.travel\/es\/#organization"},"potentialAction":[{"@type":"SearchAction","target":{"@type":"EntryPoint","urlTemplate":"https:\/\/www.polonia.travel\/es\/?s={search_term_string}"},"query-input":{"@type":"PropertyValueSpecification","valueRequired":true,"valueName":"search_term_string"}}],"inLanguage":"pl-PL"},{"@type":"Organization","@id":"https:\/\/www.polonia.travel\/es\/#organization","name":"Polonia Travel (ES)","url":"https:\/\/www.polonia.travel\/es\/","logo":{"@type":"ImageObject","inLanguage":"pl-PL","@id":"https:\/\/www.polonia.travel\/es\/#\/schema\/logo\/image\/","url":"","contentUrl":"","caption":"Polonia Travel (ES)"},"image":{"@id":"https:\/\/www.polonia.travel\/es\/#\/schema\/logo\/image\/"}},{"@type":"Person","@id":""}]}},"_links":{"self":[{"href":"https:\/\/www.polonia.travel\/es\/wp-json\/wp\/v2\/posts\/31229","targetHints":{"allow":["GET"]}}],"collection":[{"href":"https:\/\/www.polonia.travel\/es\/wp-json\/wp\/v2\/posts"}],"about":[{"href":"https:\/\/www.polonia.travel\/es\/wp-json\/wp\/v2\/types\/post"}],"author":[{"embeddable":true,"href":"https:\/\/www.polonia.travel\/es\/wp-json\/wp\/v2\/users\/1"}],"replies":[{"embeddable":true,"href":"https:\/\/www.polonia.travel\/es\/wp-json\/wp\/v2\/comments?post=31229"}],"version-history":[{"count":8,"href":"https:\/\/www.polonia.travel\/es\/wp-json\/wp\/v2\/posts\/31229\/revisions"}],"predecessor-version":[{"id":37294,"href":"https:\/\/www.polonia.travel\/es\/wp-json\/wp\/v2\/posts\/31229\/revisions\/37294"}],"wp:featuredmedia":[{"embeddable":true,"href":"https:\/\/www.polonia.travel\/es\/wp-json\/wp\/v2\/media\/20820"}],"wp:attachment":[{"href":"https:\/\/www.polonia.travel\/es\/wp-json\/wp\/v2\/media?parent=31229"}],"wp:term":[{"taxonomy":"category","embeddable":true,"href":"https:\/\/www.polonia.travel\/es\/wp-json\/wp\/v2\/categories?post=31229"}],"curies":[{"name":"wp","href":"https:\/\/api.w.org\/{rel}","templated":true}]}}