{"id":31225,"date":"2024-04-29T10:41:14","date_gmt":"2024-04-29T08:41:14","guid":{"rendered":"https:\/\/wp-es.poland.travel\/?p=31225"},"modified":"2025-06-11T14:47:50","modified_gmt":"2025-06-11T12:47:50","slug":"czestochowa-capital-espiritual","status":"publish","type":"post","link":"https:\/\/www.polonia.travel\/es\/czestochowa-capital-espiritual\/","title":{"rendered":"Cz\u0119stochowa, capital espiritual"},"content":{"rendered":"\n<p><\/p>\n\n\n\n<div class=\"wp-block-group is-style-container\"><div class=\"wp-block-group__inner-container is-layout-constrained wp-block-group-is-layout-constrained\">\n<!-- empty -->\n\n\n<div class=\"metrics\">\n  <div class=\"metrics__text\">\n    <h1 class=\"is-style-heading-38 mb20 large-mb30\">Czestochowa, capital espiritual<\/h1>\n    <p>Su nombre en polaco significa &#8222;la que se esconde con frecuencia&#8221; y es cierto: desde la carretera las torres del Monasterio de Monte Claro (Jasna G\u00f3ra), principal punto de inter\u00e9s\u00a0 en la ciudad, y de corte religioso en el pa\u00eds, desaparecen y vuelven a aparecer. Emparentada con <strong>F\u00e1tima<\/strong> (Portugal) es uno de los<strong> lugares de culto mariano<\/strong> m\u00e1s importante en Europa y<strong> lugar de peregrinaci\u00f3n<\/strong> de millones de fieles a lo largo de todo el a\u00f1o y, sobre todo, el 15 de agosto (d\u00eda festivo en Polonia).<\/p>\n  <\/div>\n  <div class=\"metrics__sidebar\">\n    <div class=\"metrics-box\">\n              <div class=\"metrics-box__title\">Informaci\u00f3n b\u00e1sica<\/div>\n        <div class=\"metrics-box__values\">\n                                        <div class=\"metrics-box__item\">\n      <div class=\"metrics-box__label\">Superficie:<\/div>\n      <div class=\"metrics-box__value\">159,71 km\u00b2 <\/div>\n    <\/div>\n                                <div class=\"metrics-box__item\">\n      <div class=\"metrics-box__label\">Poblaci\u00f3n:<\/div>\n      <div class=\"metrics-box__value\">217 530 (2021)<\/div>\n    <\/div>\n                                <\/div>\n                <\/div>\n  <\/div>\n<\/div>\n<\/div><\/div>\n\n\n\n<div class=\"wp-block-group is-style-container-medium\"><div class=\"wp-block-group__inner-container is-layout-constrained wp-block-group-is-layout-constrained\">\n<p>El lugar, y la ciudad, tienen mucha importancia para los polacos desde el punto de visto hist\u00f3rico: fue la \u00fanica ciudad que se defendi\u00f3, con \u00e9xito, durante la guerra llamada &#8222;la inundaci\u00f3n sueca&#8221; (s. XVII). A menudo recibe el nombre de <strong>capital espiritual de Polonia<\/strong> al albergar el Monasterio la<strong> milagrosa imagen de la Virgen Negra de Cz\u0119stochowa<\/strong>. La Capilla del Cuadro de los Milagros contiene en su interior el icono de la Virgen Mar\u00eda con el ni\u00f1o Jesus. La imagen se tapa a mediod\u00eda con unas planchas de plata, seg\u00fan marca la tradici\u00f3n. Es recomendable consultar sin embargo estos horarios, ya que suelen variar en temporada alta y festivos.&nbsp; Es una <strong>visita obligada<\/strong> para cualquier viajero en busca de <strong>experiencias religiosas<\/strong>. El museo mon\u00e1stico conserva numerosas obras de arte y objetos votivos. Es interesante tambi\u00e9n visitar la <strong>Biblioteca<\/strong> y el <strong>Tesoro<\/strong>.<\/p>\n<\/div><\/div>\n\n\n\n<div style=\"height:100px\" aria-hidden=\"true\" class=\"wp-block-spacer is-style-spacer-small\"><\/div>\n\n\n\n<div class=\"wp-block-group is-style-container\"><div class=\"wp-block-group__inner-container is-layout-constrained wp-block-group-is-layout-constrained\">  <div class=\"gallery-tiles gallery-tiles--rows-3-2 lightgallery\">\r\n          <a href=\"https:\/\/www.polonia.travel\/es\/wp-content\/uploads\/sites\/18\/2022\/12\/czestochowa_jasna_gora_2_1170.jpg\" class=\"gallery-tiles__item\" data-src=\"https:\/\/www.polonia.travel\/es\/wp-content\/uploads\/sites\/18\/2022\/12\/czestochowa_jasna_gora_2_1170.jpg\"\r\n        aria-label=\"Otw\u00f3rz powi\u0119kszone zdj\u0119cie: Jasna Gora monastery in Czestochowa, Poland. Aerial view\">\r\n        <img loading=\"lazy\" decoding=\"async\" width=\"1170\" height=\"780\" src=\"https:\/\/www.polonia.travel\/es\/wp-content\/uploads\/sites\/18\/2022\/12\/czestochowa_jasna_gora_2_1170.jpg\" class=\"gallery-tiles__thumb\" alt=\"\" srcset=\"https:\/\/www.polonia.travel\/es\/wp-content\/uploads\/sites\/18\/2022\/12\/czestochowa_jasna_gora_2_1170.jpg 1170w, https:\/\/www.polonia.travel\/es\/wp-content\/uploads\/sites\/18\/2022\/12\/czestochowa_jasna_gora_2_1170-600x400.jpg 600w, https:\/\/www.polonia.travel\/es\/wp-content\/uploads\/sites\/18\/2022\/12\/czestochowa_jasna_gora_2_1170-768x512.jpg 768w\" sizes=\"auto, (max-width: 1170px) 100vw, 1170px\" \/>      <\/a>\r\n          <a href=\"https:\/\/www.polonia.travel\/es\/wp-content\/uploads\/sites\/18\/2024\/04\/Jasna_Gora_obraz_MB_TP_4872_2012011720512x768.jpg\" class=\"gallery-tiles__item\" data-src=\"https:\/\/www.polonia.travel\/es\/wp-content\/uploads\/sites\/18\/2024\/04\/Jasna_Gora_obraz_MB_TP_4872_2012011720512x768.jpg\"\r\n        aria-label=\"Otw\u00f3rz powi\u0119kszone zdj\u0119cie: Cz\u0119stochowa\/Jasna G\u00f3ra &#8211; Matka Boska Cz\u0119stochowska\">\r\n        <img loading=\"lazy\" decoding=\"async\" width=\"512\" height=\"768\" src=\"https:\/\/www.polonia.travel\/es\/wp-content\/uploads\/sites\/18\/2024\/04\/Jasna_Gora_obraz_MB_TP_4872_2012011720512x768.jpg\" class=\"gallery-tiles__thumb\" alt=\"\" srcset=\"https:\/\/www.polonia.travel\/es\/wp-content\/uploads\/sites\/18\/2024\/04\/Jasna_Gora_obraz_MB_TP_4872_2012011720512x768.jpg 512w, https:\/\/www.polonia.travel\/es\/wp-content\/uploads\/sites\/18\/2024\/04\/Jasna_Gora_obraz_MB_TP_4872_2012011720512x768-400x600.jpg 400w\" sizes=\"auto, (max-width: 512px) 100vw, 512px\" \/>      <\/a>\r\n          <a href=\"https:\/\/www.polonia.travel\/es\/wp-content\/uploads\/sites\/18\/2024\/04\/Czestochowa_Jasna_Gora_GettyImages-542193122-scaled.jpg\" class=\"gallery-tiles__item\" data-src=\"https:\/\/www.polonia.travel\/es\/wp-content\/uploads\/sites\/18\/2024\/04\/Czestochowa_Jasna_Gora_GettyImages-542193122-scaled.jpg\"\r\n        aria-label=\"Otw\u00f3rz powi\u0119kszone zdj\u0119cie: organ\">\r\n        <img loading=\"lazy\" decoding=\"async\" width=\"1200\" height=\"900\" src=\"https:\/\/www.polonia.travel\/es\/wp-content\/uploads\/sites\/18\/2024\/04\/Czestochowa_Jasna_Gora_GettyImages-542193122-1200x900.jpg\" class=\"gallery-tiles__thumb\" alt=\"\" srcset=\"https:\/\/www.polonia.travel\/es\/wp-content\/uploads\/sites\/18\/2024\/04\/Czestochowa_Jasna_Gora_GettyImages-542193122-1200x900.jpg 1200w, https:\/\/www.polonia.travel\/es\/wp-content\/uploads\/sites\/18\/2024\/04\/Czestochowa_Jasna_Gora_GettyImages-542193122-600x450.jpg 600w, https:\/\/www.polonia.travel\/es\/wp-content\/uploads\/sites\/18\/2024\/04\/Czestochowa_Jasna_Gora_GettyImages-542193122-768x576.jpg 768w, https:\/\/www.polonia.travel\/es\/wp-content\/uploads\/sites\/18\/2024\/04\/Czestochowa_Jasna_Gora_GettyImages-542193122-1536x1152.jpg 1536w, https:\/\/www.polonia.travel\/es\/wp-content\/uploads\/sites\/18\/2024\/04\/Czestochowa_Jasna_Gora_GettyImages-542193122-2048x1536.jpg 2048w, https:\/\/www.polonia.travel\/es\/wp-content\/uploads\/sites\/18\/2024\/04\/Czestochowa_Jasna_Gora_GettyImages-542193122-1920x1440.jpg 1920w\" sizes=\"auto, (max-width: 1200px) 100vw, 1200px\" \/>      <\/a>\r\n          <a href=\"https:\/\/www.polonia.travel\/es\/wp-content\/uploads\/sites\/18\/2024\/04\/Czestochowa_GettyImages-1062574904-scaled.jpg\" class=\"gallery-tiles__item\" data-src=\"https:\/\/www.polonia.travel\/es\/wp-content\/uploads\/sites\/18\/2024\/04\/Czestochowa_GettyImages-1062574904-scaled.jpg\"\r\n        aria-label=\"Otw\u00f3rz powi\u0119kszone zdj\u0119cie: Evening aerial drone view on Czestochowa and Jasna Gora monastery\">\r\n        <img loading=\"lazy\" decoding=\"async\" width=\"1200\" height=\"800\" src=\"https:\/\/www.polonia.travel\/es\/wp-content\/uploads\/sites\/18\/2024\/04\/Czestochowa_GettyImages-1062574904-1200x800.jpg\" class=\"gallery-tiles__thumb\" alt=\"\" srcset=\"https:\/\/www.polonia.travel\/es\/wp-content\/uploads\/sites\/18\/2024\/04\/Czestochowa_GettyImages-1062574904-1200x800.jpg 1200w, https:\/\/www.polonia.travel\/es\/wp-content\/uploads\/sites\/18\/2024\/04\/Czestochowa_GettyImages-1062574904-600x400.jpg 600w, https:\/\/www.polonia.travel\/es\/wp-content\/uploads\/sites\/18\/2024\/04\/Czestochowa_GettyImages-1062574904-768x512.jpg 768w, https:\/\/www.polonia.travel\/es\/wp-content\/uploads\/sites\/18\/2024\/04\/Czestochowa_GettyImages-1062574904-1536x1023.jpg 1536w, https:\/\/www.polonia.travel\/es\/wp-content\/uploads\/sites\/18\/2024\/04\/Czestochowa_GettyImages-1062574904-2048x1365.jpg 2048w, https:\/\/www.polonia.travel\/es\/wp-content\/uploads\/sites\/18\/2024\/04\/Czestochowa_GettyImages-1062574904-1920x1279.jpg 1920w\" sizes=\"auto, (max-width: 1200px) 100vw, 1200px\" \/>      <\/a>\r\n          <a href=\"https:\/\/www.polonia.travel\/es\/wp-content\/uploads\/sites\/18\/2024\/04\/Ruiny-zamku-scaled.jpg\" class=\"gallery-tiles__item\" data-src=\"https:\/\/www.polonia.travel\/es\/wp-content\/uploads\/sites\/18\/2024\/04\/Ruiny-zamku-scaled.jpg\"\r\n        aria-label=\"Otw\u00f3rz powi\u0119kszone zdj\u0119cie: Olsztyn k. czestochowy. Ruiny zamku\">\r\n        <img loading=\"lazy\" decoding=\"async\" width=\"1200\" height=\"794\" src=\"https:\/\/www.polonia.travel\/es\/wp-content\/uploads\/sites\/18\/2024\/04\/Ruiny-zamku-1200x794.jpg\" class=\"gallery-tiles__thumb\" alt=\"\" srcset=\"https:\/\/www.polonia.travel\/es\/wp-content\/uploads\/sites\/18\/2024\/04\/Ruiny-zamku-1200x794.jpg 1200w, https:\/\/www.polonia.travel\/es\/wp-content\/uploads\/sites\/18\/2024\/04\/Ruiny-zamku-600x397.jpg 600w, https:\/\/www.polonia.travel\/es\/wp-content\/uploads\/sites\/18\/2024\/04\/Ruiny-zamku-768x508.jpg 768w, https:\/\/www.polonia.travel\/es\/wp-content\/uploads\/sites\/18\/2024\/04\/Ruiny-zamku-1536x1016.jpg 1536w, https:\/\/www.polonia.travel\/es\/wp-content\/uploads\/sites\/18\/2024\/04\/Ruiny-zamku-2048x1355.jpg 2048w, https:\/\/www.polonia.travel\/es\/wp-content\/uploads\/sites\/18\/2024\/04\/Ruiny-zamku-1920x1270.jpg 1920w\" sizes=\"auto, (max-width: 1200px) 100vw, 1200px\" \/>      <\/a>\r\n      <\/div>\r\n<\/div><\/div>\n\n\n\n<div style=\"height:100px\" aria-hidden=\"true\" class=\"wp-block-spacer is-style-spacer-small\"><\/div>\n\n\n\n<div class=\"wp-block-group is-style-container-medium\"><div class=\"wp-block-group__inner-container is-layout-constrained wp-block-group-is-layout-constrained\">\n<p>Informaci\u00f3n muy completa sobre qu\u00e9 y c\u00f3mo ver en el Monasterio en el post del blog<strong> <a href=\"https:\/\/saltaconmigo.com\/blog\/2018\/10\/santuario-de-czestochowa-virgen-polonia\/\">Salta Conmigo<\/a><\/strong> y en la <a href=\"https:\/\/en.jasnagora.pl\/\" target=\"_blank\" rel=\"noreferrer noopener\">web del <strong>Monasterio<\/strong><\/a> (en ingl\u00e9s).<\/p>\n\n\n\n<p>Si la visita al Monasterio y a Czestochowa es una parada viajando por Polonia, existen buenas conexiones en tren desde Varsovia, Cracovia y Wroc\u0142aw. El viaje en coche por la autov\u00eda y\/o autopista dura entre dos horas (desde Cracovia o Wroc\u0142aw) y unas tres horas desde Varsovia.<\/p>\n\n\n\n<p>M\u00e1s all\u00e1 del Monasterio de Jasna G\u00f3ra, es muy interesante el <strong>arte de los murales<\/strong> en el centro de la ciudad, seg\u00fan la informaci\u00f3n detallada m\u00e1s abajo.<\/p>\n\n\n\n<p>Desde Czestochowa se puede continuar un camino a lo largo de la llanura de Cracovia-Czestochowa, muy adecuada para recorridos a pie, escalar, montar en bicicleta o practicar la equitaci\u00f3n.<\/p>\n\n\n<div class=\"wp-block-image\">\n<figure class=\"aligncenter size-large\"><img loading=\"lazy\" decoding=\"async\" width=\"1200\" height=\"800\" src=\"https:\/\/www.polonia.travel\/es\/wp-content\/uploads\/sites\/18\/2024\/04\/Zamek-ogrodzieniec-podzamcze-1200x800.jpg\" alt=\"\" class=\"wp-image-37762\" srcset=\"https:\/\/www.polonia.travel\/es\/wp-content\/uploads\/sites\/18\/2024\/04\/Zamek-ogrodzieniec-podzamcze-1200x800.jpg 1200w, https:\/\/www.polonia.travel\/es\/wp-content\/uploads\/sites\/18\/2024\/04\/Zamek-ogrodzieniec-podzamcze-600x400.jpg 600w, https:\/\/www.polonia.travel\/es\/wp-content\/uploads\/sites\/18\/2024\/04\/Zamek-ogrodzieniec-podzamcze-768x512.jpg 768w, https:\/\/www.polonia.travel\/es\/wp-content\/uploads\/sites\/18\/2024\/04\/Zamek-ogrodzieniec-podzamcze-1536x1024.jpg 1536w, https:\/\/www.polonia.travel\/es\/wp-content\/uploads\/sites\/18\/2024\/04\/Zamek-ogrodzieniec-podzamcze-2048x1365.jpg 2048w, https:\/\/www.polonia.travel\/es\/wp-content\/uploads\/sites\/18\/2024\/04\/Zamek-ogrodzieniec-podzamcze-1920x1280.jpg 1920w\" sizes=\"auto, (max-width: 1200px) 100vw, 1200px\" \/><figcaption class=\"wp-element-caption\">Castillo Ogrodzieniec en Podzamcze, cerca de Czestochowa, <a href=\"https:\/\/www.polonia.travel\/es\/por-la-ruta-de-los-nidos-de-aguila\/\" target=\"_blank\" rel=\"noreferrer noopener\"><strong>Ruta de los Nidos de \u00c1guila<\/strong><\/a><\/figcaption><\/figure><\/div>\n\n\n<div style=\"height:100px\" aria-hidden=\"true\" class=\"wp-block-spacer\"><\/div>\n<\/div><\/div>\n\n\n\n<div class=\"wp-block-group has-background\" style=\"background-color:#eeeeee\"><div class=\"wp-block-group__inner-container is-layout-constrained wp-block-group-is-layout-constrained\">\n<div style=\"height:100px\" aria-hidden=\"true\" class=\"wp-block-spacer is-style-spacer-small\"><\/div>\n\n\n\n<div class=\"wp-block-group is-style-container\"><div class=\"wp-block-group__inner-container is-layout-constrained wp-block-group-is-layout-constrained\">\n<h3 class=\"wp-block-heading\">M\u00e1s informaci\u00f3n<\/h3>\n\n\n<div class=\"overflow\">\n  <div class=\"post-slider swiper post-slider--small\" data-schema=\"small\">\n\n    <div class=\"swiper-wrapper\">\n              <div class=\"swiper-slide post-slide\">\n                      <a href=\"https:\/\/www.polonia.travel\/es\/baja-silesia-castillos-y-naturaleza\/\" class=\"post-box post-box--small\" style=\" background-image: url(https:\/\/www.polonia.travel\/es\/wp-content\/uploads\/sites\/18\/2023\/02\/Szczeliniec-Wielki_Stolowe-gory-600x388.jpeg);\">\n          <div class=\"post-box__hover\" style=\"background-image: url(https:\/\/www.polonia.travel\/es\/wp-content\/uploads\/sites\/18\/2022\/12\/gory_stolowe_szczeliniec_wielki_1170-600x400.jpg);\"><\/div>\n        <div class=\"post-box__info\">\n            <div class=\"post-box__title\">BAJA SILESIA, castillos y naturaleza<\/div>\n      <div class=\"post-box__more\">Leer m\u00e1s<\/div>\n    <\/div>\n  <\/a>\n\n          <\/div>\n              <div class=\"swiper-slide post-slide\">\n                      <a href=\"https:\/\/www.polonia.travel\/es\/castillos-y-palacios-en-la-historica-region-de-silesia\/\" class=\"post-box post-box--small\" style=\" background-image: url(https:\/\/www.polonia.travel\/es\/wp-content\/uploads\/sites\/18\/2024\/04\/0242_ZAMEK-MOSZNA_TG_HR20220540x360-2.jpg);\">\n          <div class=\"post-box__hover\" style=\"background-image: url(https:\/\/www.polonia.travel\/es\/wp-content\/uploads\/sites\/18\/2024\/07\/AdobeStock_270361256_Plawniowice-600x400.jpeg);\"><\/div>\n        <div class=\"post-box__info\">\n            <div class=\"post-box__title\">Castillos y palacios en la hist\u00f3rica regi\u00f3n de Silesia<\/div>\n      <div class=\"post-box__more\">Leer m\u00e1s<\/div>\n    <\/div>\n  <\/a>\n\n          <\/div>\n              <div class=\"swiper-slide post-slide\">\n                      <a href=\"https:\/\/www.polonia.travel\/es\/katowice-silesia-en-miniatura\/\" class=\"post-box post-box--small\" style=\" background-image: url(https:\/\/www.polonia.travel\/es\/wp-content\/uploads\/sites\/18\/2024\/04\/07_Katowice-600x409.jpg);\">\n          <div class=\"post-box__hover\" style=\"background-image: url(https:\/\/www.polonia.travel\/es\/wp-content\/uploads\/sites\/18\/2023\/07\/katowice_nikiszowiec_3_1170-600x400.jpg);\"><\/div>\n        <div class=\"post-box__info\">\n            <div class=\"post-box__title\">Katowice, Silesia en miniatura<\/div>\n      <div class=\"post-box__more\">Leer m\u00e1s<\/div>\n    <\/div>\n  <\/a>\n\n          <\/div>\n              <div class=\"swiper-slide post-slide\">\n                      <a href=\"https:\/\/www.polonia.travel\/es\/la-region-de-silesia-slaskie\/\" class=\"post-box post-box--small\" style=\" background-image: url(https:\/\/www.polonia.travel\/es\/wp-content\/uploads\/sites\/18\/2022\/12\/Ogrodzieniec-600x400.jpg);\">\n          <div class=\"post-box__hover\" style=\"background-image: url(https:\/\/www.polonia.travel\/es\/wp-content\/uploads\/sites\/18\/2024\/04\/slaskieogrodzienie_540-1.jpg);\"><\/div>\n        <div class=\"post-box__info\">\n            <div class=\"post-box__title\">La regi\u00f3n de SILESIA (\u015al\u0105skie)<\/div>\n      <div class=\"post-box__more\">Leer m\u00e1s<\/div>\n    <\/div>\n  <\/a>\n\n          <\/div>\n              <div class=\"swiper-slide post-slide\">\n                      <a href=\"https:\/\/www.polonia.travel\/es\/aprender-y-degustar\/\" class=\"post-box post-box--small\" style=\" background-image: url(https:\/\/www.polonia.travel\/es\/wp-content\/uploads\/sites\/18\/2024\/04\/81_Fotolia_kulinarne_Pierniki_Swiateczne_HR-e1771585215769-600x293.jpg);\">\n        <div class=\"post-box__info\">\n            <div class=\"post-box__title\">Aprender y degustar<\/div>\n      <div class=\"post-box__more\">Leer m\u00e1s<\/div>\n    <\/div>\n  <\/a>\n\n          <\/div>\n              <div class=\"swiper-slide post-slide\">\n                      <a href=\"https:\/\/www.polonia.travel\/es\/platos-iconicos-en-silesia\/\" class=\"post-box post-box--small\" style=\" background-image: url(https:\/\/www.polonia.travel\/es\/wp-content\/uploads\/sites\/18\/2022\/12\/89_Fotolia_kulinarne_Kluski_slaskie_HR-600x400.jpg);\">\n          <div class=\"post-box__hover\" style=\"background-image: url(https:\/\/www.polonia.travel\/es\/wp-content\/uploads\/sites\/18\/2023\/07\/kluskislaskie390-1.jpg);\"><\/div>\n        <div class=\"post-box__info\">\n            <div class=\"post-box__title\">Platos ic\u00f3nicos en Silesia<\/div>\n      <div class=\"post-box__more\">Leer m\u00e1s<\/div>\n    <\/div>\n  <\/a>\n\n          <\/div>\n              <div class=\"swiper-slide post-slide\">\n                      <a href=\"https:\/\/www.polonia.travel\/es\/top-15-rutas-de-senderismo\/\" class=\"post-box post-box--small\" style=\" background-image: url(https:\/\/www.polonia.travel\/es\/wp-content\/uploads\/sites\/18\/2024\/07\/AdobeStock_429630501_Muszyna_Beskid_Sadecki-600x400.jpeg);\">\n          <div class=\"post-box__hover\" style=\"background-image: url(https:\/\/www.polonia.travel\/es\/wp-content\/uploads\/sites\/18\/2024\/04\/AdobeStock_398429625_Tatry-kadr-600x400.jpeg);\"><\/div>\n        <div class=\"post-box__info\">\n            <div class=\"post-box__title\">Top 15 rutas de senderismo (propuestas)<\/div>\n      <div class=\"post-box__more\">Leer m\u00e1s<\/div>\n    <\/div>\n  <\/a>\n\n          <\/div>\n          <\/div>\n    <div class=\"post-slider__pagination\"><\/div>\n  <\/div>\n<\/div>\n<\/div><\/div>\n\n\n\n<div style=\"height:100px\" aria-hidden=\"true\" class=\"wp-block-spacer is-style-spacer-small\"><\/div>\n<\/div><\/div>\n","protected":false},"excerpt":{"rendered":"<p>El lugar, y la ciudad, tienen mucha importancia para los polacos desde el punto de visto hist\u00f3rico: fue la \u00fanica ciudad que se defendi\u00f3, con \u00e9xito, durante la guerra llamada &#8222;la inundaci\u00f3n sueca&#8221; (s. XVII). A menudo recibe el nombre de capital espiritual de Polonia al albergar el Monasterio la milagrosa imagen de la Virgen [&hellip;]<\/p>\n","protected":false},"author":1,"featured_media":21797,"comment_status":"open","ping_status":"open","sticky":false,"template":"","format":"standard","meta":{"_acf_changed":false,"footnotes":""},"categories":[1037],"class_list":["post-31225","post","type-post","status-publish","format-standard","has-post-thumbnail","hentry","category-ciudades"],"acf":[],"yoast_head":"<!-- This site is optimized with the Yoast SEO plugin v27.4 - https:\/\/yoast.com\/product\/yoast-seo-wordpress\/ -->\n<title>Cz\u0119stochowa, capital espiritual - Polonia Travel (ES)<\/title>\n<meta name=\"robots\" content=\"index, follow, max-snippet:-1, max-image-preview:large, max-video-preview:-1\" \/>\n<link rel=\"canonical\" href=\"https:\/\/www.polonia.travel\/es\/czestochowa-capital-espiritual\/\" \/>\n<meta property=\"og:locale\" content=\"pl_PL\" \/>\n<meta property=\"og:type\" content=\"article\" \/>\n<meta property=\"og:title\" content=\"Cz\u0119stochowa, capital espiritual - Polonia Travel (ES)\" \/>\n<meta property=\"og:description\" content=\"El lugar, y la ciudad, tienen mucha importancia para los polacos desde el punto de visto hist\u00f3rico: fue la \u00fanica ciudad que se defendi\u00f3, con \u00e9xito, durante la guerra llamada &#8222;la inundaci\u00f3n sueca&#8221; (s. XVII). A menudo recibe el nombre de capital espiritual de Polonia al albergar el Monasterio la milagrosa imagen de la Virgen [&hellip;]\" \/>\n<meta property=\"og:url\" content=\"https:\/\/www.polonia.travel\/es\/czestochowa-capital-espiritual\/\" \/>\n<meta property=\"og:site_name\" content=\"Polonia Travel (ES)\" \/>\n<meta property=\"article:published_time\" content=\"2024-04-29T08:41:14+00:00\" \/>\n<meta property=\"article:modified_time\" content=\"2025-06-11T12:47:50+00:00\" \/>\n<meta property=\"og:image\" content=\"https:\/\/www.polonia.travel\/es\/wp-content\/uploads\/sites\/18\/2023\/03\/czestochowa1920.jpg\" \/>\n\t<meta property=\"og:image:width\" content=\"1920\" \/>\n\t<meta property=\"og:image:height\" content=\"472\" \/>\n\t<meta property=\"og:image:type\" content=\"image\/jpeg\" \/>\n<meta name=\"twitter:card\" content=\"summary_large_image\" \/>\n<meta name=\"twitter:label1\" content=\"Napisane przez\" \/>\n\t<meta name=\"twitter:data1\" content=\"\" \/>\n\t<meta name=\"twitter:label2\" content=\"Szacowany czas czytania\" \/>\n\t<meta name=\"twitter:data2\" content=\"3 minuty\" \/>\n<script type=\"application\/ld+json\" class=\"yoast-schema-graph\">{\"@context\":\"https:\\\/\\\/schema.org\",\"@graph\":[{\"@type\":\"Article\",\"@id\":\"https:\\\/\\\/www.polonia.travel\\\/es\\\/czestochowa-capital-espiritual\\\/#article\",\"isPartOf\":{\"@id\":\"https:\\\/\\\/www.polonia.travel\\\/es\\\/czestochowa-capital-espiritual\\\/\"},\"author\":{\"name\":\"\",\"@id\":\"\"},\"headline\":\"Cz\u0119stochowa, capital espiritual\",\"datePublished\":\"2024-04-29T08:41:14+00:00\",\"dateModified\":\"2025-06-11T12:47:50+00:00\",\"mainEntityOfPage\":{\"@id\":\"https:\\\/\\\/www.polonia.travel\\\/es\\\/czestochowa-capital-espiritual\\\/\"},\"wordCount\":316,\"commentCount\":0,\"publisher\":{\"@id\":\"https:\\\/\\\/www.polonia.travel\\\/es\\\/#organization\"},\"image\":{\"@id\":\"https:\\\/\\\/www.polonia.travel\\\/es\\\/czestochowa-capital-espiritual\\\/#primaryimage\"},\"thumbnailUrl\":\"https:\\\/\\\/www.polonia.travel\\\/es\\\/wp-content\\\/uploads\\\/sites\\\/18\\\/2023\\\/03\\\/czestochowa1920.jpg\",\"keywords\":[\"es\",\"ciudades\"],\"articleSection\":[\"Ciudades\"],\"inLanguage\":\"pl-PL\"},{\"@type\":\"WebPage\",\"@id\":\"https:\\\/\\\/www.polonia.travel\\\/es\\\/czestochowa-capital-espiritual\\\/\",\"url\":\"https:\\\/\\\/www.polonia.travel\\\/es\\\/czestochowa-capital-espiritual\\\/\",\"name\":\"Cz\u0119stochowa, capital espiritual - Polonia Travel (ES)\",\"isPartOf\":{\"@id\":\"https:\\\/\\\/www.polonia.travel\\\/es\\\/#website\"},\"primaryImageOfPage\":{\"@id\":\"https:\\\/\\\/www.polonia.travel\\\/es\\\/czestochowa-capital-espiritual\\\/#primaryimage\"},\"image\":{\"@id\":\"https:\\\/\\\/www.polonia.travel\\\/es\\\/czestochowa-capital-espiritual\\\/#primaryimage\"},\"thumbnailUrl\":\"https:\\\/\\\/www.polonia.travel\\\/es\\\/wp-content\\\/uploads\\\/sites\\\/18\\\/2023\\\/03\\\/czestochowa1920.jpg\",\"datePublished\":\"2024-04-29T08:41:14+00:00\",\"dateModified\":\"2025-06-11T12:47:50+00:00\",\"breadcrumb\":{\"@id\":\"https:\\\/\\\/www.polonia.travel\\\/es\\\/czestochowa-capital-espiritual\\\/#breadcrumb\"},\"inLanguage\":\"pl-PL\",\"potentialAction\":[{\"@type\":\"ReadAction\",\"target\":[\"https:\\\/\\\/www.polonia.travel\\\/es\\\/czestochowa-capital-espiritual\\\/\"]}]},{\"@type\":\"ImageObject\",\"inLanguage\":\"pl-PL\",\"@id\":\"https:\\\/\\\/www.polonia.travel\\\/es\\\/czestochowa-capital-espiritual\\\/#primaryimage\",\"url\":\"https:\\\/\\\/www.polonia.travel\\\/es\\\/wp-content\\\/uploads\\\/sites\\\/18\\\/2023\\\/03\\\/czestochowa1920.jpg\",\"contentUrl\":\"https:\\\/\\\/www.polonia.travel\\\/es\\\/wp-content\\\/uploads\\\/sites\\\/18\\\/2023\\\/03\\\/czestochowa1920.jpg\",\"width\":1920,\"height\":472},{\"@type\":\"BreadcrumbList\",\"@id\":\"https:\\\/\\\/www.polonia.travel\\\/es\\\/czestochowa-capital-espiritual\\\/#breadcrumb\",\"itemListElement\":[{\"@type\":\"ListItem\",\"position\":1,\"name\":\"Home page\",\"item\":\"https:\\\/\\\/www.polonia.travel\\\/es\\\/\"},{\"@type\":\"ListItem\",\"position\":2,\"name\":\"Descubre +\",\"item\":\"https:\\\/\\\/www.polonia.travel\\\/es\\\/category\\\/descubre-lugares\\\/\"},{\"@type\":\"ListItem\",\"position\":3,\"name\":\"Ciudades\",\"item\":\"https:\\\/\\\/www.polonia.travel\\\/es\\\/category\\\/descubre-lugares\\\/ciudades\\\/\"},{\"@type\":\"ListItem\",\"position\":4,\"name\":\"Cz\u0119stochowa, capital espiritual\"}]},{\"@type\":\"WebSite\",\"@id\":\"https:\\\/\\\/www.polonia.travel\\\/es\\\/#website\",\"url\":\"https:\\\/\\\/www.polonia.travel\\\/es\\\/\",\"name\":\"Polonia Travel (ES)\",\"description\":\"...\",\"publisher\":{\"@id\":\"https:\\\/\\\/www.polonia.travel\\\/es\\\/#organization\"},\"potentialAction\":[{\"@type\":\"SearchAction\",\"target\":{\"@type\":\"EntryPoint\",\"urlTemplate\":\"https:\\\/\\\/www.polonia.travel\\\/es\\\/?s={search_term_string}\"},\"query-input\":{\"@type\":\"PropertyValueSpecification\",\"valueRequired\":true,\"valueName\":\"search_term_string\"}}],\"inLanguage\":\"pl-PL\"},{\"@type\":\"Organization\",\"@id\":\"https:\\\/\\\/www.polonia.travel\\\/es\\\/#organization\",\"name\":\"Polonia Travel (ES)\",\"url\":\"https:\\\/\\\/www.polonia.travel\\\/es\\\/\",\"logo\":{\"@type\":\"ImageObject\",\"inLanguage\":\"pl-PL\",\"@id\":\"https:\\\/\\\/www.polonia.travel\\\/es\\\/#\\\/schema\\\/logo\\\/image\\\/\",\"url\":\"\",\"contentUrl\":\"\",\"caption\":\"Polonia Travel (ES)\"},\"image\":{\"@id\":\"https:\\\/\\\/www.polonia.travel\\\/es\\\/#\\\/schema\\\/logo\\\/image\\\/\"}},{\"@type\":\"Person\",\"@id\":\"\"}]}<\/script>\n<!-- \/ Yoast SEO plugin. -->","yoast_head_json":{"title":"Cz\u0119stochowa, capital espiritual - Polonia Travel (ES)","robots":{"index":"index","follow":"follow","max-snippet":"max-snippet:-1","max-image-preview":"max-image-preview:large","max-video-preview":"max-video-preview:-1"},"canonical":"https:\/\/www.polonia.travel\/es\/czestochowa-capital-espiritual\/","og_locale":"pl_PL","og_type":"article","og_title":"Cz\u0119stochowa, capital espiritual - Polonia Travel (ES)","og_description":"El lugar, y la ciudad, tienen mucha importancia para los polacos desde el punto de visto hist\u00f3rico: fue la \u00fanica ciudad que se defendi\u00f3, con \u00e9xito, durante la guerra llamada &#8222;la inundaci\u00f3n sueca&#8221; (s. XVII). A menudo recibe el nombre de capital espiritual de Polonia al albergar el Monasterio la milagrosa imagen de la Virgen [&hellip;]","og_url":"https:\/\/www.polonia.travel\/es\/czestochowa-capital-espiritual\/","og_site_name":"Polonia Travel (ES)","article_published_time":"2024-04-29T08:41:14+00:00","article_modified_time":"2025-06-11T12:47:50+00:00","og_image":[{"width":1920,"height":472,"url":"https:\/\/www.polonia.travel\/es\/wp-content\/uploads\/sites\/18\/2023\/03\/czestochowa1920.jpg","type":"image\/jpeg"}],"twitter_card":"summary_large_image","twitter_misc":{"Napisane przez":"","Szacowany czas czytania":"3 minuty"},"schema":{"@context":"https:\/\/schema.org","@graph":[{"@type":"Article","@id":"https:\/\/www.polonia.travel\/es\/czestochowa-capital-espiritual\/#article","isPartOf":{"@id":"https:\/\/www.polonia.travel\/es\/czestochowa-capital-espiritual\/"},"author":{"name":"","@id":""},"headline":"Cz\u0119stochowa, capital espiritual","datePublished":"2024-04-29T08:41:14+00:00","dateModified":"2025-06-11T12:47:50+00:00","mainEntityOfPage":{"@id":"https:\/\/www.polonia.travel\/es\/czestochowa-capital-espiritual\/"},"wordCount":316,"commentCount":0,"publisher":{"@id":"https:\/\/www.polonia.travel\/es\/#organization"},"image":{"@id":"https:\/\/www.polonia.travel\/es\/czestochowa-capital-espiritual\/#primaryimage"},"thumbnailUrl":"https:\/\/www.polonia.travel\/es\/wp-content\/uploads\/sites\/18\/2023\/03\/czestochowa1920.jpg","keywords":["es","ciudades"],"articleSection":["Ciudades"],"inLanguage":"pl-PL"},{"@type":"WebPage","@id":"https:\/\/www.polonia.travel\/es\/czestochowa-capital-espiritual\/","url":"https:\/\/www.polonia.travel\/es\/czestochowa-capital-espiritual\/","name":"Cz\u0119stochowa, capital espiritual - Polonia Travel (ES)","isPartOf":{"@id":"https:\/\/www.polonia.travel\/es\/#website"},"primaryImageOfPage":{"@id":"https:\/\/www.polonia.travel\/es\/czestochowa-capital-espiritual\/#primaryimage"},"image":{"@id":"https:\/\/www.polonia.travel\/es\/czestochowa-capital-espiritual\/#primaryimage"},"thumbnailUrl":"https:\/\/www.polonia.travel\/es\/wp-content\/uploads\/sites\/18\/2023\/03\/czestochowa1920.jpg","datePublished":"2024-04-29T08:41:14+00:00","dateModified":"2025-06-11T12:47:50+00:00","breadcrumb":{"@id":"https:\/\/www.polonia.travel\/es\/czestochowa-capital-espiritual\/#breadcrumb"},"inLanguage":"pl-PL","potentialAction":[{"@type":"ReadAction","target":["https:\/\/www.polonia.travel\/es\/czestochowa-capital-espiritual\/"]}]},{"@type":"ImageObject","inLanguage":"pl-PL","@id":"https:\/\/www.polonia.travel\/es\/czestochowa-capital-espiritual\/#primaryimage","url":"https:\/\/www.polonia.travel\/es\/wp-content\/uploads\/sites\/18\/2023\/03\/czestochowa1920.jpg","contentUrl":"https:\/\/www.polonia.travel\/es\/wp-content\/uploads\/sites\/18\/2023\/03\/czestochowa1920.jpg","width":1920,"height":472},{"@type":"BreadcrumbList","@id":"https:\/\/www.polonia.travel\/es\/czestochowa-capital-espiritual\/#breadcrumb","itemListElement":[{"@type":"ListItem","position":1,"name":"Home page","item":"https:\/\/www.polonia.travel\/es\/"},{"@type":"ListItem","position":2,"name":"Descubre +","item":"https:\/\/www.polonia.travel\/es\/category\/descubre-lugares\/"},{"@type":"ListItem","position":3,"name":"Ciudades","item":"https:\/\/www.polonia.travel\/es\/category\/descubre-lugares\/ciudades\/"},{"@type":"ListItem","position":4,"name":"Cz\u0119stochowa, capital espiritual"}]},{"@type":"WebSite","@id":"https:\/\/www.polonia.travel\/es\/#website","url":"https:\/\/www.polonia.travel\/es\/","name":"Polonia Travel (ES)","description":"...","publisher":{"@id":"https:\/\/www.polonia.travel\/es\/#organization"},"potentialAction":[{"@type":"SearchAction","target":{"@type":"EntryPoint","urlTemplate":"https:\/\/www.polonia.travel\/es\/?s={search_term_string}"},"query-input":{"@type":"PropertyValueSpecification","valueRequired":true,"valueName":"search_term_string"}}],"inLanguage":"pl-PL"},{"@type":"Organization","@id":"https:\/\/www.polonia.travel\/es\/#organization","name":"Polonia Travel (ES)","url":"https:\/\/www.polonia.travel\/es\/","logo":{"@type":"ImageObject","inLanguage":"pl-PL","@id":"https:\/\/www.polonia.travel\/es\/#\/schema\/logo\/image\/","url":"","contentUrl":"","caption":"Polonia Travel (ES)"},"image":{"@id":"https:\/\/www.polonia.travel\/es\/#\/schema\/logo\/image\/"}},{"@type":"Person","@id":""}]}},"_links":{"self":[{"href":"https:\/\/www.polonia.travel\/es\/wp-json\/wp\/v2\/posts\/31225","targetHints":{"allow":["GET"]}}],"collection":[{"href":"https:\/\/www.polonia.travel\/es\/wp-json\/wp\/v2\/posts"}],"about":[{"href":"https:\/\/www.polonia.travel\/es\/wp-json\/wp\/v2\/types\/post"}],"author":[{"embeddable":true,"href":"https:\/\/www.polonia.travel\/es\/wp-json\/wp\/v2\/users\/1"}],"replies":[{"embeddable":true,"href":"https:\/\/www.polonia.travel\/es\/wp-json\/wp\/v2\/comments?post=31225"}],"version-history":[{"count":11,"href":"https:\/\/www.polonia.travel\/es\/wp-json\/wp\/v2\/posts\/31225\/revisions"}],"predecessor-version":[{"id":37766,"href":"https:\/\/www.polonia.travel\/es\/wp-json\/wp\/v2\/posts\/31225\/revisions\/37766"}],"wp:featuredmedia":[{"embeddable":true,"href":"https:\/\/www.polonia.travel\/es\/wp-json\/wp\/v2\/media\/21797"}],"wp:attachment":[{"href":"https:\/\/www.polonia.travel\/es\/wp-json\/wp\/v2\/media?parent=31225"}],"wp:term":[{"taxonomy":"category","embeddable":true,"href":"https:\/\/www.polonia.travel\/es\/wp-json\/wp\/v2\/categories?post=31225"}],"curies":[{"name":"wp","href":"https:\/\/api.w.org\/{rel}","templated":true}]}}