{"id":31222,"date":"2024-04-26T15:29:18","date_gmt":"2024-04-26T13:29:18","guid":{"rendered":"https:\/\/wp-es.poland.travel\/?p=31222"},"modified":"2026-01-13T18:04:59","modified_gmt":"2026-01-13T17:04:59","slug":"poznan-la-capital-de-polonia-mayor","status":"publish","type":"post","link":"https:\/\/www.polonia.travel\/es\/poznan-la-capital-de-polonia-mayor\/","title":{"rendered":"Pozna\u0144, la capital de Polonia Mayor"},"content":{"rendered":"\n<p><\/p>\n\n\n\n<div class=\"wp-block-group is-style-container\"><div class=\"wp-block-group__inner-container is-layout-constrained wp-block-group-is-layout-constrained\">\n<!-- empty -->\n\n\n<div class=\"metrics\">\n  <div class=\"metrics__text\">\n    <h1 class=\"is-style-heading-38 mb20 large-mb30\">Pozna\u0144, la capital de Polonia Mayor<\/h1>\n    <p>Capital de la <strong>Polonia Mayor<\/strong>, gracias a su localizaci\u00f3n en la mitad de la ruta entre Berl\u00edn y Varsovia, es conocida sobre todo por su gran actividad comercial e industrial, y sus ferias. \u00a1Pero no te dejes enga\u00f1ar! La cuna del estado de Polonia se encuentra precisamente en la franja oeste del pa\u00eds y tanto Pozna\u0144, como Wroclaw (a 180 km) conservan monumentos que avalan la milenaria historia de Polonia.<\/p>\n  <\/div>\n  <div class=\"metrics__sidebar\">\n    <div class=\"metrics-box\">\n              <div class=\"metrics-box__title\">Informaci\u00f3n b\u00e1sica<\/div>\n        <div class=\"metrics-box__values\">\n                  <\/div>\n                <\/div>\n  <\/div>\n<\/div>\n<\/div><\/div>\n\n\n\n<div class=\"wp-block-group is-style-container-medium\"><div class=\"wp-block-group__inner-container is-layout-constrained wp-block-group-is-layout-constrained\">\n<p>Quiz\u00e1s por esa raz\u00f3n, habr\u00eda que incluir en la visita el paseo a la parte m\u00e1s antigua que se encuentra en <em><strong>Ostr\u00f3w Tumski<\/strong><\/em>, una isla con edificios principalmente eclesi\u00e1sticos (la catedral) entre dos brazos del r\u00edo Warta que recorre la ciudad. Caminando o viajando en tranv\u00eda hacia la parte m\u00e1s moderna nos adentraremos en otro ambiente. En el casco hist\u00f3rico de la ciudad no puede faltar la <strong>Plaza de Mercado<\/strong> cuyo edificio principal, el <strong>Ayuntamiento<\/strong>, nos recuerda los mejores ejemplos de la <strong>arquitectura renacentista<\/strong> italiana. El Ayuntamiento ocupa la parte central de la plaza &#8222;flanqueada&#8221; por casas burguesas o antiguos puestos de venta del mercado original que fue el lugar: la variedad de colores y formas arquitect\u00f3nicas lo convierten en un espacio alegre, elegante y afable. Adem\u00e1s, en la propia plaza o en las calles aleda\u00f1as se encuentran museos que visitar, sin perderse la cita con los cabritos. Es una tradici\u00f3n en Pozna\u0144 acudir al Ayuntamiento a mediod\u00eda y ver c\u00f3mo, gracias a un antiguo mecanismo, las figuras de los cabritos dan la hora en lo alto de la torre del ayuntamiento.<\/p>\n<\/div><\/div>\n\n\n\n<div style=\"height:100px\" aria-hidden=\"true\" class=\"wp-block-spacer is-style-spacer-small\"><\/div>\n\n\n\n<div class=\"wp-block-group is-style-container\"><div class=\"wp-block-group__inner-container is-layout-constrained wp-block-group-is-layout-constrained\">  <div class=\"gallery-tiles gallery-tiles--rows-2-3 lightgallery\">\r\n          <a href=\"https:\/\/www.polonia.travel\/es\/wp-content\/uploads\/sites\/18\/2024\/04\/Poznan_kamieniczki-1.jpg\" class=\"gallery-tiles__item\" data-src=\"https:\/\/www.polonia.travel\/es\/wp-content\/uploads\/sites\/18\/2024\/04\/Poznan_kamieniczki-1.jpg\"\r\n        aria-label=\"Otw\u00f3rz powi\u0119kszone zdj\u0119cie: Poznan_kamieniczki-1\">\r\n        <img loading=\"lazy\" decoding=\"async\" width=\"1200\" height=\"800\" src=\"https:\/\/www.polonia.travel\/es\/wp-content\/uploads\/sites\/18\/2024\/04\/Poznan_kamieniczki-1-1200x800.jpg\" class=\"gallery-tiles__thumb\" alt=\"\" srcset=\"https:\/\/www.polonia.travel\/es\/wp-content\/uploads\/sites\/18\/2024\/04\/Poznan_kamieniczki-1-1200x800.jpg 1200w, https:\/\/www.polonia.travel\/es\/wp-content\/uploads\/sites\/18\/2024\/04\/Poznan_kamieniczki-1-600x400.jpg 600w, https:\/\/www.polonia.travel\/es\/wp-content\/uploads\/sites\/18\/2024\/04\/Poznan_kamieniczki-1-768x512.jpg 768w, https:\/\/www.polonia.travel\/es\/wp-content\/uploads\/sites\/18\/2024\/04\/Poznan_kamieniczki-1.jpg 1536w\" sizes=\"auto, (max-width: 1200px) 100vw, 1200px\" \/>      <\/a>\r\n          <a href=\"https:\/\/www.polonia.travel\/es\/wp-content\/uploads\/sites\/18\/2024\/04\/POZNAN_3.jpg\" class=\"gallery-tiles__item\" data-src=\"https:\/\/www.polonia.travel\/es\/wp-content\/uploads\/sites\/18\/2024\/04\/POZNAN_3.jpg\"\r\n        aria-label=\"Otw\u00f3rz powi\u0119kszone zdj\u0119cie: Poznan\">\r\n        <img loading=\"lazy\" decoding=\"async\" width=\"1170\" height=\"780\" src=\"https:\/\/www.polonia.travel\/es\/wp-content\/uploads\/sites\/18\/2024\/04\/POZNAN_3.jpg\" class=\"gallery-tiles__thumb\" alt=\"Poznan\" srcset=\"https:\/\/www.polonia.travel\/es\/wp-content\/uploads\/sites\/18\/2024\/04\/POZNAN_3.jpg 1170w, https:\/\/www.polonia.travel\/es\/wp-content\/uploads\/sites\/18\/2024\/04\/POZNAN_3-600x400.jpg 600w, https:\/\/www.polonia.travel\/es\/wp-content\/uploads\/sites\/18\/2024\/04\/POZNAN_3-768x512.jpg 768w\" sizes=\"auto, (max-width: 1170px) 100vw, 1170px\" \/>      <\/a>\r\n          <a href=\"https:\/\/www.polonia.travel\/es\/wp-content\/uploads\/sites\/18\/2023\/07\/poznan-ratusz.jpg\" class=\"gallery-tiles__item\" data-src=\"https:\/\/www.polonia.travel\/es\/wp-content\/uploads\/sites\/18\/2023\/07\/poznan-ratusz.jpg\"\r\n        aria-label=\"Otw\u00f3rz powi\u0119kszone zdj\u0119cie: poznan-ratusz\">\r\n        <img loading=\"lazy\" decoding=\"async\" width=\"1170\" height=\"779\" src=\"https:\/\/www.polonia.travel\/es\/wp-content\/uploads\/sites\/18\/2023\/07\/poznan-ratusz.jpg\" class=\"gallery-tiles__thumb\" alt=\"\" srcset=\"https:\/\/www.polonia.travel\/es\/wp-content\/uploads\/sites\/18\/2023\/07\/poznan-ratusz.jpg 1170w, https:\/\/www.polonia.travel\/es\/wp-content\/uploads\/sites\/18\/2023\/07\/poznan-ratusz-600x399.jpg 600w, https:\/\/www.polonia.travel\/es\/wp-content\/uploads\/sites\/18\/2023\/07\/poznan-ratusz-768x511.jpg 768w\" sizes=\"auto, (max-width: 1170px) 100vw, 1170px\" \/>      <\/a>\r\n          <a href=\"https:\/\/www.polonia.travel\/es\/wp-content\/uploads\/sites\/18\/2023\/07\/poznan-opera-1.jpg\" class=\"gallery-tiles__item\" data-src=\"https:\/\/www.polonia.travel\/es\/wp-content\/uploads\/sites\/18\/2023\/07\/poznan-opera-1.jpg\"\r\n        aria-label=\"Otw\u00f3rz powi\u0119kszone zdj\u0119cie: poznan-opera-1\">\r\n        <img loading=\"lazy\" decoding=\"async\" width=\"1170\" height=\"780\" src=\"https:\/\/www.polonia.travel\/es\/wp-content\/uploads\/sites\/18\/2023\/07\/poznan-opera-1.jpg\" class=\"gallery-tiles__thumb\" alt=\"\" srcset=\"https:\/\/www.polonia.travel\/es\/wp-content\/uploads\/sites\/18\/2023\/07\/poznan-opera-1.jpg 1170w, https:\/\/www.polonia.travel\/es\/wp-content\/uploads\/sites\/18\/2023\/07\/poznan-opera-1-600x400.jpg 600w, https:\/\/www.polonia.travel\/es\/wp-content\/uploads\/sites\/18\/2023\/07\/poznan-opera-1-768x512.jpg 768w\" sizes=\"auto, (max-width: 1170px) 100vw, 1170px\" \/>      <\/a>\r\n          <a href=\"https:\/\/www.polonia.travel\/es\/wp-content\/uploads\/sites\/18\/2023\/07\/poznan20centre.jpg\" class=\"gallery-tiles__item\" data-src=\"https:\/\/www.polonia.travel\/es\/wp-content\/uploads\/sites\/18\/2023\/07\/poznan20centre.jpg\"\r\n        aria-label=\"Otw\u00f3rz powi\u0119kszone zdj\u0119cie: poznan20centre\">\r\n        <img loading=\"lazy\" decoding=\"async\" width=\"1200\" height=\"800\" src=\"https:\/\/www.polonia.travel\/es\/wp-content\/uploads\/sites\/18\/2023\/07\/poznan20centre-1200x800.jpg\" class=\"gallery-tiles__thumb\" alt=\"\" srcset=\"https:\/\/www.polonia.travel\/es\/wp-content\/uploads\/sites\/18\/2023\/07\/poznan20centre-1200x800.jpg 1200w, https:\/\/www.polonia.travel\/es\/wp-content\/uploads\/sites\/18\/2023\/07\/poznan20centre-600x400.jpg 600w, https:\/\/www.polonia.travel\/es\/wp-content\/uploads\/sites\/18\/2023\/07\/poznan20centre-768x512.jpg 768w, https:\/\/www.polonia.travel\/es\/wp-content\/uploads\/sites\/18\/2023\/07\/poznan20centre.jpg 1224w\" sizes=\"auto, (max-width: 1200px) 100vw, 1200px\" \/>      <\/a>\r\n      <\/div>\r\n<\/div><\/div>\n\n\n\n<div style=\"height:100px\" aria-hidden=\"true\" class=\"wp-block-spacer is-style-spacer-small\"><\/div>\n\n\n\n<div class=\"wp-block-group is-style-container-medium\"><div class=\"wp-block-group__inner-container is-layout-constrained wp-block-group-is-layout-constrained\">\n<p>Entre los monumentos m\u00e1s &#8222;j\u00f3venes&#8221; se encuentra el <strong>Castillo Imperial<\/strong>, de estilo neorrom\u00e1nico, construido a principios del s. XX y hoy convertido en el Centro de Cultura Zamek m\u00e1s significativo de la ciudad. Alberga interesantes exposiciones temporales de arte que cualquier viajero con intereses culturales deber\u00eda tener en cuenta.<\/p>\n\n\n\n<p>Pozna\u0144 siempre ha sido <strong>una ciudad con esp\u00edritu innovador<\/strong>: una antigua f\u00e1brica de cerveza, el <em><strong>Stary Browar<\/strong><\/em> del s. XIX, se convirti\u00f3, hace algunos a\u00f1os, en un moderno centro comercial y cultural, conservando la estructura principal del edificio original. El dise\u00f1o y las soluciones tecnol\u00f3gicas que se hab\u00edan adelantado a la filosof\u00eda de un mundo m\u00e1s sostenible, recibieron varios premios internacionales. Otro ejemplo del emprendimiento e innovaci\u00f3n es el recinto ferial internacional, <em><strong>Targi Pozna\u0144skie<\/strong><\/em>. Tanto la propia iniciativa de crear una instituci\u00f3n ferial, que data de 1921, como los edificios del recinto cuentan con mayor tradici\u00f3n en el pa\u00eds y en esta parte de Europa.&nbsp;<\/p>\n\n\n\n<p>Otro espacio recomendado, de reciente creaci\u00f3n, es el <strong>Enigma<\/strong>. S\u00ed, s\u00ed, se trata del hecho fundamental para el desenlace de la II GM:<a href=\"https:\/\/www.um.es\/documents\/3239701\/10301477\/criptografia.pdf\/09a15c34-3998-4966-991f-fa9210511080\"> tres matem\u00e1ticos de Poznan dieron el primer paso para quebrar el c\u00f3digo Enigma <\/a>ideado por los nazis para conseguir victoria final que, afortunadamente, no se produjo. La exposici\u00f3n se encuentra en el Castillo Imperial, actualmente el Centro de Cultura Zamek.<\/p>\n\n\n\n<p>Adem\u00e1s de innovadores y emprendedores, los habitantes de Pozna\u0144 son muy fieles a sus tradiciones, que hay muchas. Su patrono es <strong>San Mart\u00edn<\/strong> que comparte el d\u00eda festivo con el de la Independencia (el 11 de noviembre), d\u00eda de procesiones, <strong>ganso asado relleno<\/strong> a la hora de la comida y el <strong>Cruas\u00e1n de San Mart\u00edn<\/strong> (producto regional) que incluso tiene su propio museo. Estas tradiciones, junto con el innovador <strong>Festival Internacional de Escultura en el Hielo<\/strong>, est\u00e1n presentes en el mercadillo de Navidad, llamado El Bel\u00e9n de Pozna\u0144&nbsp;(<em><strong>Betlejem Pozna\u0144skie<\/strong><\/em>), elegido como uno de los mejores eventos navide\u00f1os en 2021 por <strong>European Best Destination<\/strong>.<\/p>\n\n\n\n<p>Como en cualquier otra urbe polaca, tampoco aqu\u00ed faltan espacios verdes. Destaca el <strong>Parque de la Ciudadela<\/strong> (Cytadela) y el lago artificial <strong>Malta<\/strong>, con muchas posibilidades de practicar deportes al aire libre, sin dejar de lado la posibilidad de disfrutar de aguas geotermales en las <strong>Termas de Malta<\/strong> (<em>Termy Malta\u0144skie<\/em>).&nbsp;Junto con Varsovia y Cracovia, es la tercera ciudad del pa\u00eds, y una de las pocas en Europa, que tiene a sus puertas un parque nacional: el de Wielkopolski (<strong>Parque Nacional de Polonia Mayor<\/strong>). Entre las excursiones desde Pozna\u0144, se puede incluir tambi\u00e9n la visita a los palacios de <em><strong>K\u00f3rnik<\/strong><\/em> o <em><strong>Rogalin<\/strong><\/em>, sedes de las familias aristocr\u00e1ticas de la regi\u00f3n.<\/p>\n\n\n\n<p>Pozna\u0144 tiene aeropuerto internacional y en temporada alta hay vuelos directos desde Espa\u00f1a. La ciudad est\u00e1 bien conectada en tren y por carretera con Varsovia (300 km), Berl\u00edn (260 km), Wroclaw (180 km) y Toru\u0144 (150 km) para confeccionar un &#8222;viaje de autor&#8221;.<\/p>\n\n\n\n<p>M\u00e1s informaci\u00f3n en <a href=\"https:\/\/visitpoznan.pl\/en\">Visit Poznan<\/a>&nbsp;y en art\u00edculos adicionales publicados abajo.<\/p>\n<\/div><\/div>\n\n\n\n<div style=\"height:100px\" aria-hidden=\"true\" class=\"wp-block-spacer is-style-spacer-medium\"><\/div>\n\n\n\n<div class=\"wp-block-group has-background\" style=\"background-color:#eeeeee\"><div class=\"wp-block-group__inner-container is-layout-constrained wp-block-group-is-layout-constrained\">\n<div style=\"height:100px\" aria-hidden=\"true\" class=\"wp-block-spacer is-style-spacer-small\"><\/div>\n\n\n\n<div class=\"wp-block-group is-style-container\"><div class=\"wp-block-group__inner-container is-layout-constrained wp-block-group-is-layout-constrained\">\n<h3 class=\"wp-block-heading\">M\u00e1s informaci\u00f3n<\/h3>\n\n\n<div class=\"overflow\">\n  <div class=\"post-slider swiper post-slider--small\" data-schema=\"small\">\n\n    <div class=\"swiper-wrapper\">\n              <div class=\"swiper-slide post-slide\">\n                      <a href=\"https:\/\/www.polonia.travel\/es\/poznan-revivir-la-historia\/\" class=\"post-box post-box--small\" style=\" background-image: url(https:\/\/www.polonia.travel\/es\/wp-content\/uploads\/sites\/18\/2024\/04\/Poznan_kamieniczki-1-600x400.jpg);\">\n          <div class=\"post-box__hover\" style=\"background-image: url(https:\/\/www.polonia.travel\/es\/wp-content\/uploads\/sites\/18\/2023\/07\/poznan-ratusz-600x399.jpg);\"><\/div>\n        <div class=\"post-box__info\">\n            <div class=\"post-box__title\">Poznan. Revivir la historia<\/div>\n      <div class=\"post-box__more\">Leer m\u00e1s<\/div>\n    <\/div>\n  <\/a>\n\n          <\/div>\n              <div class=\"swiper-slide post-slide\">\n                      <a href=\"https:\/\/www.polonia.travel\/es\/la-sabrosa-leyenda-de-san-martin\/\" class=\"post-box post-box--small\" style=\" background-image: url(https:\/\/www.polonia.travel\/es\/wp-content\/uploads\/sites\/18\/2023\/07\/rogal_swietomarcinski_1170-600x399.jpg);\">\n          <div class=\"post-box__hover\" style=\"background-image: url(https:\/\/www.polonia.travel\/es\/wp-content\/uploads\/sites\/18\/2023\/07\/Rogalowe20Museum-600x450.jpg);\"><\/div>\n        <div class=\"post-box__info\">\n            <div class=\"post-box__title\">La sabrosa leyenda de San Mart\u00edn<\/div>\n      <div class=\"post-box__more\">Leer m\u00e1s<\/div>\n    <\/div>\n  <\/a>\n\n          <\/div>\n              <div class=\"swiper-slide post-slide\">\n                      <a href=\"https:\/\/www.polonia.travel\/es\/polonia-mayor-wielkopolska-la-cuna-del-estado-polaco\/\" class=\"post-box post-box--small\" style=\" background-image: url(https:\/\/www.polonia.travel\/es\/wp-content\/uploads\/sites\/18\/2022\/12\/WielkopolskiPN_ok-600x400.jpg);\">\n          <div class=\"post-box__hover\" style=\"background-image: url(https:\/\/www.polonia.travel\/es\/wp-content\/uploads\/sites\/18\/2024\/04\/Poznan1-600x389.jpg);\"><\/div>\n        <div class=\"post-box__info\">\n            <div class=\"post-box__title\">POLONIA MAYOR (Wielkopolska), la cuna del Estado polaco<\/div>\n      <div class=\"post-box__more\">Leer m\u00e1s<\/div>\n    <\/div>\n  <\/a>\n\n          <\/div>\n              <div class=\"swiper-slide post-slide\">\n                      <a href=\"https:\/\/www.polonia.travel\/es\/parque-de-la-ciudadela-poznan\/\" class=\"post-box post-box--small\" style=\" background-image: url(https:\/\/www.polonia.travel\/es\/wp-content\/uploads\/sites\/18\/2023\/07\/Golden_Pins_540x360_cytadela.jpg);\">\n          <div class=\"post-box__hover\" style=\"background-image: url(https:\/\/www.polonia.travel\/es\/wp-content\/uploads\/sites\/18\/2023\/07\/poznan-ratusz-600x399.jpg);\"><\/div>\n        <div class=\"post-box__info\">\n            <div class=\"post-box__title\">Parque de la Ciudadela, Pozna\u0144<\/div>\n      <div class=\"post-box__more\">Leer m\u00e1s<\/div>\n    <\/div>\n  <\/a>\n\n          <\/div>\n              <div class=\"swiper-slide post-slide\">\n                      <a href=\"https:\/\/www.polonia.travel\/es\/el-efimero-arte-encantado-en-el-hielo\/\" class=\"post-box post-box--small\" style=\" background-image: url(https:\/\/www.polonia.travel\/es\/wp-content\/uploads\/sites\/18\/2024\/04\/Festival20Internacional20de20Esculturas20de20Hielo20en20Poznan20500x33420750_1168.jpg);\">\n          <div class=\"post-box__hover\" style=\"background-image: url(https:\/\/www.polonia.travel\/es\/wp-content\/uploads\/sites\/18\/2024\/04\/FestiwalRzezbyLodowej540-1.jpg);\"><\/div>\n        <div class=\"post-box__info\">\n            <div class=\"post-box__title\">El ef\u00edmero arte encantado en el hielo<\/div>\n      <div class=\"post-box__more\">Leer m\u00e1s<\/div>\n    <\/div>\n  <\/a>\n\n          <\/div>\n          <\/div>\n    <div class=\"post-slider__pagination\"><\/div>\n  <\/div>\n<\/div>\n<\/div><\/div>\n\n\n\n<div style=\"height:100px\" aria-hidden=\"true\" class=\"wp-block-spacer is-style-spacer-small\"><\/div>\n<\/div><\/div>\n","protected":false},"excerpt":{"rendered":"<p>Quiz\u00e1s por esa raz\u00f3n, habr\u00eda que incluir en la visita el paseo a la parte m\u00e1s antigua que se encuentra en Ostr\u00f3w Tumski, una isla con edificios principalmente eclesi\u00e1sticos (la catedral) entre dos brazos del r\u00edo Warta que recorre la ciudad. Caminando o viajando en tranv\u00eda hacia la parte m\u00e1s moderna nos adentraremos en otro [&hellip;]<\/p>\n","protected":false},"author":1,"featured_media":32682,"comment_status":"open","ping_status":"open","sticky":false,"template":"","format":"standard","meta":{"_acf_changed":false,"footnotes":""},"categories":[1037],"class_list":["post-31222","post","type-post","status-publish","format-standard","has-post-thumbnail","hentry","category-ciudades"],"acf":[],"yoast_head":"<!-- This site is optimized with the Yoast SEO plugin v27.4 - https:\/\/yoast.com\/product\/yoast-seo-wordpress\/ -->\n<title>Pozna\u0144, la capital de Polonia Mayor - Polonia Travel (ES)<\/title>\n<meta name=\"robots\" content=\"index, follow, max-snippet:-1, max-image-preview:large, max-video-preview:-1\" \/>\n<link rel=\"canonical\" href=\"https:\/\/www.polonia.travel\/es\/poznan-la-capital-de-polonia-mayor\/\" \/>\n<meta property=\"og:locale\" content=\"pl_PL\" \/>\n<meta property=\"og:type\" content=\"article\" \/>\n<meta property=\"og:title\" content=\"Pozna\u0144, la capital de Polonia Mayor - Polonia Travel (ES)\" \/>\n<meta property=\"og:description\" content=\"Quiz\u00e1s por esa raz\u00f3n, habr\u00eda que incluir en la visita el paseo a la parte m\u00e1s antigua que se encuentra en Ostr\u00f3w Tumski, una isla con edificios principalmente eclesi\u00e1sticos (la catedral) entre dos brazos del r\u00edo Warta que recorre la ciudad. Caminando o viajando en tranv\u00eda hacia la parte m\u00e1s moderna nos adentraremos en otro [&hellip;]\" \/>\n<meta property=\"og:url\" content=\"https:\/\/www.polonia.travel\/es\/poznan-la-capital-de-polonia-mayor\/\" \/>\n<meta property=\"og:site_name\" content=\"Polonia Travel (ES)\" \/>\n<meta property=\"article:published_time\" content=\"2024-04-26T13:29:18+00:00\" \/>\n<meta property=\"article:modified_time\" content=\"2026-01-13T17:04:59+00:00\" \/>\n<meta property=\"og:image\" content=\"https:\/\/www.polonia.travel\/es\/wp-content\/uploads\/sites\/18\/2024\/04\/05_Poznan.jpg\" \/>\n\t<meta property=\"og:image:width\" content=\"1170\" \/>\n\t<meta property=\"og:image:height\" content=\"545\" \/>\n\t<meta property=\"og:image:type\" content=\"image\/jpeg\" \/>\n<meta name=\"twitter:card\" content=\"summary_large_image\" \/>\n<meta name=\"twitter:label1\" content=\"Napisane przez\" \/>\n\t<meta name=\"twitter:data1\" content=\"\" \/>\n\t<meta name=\"twitter:label2\" content=\"Szacowany czas czytania\" \/>\n\t<meta name=\"twitter:data2\" content=\"5 minut\" \/>\n<script type=\"application\/ld+json\" class=\"yoast-schema-graph\">{\"@context\":\"https:\\\/\\\/schema.org\",\"@graph\":[{\"@type\":\"Article\",\"@id\":\"https:\\\/\\\/www.polonia.travel\\\/es\\\/poznan-la-capital-de-polonia-mayor\\\/#article\",\"isPartOf\":{\"@id\":\"https:\\\/\\\/www.polonia.travel\\\/es\\\/poznan-la-capital-de-polonia-mayor\\\/\"},\"author\":{\"name\":\"\",\"@id\":\"\"},\"headline\":\"Pozna\u0144, la capital de Polonia Mayor\",\"datePublished\":\"2024-04-26T13:29:18+00:00\",\"dateModified\":\"2026-01-13T17:04:59+00:00\",\"mainEntityOfPage\":{\"@id\":\"https:\\\/\\\/www.polonia.travel\\\/es\\\/poznan-la-capital-de-polonia-mayor\\\/\"},\"wordCount\":733,\"commentCount\":0,\"publisher\":{\"@id\":\"https:\\\/\\\/www.polonia.travel\\\/es\\\/#organization\"},\"image\":{\"@id\":\"https:\\\/\\\/www.polonia.travel\\\/es\\\/poznan-la-capital-de-polonia-mayor\\\/#primaryimage\"},\"thumbnailUrl\":\"https:\\\/\\\/www.polonia.travel\\\/es\\\/wp-content\\\/uploads\\\/sites\\\/18\\\/2024\\\/04\\\/05_Poznan.jpg\",\"keywords\":[\"es\",\"ciudades\"],\"articleSection\":[\"Ciudades\"],\"inLanguage\":\"pl-PL\"},{\"@type\":\"WebPage\",\"@id\":\"https:\\\/\\\/www.polonia.travel\\\/es\\\/poznan-la-capital-de-polonia-mayor\\\/\",\"url\":\"https:\\\/\\\/www.polonia.travel\\\/es\\\/poznan-la-capital-de-polonia-mayor\\\/\",\"name\":\"Pozna\u0144, la capital de Polonia Mayor - Polonia Travel (ES)\",\"isPartOf\":{\"@id\":\"https:\\\/\\\/www.polonia.travel\\\/es\\\/#website\"},\"primaryImageOfPage\":{\"@id\":\"https:\\\/\\\/www.polonia.travel\\\/es\\\/poznan-la-capital-de-polonia-mayor\\\/#primaryimage\"},\"image\":{\"@id\":\"https:\\\/\\\/www.polonia.travel\\\/es\\\/poznan-la-capital-de-polonia-mayor\\\/#primaryimage\"},\"thumbnailUrl\":\"https:\\\/\\\/www.polonia.travel\\\/es\\\/wp-content\\\/uploads\\\/sites\\\/18\\\/2024\\\/04\\\/05_Poznan.jpg\",\"datePublished\":\"2024-04-26T13:29:18+00:00\",\"dateModified\":\"2026-01-13T17:04:59+00:00\",\"breadcrumb\":{\"@id\":\"https:\\\/\\\/www.polonia.travel\\\/es\\\/poznan-la-capital-de-polonia-mayor\\\/#breadcrumb\"},\"inLanguage\":\"pl-PL\",\"potentialAction\":[{\"@type\":\"ReadAction\",\"target\":[\"https:\\\/\\\/www.polonia.travel\\\/es\\\/poznan-la-capital-de-polonia-mayor\\\/\"]}]},{\"@type\":\"ImageObject\",\"inLanguage\":\"pl-PL\",\"@id\":\"https:\\\/\\\/www.polonia.travel\\\/es\\\/poznan-la-capital-de-polonia-mayor\\\/#primaryimage\",\"url\":\"https:\\\/\\\/www.polonia.travel\\\/es\\\/wp-content\\\/uploads\\\/sites\\\/18\\\/2024\\\/04\\\/05_Poznan.jpg\",\"contentUrl\":\"https:\\\/\\\/www.polonia.travel\\\/es\\\/wp-content\\\/uploads\\\/sites\\\/18\\\/2024\\\/04\\\/05_Poznan.jpg\",\"width\":1170,\"height\":545},{\"@type\":\"BreadcrumbList\",\"@id\":\"https:\\\/\\\/www.polonia.travel\\\/es\\\/poznan-la-capital-de-polonia-mayor\\\/#breadcrumb\",\"itemListElement\":[{\"@type\":\"ListItem\",\"position\":1,\"name\":\"Home page\",\"item\":\"https:\\\/\\\/www.polonia.travel\\\/es\\\/\"},{\"@type\":\"ListItem\",\"position\":2,\"name\":\"Descubre +\",\"item\":\"https:\\\/\\\/www.polonia.travel\\\/es\\\/category\\\/descubre-lugares\\\/\"},{\"@type\":\"ListItem\",\"position\":3,\"name\":\"Ciudades\",\"item\":\"https:\\\/\\\/www.polonia.travel\\\/es\\\/category\\\/descubre-lugares\\\/ciudades\\\/\"},{\"@type\":\"ListItem\",\"position\":4,\"name\":\"Pozna\u0144, la capital de Polonia Mayor\"}]},{\"@type\":\"WebSite\",\"@id\":\"https:\\\/\\\/www.polonia.travel\\\/es\\\/#website\",\"url\":\"https:\\\/\\\/www.polonia.travel\\\/es\\\/\",\"name\":\"Polonia Travel (ES)\",\"description\":\"...\",\"publisher\":{\"@id\":\"https:\\\/\\\/www.polonia.travel\\\/es\\\/#organization\"},\"potentialAction\":[{\"@type\":\"SearchAction\",\"target\":{\"@type\":\"EntryPoint\",\"urlTemplate\":\"https:\\\/\\\/www.polonia.travel\\\/es\\\/?s={search_term_string}\"},\"query-input\":{\"@type\":\"PropertyValueSpecification\",\"valueRequired\":true,\"valueName\":\"search_term_string\"}}],\"inLanguage\":\"pl-PL\"},{\"@type\":\"Organization\",\"@id\":\"https:\\\/\\\/www.polonia.travel\\\/es\\\/#organization\",\"name\":\"Polonia Travel (ES)\",\"url\":\"https:\\\/\\\/www.polonia.travel\\\/es\\\/\",\"logo\":{\"@type\":\"ImageObject\",\"inLanguage\":\"pl-PL\",\"@id\":\"https:\\\/\\\/www.polonia.travel\\\/es\\\/#\\\/schema\\\/logo\\\/image\\\/\",\"url\":\"\",\"contentUrl\":\"\",\"caption\":\"Polonia Travel (ES)\"},\"image\":{\"@id\":\"https:\\\/\\\/www.polonia.travel\\\/es\\\/#\\\/schema\\\/logo\\\/image\\\/\"}},{\"@type\":\"Person\",\"@id\":\"\"}]}<\/script>\n<!-- \/ Yoast SEO plugin. -->","yoast_head_json":{"title":"Pozna\u0144, la capital de Polonia Mayor - Polonia Travel (ES)","robots":{"index":"index","follow":"follow","max-snippet":"max-snippet:-1","max-image-preview":"max-image-preview:large","max-video-preview":"max-video-preview:-1"},"canonical":"https:\/\/www.polonia.travel\/es\/poznan-la-capital-de-polonia-mayor\/","og_locale":"pl_PL","og_type":"article","og_title":"Pozna\u0144, la capital de Polonia Mayor - Polonia Travel (ES)","og_description":"Quiz\u00e1s por esa raz\u00f3n, habr\u00eda que incluir en la visita el paseo a la parte m\u00e1s antigua que se encuentra en Ostr\u00f3w Tumski, una isla con edificios principalmente eclesi\u00e1sticos (la catedral) entre dos brazos del r\u00edo Warta que recorre la ciudad. Caminando o viajando en tranv\u00eda hacia la parte m\u00e1s moderna nos adentraremos en otro [&hellip;]","og_url":"https:\/\/www.polonia.travel\/es\/poznan-la-capital-de-polonia-mayor\/","og_site_name":"Polonia Travel (ES)","article_published_time":"2024-04-26T13:29:18+00:00","article_modified_time":"2026-01-13T17:04:59+00:00","og_image":[{"width":1170,"height":545,"url":"https:\/\/www.polonia.travel\/es\/wp-content\/uploads\/sites\/18\/2024\/04\/05_Poznan.jpg","type":"image\/jpeg"}],"twitter_card":"summary_large_image","twitter_misc":{"Napisane przez":"","Szacowany czas czytania":"5 minut"},"schema":{"@context":"https:\/\/schema.org","@graph":[{"@type":"Article","@id":"https:\/\/www.polonia.travel\/es\/poznan-la-capital-de-polonia-mayor\/#article","isPartOf":{"@id":"https:\/\/www.polonia.travel\/es\/poznan-la-capital-de-polonia-mayor\/"},"author":{"name":"","@id":""},"headline":"Pozna\u0144, la capital de Polonia Mayor","datePublished":"2024-04-26T13:29:18+00:00","dateModified":"2026-01-13T17:04:59+00:00","mainEntityOfPage":{"@id":"https:\/\/www.polonia.travel\/es\/poznan-la-capital-de-polonia-mayor\/"},"wordCount":733,"commentCount":0,"publisher":{"@id":"https:\/\/www.polonia.travel\/es\/#organization"},"image":{"@id":"https:\/\/www.polonia.travel\/es\/poznan-la-capital-de-polonia-mayor\/#primaryimage"},"thumbnailUrl":"https:\/\/www.polonia.travel\/es\/wp-content\/uploads\/sites\/18\/2024\/04\/05_Poznan.jpg","keywords":["es","ciudades"],"articleSection":["Ciudades"],"inLanguage":"pl-PL"},{"@type":"WebPage","@id":"https:\/\/www.polonia.travel\/es\/poznan-la-capital-de-polonia-mayor\/","url":"https:\/\/www.polonia.travel\/es\/poznan-la-capital-de-polonia-mayor\/","name":"Pozna\u0144, la capital de Polonia Mayor - Polonia Travel (ES)","isPartOf":{"@id":"https:\/\/www.polonia.travel\/es\/#website"},"primaryImageOfPage":{"@id":"https:\/\/www.polonia.travel\/es\/poznan-la-capital-de-polonia-mayor\/#primaryimage"},"image":{"@id":"https:\/\/www.polonia.travel\/es\/poznan-la-capital-de-polonia-mayor\/#primaryimage"},"thumbnailUrl":"https:\/\/www.polonia.travel\/es\/wp-content\/uploads\/sites\/18\/2024\/04\/05_Poznan.jpg","datePublished":"2024-04-26T13:29:18+00:00","dateModified":"2026-01-13T17:04:59+00:00","breadcrumb":{"@id":"https:\/\/www.polonia.travel\/es\/poznan-la-capital-de-polonia-mayor\/#breadcrumb"},"inLanguage":"pl-PL","potentialAction":[{"@type":"ReadAction","target":["https:\/\/www.polonia.travel\/es\/poznan-la-capital-de-polonia-mayor\/"]}]},{"@type":"ImageObject","inLanguage":"pl-PL","@id":"https:\/\/www.polonia.travel\/es\/poznan-la-capital-de-polonia-mayor\/#primaryimage","url":"https:\/\/www.polonia.travel\/es\/wp-content\/uploads\/sites\/18\/2024\/04\/05_Poznan.jpg","contentUrl":"https:\/\/www.polonia.travel\/es\/wp-content\/uploads\/sites\/18\/2024\/04\/05_Poznan.jpg","width":1170,"height":545},{"@type":"BreadcrumbList","@id":"https:\/\/www.polonia.travel\/es\/poznan-la-capital-de-polonia-mayor\/#breadcrumb","itemListElement":[{"@type":"ListItem","position":1,"name":"Home page","item":"https:\/\/www.polonia.travel\/es\/"},{"@type":"ListItem","position":2,"name":"Descubre +","item":"https:\/\/www.polonia.travel\/es\/category\/descubre-lugares\/"},{"@type":"ListItem","position":3,"name":"Ciudades","item":"https:\/\/www.polonia.travel\/es\/category\/descubre-lugares\/ciudades\/"},{"@type":"ListItem","position":4,"name":"Pozna\u0144, la capital de Polonia Mayor"}]},{"@type":"WebSite","@id":"https:\/\/www.polonia.travel\/es\/#website","url":"https:\/\/www.polonia.travel\/es\/","name":"Polonia Travel (ES)","description":"...","publisher":{"@id":"https:\/\/www.polonia.travel\/es\/#organization"},"potentialAction":[{"@type":"SearchAction","target":{"@type":"EntryPoint","urlTemplate":"https:\/\/www.polonia.travel\/es\/?s={search_term_string}"},"query-input":{"@type":"PropertyValueSpecification","valueRequired":true,"valueName":"search_term_string"}}],"inLanguage":"pl-PL"},{"@type":"Organization","@id":"https:\/\/www.polonia.travel\/es\/#organization","name":"Polonia Travel (ES)","url":"https:\/\/www.polonia.travel\/es\/","logo":{"@type":"ImageObject","inLanguage":"pl-PL","@id":"https:\/\/www.polonia.travel\/es\/#\/schema\/logo\/image\/","url":"","contentUrl":"","caption":"Polonia Travel (ES)"},"image":{"@id":"https:\/\/www.polonia.travel\/es\/#\/schema\/logo\/image\/"}},{"@type":"Person","@id":""}]}},"_links":{"self":[{"href":"https:\/\/www.polonia.travel\/es\/wp-json\/wp\/v2\/posts\/31222","targetHints":{"allow":["GET"]}}],"collection":[{"href":"https:\/\/www.polonia.travel\/es\/wp-json\/wp\/v2\/posts"}],"about":[{"href":"https:\/\/www.polonia.travel\/es\/wp-json\/wp\/v2\/types\/post"}],"author":[{"embeddable":true,"href":"https:\/\/www.polonia.travel\/es\/wp-json\/wp\/v2\/users\/1"}],"replies":[{"embeddable":true,"href":"https:\/\/www.polonia.travel\/es\/wp-json\/wp\/v2\/comments?post=31222"}],"version-history":[{"count":8,"href":"https:\/\/www.polonia.travel\/es\/wp-json\/wp\/v2\/posts\/31222\/revisions"}],"predecessor-version":[{"id":38631,"href":"https:\/\/www.polonia.travel\/es\/wp-json\/wp\/v2\/posts\/31222\/revisions\/38631"}],"wp:featuredmedia":[{"embeddable":true,"href":"https:\/\/www.polonia.travel\/es\/wp-json\/wp\/v2\/media\/32682"}],"wp:attachment":[{"href":"https:\/\/www.polonia.travel\/es\/wp-json\/wp\/v2\/media?parent=31222"}],"wp:term":[{"taxonomy":"category","embeddable":true,"href":"https:\/\/www.polonia.travel\/es\/wp-json\/wp\/v2\/categories?post=31222"}],"curies":[{"name":"wp","href":"https:\/\/api.w.org\/{rel}","templated":true}]}}