{"id":31220,"date":"2024-04-26T14:11:49","date_gmt":"2024-04-26T12:11:49","guid":{"rendered":"https:\/\/wp-es.poland.travel\/?p=31220"},"modified":"2026-02-20T10:25:24","modified_gmt":"2026-02-20T09:25:24","slug":"varsovia-el-cuento-del-patito-feo-hecho-realidad","status":"publish","type":"post","link":"https:\/\/www.polonia.travel\/es\/varsovia-el-cuento-del-patito-feo-hecho-realidad\/","title":{"rendered":"Varsovia, del cuento del &#8222;patito feo&#8221; a \u2026"},"content":{"rendered":"\n<p><\/p>\n\n\n\n<div class=\"wp-block-group is-style-container\"><div class=\"wp-block-group__inner-container is-layout-constrained wp-block-group-is-layout-constrained\">\n<div class=\"wp-block-group is-style-container-medium\"><div class=\"wp-block-group__inner-container is-layout-constrained wp-block-group-is-layout-constrained\">\n<div class=\"wp-block-group is-style-default\"><div class=\"wp-block-group__inner-container is-layout-constrained wp-block-group-is-layout-constrained\">\n<!-- empty -->\n\n\n<div class=\"metrics\">\n  <div class=\"metrics__text\">\n    <h1 class=\"is-style-heading-38 mb20 large-mb30\">Varsovia, del cuento del &#8222;patito feo&#8221; a &#8230;<\/h1>\n      <\/div>\n  <div class=\"metrics__sidebar\">\n    <div class=\"metrics-box\">\n              <div class=\"metrics-box__title\">Informaci\u00f3n b\u00e1sica<\/div>\n        <div class=\"metrics-box__values\">\n                                        <div class=\"metrics-box__item\">\n      <div class=\"metrics-box__label\">Superficie:<\/div>\n      <div class=\"metrics-box__value\">517,2 km\u00b2 <\/div>\n    <\/div>\n                                <div class=\"metrics-box__item\">\n      <div class=\"metrics-box__label\">Poblaci\u00f3n:<\/div>\n      <div class=\"metrics-box__value\">1 863 056 (2023)<\/div>\n    <\/div>\n                                <\/div>\n                <\/div>\n  <\/div>\n<\/div>\n<\/div><\/div>\n<\/div><\/div>\n<\/div><\/div>\n\n\n\n<div class=\"wp-block-group is-style-container-medium\"><div class=\"wp-block-group__inner-container is-layout-constrained wp-block-group-is-layout-constrained\">\n<p><strong>Varsovia: heroica, orgullosa, aplastada y renacida; cl\u00e1sica y moderna, tradicional y cosmopolita. Aut\u00e9ntica.<\/strong><\/p>\n\n\n\n<p>Varsovia se encuentra en el centro del pa\u00eds y est\u00e1 localizada en las principales rutas de tr\u00e1nsito internacional. Ocupa ambas orillas del r\u00edo V\u00edstula y tiene una poblaci\u00f3n de casi 1.7 millones de habitantes.<\/p>\n<\/div><\/div>\n\n\n\n<div style=\"height:100px\" aria-hidden=\"true\" class=\"wp-block-spacer is-style-spacer-small\"><\/div>\n\n\n\n<div class=\"wp-block-group is-style-container\"><div class=\"wp-block-group__inner-container is-layout-constrained wp-block-group-is-layout-constrained\">  <div class=\"gallery-tiles gallery-tiles--rows-2-3 lightgallery\">\r\n          <a href=\"https:\/\/www.polonia.travel\/es\/wp-content\/uploads\/sites\/18\/2024\/04\/Pomnik-Chopina_jesieniN_fot.-m.st_.-Warszawa.jpg\" class=\"gallery-tiles__item\" data-src=\"https:\/\/www.polonia.travel\/es\/wp-content\/uploads\/sites\/18\/2024\/04\/Pomnik-Chopina_jesieniN_fot.-m.st_.-Warszawa.jpg\"\r\n        aria-label=\"Otw\u00f3rz powi\u0119kszone zdj\u0119cie: Pomnik-Chopina_jesieniN_fot.-m.st_.-Warszawa\">\r\n        <img loading=\"lazy\" decoding=\"async\" width=\"1200\" height=\"801\" src=\"https:\/\/www.polonia.travel\/es\/wp-content\/uploads\/sites\/18\/2024\/04\/Pomnik-Chopina_jesieniN_fot.-m.st_.-Warszawa-1200x801.jpg\" class=\"gallery-tiles__thumb\" alt=\"\" srcset=\"https:\/\/www.polonia.travel\/es\/wp-content\/uploads\/sites\/18\/2024\/04\/Pomnik-Chopina_jesieniN_fot.-m.st_.-Warszawa-1200x801.jpg 1200w, https:\/\/www.polonia.travel\/es\/wp-content\/uploads\/sites\/18\/2024\/04\/Pomnik-Chopina_jesieniN_fot.-m.st_.-Warszawa-600x401.jpg 600w, https:\/\/www.polonia.travel\/es\/wp-content\/uploads\/sites\/18\/2024\/04\/Pomnik-Chopina_jesieniN_fot.-m.st_.-Warszawa-768x513.jpg 768w, https:\/\/www.polonia.travel\/es\/wp-content\/uploads\/sites\/18\/2024\/04\/Pomnik-Chopina_jesieniN_fot.-m.st_.-Warszawa.jpg 1534w\" sizes=\"auto, (max-width: 1200px) 100vw, 1200px\" \/>      <\/a>\r\n          <a href=\"https:\/\/www.polonia.travel\/es\/wp-content\/uploads\/sites\/18\/2023\/08\/10_lato23.jpeg\" class=\"gallery-tiles__item\" data-src=\"https:\/\/www.polonia.travel\/es\/wp-content\/uploads\/sites\/18\/2023\/08\/10_lato23.jpeg\"\r\n        aria-label=\"Otw\u00f3rz powi\u0119kszone zdj\u0119cie: Warszawa\">\r\n        <img loading=\"lazy\" decoding=\"async\" width=\"1170\" height=\"680\" src=\"https:\/\/www.polonia.travel\/es\/wp-content\/uploads\/sites\/18\/2023\/08\/10_lato23.jpeg\" class=\"gallery-tiles__thumb\" alt=\"\" srcset=\"https:\/\/www.polonia.travel\/es\/wp-content\/uploads\/sites\/18\/2023\/08\/10_lato23.jpeg 1170w, https:\/\/www.polonia.travel\/es\/wp-content\/uploads\/sites\/18\/2023\/08\/10_lato23-600x349.jpeg 600w, https:\/\/www.polonia.travel\/es\/wp-content\/uploads\/sites\/18\/2023\/08\/10_lato23-768x446.jpeg 768w\" sizes=\"auto, (max-width: 1170px) 100vw, 1170px\" \/>      <\/a>\r\n          <a href=\"https:\/\/www.polonia.travel\/es\/wp-content\/uploads\/sites\/18\/2023\/07\/Warszawa_C581azienki.jpg\" class=\"gallery-tiles__item\" data-src=\"https:\/\/www.polonia.travel\/es\/wp-content\/uploads\/sites\/18\/2023\/07\/Warszawa_C581azienki.jpg\"\r\n        aria-label=\"Otw\u00f3rz powi\u0119kszone zdj\u0119cie: Warszawa_C581azienki\">\r\n        <img loading=\"lazy\" decoding=\"async\" width=\"1170\" height=\"780\" src=\"https:\/\/www.polonia.travel\/es\/wp-content\/uploads\/sites\/18\/2023\/07\/Warszawa_C581azienki.jpg\" class=\"gallery-tiles__thumb\" alt=\"\" srcset=\"https:\/\/www.polonia.travel\/es\/wp-content\/uploads\/sites\/18\/2023\/07\/Warszawa_C581azienki.jpg 1170w, https:\/\/www.polonia.travel\/es\/wp-content\/uploads\/sites\/18\/2023\/07\/Warszawa_C581azienki-600x400.jpg 600w, https:\/\/www.polonia.travel\/es\/wp-content\/uploads\/sites\/18\/2023\/07\/Warszawa_C581azienki-768x512.jpg 768w\" sizes=\"auto, (max-width: 1170px) 100vw, 1170px\" \/>      <\/a>\r\n          <a href=\"https:\/\/www.polonia.travel\/es\/wp-content\/uploads\/sites\/18\/2024\/04\/02_Warszawa_podmiana.jpg\" class=\"gallery-tiles__item\" data-src=\"https:\/\/www.polonia.travel\/es\/wp-content\/uploads\/sites\/18\/2024\/04\/02_Warszawa_podmiana.jpg\"\r\n        aria-label=\"Otw\u00f3rz powi\u0119kszone zdj\u0119cie: 02_Warszawa_podmiana\">\r\n        <img loading=\"lazy\" decoding=\"async\" width=\"1170\" height=\"545\" src=\"https:\/\/www.polonia.travel\/es\/wp-content\/uploads\/sites\/18\/2024\/04\/02_Warszawa_podmiana.jpg\" class=\"gallery-tiles__thumb\" alt=\"\" srcset=\"https:\/\/www.polonia.travel\/es\/wp-content\/uploads\/sites\/18\/2024\/04\/02_Warszawa_podmiana.jpg 1170w, https:\/\/www.polonia.travel\/es\/wp-content\/uploads\/sites\/18\/2024\/04\/02_Warszawa_podmiana-600x279.jpg 600w, https:\/\/www.polonia.travel\/es\/wp-content\/uploads\/sites\/18\/2024\/04\/02_Warszawa_podmiana-768x358.jpg 768w\" sizes=\"auto, (max-width: 1170px) 100vw, 1170px\" \/>      <\/a>\r\n          <a href=\"https:\/\/www.polonia.travel\/es\/wp-content\/uploads\/sites\/18\/2023\/08\/AdobeStock_295684394_Warszawa_Wilanow.jpeg\" class=\"gallery-tiles__item\" data-src=\"https:\/\/www.polonia.travel\/es\/wp-content\/uploads\/sites\/18\/2023\/08\/AdobeStock_295684394_Warszawa_Wilanow.jpeg\"\r\n        aria-label=\"Otw\u00f3rz powi\u0119kszone zdj\u0119cie: Warszawa &#8211; Pa\u0142ac w Wilanowie\">\r\n        <img loading=\"lazy\" decoding=\"async\" width=\"1170\" height=\"825\" src=\"https:\/\/www.polonia.travel\/es\/wp-content\/uploads\/sites\/18\/2023\/08\/AdobeStock_295684394_Warszawa_Wilanow.jpeg\" class=\"gallery-tiles__thumb\" alt=\"\" srcset=\"https:\/\/www.polonia.travel\/es\/wp-content\/uploads\/sites\/18\/2023\/08\/AdobeStock_295684394_Warszawa_Wilanow.jpeg 1170w, https:\/\/www.polonia.travel\/es\/wp-content\/uploads\/sites\/18\/2023\/08\/AdobeStock_295684394_Warszawa_Wilanow-600x423.jpeg 600w, https:\/\/www.polonia.travel\/es\/wp-content\/uploads\/sites\/18\/2023\/08\/AdobeStock_295684394_Warszawa_Wilanow-768x542.jpeg 768w\" sizes=\"auto, (max-width: 1170px) 100vw, 1170px\" \/>      <\/a>\r\n      <\/div>\r\n<\/div><\/div>\n\n\n\n<div style=\"height:100px\" aria-hidden=\"true\" class=\"wp-block-spacer is-style-spacer-small\"><\/div>\n\n\n\n<div class=\"wp-block-group is-style-container-medium\"><div class=\"wp-block-group__inner-container is-layout-constrained wp-block-group-is-layout-constrained\">\n<h3 class=\"wp-block-heading\">La ciudad que renaci\u00f3 de sus cenizas<\/h3>\n\n\n\n<div style=\"height:100px\" aria-hidden=\"true\" class=\"wp-block-spacer is-style-spacer-small\"><\/div>\n\n\n\n<p>La caracter\u00edstica m\u00e1s impresionante de <strong>Varsovia<\/strong> es, sin duda, su extraordinaria reconstrucci\u00f3n tras la devastaci\u00f3n sufrida durante la Segunda Guerra Mundial. Las primeras bombas de la Luftwaffe cayeron al amanecer del 1 de septiembre de 1939. Durante la ocupaci\u00f3n nazi, cerca del 85 % de la ciudad qued\u00f3 reducida a escombros y aproximadamente 700.000 personas perdieron la vida.<\/p>\n\n\n\n<p>Tras el levantamiento de 1944 y por \u00f3rdenes de Adolf Hitler, la ciudad fue arrasada sistem\u00e1ticamente en 1945. Sin embargo, en apenas una docena de a\u00f1os, Varsovia logr\u00f3 reconstruir la mayor parte de su centro hist\u00f3rico. En el <strong>Museo de Varsovia<\/strong>, ubicado en la <strong>Plaza del Mercado del Casco Antiguo<\/strong>, una impactante proyecci\u00f3n muestra la magnitud de aquella destrucci\u00f3n y el esfuerzo tit\u00e1nico de su recuperaci\u00f3n.<\/p>\n\n\n\n<p>Gracias al compromiso de toda la naci\u00f3n y al apoyo de las comunidades polacas en el extranjero, castillos, monumentos, catedrales y edificios oficiales \u2014aut\u00e9ntico coraz\u00f3n hist\u00f3rico de la ciudad\u2014 fueron restaurados con una fidelidad admirable. La reconstrucci\u00f3n del Casco Antiguo, hoy <strong>Patrimonio de la Humanidad<\/strong>, simboliza la voluntad de un pa\u00eds decidido a sobrevivir y renacer.<\/p>\n\n\n\n<p>Entre los imprescindibles destacan el <strong>Castillo Real de Varsovia<\/strong>, el elegante <strong>Palacio sobre el Agua<\/strong> en el Parque \u0141azienki, el <strong>Palacio Belweder<\/strong> y el majestuoso <strong>Palacio de Wilan\u00f3w<\/strong>. Tambi\u00e9n conmueve el <strong>Monumento a los H\u00e9roes del Gueto<\/strong>, que recuerda el levantamiento del Gueto Jud\u00edo de 1943.<\/p>\n\n\n\n<p>Como centro cultural y cient\u00edfico del pa\u00eds, Varsovia alberga numerosas universidades y prestigiosas instituciones como la <strong>Filarm\u00f3nica Nacional de Varsovia<\/strong> y el <strong>Gran Teatro &#8211; \u00d3pera Nacional<\/strong>, uno de los teatros neocl\u00e1sicos m\u00e1s importantes de Europa. La ciudad es adem\u00e1s anfitriona de eventos internacionales como el <strong>Concurso Internacional de Piano Fr\u00e9d\u00e9ric Chopin<\/strong>, el <strong>Festival Internacional de Oto\u00f1o de Varsovia<\/strong> y la <strong>Jazz Jamboree<\/strong>.<\/p>\n\n\n\n<p>Varsovia es hoy un destino din\u00e1mico y vers\u00e1til, que combina memoria hist\u00f3rica, modernidad y una vibrante vida cultural. Para disfrutarla plenamente, se recomienda una estancia m\u00ednima de tres noches. Desde la capital, adem\u00e1s, es f\u00e1cil continuar el viaje por carretera, tren o avi\u00f3n hacia otros destinos del pa\u00eds.<\/p>\n\n\n\n<p>Ahora solo queda una pregunta: \u00bfest\u00e1s listo para descubrir una de las ciudades m\u00e1s vibrantes de Polonia?<\/p>\n\n\n\n<p>M\u00e1s informaci\u00f3n sobre Varsovia en <a href=\"https:\/\/go2warsaw.pl\/es\/pagina-principal\/\">Go 2 Warsaw<\/a> &#8211; portal oficial de Turismo de Varsovia.<\/p>\n\n\n\n<p><\/p>\n<\/div><\/div>\n\n\n\n<div class=\"wp-block-group is-style-container-medium\"><div class=\"wp-block-group__inner-container is-layout-constrained wp-block-group-is-layout-constrained\">\n<p><\/p>\n\n\n\n<div style=\"height:100px\" aria-hidden=\"true\" class=\"wp-block-spacer is-style-spacer-small\"><\/div>\n\n\n\n<div class=\"wp-block-columns is-layout-flex wp-container-core-columns-is-layout-9d6595d7 wp-block-columns-is-layout-flex\">\n<div class=\"wp-block-column is-layout-flow wp-block-column-is-layout-flow\">\n<figure class=\"wp-block-image size-full\"><a href=\"https:\/\/unexpected.poland.travel\/es\" target=\"_blank\" rel=\"noreferrer noopener\"><img loading=\"lazy\" decoding=\"async\" width=\"300\" height=\"200\" src=\"https:\/\/www.polonia.travel\/es\/wp-content\/uploads\/sites\/18\/2024\/11\/600x200_spain_1.jpg\" alt=\"\" class=\"wp-image-36309\" \/><\/a><\/figure>\n<\/div>\n\n\n\n<div class=\"wp-block-column is-layout-flow wp-block-column-is-layout-flow\">\n<figure class=\"wp-block-image size-full\"><a href=\"https:\/\/unexpected.poland.travel\/es\" target=\"_blank\" rel=\"noreferrer noopener\"><img loading=\"lazy\" decoding=\"async\" width=\"300\" height=\"200\" src=\"https:\/\/www.polonia.travel\/es\/wp-content\/uploads\/sites\/18\/2024\/11\/600x200_spain_2.jpg\" alt=\"\" class=\"wp-image-36311\" \/><\/a><\/figure>\n<\/div>\n<\/div>\n\n\n\n<div style=\"height:100px\" aria-hidden=\"true\" class=\"wp-block-spacer is-style-spacer-small\"><\/div>\n<\/div><\/div>\n\n\n\n<div class=\"wp-block-group has-background\" style=\"background-color:#eeeeee\"><div class=\"wp-block-group__inner-container is-layout-constrained wp-block-group-is-layout-constrained\">\n<div style=\"height:100px\" aria-hidden=\"true\" class=\"wp-block-spacer is-style-spacer-small\"><\/div>\n\n\n\n<div class=\"wp-block-group is-style-container\"><div class=\"wp-block-group__inner-container is-layout-constrained wp-block-group-is-layout-constrained\">\n<h3 class=\"wp-block-heading\">M\u00e1s informaci\u00f3n<\/h3>\n\n\n<div class=\"overflow\">\n  <div class=\"post-slider swiper post-slider--small\" data-schema=\"small\">\n\n    <div class=\"swiper-wrapper\">\n              <div class=\"swiper-slide post-slide\">\n                      <a href=\"https:\/\/www.polonia.travel\/es\/como-moverse-por-varsovia\/\" class=\"post-box post-box--small\" style=\" background-image: url(https:\/\/www.polonia.travel\/es\/wp-content\/uploads\/sites\/18\/2024\/08\/\u00a9warsawtour.p_photo-Filip-Kwiatkowski4-1-600x600.jpg);\">\n          <div class=\"post-box__hover\" style=\"background-image: url(https:\/\/www.polonia.travel\/es\/wp-content\/uploads\/sites\/18\/2024\/08\/tramwaj-web-20151003_Warszawa-41.jpg);\"><\/div>\n        <div class=\"post-box__info\">\n            <div class=\"post-box__title\">\u00bfC\u00f3mo moverse por Varsovia?<\/div>\n      <div class=\"post-box__more\">Leer m\u00e1s<\/div>\n    <\/div>\n  <\/a>\n\n          <\/div>\n              <div class=\"swiper-slide post-slide\">\n                      <a href=\"https:\/\/www.polonia.travel\/es\/museos-de-varsovia\/\" class=\"post-box post-box--small\" style=\" background-image: url(https:\/\/www.polonia.travel\/es\/wp-content\/uploads\/sites\/18\/2024\/04\/zamek540-1.jpg);\">\n        <div class=\"post-box__info\">\n            <div class=\"post-box__title\">Museos de Varsovia<\/div>\n      <div class=\"post-box__more\">Leer m\u00e1s<\/div>\n    <\/div>\n  <\/a>\n\n          <\/div>\n              <div class=\"swiper-slide post-slide\">\n                      <a href=\"https:\/\/www.polonia.travel\/es\/parque-real-de-lazienki-en-varsovia\/\" class=\"post-box post-box--small\" style=\" background-image: url(https:\/\/www.polonia.travel\/es\/wp-content\/uploads\/sites\/18\/2023\/07\/Golden_Pins_540x360_lazienki.jpg);\">\n          <div class=\"post-box__hover\" style=\"background-image: url(https:\/\/www.polonia.travel\/es\/wp-content\/uploads\/sites\/18\/2022\/12\/warszawa_lazienki_krolewskie_wiosna_1170-600x400.jpeg);\"><\/div>\n        <div class=\"post-box__info\">\n            <div class=\"post-box__title\">Parque Real de \u0141azienki, en Varsovia<\/div>\n      <div class=\"post-box__more\">Leer m\u00e1s<\/div>\n    <\/div>\n  <\/a>\n\n          <\/div>\n              <div class=\"swiper-slide post-slide\">\n                      <a href=\"https:\/\/www.polonia.travel\/es\/chopin-bajo-el-sauce\/\" class=\"post-box post-box--small\" style=\" background-image: url(https:\/\/www.polonia.travel\/es\/wp-content\/uploads\/sites\/18\/2024\/04\/0047_C398aweczka20Chopina_fot.20m.st_.20Warszawa_licencja20nieograniczona_SBT_HR20540x360.jpg);\">\n          <div class=\"post-box__hover\" style=\"background-image: url(https:\/\/www.polonia.travel\/es\/wp-content\/uploads\/sites\/18\/2023\/07\/warszawa_pomnik_chopina_lazienki_kroleskie_jesien_1_1170-600x400.jpg);\"><\/div>\n        <div class=\"post-box__info\">\n            <div class=\"post-box__title\">Chopin bajo el sauce<\/div>\n      <div class=\"post-box__more\">Leer m\u00e1s<\/div>\n    <\/div>\n  <\/a>\n\n          <\/div>\n              <div class=\"swiper-slide post-slide\">\n                      <a href=\"https:\/\/www.polonia.travel\/es\/1944-el-ano-del-levantamiento-de-varsovia\/\" class=\"post-box post-box--small\" style=\" background-image: url(https:\/\/www.polonia.travel\/es\/wp-content\/uploads\/sites\/18\/2024\/04\/Muzeum-Powstania-Warszawskiego-283-540x360-1.jpg);\">\n          <div class=\"post-box__hover\" style=\"background-image: url(https:\/\/www.polonia.travel\/es\/wp-content\/uploads\/sites\/18\/2022\/12\/warszawa_muzeum_powstania_540.jpg);\"><\/div>\n        <div class=\"post-box__info\">\n            <div class=\"post-box__title\">1944: el a\u00f1o del Levantamiento de Varsovia<\/div>\n      <div class=\"post-box__more\">Leer m\u00e1s<\/div>\n    <\/div>\n  <\/a>\n\n          <\/div>\n              <div class=\"swiper-slide post-slide\">\n                      <a href=\"https:\/\/www.polonia.travel\/es\/varsovia-preciosa-en-su-diversidad\/\" class=\"post-box post-box--small\" style=\" background-image: url(https:\/\/www.polonia.travel\/es\/wp-content\/uploads\/sites\/18\/2024\/04\/WARSZAWA_3-600x400.jpg);\">\n          <div class=\"post-box__hover\" style=\"background-image: url(https:\/\/www.polonia.travel\/es\/wp-content\/uploads\/sites\/18\/2023\/07\/Muzeum20NeonC3B3w-1-600x400.jpg);\"><\/div>\n        <div class=\"post-box__info\">\n            <div class=\"post-box__title\">Varsovia. Preciosa en su diversidad<\/div>\n      <div class=\"post-box__more\">Leer m\u00e1s<\/div>\n    <\/div>\n  <\/a>\n\n          <\/div>\n              <div class=\"swiper-slide post-slide\">\n                      <a href=\"https:\/\/www.polonia.travel\/es\/varsovia-1980\/\" class=\"post-box post-box--small\" style=\" background-image: url(https:\/\/www.polonia.travel\/es\/wp-content\/uploads\/sites\/18\/2022\/12\/warszawa_syrenka_1170-600x400.jpg);\">\n          <div class=\"post-box__hover\" style=\"background-image: url(https:\/\/www.polonia.travel\/es\/wp-content\/uploads\/sites\/18\/2022\/12\/zamek_krolewski_warszawa_1170-600x400.jpg);\"><\/div>\n        <div class=\"post-box__info\">\n            <div class=\"post-box__title\">Varsovia (1980)<\/div>\n      <div class=\"post-box__more\">Leer m\u00e1s<\/div>\n    <\/div>\n  <\/a>\n\n          <\/div>\n              <div class=\"swiper-slide post-slide\">\n                      <a href=\"https:\/\/www.polonia.travel\/es\/varsovia-es-el-mejor-destino-europeo-2023\/\" class=\"post-box post-box--small\" style=\" background-image: url(https:\/\/www.polonia.travel\/es\/wp-content\/uploads\/sites\/18\/2024\/04\/WarszawaKlubBarka540.jpg);\">\n          <div class=\"post-box__hover\" style=\"background-image: url(https:\/\/www.polonia.travel\/es\/wp-content\/uploads\/sites\/18\/2024\/04\/Muzeum20Chopina_fot.20m.st_.20Warszawa20540x365.jpg);\"><\/div>\n        <div class=\"post-box__info\">\n            <div class=\"post-box__title\">Varsovia ES EL MEJOR DESTINO EUROPEO 2023<\/div>\n      <div class=\"post-box__more\">Leer m\u00e1s<\/div>\n    <\/div>\n  <\/a>\n\n          <\/div>\n              <div class=\"swiper-slide post-slide\">\n                      <a href=\"https:\/\/www.polonia.travel\/es\/varsovia-con-un-toque-de-lujo\/\" class=\"post-box post-box--small\" style=\" background-image: url(https:\/\/www.polonia.travel\/es\/wp-content\/uploads\/sites\/18\/2024\/04\/Plaza-castillo-Real-fot.-m.st_.-Warszawa-3-540x360-1.jpg);\">\n          <div class=\"post-box__hover\" style=\"background-image: url(https:\/\/www.polonia.travel\/es\/wp-content\/uploads\/sites\/18\/2023\/08\/10_lato23-600x349.jpeg);\"><\/div>\n        <div class=\"post-box__info\">\n            <div class=\"post-box__title\">Varsovia con un toque de lujo<\/div>\n      <div class=\"post-box__more\">Leer m\u00e1s<\/div>\n    <\/div>\n  <\/a>\n\n          <\/div>\n              <div class=\"swiper-slide post-slide\">\n                      <a href=\"https:\/\/www.polonia.travel\/es\/mazovia-mazowsze-la-inspiracion-de-chopin\/\" class=\"post-box post-box--small\" style=\" background-image: url(https:\/\/www.polonia.travel\/es\/wp-content\/uploads\/sites\/18\/2022\/12\/warszawa_panorama_starego_miasta_na_tle_centrum_1170-600x400.jpg);\">\n          <div class=\"post-box__hover\" style=\"background-image: url(https:\/\/www.polonia.travel\/es\/wp-content\/uploads\/sites\/18\/2022\/12\/twierdza_modlin_1170-1-600x400.jpg);\"><\/div>\n        <div class=\"post-box__info\">\n            <div class=\"post-box__title\">MAZOVIA (Mazowsze), la inspiraci\u00f3n de Chopin<\/div>\n      <div class=\"post-box__more\">Leer m\u00e1s<\/div>\n    <\/div>\n  <\/a>\n\n          <\/div>\n          <\/div>\n    <div class=\"post-slider__pagination\"><\/div>\n  <\/div>\n<\/div>\n<\/div><\/div>\n\n\n\n<div style=\"height:100px\" aria-hidden=\"true\" class=\"wp-block-spacer is-style-spacer-small\"><\/div>\n<\/div><\/div>\n","protected":false},"excerpt":{"rendered":"<p>Varsovia: heroica, orgullosa, aplastada y renacida; cl\u00e1sica y moderna, tradicional y cosmopolita. Aut\u00e9ntica. Varsovia se encuentra en el centro del pa\u00eds y est\u00e1 localizada en las principales rutas de tr\u00e1nsito internacional. Ocupa ambas orillas del r\u00edo V\u00edstula y tiene una poblaci\u00f3n de casi 1.7 millones de habitantes. La ciudad que renaci\u00f3 de sus cenizas La [&hellip;]<\/p>\n","protected":false},"author":1,"featured_media":30078,"comment_status":"open","ping_status":"open","sticky":false,"template":"","format":"standard","meta":{"_acf_changed":false,"footnotes":""},"categories":[1037],"class_list":["post-31220","post","type-post","status-publish","format-standard","has-post-thumbnail","hentry","category-ciudades"],"acf":[],"yoast_head":"<!-- This site is optimized with the Yoast SEO plugin v27.4 - https:\/\/yoast.com\/product\/yoast-seo-wordpress\/ -->\n<title>Varsovia, del cuento del &quot;patito feo&quot; a \u2026 - Polonia Travel (ES)<\/title>\n<meta name=\"robots\" content=\"index, follow, max-snippet:-1, max-image-preview:large, max-video-preview:-1\" \/>\n<link rel=\"canonical\" href=\"https:\/\/www.polonia.travel\/es\/varsovia-el-cuento-del-patito-feo-hecho-realidad\/\" \/>\n<meta property=\"og:locale\" content=\"pl_PL\" \/>\n<meta property=\"og:type\" content=\"article\" \/>\n<meta property=\"og:title\" content=\"Varsovia, del cuento del &quot;patito feo&quot; a \u2026 - Polonia Travel (ES)\" \/>\n<meta property=\"og:description\" content=\"Varsovia: heroica, orgullosa, aplastada y renacida; cl\u00e1sica y moderna, tradicional y cosmopolita. Aut\u00e9ntica. Varsovia se encuentra en el centro del pa\u00eds y est\u00e1 localizada en las principales rutas de tr\u00e1nsito internacional. Ocupa ambas orillas del r\u00edo V\u00edstula y tiene una poblaci\u00f3n de casi 1.7 millones de habitantes. La ciudad que renaci\u00f3 de sus cenizas La [&hellip;]\" \/>\n<meta property=\"og:url\" content=\"https:\/\/www.polonia.travel\/es\/varsovia-el-cuento-del-patito-feo-hecho-realidad\/\" \/>\n<meta property=\"og:site_name\" content=\"Polonia Travel (ES)\" \/>\n<meta property=\"article:published_time\" content=\"2024-04-26T12:11:49+00:00\" \/>\n<meta property=\"article:modified_time\" content=\"2026-02-20T09:25:24+00:00\" \/>\n<meta property=\"og:image\" content=\"https:\/\/www.polonia.travel\/es\/wp-content\/uploads\/sites\/18\/2023\/07\/Warszawa_Wilanow-1920.jpg\" \/>\n\t<meta property=\"og:image:width\" content=\"1920\" \/>\n\t<meta property=\"og:image:height\" content=\"334\" \/>\n\t<meta property=\"og:image:type\" content=\"image\/jpeg\" \/>\n<meta name=\"twitter:card\" content=\"summary_large_image\" \/>\n<meta name=\"twitter:label1\" content=\"Napisane przez\" \/>\n\t<meta name=\"twitter:data1\" content=\"\" \/>\n\t<meta name=\"twitter:label2\" content=\"Szacowany czas czytania\" \/>\n\t<meta name=\"twitter:data2\" content=\"4 minuty\" \/>\n<script type=\"application\/ld+json\" class=\"yoast-schema-graph\">{\"@context\":\"https:\\\/\\\/schema.org\",\"@graph\":[{\"@type\":\"Article\",\"@id\":\"https:\\\/\\\/www.polonia.travel\\\/es\\\/varsovia-el-cuento-del-patito-feo-hecho-realidad\\\/#article\",\"isPartOf\":{\"@id\":\"https:\\\/\\\/www.polonia.travel\\\/es\\\/varsovia-el-cuento-del-patito-feo-hecho-realidad\\\/\"},\"author\":{\"name\":\"\",\"@id\":\"\"},\"headline\":\"Varsovia, del cuento del &#8222;patito feo&#8221; a \u2026\",\"datePublished\":\"2024-04-26T12:11:49+00:00\",\"dateModified\":\"2026-02-20T09:25:24+00:00\",\"mainEntityOfPage\":{\"@id\":\"https:\\\/\\\/www.polonia.travel\\\/es\\\/varsovia-el-cuento-del-patito-feo-hecho-realidad\\\/\"},\"wordCount\":474,\"commentCount\":0,\"publisher\":{\"@id\":\"https:\\\/\\\/www.polonia.travel\\\/es\\\/#organization\"},\"image\":{\"@id\":\"https:\\\/\\\/www.polonia.travel\\\/es\\\/varsovia-el-cuento-del-patito-feo-hecho-realidad\\\/#primaryimage\"},\"thumbnailUrl\":\"https:\\\/\\\/www.polonia.travel\\\/es\\\/wp-content\\\/uploads\\\/sites\\\/18\\\/2023\\\/07\\\/Warszawa_Wilanow-1920.jpg\",\"keywords\":[\"es\",\"ciudades\"],\"articleSection\":[\"Ciudades\"],\"inLanguage\":\"pl-PL\"},{\"@type\":\"WebPage\",\"@id\":\"https:\\\/\\\/www.polonia.travel\\\/es\\\/varsovia-el-cuento-del-patito-feo-hecho-realidad\\\/\",\"url\":\"https:\\\/\\\/www.polonia.travel\\\/es\\\/varsovia-el-cuento-del-patito-feo-hecho-realidad\\\/\",\"name\":\"Varsovia, del cuento del \\\"patito feo\\\" a \u2026 - Polonia Travel (ES)\",\"isPartOf\":{\"@id\":\"https:\\\/\\\/www.polonia.travel\\\/es\\\/#website\"},\"primaryImageOfPage\":{\"@id\":\"https:\\\/\\\/www.polonia.travel\\\/es\\\/varsovia-el-cuento-del-patito-feo-hecho-realidad\\\/#primaryimage\"},\"image\":{\"@id\":\"https:\\\/\\\/www.polonia.travel\\\/es\\\/varsovia-el-cuento-del-patito-feo-hecho-realidad\\\/#primaryimage\"},\"thumbnailUrl\":\"https:\\\/\\\/www.polonia.travel\\\/es\\\/wp-content\\\/uploads\\\/sites\\\/18\\\/2023\\\/07\\\/Warszawa_Wilanow-1920.jpg\",\"datePublished\":\"2024-04-26T12:11:49+00:00\",\"dateModified\":\"2026-02-20T09:25:24+00:00\",\"breadcrumb\":{\"@id\":\"https:\\\/\\\/www.polonia.travel\\\/es\\\/varsovia-el-cuento-del-patito-feo-hecho-realidad\\\/#breadcrumb\"},\"inLanguage\":\"pl-PL\",\"potentialAction\":[{\"@type\":\"ReadAction\",\"target\":[\"https:\\\/\\\/www.polonia.travel\\\/es\\\/varsovia-el-cuento-del-patito-feo-hecho-realidad\\\/\"]}]},{\"@type\":\"ImageObject\",\"inLanguage\":\"pl-PL\",\"@id\":\"https:\\\/\\\/www.polonia.travel\\\/es\\\/varsovia-el-cuento-del-patito-feo-hecho-realidad\\\/#primaryimage\",\"url\":\"https:\\\/\\\/www.polonia.travel\\\/es\\\/wp-content\\\/uploads\\\/sites\\\/18\\\/2023\\\/07\\\/Warszawa_Wilanow-1920.jpg\",\"contentUrl\":\"https:\\\/\\\/www.polonia.travel\\\/es\\\/wp-content\\\/uploads\\\/sites\\\/18\\\/2023\\\/07\\\/Warszawa_Wilanow-1920.jpg\",\"width\":1920,\"height\":334},{\"@type\":\"BreadcrumbList\",\"@id\":\"https:\\\/\\\/www.polonia.travel\\\/es\\\/varsovia-el-cuento-del-patito-feo-hecho-realidad\\\/#breadcrumb\",\"itemListElement\":[{\"@type\":\"ListItem\",\"position\":1,\"name\":\"Home page\",\"item\":\"https:\\\/\\\/www.polonia.travel\\\/es\\\/\"},{\"@type\":\"ListItem\",\"position\":2,\"name\":\"Descubre +\",\"item\":\"https:\\\/\\\/www.polonia.travel\\\/es\\\/category\\\/descubre-lugares\\\/\"},{\"@type\":\"ListItem\",\"position\":3,\"name\":\"Ciudades\",\"item\":\"https:\\\/\\\/www.polonia.travel\\\/es\\\/category\\\/descubre-lugares\\\/ciudades\\\/\"},{\"@type\":\"ListItem\",\"position\":4,\"name\":\"Varsovia, del cuento del &#8222;patito feo&#8221; a \u2026\"}]},{\"@type\":\"WebSite\",\"@id\":\"https:\\\/\\\/www.polonia.travel\\\/es\\\/#website\",\"url\":\"https:\\\/\\\/www.polonia.travel\\\/es\\\/\",\"name\":\"Polonia Travel (ES)\",\"description\":\"...\",\"publisher\":{\"@id\":\"https:\\\/\\\/www.polonia.travel\\\/es\\\/#organization\"},\"potentialAction\":[{\"@type\":\"SearchAction\",\"target\":{\"@type\":\"EntryPoint\",\"urlTemplate\":\"https:\\\/\\\/www.polonia.travel\\\/es\\\/?s={search_term_string}\"},\"query-input\":{\"@type\":\"PropertyValueSpecification\",\"valueRequired\":true,\"valueName\":\"search_term_string\"}}],\"inLanguage\":\"pl-PL\"},{\"@type\":\"Organization\",\"@id\":\"https:\\\/\\\/www.polonia.travel\\\/es\\\/#organization\",\"name\":\"Polonia Travel (ES)\",\"url\":\"https:\\\/\\\/www.polonia.travel\\\/es\\\/\",\"logo\":{\"@type\":\"ImageObject\",\"inLanguage\":\"pl-PL\",\"@id\":\"https:\\\/\\\/www.polonia.travel\\\/es\\\/#\\\/schema\\\/logo\\\/image\\\/\",\"url\":\"\",\"contentUrl\":\"\",\"caption\":\"Polonia Travel (ES)\"},\"image\":{\"@id\":\"https:\\\/\\\/www.polonia.travel\\\/es\\\/#\\\/schema\\\/logo\\\/image\\\/\"}},{\"@type\":\"Person\",\"@id\":\"\"}]}<\/script>\n<!-- \/ Yoast SEO plugin. -->","yoast_head_json":{"title":"Varsovia, del cuento del \"patito feo\" a \u2026 - Polonia Travel (ES)","robots":{"index":"index","follow":"follow","max-snippet":"max-snippet:-1","max-image-preview":"max-image-preview:large","max-video-preview":"max-video-preview:-1"},"canonical":"https:\/\/www.polonia.travel\/es\/varsovia-el-cuento-del-patito-feo-hecho-realidad\/","og_locale":"pl_PL","og_type":"article","og_title":"Varsovia, del cuento del \"patito feo\" a \u2026 - Polonia Travel (ES)","og_description":"Varsovia: heroica, orgullosa, aplastada y renacida; cl\u00e1sica y moderna, tradicional y cosmopolita. Aut\u00e9ntica. Varsovia se encuentra en el centro del pa\u00eds y est\u00e1 localizada en las principales rutas de tr\u00e1nsito internacional. Ocupa ambas orillas del r\u00edo V\u00edstula y tiene una poblaci\u00f3n de casi 1.7 millones de habitantes. La ciudad que renaci\u00f3 de sus cenizas La [&hellip;]","og_url":"https:\/\/www.polonia.travel\/es\/varsovia-el-cuento-del-patito-feo-hecho-realidad\/","og_site_name":"Polonia Travel (ES)","article_published_time":"2024-04-26T12:11:49+00:00","article_modified_time":"2026-02-20T09:25:24+00:00","og_image":[{"width":1920,"height":334,"url":"https:\/\/www.polonia.travel\/es\/wp-content\/uploads\/sites\/18\/2023\/07\/Warszawa_Wilanow-1920.jpg","type":"image\/jpeg"}],"twitter_card":"summary_large_image","twitter_misc":{"Napisane przez":"","Szacowany czas czytania":"4 minuty"},"schema":{"@context":"https:\/\/schema.org","@graph":[{"@type":"Article","@id":"https:\/\/www.polonia.travel\/es\/varsovia-el-cuento-del-patito-feo-hecho-realidad\/#article","isPartOf":{"@id":"https:\/\/www.polonia.travel\/es\/varsovia-el-cuento-del-patito-feo-hecho-realidad\/"},"author":{"name":"","@id":""},"headline":"Varsovia, del cuento del &#8222;patito feo&#8221; a \u2026","datePublished":"2024-04-26T12:11:49+00:00","dateModified":"2026-02-20T09:25:24+00:00","mainEntityOfPage":{"@id":"https:\/\/www.polonia.travel\/es\/varsovia-el-cuento-del-patito-feo-hecho-realidad\/"},"wordCount":474,"commentCount":0,"publisher":{"@id":"https:\/\/www.polonia.travel\/es\/#organization"},"image":{"@id":"https:\/\/www.polonia.travel\/es\/varsovia-el-cuento-del-patito-feo-hecho-realidad\/#primaryimage"},"thumbnailUrl":"https:\/\/www.polonia.travel\/es\/wp-content\/uploads\/sites\/18\/2023\/07\/Warszawa_Wilanow-1920.jpg","keywords":["es","ciudades"],"articleSection":["Ciudades"],"inLanguage":"pl-PL"},{"@type":"WebPage","@id":"https:\/\/www.polonia.travel\/es\/varsovia-el-cuento-del-patito-feo-hecho-realidad\/","url":"https:\/\/www.polonia.travel\/es\/varsovia-el-cuento-del-patito-feo-hecho-realidad\/","name":"Varsovia, del cuento del \"patito feo\" a \u2026 - Polonia Travel (ES)","isPartOf":{"@id":"https:\/\/www.polonia.travel\/es\/#website"},"primaryImageOfPage":{"@id":"https:\/\/www.polonia.travel\/es\/varsovia-el-cuento-del-patito-feo-hecho-realidad\/#primaryimage"},"image":{"@id":"https:\/\/www.polonia.travel\/es\/varsovia-el-cuento-del-patito-feo-hecho-realidad\/#primaryimage"},"thumbnailUrl":"https:\/\/www.polonia.travel\/es\/wp-content\/uploads\/sites\/18\/2023\/07\/Warszawa_Wilanow-1920.jpg","datePublished":"2024-04-26T12:11:49+00:00","dateModified":"2026-02-20T09:25:24+00:00","breadcrumb":{"@id":"https:\/\/www.polonia.travel\/es\/varsovia-el-cuento-del-patito-feo-hecho-realidad\/#breadcrumb"},"inLanguage":"pl-PL","potentialAction":[{"@type":"ReadAction","target":["https:\/\/www.polonia.travel\/es\/varsovia-el-cuento-del-patito-feo-hecho-realidad\/"]}]},{"@type":"ImageObject","inLanguage":"pl-PL","@id":"https:\/\/www.polonia.travel\/es\/varsovia-el-cuento-del-patito-feo-hecho-realidad\/#primaryimage","url":"https:\/\/www.polonia.travel\/es\/wp-content\/uploads\/sites\/18\/2023\/07\/Warszawa_Wilanow-1920.jpg","contentUrl":"https:\/\/www.polonia.travel\/es\/wp-content\/uploads\/sites\/18\/2023\/07\/Warszawa_Wilanow-1920.jpg","width":1920,"height":334},{"@type":"BreadcrumbList","@id":"https:\/\/www.polonia.travel\/es\/varsovia-el-cuento-del-patito-feo-hecho-realidad\/#breadcrumb","itemListElement":[{"@type":"ListItem","position":1,"name":"Home page","item":"https:\/\/www.polonia.travel\/es\/"},{"@type":"ListItem","position":2,"name":"Descubre +","item":"https:\/\/www.polonia.travel\/es\/category\/descubre-lugares\/"},{"@type":"ListItem","position":3,"name":"Ciudades","item":"https:\/\/www.polonia.travel\/es\/category\/descubre-lugares\/ciudades\/"},{"@type":"ListItem","position":4,"name":"Varsovia, del cuento del &#8222;patito feo&#8221; a \u2026"}]},{"@type":"WebSite","@id":"https:\/\/www.polonia.travel\/es\/#website","url":"https:\/\/www.polonia.travel\/es\/","name":"Polonia Travel (ES)","description":"...","publisher":{"@id":"https:\/\/www.polonia.travel\/es\/#organization"},"potentialAction":[{"@type":"SearchAction","target":{"@type":"EntryPoint","urlTemplate":"https:\/\/www.polonia.travel\/es\/?s={search_term_string}"},"query-input":{"@type":"PropertyValueSpecification","valueRequired":true,"valueName":"search_term_string"}}],"inLanguage":"pl-PL"},{"@type":"Organization","@id":"https:\/\/www.polonia.travel\/es\/#organization","name":"Polonia Travel (ES)","url":"https:\/\/www.polonia.travel\/es\/","logo":{"@type":"ImageObject","inLanguage":"pl-PL","@id":"https:\/\/www.polonia.travel\/es\/#\/schema\/logo\/image\/","url":"","contentUrl":"","caption":"Polonia Travel (ES)"},"image":{"@id":"https:\/\/www.polonia.travel\/es\/#\/schema\/logo\/image\/"}},{"@type":"Person","@id":""}]}},"_links":{"self":[{"href":"https:\/\/www.polonia.travel\/es\/wp-json\/wp\/v2\/posts\/31220","targetHints":{"allow":["GET"]}}],"collection":[{"href":"https:\/\/www.polonia.travel\/es\/wp-json\/wp\/v2\/posts"}],"about":[{"href":"https:\/\/www.polonia.travel\/es\/wp-json\/wp\/v2\/types\/post"}],"author":[{"embeddable":true,"href":"https:\/\/www.polonia.travel\/es\/wp-json\/wp\/v2\/users\/1"}],"replies":[{"embeddable":true,"href":"https:\/\/www.polonia.travel\/es\/wp-json\/wp\/v2\/comments?post=31220"}],"version-history":[{"count":36,"href":"https:\/\/www.polonia.travel\/es\/wp-json\/wp\/v2\/posts\/31220\/revisions"}],"predecessor-version":[{"id":38790,"href":"https:\/\/www.polonia.travel\/es\/wp-json\/wp\/v2\/posts\/31220\/revisions\/38790"}],"wp:featuredmedia":[{"embeddable":true,"href":"https:\/\/www.polonia.travel\/es\/wp-json\/wp\/v2\/media\/30078"}],"wp:attachment":[{"href":"https:\/\/www.polonia.travel\/es\/wp-json\/wp\/v2\/media?parent=31220"}],"wp:term":[{"taxonomy":"category","embeddable":true,"href":"https:\/\/www.polonia.travel\/es\/wp-json\/wp\/v2\/categories?post=31220"}],"curies":[{"name":"wp","href":"https:\/\/api.w.org\/{rel}","templated":true}]}}