{"id":31217,"date":"2024-04-29T12:17:43","date_gmt":"2024-04-29T10:17:43","guid":{"rendered":"https:\/\/wp-es.poland.travel\/?p=31217"},"modified":"2025-05-08T13:20:48","modified_gmt":"2025-05-08T11:20:48","slug":"zakopane-capital-de-no-solo-invierno","status":"publish","type":"post","link":"https:\/\/www.polonia.travel\/es\/zakopane-capital-de-no-solo-invierno\/","title":{"rendered":"Zakopane, capital de (no s\u00f3lo) invierno"},"content":{"rendered":"\n<p><\/p>\n\n\n\n<div class=\"wp-block-group is-style-container\"><div class=\"wp-block-group__inner-container is-layout-constrained wp-block-group-is-layout-constrained\">\n<!-- empty -->\n\n\n<div class=\"metrics\">\n  <div class=\"metrics__text\">\n    <h1 class=\"is-style-heading-38 mb20 large-mb30\">Zakopane, capital de (no s\u00f3lo) invierno<\/h1>\n    <p>Zakopane es una ciudad pintoresca situada al pie de las monta\u00f1as Tatra &#8211; las \u00fanicas de car\u00e1cter alpino en Polonia. A unos 100 km de Cracovia, Zakopane ofrece una infraestructura tur\u00edstica muy buena, capaz de satisfacer todos los gustos y por otro lado, cautiva al viajero con la idiosincrasia de los <strong><em>g\u00f3rale <\/em><\/strong>\u00a0(los abor\u00edgenes de la zona) y su peculiar arquitectura de madera.<\/p>\n  <\/div>\n  <div class=\"metrics__sidebar\">\n    <div class=\"metrics-box\">\n              <div class=\"metrics-box__title\">Informaci\u00f3n b\u00e1sica<\/div>\n        <div class=\"metrics-box__values\">\n                                        <div class=\"metrics-box__item\">\n      <div class=\"metrics-box__label\">Superficie:<\/div>\n      <div class=\"metrics-box__value\">84,26 km\u00b2<\/div>\n    <\/div>\n                                <div class=\"metrics-box__item\">\n      <div class=\"metrics-box__label\">Poblaci\u00f3n:<\/div>\n      <div class=\"metrics-box__value\">25 100 (2014)<\/div>\n    <\/div>\n                                <\/div>\n                    <div class=\"metrics-box__links\">\n                      <a href=\"https:\/\/www.zakopane.pl\/en\/tourist-area\" class=\"metrics-box__link external\"\n                                  target=\"_blank\" rel=\"nofollow noopener noreferrer\"\n                            >Zakopane<\/a>\n                      <a href=\"https:\/\/tpn.gov.pl\/english-version\" class=\"metrics-box__link external\"\n                                  target=\"_blank\" rel=\"nofollow noopener noreferrer\"\n                            >TPN<\/a>\n                  <\/div>\n          <\/div>\n  <\/div>\n<\/div>\n<\/div><\/div>\n\n\n\n<div class=\"wp-block-group is-style-container-medium\"><div class=\"wp-block-group__inner-container is-layout-constrained wp-block-group-is-layout-constrained\">\n<p>Las casas e iglesias de madera de <em>estilo Zakopia\u0144ski<\/em> fueron ideadas por <strong><em>Stanislaw\u00a0Witkiewicz\u00a0<\/em><\/strong>(un polifac\u00e9tico artista de la \u00e9poca), quien bas\u00e1ndose en la arquitectura original del lugar, la desarroll\u00f3 hasta crear este nuevo estilo arquitect\u00f3nico que, hoy en d\u00eda, es el rasgo diferenciador de la ciudad. Tuvo mucha aceptaci\u00f3n entre los ricos comerciantes que dejaron atr\u00e1s su predilecci\u00f3n por invertir en casas de estilo alpino a favor de esa &#8222;nueva moda&#8221; local, que ha perdurado hasta d\u00eda de hoy. Muchas de sus construcciones no perduraron el paso del tiempo o sufrieron incendios,  pero a\u00fan as\u00ed podemos visitar algunos ejemplos de las obras originales como la <strong>Iglesia de Jaszczur\u00f3wka<\/strong>,\u00a0<strong>Oksza<\/strong> que alberga actualmente el<strong> Museo del Estilo de Zakopane de Stanislaw Witkiewicz<\/strong>, o la <strong>Villa Koliba<\/strong>. Sin embargo, hay muchas que siguen el mismo c\u00e1non y filosof\u00eda.<\/p>\n\n\n\n<div class=\"wp-block-group is-style-container-medium\"><div class=\"wp-block-group__inner-container is-layout-constrained wp-block-group-is-layout-constrained\"><\/div><\/div>\n\n\n\n<p>La cultura y las tradiciones de <strong>Zakopane<\/strong> tambi\u00e9n est\u00e1n presentes en otras filiales<strong> del Museo de los Tatra<\/strong> y <a href=\"http:\/\/muzeumtatrzanskie.pl\/es\/home-page-7\/\"><strong>aqu\u00ed<\/strong><\/a> encontrar\u00e9is informaci\u00f3n \u00fatil al respecto.<\/p>\n<\/div><\/div>\n\n\n\n<div style=\"height:100px\" aria-hidden=\"true\" class=\"wp-block-spacer is-style-spacer-small\"><\/div>\n\n\n\n<div class=\"wp-block-group is-style-container\"><div class=\"wp-block-group__inner-container is-layout-constrained wp-block-group-is-layout-constrained\">  <div class=\"gallery-tiles gallery-tiles--rows-2-3 lightgallery\">\r\n          <a href=\"https:\/\/www.polonia.travel\/es\/wp-content\/uploads\/sites\/18\/2023\/01\/pomysl-e1674220666512.jpg\" class=\"gallery-tiles__item\" data-src=\"https:\/\/www.polonia.travel\/es\/wp-content\/uploads\/sites\/18\/2023\/01\/pomysl-e1674220666512.jpg\"\r\n        aria-label=\"Otw\u00f3rz powi\u0119kszone zdj\u0119cie: _pomysl\">\r\n        <img loading=\"lazy\" decoding=\"async\" width=\"625\" height=\"410\" src=\"https:\/\/www.polonia.travel\/es\/wp-content\/uploads\/sites\/18\/2023\/01\/pomysl-e1674220666512.jpg\" class=\"gallery-tiles__thumb\" alt=\"\" srcset=\"https:\/\/www.polonia.travel\/es\/wp-content\/uploads\/sites\/18\/2023\/01\/pomysl-e1674220666512.jpg 625w, https:\/\/www.polonia.travel\/es\/wp-content\/uploads\/sites\/18\/2023\/01\/pomysl-e1674220666512-600x394.jpg 600w\" sizes=\"auto, (max-width: 625px) 100vw, 625px\" \/>      <\/a>\r\n          <a href=\"https:\/\/www.polonia.travel\/es\/wp-content\/uploads\/sites\/18\/2024\/05\/20170701_Zakopane_kosciol_Jaszczurowka_AB_HR.jpg\" class=\"gallery-tiles__item\" data-src=\"https:\/\/www.polonia.travel\/es\/wp-content\/uploads\/sites\/18\/2024\/05\/20170701_Zakopane_kosciol_Jaszczurowka_AB_HR.jpg\"\r\n        aria-label=\"Otw\u00f3rz powi\u0119kszone zdj\u0119cie: 20170701_Zakopane_kosciol_Jaszczurowka_AB_HR\">\r\n        <img loading=\"lazy\" decoding=\"async\" width=\"1200\" height=\"800\" src=\"https:\/\/www.polonia.travel\/es\/wp-content\/uploads\/sites\/18\/2024\/05\/20170701_Zakopane_kosciol_Jaszczurowka_AB_HR-1200x800.jpg\" class=\"gallery-tiles__thumb\" alt=\"\" srcset=\"https:\/\/www.polonia.travel\/es\/wp-content\/uploads\/sites\/18\/2024\/05\/20170701_Zakopane_kosciol_Jaszczurowka_AB_HR-1200x800.jpg 1200w, https:\/\/www.polonia.travel\/es\/wp-content\/uploads\/sites\/18\/2024\/05\/20170701_Zakopane_kosciol_Jaszczurowka_AB_HR-600x400.jpg 600w, https:\/\/www.polonia.travel\/es\/wp-content\/uploads\/sites\/18\/2024\/05\/20170701_Zakopane_kosciol_Jaszczurowka_AB_HR-768x512.jpg 768w, https:\/\/www.polonia.travel\/es\/wp-content\/uploads\/sites\/18\/2024\/05\/20170701_Zakopane_kosciol_Jaszczurowka_AB_HR-1536x1024.jpg 1536w, https:\/\/www.polonia.travel\/es\/wp-content\/uploads\/sites\/18\/2024\/05\/20170701_Zakopane_kosciol_Jaszczurowka_AB_HR-1920x1280.jpg 1920w, https:\/\/www.polonia.travel\/es\/wp-content\/uploads\/sites\/18\/2024\/05\/20170701_Zakopane_kosciol_Jaszczurowka_AB_HR.jpg 2000w\" sizes=\"auto, (max-width: 1200px) 100vw, 1200px\" \/>      <\/a>\r\n          <a href=\"https:\/\/www.polonia.travel\/es\/wp-content\/uploads\/sites\/18\/2024\/04\/192703516_Zakopane_Adobe-scaled.jpg\" class=\"gallery-tiles__item\" data-src=\"https:\/\/www.polonia.travel\/es\/wp-content\/uploads\/sites\/18\/2024\/04\/192703516_Zakopane_Adobe-scaled.jpg\"\r\n        aria-label=\"Otw\u00f3rz powi\u0119kszone zdj\u0119cie: Krupowki street in Zakopane. Poland\">\r\n        <img loading=\"lazy\" decoding=\"async\" width=\"1200\" height=\"867\" src=\"https:\/\/www.polonia.travel\/es\/wp-content\/uploads\/sites\/18\/2024\/04\/192703516_Zakopane_Adobe-1200x867.jpg\" class=\"gallery-tiles__thumb\" alt=\"\" srcset=\"https:\/\/www.polonia.travel\/es\/wp-content\/uploads\/sites\/18\/2024\/04\/192703516_Zakopane_Adobe-1200x867.jpg 1200w, https:\/\/www.polonia.travel\/es\/wp-content\/uploads\/sites\/18\/2024\/04\/192703516_Zakopane_Adobe-600x434.jpg 600w, https:\/\/www.polonia.travel\/es\/wp-content\/uploads\/sites\/18\/2024\/04\/192703516_Zakopane_Adobe-768x555.jpg 768w, https:\/\/www.polonia.travel\/es\/wp-content\/uploads\/sites\/18\/2024\/04\/192703516_Zakopane_Adobe-1536x1110.jpg 1536w, https:\/\/www.polonia.travel\/es\/wp-content\/uploads\/sites\/18\/2024\/04\/192703516_Zakopane_Adobe-2048x1480.jpg 2048w, https:\/\/www.polonia.travel\/es\/wp-content\/uploads\/sites\/18\/2024\/04\/192703516_Zakopane_Adobe-1920x1388.jpg 1920w\" sizes=\"auto, (max-width: 1200px) 100vw, 1200px\" \/>      <\/a>\r\n          <a href=\"https:\/\/www.polonia.travel\/es\/wp-content\/uploads\/sites\/18\/2024\/04\/20181011_Gubalowka_kolejka_1_AB_HR.jpg\" class=\"gallery-tiles__item\" data-src=\"https:\/\/www.polonia.travel\/es\/wp-content\/uploads\/sites\/18\/2024\/04\/20181011_Gubalowka_kolejka_1_AB_HR.jpg\"\r\n        aria-label=\"Otw\u00f3rz powi\u0119kszone zdj\u0119cie: Funicular a Kasprowy Wierch\">\r\n        <img loading=\"lazy\" decoding=\"async\" width=\"1170\" height=\"780\" src=\"https:\/\/www.polonia.travel\/es\/wp-content\/uploads\/sites\/18\/2024\/04\/20181011_Gubalowka_kolejka_1_AB_HR.jpg\" class=\"gallery-tiles__thumb\" alt=\"Funicular a Kasprowy Wierch\" srcset=\"https:\/\/www.polonia.travel\/es\/wp-content\/uploads\/sites\/18\/2024\/04\/20181011_Gubalowka_kolejka_1_AB_HR.jpg 1170w, https:\/\/www.polonia.travel\/es\/wp-content\/uploads\/sites\/18\/2024\/04\/20181011_Gubalowka_kolejka_1_AB_HR-600x400.jpg 600w, https:\/\/www.polonia.travel\/es\/wp-content\/uploads\/sites\/18\/2024\/04\/20181011_Gubalowka_kolejka_1_AB_HR-768x512.jpg 768w\" sizes=\"auto, (max-width: 1170px) 100vw, 1170px\" \/>      <\/a>\r\n          <a href=\"https:\/\/www.polonia.travel\/es\/wp-content\/uploads\/sites\/18\/2023\/12\/8417_Zakopane-Krupowki_JW_HR.jpg\" class=\"gallery-tiles__item\" data-src=\"https:\/\/www.polonia.travel\/es\/wp-content\/uploads\/sites\/18\/2023\/12\/8417_Zakopane-Krupowki_JW_HR.jpg\"\r\n        aria-label=\"Otw\u00f3rz powi\u0119kszone zdj\u0119cie: 8417_Zakopane-Krupowki_JW_HR\">\r\n        <img loading=\"lazy\" decoding=\"async\" width=\"1170\" height=\"822\" src=\"https:\/\/www.polonia.travel\/es\/wp-content\/uploads\/sites\/18\/2023\/12\/8417_Zakopane-Krupowki_JW_HR.jpg\" class=\"gallery-tiles__thumb\" alt=\"\" srcset=\"https:\/\/www.polonia.travel\/es\/wp-content\/uploads\/sites\/18\/2023\/12\/8417_Zakopane-Krupowki_JW_HR.jpg 1170w, https:\/\/www.polonia.travel\/es\/wp-content\/uploads\/sites\/18\/2023\/12\/8417_Zakopane-Krupowki_JW_HR-600x422.jpg 600w, https:\/\/www.polonia.travel\/es\/wp-content\/uploads\/sites\/18\/2023\/12\/8417_Zakopane-Krupowki_JW_HR-768x540.jpg 768w\" sizes=\"auto, (max-width: 1170px) 100vw, 1170px\" \/>      <\/a>\r\n      <\/div>\r\n<\/div><\/div>\n\n\n\n<div style=\"height:100px\" aria-hidden=\"true\" class=\"wp-block-spacer is-style-spacer-small\"><\/div>\n\n\n\n<div class=\"wp-block-group is-style-container-medium\"><div class=\"wp-block-group__inner-container is-layout-constrained wp-block-group-is-layout-constrained\">\n<p>Sin embargo, al encontrarse al lado del <strong>Parque Nacional de los Tatra<\/strong>, Zakopane es\u00a0un punto de partida perfecto para realizar excursiones a monta\u00f1as o valles pr\u00f3ximos y disfrutar de la naturaleza con paisajes maravillosos. El Parque Nacional de las monta\u00f1as Tatra ofrece una experiencia \u00fanica con su rica fauna y flora, mientras el <strong>lago de Morskie Oko<\/strong> atrae con su preciosidad desde hace siglos &#8211; ofreciendo un regalo para la vista despu\u00e9s de un paseo bastante largo. Si alguien desea un nivel m\u00e1s alto de adrenalina, existe la posibilidad de una excursi\u00f3n en Segway y Quad o bajar en canoa o Pont\u00f3n el<strong> r\u00edo Dunajec. <\/strong><\/p>\n\n\n\n<p>El ambiente de la ciudad est\u00e1 creado por las monta\u00f1as majestuosas, hay telef\u00e9ricos y funiculares que llegan a miradores en cimas de las monta\u00f1as <em><strong>Guba\u0142\u00f3wka<\/strong><\/em> o <em><strong>Kasprowy Wierch<\/strong><\/em> \u2013 no te puedes perder estas vistas asombrosas.<\/p>\n\n\n\n<p><\/p>\n\n\n\n<p>Adem\u00e1s de estas atracciones naturales de Zakopane, tambi\u00e9n hay un Aquapark y unas aguas termales relajantes en la radio de 20 km en&nbsp; <a href=\"http:\/\/www.bukovina.pl\/en\/\">Bukowina<\/a>, <a href=\"http:\/\/www.termyszaflary.com\/en\/\">Szaflary<\/a> o <a href=\"http:\/\/www.termabania.pl\/en#home\">Bia\u0142ka<\/a>. Las termas abren todo el a\u00f1o (al ser aguas geotermales, su temperatura es hasta 36\u00ba) y algunas tienen pistas de esqu\u00ed cercanas, abiertas por la noche, haciendo de estos lugares una atractiva alternativa de descanso activo tambi\u00e9n en invierno.<\/p>\n\n\n\n<div class=\"wp-block-group is-style-container-medium\"><div class=\"wp-block-group__inner-container is-layout-constrained wp-block-group-is-layout-constrained\"><div class=\"wp-block-image\">\n<figure class=\"aligncenter size-full is-resized\"><img loading=\"lazy\" decoding=\"async\" width=\"5984\" height=\"3037\" src=\"https:\/\/www.polonia.travel\/es\/wp-content\/uploads\/sites\/18\/2024\/04\/5505-Panorama-Bania-Termy_HR.jpg\" alt=\"\" class=\"wp-image-37477\" style=\"width:785px;height:auto\" \/><figcaption class=\"wp-element-caption\"><strong>Termo Bania<\/strong> en <em>Bia\u0142ka Tatrza\u0144ska<\/em> (15 km de Zakopane)<\/figcaption><\/figure><\/div><\/div><\/div>\n\n\n\n<p>Zakopane tiene muy buen ambiente nocturno, vive intensamente y no solamente durante la \u00e9poca\u00a0de carnaval, sino durante todo el a\u00f1o.\u00a0Este ambiente se completa con la gastronom\u00eda t\u00edpica y los peque\u00f1os conjuntos musicales formados por los <em>g\u00f3rale<\/em> con sus trajes t\u00edpicos\u00a0y\u00a0m\u00fasica peculiar. Para las las almas fiesteras ofrece locales abiertos hasta tarde, incluyendo discotecas como la m\u00edtica <em>Dworzec Tatrzanski<\/em>.<\/p>\n\n\n\n<p>Los <em>g\u00f3rale<\/em> de Zakopane siguen fieles a sus tradiciones, presentes durante todo el a\u00f1o y con \u00e1nimo de compartirlas con todo aquel que pase por la zona. Desde hace m\u00e1s de cuarenta a\u00f1os Zakopane, es el escenario del &#8222;desfile&#8221; de las tradiciones monta\u00f1esas de Europa y el mundo del que podr\u00e1s formar parte durante el <strong><a href=\"https:\/\/www.facebook.com\/MFFZG.Zakopane\/?locale=pl_PL\">Festival Internacional de Folklore de las Monta\u00f1as<\/a><\/strong>, que se celebra en la segunda quincena de agosto. <\/p>\n\n\n\n<p>Por \u00faltimo, no podemos acabar sin hablar de los mejores quesos de Polonia de origen Zakopane &#8211; los <em>oscypek. <\/em>Se trata de un queso elaborado a base de leche de cabra, en unas peque\u00f1as casitas que podr\u00e1s encontrar de camino por las carreteras en coche por los pueblos del alrededor. El topping imprescindible es la <em>\u017curawina<\/em>, el ar\u00e1ndano rojo. <\/p>\n\n\n\n<div style=\"height:100px\" aria-hidden=\"true\" class=\"wp-block-spacer is-style-spacer-small\"><\/div>\n\n\n\n<figure class=\"wp-block-gallery has-nested-images columns-default is-cropped wp-block-gallery-1 is-layout-flex wp-block-gallery-is-layout-flex\">\n<figure class=\"wp-block-image size-large\"><img loading=\"lazy\" decoding=\"async\" width=\"6000\" height=\"4000\" data-id=\"37481\" src=\"https:\/\/www.polonia.travel\/es\/wp-content\/uploads\/sites\/18\/2024\/04\/Oscypek_GettyImages-170509890.jpg\" alt=\"\" class=\"wp-image-37481\" \/><figcaption class=\"wp-element-caption\">Oscypek <\/figcaption><\/figure>\n\n\n\n<figure class=\"wp-block-image size-large\"><img loading=\"lazy\" decoding=\"async\" width=\"7598\" height=\"4921\" data-id=\"37480\" src=\"https:\/\/www.polonia.travel\/es\/wp-content\/uploads\/sites\/18\/2024\/04\/7003_Oscypek_POT_HR.jpg\" alt=\"\" class=\"wp-image-37480\" \/><figcaption class=\"wp-element-caption\">G\u00f3ral elaborando el queso <\/figcaption><\/figure>\n<\/figure>\n<\/div><\/div>\n\n\n\n<p><\/p>\n\n\n\n<p> <\/p>\n\n\n\n<div style=\"height:100px\" aria-hidden=\"true\" class=\"wp-block-spacer is-style-spacer-medium\"><\/div>\n\n\n\n<div class=\"wp-block-group has-background\" style=\"background-color:#eeeeee\"><div class=\"wp-block-group__inner-container is-layout-constrained wp-block-group-is-layout-constrained\">\n<div style=\"height:100px\" aria-hidden=\"true\" class=\"wp-block-spacer is-style-spacer-small\"><\/div>\n\n\n\n<div class=\"wp-block-group is-style-container\"><div class=\"wp-block-group__inner-container is-layout-constrained wp-block-group-is-layout-constrained\">\n<h3 class=\"wp-block-heading\">M\u00e1s informaci\u00f3n<\/h3>\n\n\n<div class=\"overflow\">\n  <div class=\"post-slider swiper post-slider--small\" data-schema=\"small\">\n\n    <div class=\"swiper-wrapper\">\n              <div class=\"swiper-slide post-slide\">\n                      <a href=\"https:\/\/www.polonia.travel\/es\/polonia-menor-malopolska\/\" class=\"post-box post-box--small\" style=\" background-image: url(https:\/\/www.polonia.travel\/es\/wp-content\/uploads\/sites\/18\/2024\/04\/malopolska_540.jpg);\">\n          <div class=\"post-box__hover\" style=\"background-image: url(https:\/\/www.polonia.travel\/es\/wp-content\/uploads\/sites\/18\/2024\/04\/61039655_Tatry_wiosna_lato_Adobe201-600x398.jpg);\"><\/div>\n        <div class=\"post-box__info\">\n            <div class=\"post-box__title\">POLONIA MENOR (Malopolska)<\/div>\n      <div class=\"post-box__more\">Leer m\u00e1s<\/div>\n    <\/div>\n  <\/a>\n\n          <\/div>\n              <div class=\"swiper-slide post-slide\">\n                      <a href=\"https:\/\/www.polonia.travel\/es\/parque-nacional-de-los-tatra\/\" class=\"post-box post-box--small\" style=\" background-image: url(https:\/\/www.polonia.travel\/es\/wp-content\/uploads\/sites\/18\/2023\/07\/1077_Tatry-Gasienicowa_PG_HR-600x400.jpg);\">\n          <div class=\"post-box__hover\" style=\"background-image: url(https:\/\/www.polonia.travel\/es\/wp-content\/uploads\/sites\/18\/2024\/04\/AdobeStock_398429625_Tatry-kadr-600x400.jpeg);\"><\/div>\n        <div class=\"post-box__info\">\n            <div class=\"post-box__title\">Parque Nacional de los Tatra<\/div>\n      <div class=\"post-box__more\">Leer m\u00e1s<\/div>\n    <\/div>\n  <\/a>\n\n          <\/div>\n              <div class=\"swiper-slide post-slide\">\n                      <a href=\"https:\/\/www.polonia.travel\/es\/esqui-y-snowboard\/\" class=\"post-box post-box--small\" style=\" background-image: url(https:\/\/www.polonia.travel\/es\/wp-content\/uploads\/sites\/18\/2022\/12\/narty_540.jpg);\">\n          <div class=\"post-box__hover\" style=\"background-image: url(https:\/\/www.polonia.travel\/es\/wp-content\/uploads\/sites\/18\/2024\/04\/narciarze_z_widokiem_na_Zakopane_i_Tatry_2-600x245.jpg);\"><\/div>\n        <div class=\"post-box__info\">\n            <div class=\"post-box__title\">Esqu\u00ed y snowboard<\/div>\n      <div class=\"post-box__more\">Leer m\u00e1s<\/div>\n    <\/div>\n  <\/a>\n\n          <\/div>\n              <div class=\"swiper-slide post-slide\">\n                      <a href=\"https:\/\/www.polonia.travel\/es\/iglesias-goticas-de-madera-2003\/\" class=\"post-box post-box--small\" style=\" background-image: url(https:\/\/www.polonia.travel\/es\/wp-content\/uploads\/sites\/18\/2023\/02\/Lipnica_Murowana_TP00774_1603_TP-600x400.jpg);\">\n          <div class=\"post-box__hover\" style=\"background-image: url(https:\/\/www.polonia.travel\/es\/wp-content\/uploads\/sites\/18\/2024\/04\/Binarowa_WEB_kosc_Michala_Archaniola_TP00462_3096_TP-600x400.jpg);\"><\/div>\n        <div class=\"post-box__info\">\n            <div class=\"post-box__title\">Iglesias g\u00f3ticas de madera (2003)<\/div>\n      <div class=\"post-box__more\">Leer m\u00e1s<\/div>\n    <\/div>\n  <\/a>\n\n          <\/div>\n              <div class=\"swiper-slide post-slide\">\n                      <a href=\"https:\/\/www.polonia.travel\/es\/parque-nacional-de-los-pienines\/\" class=\"post-box post-box--small\" style=\" background-image: url(https:\/\/www.polonia.travel\/es\/wp-content\/uploads\/sites\/18\/2023\/07\/pieniny_splyw_dunajcem_1170-600x400.jpg);\">\n          <div class=\"post-box__hover\" style=\"background-image: url(https:\/\/www.polonia.travel\/es\/wp-content\/uploads\/sites\/18\/2024\/04\/Pieniny_Sokolica_wiosna_2-600x400.jpg);\"><\/div>\n        <div class=\"post-box__info\">\n            <div class=\"post-box__title\">Parque Nacional de los Pienines<\/div>\n      <div class=\"post-box__more\">Leer m\u00e1s<\/div>\n    <\/div>\n  <\/a>\n\n          <\/div>\n          <\/div>\n    <div class=\"post-slider__pagination\"><\/div>\n  <\/div>\n<\/div>\n<\/div><\/div>\n\n\n\n<div style=\"height:100px\" aria-hidden=\"true\" class=\"wp-block-spacer is-style-spacer-small\"><\/div>\n<\/div><\/div>\n","protected":false},"excerpt":{"rendered":"<p>Las casas e iglesias de madera de estilo Zakopia\u0144ski fueron ideadas por Stanislaw\u00a0Witkiewicz\u00a0(un polifac\u00e9tico artista de la \u00e9poca), quien bas\u00e1ndose en la arquitectura original del lugar, la desarroll\u00f3 hasta crear este nuevo estilo arquitect\u00f3nico que, hoy en d\u00eda, es el rasgo diferenciador de la ciudad. Tuvo mucha aceptaci\u00f3n entre los ricos comerciantes que dejaron atr\u00e1s [&hellip;]<\/p>\n","protected":false},"author":1,"featured_media":30675,"comment_status":"open","ping_status":"open","sticky":false,"template":"","format":"standard","meta":{"_acf_changed":false,"footnotes":""},"categories":[1037],"class_list":["post-31217","post","type-post","status-publish","format-standard","has-post-thumbnail","hentry","category-ciudades"],"acf":[],"yoast_head":"<!-- This site is optimized with the Yoast SEO plugin v27.4 - https:\/\/yoast.com\/product\/yoast-seo-wordpress\/ -->\n<title>Zakopane, capital de (no s\u00f3lo) invierno - Polonia Travel (ES)<\/title>\n<meta name=\"robots\" content=\"index, follow, max-snippet:-1, max-image-preview:large, max-video-preview:-1\" \/>\n<link rel=\"canonical\" href=\"https:\/\/www.polonia.travel\/es\/zakopane-capital-de-no-solo-invierno\/\" \/>\n<meta property=\"og:locale\" content=\"pl_PL\" \/>\n<meta property=\"og:type\" content=\"article\" \/>\n<meta property=\"og:title\" content=\"Zakopane, capital de (no s\u00f3lo) invierno - Polonia Travel (ES)\" \/>\n<meta property=\"og:description\" content=\"Las casas e iglesias de madera de estilo Zakopia\u0144ski fueron ideadas por Stanislaw\u00a0Witkiewicz\u00a0(un polifac\u00e9tico artista de la \u00e9poca), quien bas\u00e1ndose en la arquitectura original del lugar, la desarroll\u00f3 hasta crear este nuevo estilo arquitect\u00f3nico que, hoy en d\u00eda, es el rasgo diferenciador de la ciudad. Tuvo mucha aceptaci\u00f3n entre los ricos comerciantes que dejaron atr\u00e1s [&hellip;]\" \/>\n<meta property=\"og:url\" content=\"https:\/\/www.polonia.travel\/es\/zakopane-capital-de-no-solo-invierno\/\" \/>\n<meta property=\"og:site_name\" content=\"Polonia Travel (ES)\" \/>\n<meta property=\"article:published_time\" content=\"2024-04-29T10:17:43+00:00\" \/>\n<meta property=\"article:modified_time\" content=\"2025-05-08T11:20:48+00:00\" \/>\n<meta property=\"og:image\" content=\"https:\/\/www.polonia.travel\/es\/wp-content\/uploads\/sites\/18\/2023\/12\/20180122_Zakopane_panorama_Nosal_AB_HR.jpg\" \/>\n\t<meta property=\"og:image:width\" content=\"2000\" \/>\n\t<meta property=\"og:image:height\" content=\"672\" \/>\n\t<meta property=\"og:image:type\" content=\"image\/jpeg\" \/>\n<meta name=\"twitter:card\" content=\"summary_large_image\" \/>\n<meta name=\"twitter:label1\" content=\"Napisane przez\" \/>\n\t<meta name=\"twitter:data1\" content=\"\" \/>\n\t<meta name=\"twitter:label2\" content=\"Szacowany czas czytania\" \/>\n\t<meta name=\"twitter:data2\" content=\"5 minut\" \/>\n<script type=\"application\/ld+json\" class=\"yoast-schema-graph\">{\"@context\":\"https:\\\/\\\/schema.org\",\"@graph\":[{\"@type\":\"Article\",\"@id\":\"https:\\\/\\\/www.polonia.travel\\\/es\\\/zakopane-capital-de-no-solo-invierno\\\/#article\",\"isPartOf\":{\"@id\":\"https:\\\/\\\/www.polonia.travel\\\/es\\\/zakopane-capital-de-no-solo-invierno\\\/\"},\"author\":{\"name\":\"\",\"@id\":\"\"},\"headline\":\"Zakopane, capital de (no s\u00f3lo) invierno\",\"datePublished\":\"2024-04-29T10:17:43+00:00\",\"dateModified\":\"2025-05-08T11:20:48+00:00\",\"mainEntityOfPage\":{\"@id\":\"https:\\\/\\\/www.polonia.travel\\\/es\\\/zakopane-capital-de-no-solo-invierno\\\/\"},\"wordCount\":639,\"commentCount\":0,\"publisher\":{\"@id\":\"https:\\\/\\\/www.polonia.travel\\\/es\\\/#organization\"},\"image\":{\"@id\":\"https:\\\/\\\/www.polonia.travel\\\/es\\\/zakopane-capital-de-no-solo-invierno\\\/#primaryimage\"},\"thumbnailUrl\":\"https:\\\/\\\/www.polonia.travel\\\/es\\\/wp-content\\\/uploads\\\/sites\\\/18\\\/2023\\\/12\\\/20180122_Zakopane_panorama_Nosal_AB_HR.jpg\",\"keywords\":[\"es\",\"ciudades\"],\"articleSection\":[\"Ciudades\"],\"inLanguage\":\"pl-PL\"},{\"@type\":\"WebPage\",\"@id\":\"https:\\\/\\\/www.polonia.travel\\\/es\\\/zakopane-capital-de-no-solo-invierno\\\/\",\"url\":\"https:\\\/\\\/www.polonia.travel\\\/es\\\/zakopane-capital-de-no-solo-invierno\\\/\",\"name\":\"Zakopane, capital de (no s\u00f3lo) invierno - Polonia Travel (ES)\",\"isPartOf\":{\"@id\":\"https:\\\/\\\/www.polonia.travel\\\/es\\\/#website\"},\"primaryImageOfPage\":{\"@id\":\"https:\\\/\\\/www.polonia.travel\\\/es\\\/zakopane-capital-de-no-solo-invierno\\\/#primaryimage\"},\"image\":{\"@id\":\"https:\\\/\\\/www.polonia.travel\\\/es\\\/zakopane-capital-de-no-solo-invierno\\\/#primaryimage\"},\"thumbnailUrl\":\"https:\\\/\\\/www.polonia.travel\\\/es\\\/wp-content\\\/uploads\\\/sites\\\/18\\\/2023\\\/12\\\/20180122_Zakopane_panorama_Nosal_AB_HR.jpg\",\"datePublished\":\"2024-04-29T10:17:43+00:00\",\"dateModified\":\"2025-05-08T11:20:48+00:00\",\"breadcrumb\":{\"@id\":\"https:\\\/\\\/www.polonia.travel\\\/es\\\/zakopane-capital-de-no-solo-invierno\\\/#breadcrumb\"},\"inLanguage\":\"pl-PL\",\"potentialAction\":[{\"@type\":\"ReadAction\",\"target\":[\"https:\\\/\\\/www.polonia.travel\\\/es\\\/zakopane-capital-de-no-solo-invierno\\\/\"]}]},{\"@type\":\"ImageObject\",\"inLanguage\":\"pl-PL\",\"@id\":\"https:\\\/\\\/www.polonia.travel\\\/es\\\/zakopane-capital-de-no-solo-invierno\\\/#primaryimage\",\"url\":\"https:\\\/\\\/www.polonia.travel\\\/es\\\/wp-content\\\/uploads\\\/sites\\\/18\\\/2023\\\/12\\\/20180122_Zakopane_panorama_Nosal_AB_HR.jpg\",\"contentUrl\":\"https:\\\/\\\/www.polonia.travel\\\/es\\\/wp-content\\\/uploads\\\/sites\\\/18\\\/2023\\\/12\\\/20180122_Zakopane_panorama_Nosal_AB_HR.jpg\",\"width\":2000,\"height\":672},{\"@type\":\"BreadcrumbList\",\"@id\":\"https:\\\/\\\/www.polonia.travel\\\/es\\\/zakopane-capital-de-no-solo-invierno\\\/#breadcrumb\",\"itemListElement\":[{\"@type\":\"ListItem\",\"position\":1,\"name\":\"Home page\",\"item\":\"https:\\\/\\\/www.polonia.travel\\\/es\\\/\"},{\"@type\":\"ListItem\",\"position\":2,\"name\":\"Descubre +\",\"item\":\"https:\\\/\\\/www.polonia.travel\\\/es\\\/category\\\/descubre-lugares\\\/\"},{\"@type\":\"ListItem\",\"position\":3,\"name\":\"Ciudades\",\"item\":\"https:\\\/\\\/www.polonia.travel\\\/es\\\/category\\\/descubre-lugares\\\/ciudades\\\/\"},{\"@type\":\"ListItem\",\"position\":4,\"name\":\"Zakopane, capital de (no s\u00f3lo) invierno\"}]},{\"@type\":\"WebSite\",\"@id\":\"https:\\\/\\\/www.polonia.travel\\\/es\\\/#website\",\"url\":\"https:\\\/\\\/www.polonia.travel\\\/es\\\/\",\"name\":\"Polonia Travel (ES)\",\"description\":\"...\",\"publisher\":{\"@id\":\"https:\\\/\\\/www.polonia.travel\\\/es\\\/#organization\"},\"potentialAction\":[{\"@type\":\"SearchAction\",\"target\":{\"@type\":\"EntryPoint\",\"urlTemplate\":\"https:\\\/\\\/www.polonia.travel\\\/es\\\/?s={search_term_string}\"},\"query-input\":{\"@type\":\"PropertyValueSpecification\",\"valueRequired\":true,\"valueName\":\"search_term_string\"}}],\"inLanguage\":\"pl-PL\"},{\"@type\":\"Organization\",\"@id\":\"https:\\\/\\\/www.polonia.travel\\\/es\\\/#organization\",\"name\":\"Polonia Travel (ES)\",\"url\":\"https:\\\/\\\/www.polonia.travel\\\/es\\\/\",\"logo\":{\"@type\":\"ImageObject\",\"inLanguage\":\"pl-PL\",\"@id\":\"https:\\\/\\\/www.polonia.travel\\\/es\\\/#\\\/schema\\\/logo\\\/image\\\/\",\"url\":\"\",\"contentUrl\":\"\",\"caption\":\"Polonia Travel (ES)\"},\"image\":{\"@id\":\"https:\\\/\\\/www.polonia.travel\\\/es\\\/#\\\/schema\\\/logo\\\/image\\\/\"}},{\"@type\":\"Person\",\"@id\":\"\"}]}<\/script>\n<!-- \/ Yoast SEO plugin. -->","yoast_head_json":{"title":"Zakopane, capital de (no s\u00f3lo) invierno - Polonia Travel (ES)","robots":{"index":"index","follow":"follow","max-snippet":"max-snippet:-1","max-image-preview":"max-image-preview:large","max-video-preview":"max-video-preview:-1"},"canonical":"https:\/\/www.polonia.travel\/es\/zakopane-capital-de-no-solo-invierno\/","og_locale":"pl_PL","og_type":"article","og_title":"Zakopane, capital de (no s\u00f3lo) invierno - Polonia Travel (ES)","og_description":"Las casas e iglesias de madera de estilo Zakopia\u0144ski fueron ideadas por Stanislaw\u00a0Witkiewicz\u00a0(un polifac\u00e9tico artista de la \u00e9poca), quien bas\u00e1ndose en la arquitectura original del lugar, la desarroll\u00f3 hasta crear este nuevo estilo arquitect\u00f3nico que, hoy en d\u00eda, es el rasgo diferenciador de la ciudad. Tuvo mucha aceptaci\u00f3n entre los ricos comerciantes que dejaron atr\u00e1s [&hellip;]","og_url":"https:\/\/www.polonia.travel\/es\/zakopane-capital-de-no-solo-invierno\/","og_site_name":"Polonia Travel (ES)","article_published_time":"2024-04-29T10:17:43+00:00","article_modified_time":"2025-05-08T11:20:48+00:00","og_image":[{"width":2000,"height":672,"url":"https:\/\/www.polonia.travel\/es\/wp-content\/uploads\/sites\/18\/2023\/12\/20180122_Zakopane_panorama_Nosal_AB_HR.jpg","type":"image\/jpeg"}],"twitter_card":"summary_large_image","twitter_misc":{"Napisane przez":"","Szacowany czas czytania":"5 minut"},"schema":{"@context":"https:\/\/schema.org","@graph":[{"@type":"Article","@id":"https:\/\/www.polonia.travel\/es\/zakopane-capital-de-no-solo-invierno\/#article","isPartOf":{"@id":"https:\/\/www.polonia.travel\/es\/zakopane-capital-de-no-solo-invierno\/"},"author":{"name":"","@id":""},"headline":"Zakopane, capital de (no s\u00f3lo) invierno","datePublished":"2024-04-29T10:17:43+00:00","dateModified":"2025-05-08T11:20:48+00:00","mainEntityOfPage":{"@id":"https:\/\/www.polonia.travel\/es\/zakopane-capital-de-no-solo-invierno\/"},"wordCount":639,"commentCount":0,"publisher":{"@id":"https:\/\/www.polonia.travel\/es\/#organization"},"image":{"@id":"https:\/\/www.polonia.travel\/es\/zakopane-capital-de-no-solo-invierno\/#primaryimage"},"thumbnailUrl":"https:\/\/www.polonia.travel\/es\/wp-content\/uploads\/sites\/18\/2023\/12\/20180122_Zakopane_panorama_Nosal_AB_HR.jpg","keywords":["es","ciudades"],"articleSection":["Ciudades"],"inLanguage":"pl-PL"},{"@type":"WebPage","@id":"https:\/\/www.polonia.travel\/es\/zakopane-capital-de-no-solo-invierno\/","url":"https:\/\/www.polonia.travel\/es\/zakopane-capital-de-no-solo-invierno\/","name":"Zakopane, capital de (no s\u00f3lo) invierno - Polonia Travel (ES)","isPartOf":{"@id":"https:\/\/www.polonia.travel\/es\/#website"},"primaryImageOfPage":{"@id":"https:\/\/www.polonia.travel\/es\/zakopane-capital-de-no-solo-invierno\/#primaryimage"},"image":{"@id":"https:\/\/www.polonia.travel\/es\/zakopane-capital-de-no-solo-invierno\/#primaryimage"},"thumbnailUrl":"https:\/\/www.polonia.travel\/es\/wp-content\/uploads\/sites\/18\/2023\/12\/20180122_Zakopane_panorama_Nosal_AB_HR.jpg","datePublished":"2024-04-29T10:17:43+00:00","dateModified":"2025-05-08T11:20:48+00:00","breadcrumb":{"@id":"https:\/\/www.polonia.travel\/es\/zakopane-capital-de-no-solo-invierno\/#breadcrumb"},"inLanguage":"pl-PL","potentialAction":[{"@type":"ReadAction","target":["https:\/\/www.polonia.travel\/es\/zakopane-capital-de-no-solo-invierno\/"]}]},{"@type":"ImageObject","inLanguage":"pl-PL","@id":"https:\/\/www.polonia.travel\/es\/zakopane-capital-de-no-solo-invierno\/#primaryimage","url":"https:\/\/www.polonia.travel\/es\/wp-content\/uploads\/sites\/18\/2023\/12\/20180122_Zakopane_panorama_Nosal_AB_HR.jpg","contentUrl":"https:\/\/www.polonia.travel\/es\/wp-content\/uploads\/sites\/18\/2023\/12\/20180122_Zakopane_panorama_Nosal_AB_HR.jpg","width":2000,"height":672},{"@type":"BreadcrumbList","@id":"https:\/\/www.polonia.travel\/es\/zakopane-capital-de-no-solo-invierno\/#breadcrumb","itemListElement":[{"@type":"ListItem","position":1,"name":"Home page","item":"https:\/\/www.polonia.travel\/es\/"},{"@type":"ListItem","position":2,"name":"Descubre +","item":"https:\/\/www.polonia.travel\/es\/category\/descubre-lugares\/"},{"@type":"ListItem","position":3,"name":"Ciudades","item":"https:\/\/www.polonia.travel\/es\/category\/descubre-lugares\/ciudades\/"},{"@type":"ListItem","position":4,"name":"Zakopane, capital de (no s\u00f3lo) invierno"}]},{"@type":"WebSite","@id":"https:\/\/www.polonia.travel\/es\/#website","url":"https:\/\/www.polonia.travel\/es\/","name":"Polonia Travel (ES)","description":"...","publisher":{"@id":"https:\/\/www.polonia.travel\/es\/#organization"},"potentialAction":[{"@type":"SearchAction","target":{"@type":"EntryPoint","urlTemplate":"https:\/\/www.polonia.travel\/es\/?s={search_term_string}"},"query-input":{"@type":"PropertyValueSpecification","valueRequired":true,"valueName":"search_term_string"}}],"inLanguage":"pl-PL"},{"@type":"Organization","@id":"https:\/\/www.polonia.travel\/es\/#organization","name":"Polonia Travel (ES)","url":"https:\/\/www.polonia.travel\/es\/","logo":{"@type":"ImageObject","inLanguage":"pl-PL","@id":"https:\/\/www.polonia.travel\/es\/#\/schema\/logo\/image\/","url":"","contentUrl":"","caption":"Polonia Travel (ES)"},"image":{"@id":"https:\/\/www.polonia.travel\/es\/#\/schema\/logo\/image\/"}},{"@type":"Person","@id":""}]}},"_links":{"self":[{"href":"https:\/\/www.polonia.travel\/es\/wp-json\/wp\/v2\/posts\/31217","targetHints":{"allow":["GET"]}}],"collection":[{"href":"https:\/\/www.polonia.travel\/es\/wp-json\/wp\/v2\/posts"}],"about":[{"href":"https:\/\/www.polonia.travel\/es\/wp-json\/wp\/v2\/types\/post"}],"author":[{"embeddable":true,"href":"https:\/\/www.polonia.travel\/es\/wp-json\/wp\/v2\/users\/1"}],"replies":[{"embeddable":true,"href":"https:\/\/www.polonia.travel\/es\/wp-json\/wp\/v2\/comments?post=31217"}],"version-history":[{"count":10,"href":"https:\/\/www.polonia.travel\/es\/wp-json\/wp\/v2\/posts\/31217\/revisions"}],"predecessor-version":[{"id":37487,"href":"https:\/\/www.polonia.travel\/es\/wp-json\/wp\/v2\/posts\/31217\/revisions\/37487"}],"wp:featuredmedia":[{"embeddable":true,"href":"https:\/\/www.polonia.travel\/es\/wp-json\/wp\/v2\/media\/30675"}],"wp:attachment":[{"href":"https:\/\/www.polonia.travel\/es\/wp-json\/wp\/v2\/media?parent=31217"}],"wp:term":[{"taxonomy":"category","embeddable":true,"href":"https:\/\/www.polonia.travel\/es\/wp-json\/wp\/v2\/categories?post=31217"}],"curies":[{"name":"wp","href":"https:\/\/api.w.org\/{rel}","templated":true}]}}