{"id":31148,"date":"2024-08-14T11:37:12","date_gmt":"2024-08-14T09:37:12","guid":{"rendered":"https:\/\/wp-es.poland.travel\/?p=31148"},"modified":"2025-01-30T13:13:59","modified_gmt":"2025-01-30T12:13:59","slug":"el-verano-en-polonia","status":"publish","type":"post","link":"https:\/\/www.polonia.travel\/es\/el-verano-en-polonia\/","title":{"rendered":"El verano en Polonia"},"content":{"rendered":"\n<div class=\"wp-block-group is-style-container-medium\"><div class=\"wp-block-group__inner-container is-layout-constrained wp-block-group-is-layout-constrained\">\n<h2 class=\"wp-block-heading\">El verano en Polonia<\/h2>\n<\/div><\/div>\n\n\n\n<div style=\"height:100px\" aria-hidden=\"true\" class=\"wp-block-spacer is-style-spacer-medium\"><\/div>\n\n\n\n<div class=\"wp-block-group is-style-container-medium\"><div class=\"wp-block-group__inner-container is-layout-constrained wp-block-group-is-layout-constrained\">\n<p class=\"has-text-align-left has-medium-font-size\">Las terrazas en grandes ciudades se llenan de gente, y las calles y plazas se convierten en escenarios musicales.<\/p>\n\n\n\n<p class=\"has-text-align-left has-medium-font-size\">En las zonas tradicionales de descanso, como la <strong>Costa B\u00e1ltica<\/strong> o la regi\u00f3n de<strong> Masuria<\/strong> los turistas vienen para encontrar aqu\u00ed el verde de los bosques y el azul de aguas de mar, lagos y r\u00edos.<\/p>\n\n\n\n<p class=\"has-text-align-left is-style-lead has-medium-font-size\">Recorrer la monta\u00f1as polacas tambi\u00e9n son un buen plan veraniego, sobre todo para los aficionados al turismo activo. El <strong>Parque Nacional de los Montes Tatra<\/strong>, al sur de Cracovia es uno de los m\u00e1s populares del pa\u00eds, gracias a su car\u00e1cter alpino y su precioso paisaje. Muy cerca de \u00e9l, se encuentra el<strong> Parque Nacional de Pieniny<\/strong>, en la frontera con Eslovaquia. El desfiladero del r\u00edo Dunajec es su mayor atractivo tur\u00edstico, donde tambi\u00e9n se pueden hacer excursiones en las tradicionales balsas de madera.<\/p>\n<\/div><\/div>\n\n\n\n<div class=\"wp-block-group is-style-container\"><div class=\"wp-block-group__inner-container is-layout-constrained wp-block-group-is-layout-constrained\">\n<figure class=\"wp-block-gallery has-nested-images columns-default is-cropped wp-block-gallery-1 is-layout-flex wp-block-gallery-is-layout-flex\">\n<figure class=\"wp-block-image size-large\"><img loading=\"lazy\" decoding=\"async\" width=\"1200\" height=\"800\" data-id=\"32345\" src=\"https:\/\/www.polonia.travel\/es\/wp-content\/uploads\/sites\/18\/2024\/04\/PIENINY20TRATWY_kadr-1200x800.jpg\" alt=\"\" class=\"wp-image-32345\" srcset=\"https:\/\/www.polonia.travel\/es\/wp-content\/uploads\/sites\/18\/2024\/04\/PIENINY20TRATWY_kadr-1200x800.jpg 1200w, https:\/\/www.polonia.travel\/es\/wp-content\/uploads\/sites\/18\/2024\/04\/PIENINY20TRATWY_kadr-600x400.jpg 600w, https:\/\/www.polonia.travel\/es\/wp-content\/uploads\/sites\/18\/2024\/04\/PIENINY20TRATWY_kadr-768x512.jpg 768w, https:\/\/www.polonia.travel\/es\/wp-content\/uploads\/sites\/18\/2024\/04\/PIENINY20TRATWY_kadr.jpg 1281w\" sizes=\"auto, (max-width: 1200px) 100vw, 1200px\" \/><\/figure>\n\n\n\n<figure class=\"wp-block-image size-large\"><img loading=\"lazy\" decoding=\"async\" width=\"1024\" height=\"1024\" data-id=\"31947\" src=\"https:\/\/www.polonia.travel\/es\/wp-content\/uploads\/sites\/18\/2024\/04\/1080x1080-hel-3-1.jpg\" alt=\"\" class=\"wp-image-31947\" srcset=\"https:\/\/www.polonia.travel\/es\/wp-content\/uploads\/sites\/18\/2024\/04\/1080x1080-hel-3-1.jpg 1024w, https:\/\/www.polonia.travel\/es\/wp-content\/uploads\/sites\/18\/2024\/04\/1080x1080-hel-3-1-600x600.jpg 600w, https:\/\/www.polonia.travel\/es\/wp-content\/uploads\/sites\/18\/2024\/04\/1080x1080-hel-3-1-150x150.jpg 150w, https:\/\/www.polonia.travel\/es\/wp-content\/uploads\/sites\/18\/2024\/04\/1080x1080-hel-3-1-768x768.jpg 768w\" sizes=\"auto, (max-width: 1024px) 100vw, 1024px\" \/><\/figure>\n\n\n\n<figure class=\"wp-block-image size-large\"><img loading=\"lazy\" decoding=\"async\" width=\"1170\" height=\"780\" data-id=\"10553\" src=\"https:\/\/www.polonia.travel\/es\/wp-content\/uploads\/sites\/18\/2022\/12\/wielkie_jeziora_mazurskie_1170.jpg\" alt=\"\" class=\"wp-image-10553\" srcset=\"https:\/\/www.polonia.travel\/es\/wp-content\/uploads\/sites\/18\/2022\/12\/wielkie_jeziora_mazurskie_1170.jpg 1170w, https:\/\/www.polonia.travel\/es\/wp-content\/uploads\/sites\/18\/2022\/12\/wielkie_jeziora_mazurskie_1170-600x400.jpg 600w, https:\/\/www.polonia.travel\/es\/wp-content\/uploads\/sites\/18\/2022\/12\/wielkie_jeziora_mazurskie_1170-768x512.jpg 768w\" sizes=\"auto, (max-width: 1170px) 100vw, 1170px\" \/><\/figure>\n\n\n\n<figure class=\"wp-block-image size-large\"><img loading=\"lazy\" decoding=\"async\" width=\"1170\" height=\"680\" data-id=\"30156\" src=\"https:\/\/www.polonia.travel\/es\/wp-content\/uploads\/sites\/18\/2023\/08\/jarmark-sw-dominika3.jpg\" alt=\"\" class=\"wp-image-30156\" srcset=\"https:\/\/www.polonia.travel\/es\/wp-content\/uploads\/sites\/18\/2023\/08\/jarmark-sw-dominika3.jpg 1170w, https:\/\/www.polonia.travel\/es\/wp-content\/uploads\/sites\/18\/2023\/08\/jarmark-sw-dominika3-600x349.jpg 600w, https:\/\/www.polonia.travel\/es\/wp-content\/uploads\/sites\/18\/2023\/08\/jarmark-sw-dominika3-768x446.jpg 768w\" sizes=\"auto, (max-width: 1170px) 100vw, 1170px\" \/><\/figure>\n\n\n\n<figure class=\"wp-block-image size-large\"><img decoding=\"async\" data-id=\"33297\" src=\"https:\/\/www.polonia.travel\/es\/wp-content\/uploads\/sites\/18\/2024\/04\/WARSZAWA_3.jpg\" alt=\"\" class=\"wp-image-33297\" \/><\/figure>\n<\/figure>\n<\/div><\/div>\n\n\n\n<div style=\"height:100px\" aria-hidden=\"true\" class=\"wp-block-spacer is-style-spacer-small\"><\/div>\n\n\n\n<div class=\"wp-block-group is-style-container-medium\"><div class=\"wp-block-group__inner-container is-layout-constrained wp-block-group-is-layout-constrained\">\n<p>Teniendo en cuenta la historia (milenaria) del pa\u00eds, el verano es la mejor \u00e9poca para celebrar las reconstrucciones hist\u00f3ricas, ferias medievales u otros eventos, que&nbsp;evocan a la vida de los antepasados del pueblo polaco.<\/p>\n<\/div><\/div>\n\n\n<div class=\"wp-block-image\">\n<figure class=\"aligncenter size-full\"><img loading=\"lazy\" decoding=\"async\" width=\"1170\" height=\"780\" src=\"https:\/\/www.polonia.travel\/es\/wp-content\/uploads\/sites\/18\/2023\/07\/centrum_slowian_i_wikingow_w_wolinie_2_1170.jpg\" alt=\"\" class=\"wp-image-28355\" srcset=\"https:\/\/www.polonia.travel\/es\/wp-content\/uploads\/sites\/18\/2023\/07\/centrum_slowian_i_wikingow_w_wolinie_2_1170.jpg 1170w, https:\/\/www.polonia.travel\/es\/wp-content\/uploads\/sites\/18\/2023\/07\/centrum_slowian_i_wikingow_w_wolinie_2_1170-600x400.jpg 600w, https:\/\/www.polonia.travel\/es\/wp-content\/uploads\/sites\/18\/2023\/07\/centrum_slowian_i_wikingow_w_wolinie_2_1170-768x512.jpg 768w\" sizes=\"auto, (max-width: 1170px) 100vw, 1170px\" \/><\/figure><\/div>\n\n\n<div style=\"height:100px\" aria-hidden=\"true\" class=\"wp-block-spacer is-style-spacer-small\"><\/div>\n\n\n\n<div class=\"wp-block-group is-style-container-medium\"><div class=\"wp-block-group__inner-container is-layout-constrained wp-block-group-is-layout-constrained\">\n<p><strong>Festivales de verano<\/strong><\/p>\n<\/div><\/div>\n\n\n\n<div class=\"wp-block-group is-style-container-medium\"><div class=\"wp-block-group__inner-container is-layout-constrained wp-block-group-is-layout-constrained\">\n<p>No hay nada que defina mejor la esencia del verano que los festivales, y en Polonia las opciones no son pocas. El Estadio Nacional de Varsovia y otros recintos similares en diferentes ciudades del pa\u00eds, acogen conciertos de m\u00fasicos de renombre internacional durante todo el verano. Los fans de la m\u00fasica contempor\u00e1nea no pueden perderse el Open&#8217;Er Festival en Gdynia, los sonidos alternativos del festival OFF en Katowice o el esp\u00edritu rockero al puro estilo de Woodstock durante el Pol&#8217;and&#8217;Rock Festival.<\/p>\n<\/div><\/div>\n\n\n\n<div style=\"height:100px\" aria-hidden=\"true\" class=\"wp-block-spacer is-style-spacer-small\"><\/div>\n\n\n\n<div class=\"wp-block-group is-style-container-medium\"><div class=\"wp-block-group__inner-container is-layout-constrained wp-block-group-is-layout-constrained\">\n<p>Adem\u00e1s, el verano polaco tiene sabor de frutos del bosque, principal ingrediente de muchos postres en esta \u00e9poca del a\u00f1o, y hac\u00eda septiembre, con las primeras lluvias, de setas, base de algunos platos muy t\u00edpicos en la gastronom\u00eda polaca.<\/p>\n<\/div><\/div>\n\n\n\n<div style=\"height:100px\" aria-hidden=\"true\" class=\"wp-block-spacer is-style-spacer-medium\"><\/div>\n\n\n\n<div class=\"wp-block-group is-style-container\"><div class=\"wp-block-group__inner-container is-layout-constrained wp-block-group-is-layout-constrained\"><div class=\"overflow\">\n  <div class=\"post-slider swiper post-slider--small\" data-schema=\"small\">\n\n    <div class=\"swiper-wrapper\">\n              <div class=\"swiper-slide post-slide\">\n                      <a href=\"https:\/\/www.polonia.travel\/es\/clima-en-polonia-no-siempre-hace-frio\/\" class=\"post-box post-box--small\" style=\" background-image: url(https:\/\/www.polonia.travel\/es\/wp-content\/uploads\/sites\/18\/2022\/12\/warszawa_pomnik_chopina_lazienki_kroleskie_jesien_1_1170-1-600x400.jpg);\">\n          <div class=\"post-box__hover\" style=\"background-image: url(https:\/\/www.polonia.travel\/es\/wp-content\/uploads\/sites\/18\/2022\/12\/warszawa_lazienki_krolewskie_pomnik_chopina_500x500.jpg);\"><\/div>\n        <div class=\"post-box__info\">\n              <div class=\"post-box__top\">\n          <div class=\"post-box__date\">21-05-2024<\/div>\n          <div class=\"post-box__category\">\n            Consejos Pr\u00e1cticos          <\/div>\n        <\/div>\n            <div class=\"post-box__title\">Clima: \u00a1En Polonia no siempre hace fr\u00edo!<\/div>\n      <div class=\"post-box__more\">Leer m\u00e1s<\/div>\n    <\/div>\n  <\/a>\n\n          <\/div>\n              <div class=\"swiper-slide post-slide\">\n                      <a href=\"https:\/\/www.polonia.travel\/es\/primavera-en-polonia\/\" class=\"post-box post-box--small\" style=\" background-image: url(https:\/\/www.polonia.travel\/es\/wp-content\/uploads\/sites\/18\/2023\/01\/warszawa_lazienki_wiosna_1920-600x400.jpg);\">\n          <div class=\"post-box__hover\" style=\"background-image: url(https:\/\/www.polonia.travel\/es\/wp-content\/uploads\/sites\/18\/2024\/04\/61039655_Tatry_wiosna_lato_Adobe201-600x398.jpg);\"><\/div>\n        <div class=\"post-box__info\">\n              <div class=\"post-box__top\">\n          <div class=\"post-box__date\">12-08-2024<\/div>\n          <div class=\"post-box__category\">\n            Ciudades          <\/div>\n        <\/div>\n            <div class=\"post-box__title\">Primavera en Polonia<\/div>\n      <div class=\"post-box__more\">Leer m\u00e1s<\/div>\n    <\/div>\n  <\/a>\n\n          <\/div>\n              <div class=\"swiper-slide post-slide\">\n                      <a href=\"https:\/\/www.polonia.travel\/es\/viajar-a-polonia-en-otono-invierno\/\" class=\"post-box post-box--small\" style=\" background-image: url(https:\/\/www.polonia.travel\/es\/wp-content\/uploads\/sites\/18\/2024\/04\/jesien-gory-500x-768-600x388.jpg);\">\n          <div class=\"post-box__hover\" style=\"background-image: url(https:\/\/www.polonia.travel\/es\/wp-content\/uploads\/sites\/18\/2024\/04\/Wroclaw20panorama20zima20540x36020MIASTA_ALL2037.jpg);\"><\/div>\n        <div class=\"post-box__info\">\n              <div class=\"post-box__top\">\n          <div class=\"post-box__date\">01-08-2024<\/div>\n          <div class=\"post-box__category\">\n            Other          <\/div>\n        <\/div>\n            <div class=\"post-box__title\">\u00bfViajar a Polonia en oto\u00f1o\/invierno?<\/div>\n      <div class=\"post-box__more\">Leer m\u00e1s<\/div>\n    <\/div>\n  <\/a>\n\n          <\/div>\n          <\/div>\n    <div class=\"post-slider__pagination\"><\/div>\n  <\/div>\n<\/div>\n<\/div><\/div>\n","protected":false},"excerpt":{"rendered":"<p>El verano en Polonia Las terrazas en grandes ciudades se llenan de gente, y las calles y plazas se convierten en escenarios musicales. En las zonas tradicionales de descanso, como la Costa B\u00e1ltica o la regi\u00f3n de Masuria los turistas vienen para encontrar aqu\u00ed el verde de los bosques y el azul de aguas de [&hellip;]<\/p>\n","protected":false},"author":1,"featured_media":26020,"comment_status":"open","ping_status":"open","sticky":false,"template":"","format":"standard","meta":{"_acf_changed":false,"footnotes":""},"categories":[1050],"class_list":["post-31148","post","type-post","status-publish","format-standard","has-post-thumbnail","hentry","category-consejos-practicos"],"acf":[],"yoast_head":"<!-- This site is optimized with the Yoast SEO plugin v27.4 - https:\/\/yoast.com\/product\/yoast-seo-wordpress\/ -->\n<title>El verano en Polonia - Polonia Travel (ES)<\/title>\n<meta name=\"robots\" content=\"index, follow, max-snippet:-1, max-image-preview:large, max-video-preview:-1\" \/>\n<link rel=\"canonical\" href=\"https:\/\/www.polonia.travel\/es\/el-verano-en-polonia\/\" \/>\n<meta property=\"og:locale\" content=\"pl_PL\" \/>\n<meta property=\"og:type\" content=\"article\" \/>\n<meta property=\"og:title\" content=\"El verano en Polonia - Polonia Travel (ES)\" \/>\n<meta property=\"og:description\" content=\"El verano en Polonia Las terrazas en grandes ciudades se llenan de gente, y las calles y plazas se convierten en escenarios musicales. En las zonas tradicionales de descanso, como la Costa B\u00e1ltica o la regi\u00f3n de Masuria los turistas vienen para encontrar aqu\u00ed el verde de los bosques y el azul de aguas de [&hellip;]\" \/>\n<meta property=\"og:url\" content=\"https:\/\/www.polonia.travel\/es\/el-verano-en-polonia\/\" \/>\n<meta property=\"og:site_name\" content=\"Polonia Travel (ES)\" \/>\n<meta property=\"article:published_time\" content=\"2024-08-14T09:37:12+00:00\" \/>\n<meta property=\"article:modified_time\" content=\"2025-01-30T12:13:59+00:00\" \/>\n<meta property=\"og:image\" content=\"https:\/\/www.polonia.travel\/es\/wp-content\/uploads\/sites\/18\/2023\/06\/top_Wladyslawowo-Plaza_JW_HR-e1686133524173.jpg\" \/>\n\t<meta property=\"og:image:width\" content=\"2037\" \/>\n\t<meta property=\"og:image:height\" content=\"1079\" \/>\n\t<meta property=\"og:image:type\" content=\"image\/jpeg\" \/>\n<meta name=\"twitter:card\" content=\"summary_large_image\" \/>\n<meta name=\"twitter:label1\" content=\"Napisane przez\" \/>\n\t<meta name=\"twitter:data1\" content=\"\" \/>\n\t<meta name=\"twitter:label2\" content=\"Szacowany czas czytania\" \/>\n\t<meta name=\"twitter:data2\" content=\"4 minuty\" \/>\n<script type=\"application\/ld+json\" class=\"yoast-schema-graph\">{\"@context\":\"https:\\\/\\\/schema.org\",\"@graph\":[{\"@type\":\"Article\",\"@id\":\"https:\\\/\\\/www.polonia.travel\\\/es\\\/el-verano-en-polonia\\\/#article\",\"isPartOf\":{\"@id\":\"https:\\\/\\\/www.polonia.travel\\\/es\\\/el-verano-en-polonia\\\/\"},\"author\":{\"name\":\"\",\"@id\":\"\"},\"headline\":\"El verano en Polonia\",\"datePublished\":\"2024-08-14T09:37:12+00:00\",\"dateModified\":\"2025-01-30T12:13:59+00:00\",\"mainEntityOfPage\":{\"@id\":\"https:\\\/\\\/www.polonia.travel\\\/es\\\/el-verano-en-polonia\\\/\"},\"wordCount\":332,\"commentCount\":0,\"publisher\":{\"@id\":\"https:\\\/\\\/www.polonia.travel\\\/es\\\/#organization\"},\"image\":{\"@id\":\"https:\\\/\\\/www.polonia.travel\\\/es\\\/el-verano-en-polonia\\\/#primaryimage\"},\"thumbnailUrl\":\"https:\\\/\\\/www.polonia.travel\\\/es\\\/wp-content\\\/uploads\\\/sites\\\/18\\\/2023\\\/06\\\/top_Wladyslawowo-Plaza_JW_HR-e1686133524173.jpg\",\"keywords\":[\"interesante\",\"verano\",\"es\",\"ciudades\"],\"articleSection\":[\"Consejos Pr\u00e1cticos\"],\"inLanguage\":\"pl-PL\"},{\"@type\":\"WebPage\",\"@id\":\"https:\\\/\\\/www.polonia.travel\\\/es\\\/el-verano-en-polonia\\\/\",\"url\":\"https:\\\/\\\/www.polonia.travel\\\/es\\\/el-verano-en-polonia\\\/\",\"name\":\"El verano en Polonia - Polonia Travel (ES)\",\"isPartOf\":{\"@id\":\"https:\\\/\\\/www.polonia.travel\\\/es\\\/#website\"},\"primaryImageOfPage\":{\"@id\":\"https:\\\/\\\/www.polonia.travel\\\/es\\\/el-verano-en-polonia\\\/#primaryimage\"},\"image\":{\"@id\":\"https:\\\/\\\/www.polonia.travel\\\/es\\\/el-verano-en-polonia\\\/#primaryimage\"},\"thumbnailUrl\":\"https:\\\/\\\/www.polonia.travel\\\/es\\\/wp-content\\\/uploads\\\/sites\\\/18\\\/2023\\\/06\\\/top_Wladyslawowo-Plaza_JW_HR-e1686133524173.jpg\",\"datePublished\":\"2024-08-14T09:37:12+00:00\",\"dateModified\":\"2025-01-30T12:13:59+00:00\",\"breadcrumb\":{\"@id\":\"https:\\\/\\\/www.polonia.travel\\\/es\\\/el-verano-en-polonia\\\/#breadcrumb\"},\"inLanguage\":\"pl-PL\",\"potentialAction\":[{\"@type\":\"ReadAction\",\"target\":[\"https:\\\/\\\/www.polonia.travel\\\/es\\\/el-verano-en-polonia\\\/\"]}]},{\"@type\":\"ImageObject\",\"inLanguage\":\"pl-PL\",\"@id\":\"https:\\\/\\\/www.polonia.travel\\\/es\\\/el-verano-en-polonia\\\/#primaryimage\",\"url\":\"https:\\\/\\\/www.polonia.travel\\\/es\\\/wp-content\\\/uploads\\\/sites\\\/18\\\/2023\\\/06\\\/top_Wladyslawowo-Plaza_JW_HR-e1686133524173.jpg\",\"contentUrl\":\"https:\\\/\\\/www.polonia.travel\\\/es\\\/wp-content\\\/uploads\\\/sites\\\/18\\\/2023\\\/06\\\/top_Wladyslawowo-Plaza_JW_HR-e1686133524173.jpg\",\"width\":2037,\"height\":1079},{\"@type\":\"BreadcrumbList\",\"@id\":\"https:\\\/\\\/www.polonia.travel\\\/es\\\/el-verano-en-polonia\\\/#breadcrumb\",\"itemListElement\":[{\"@type\":\"ListItem\",\"position\":1,\"name\":\"Home page\",\"item\":\"https:\\\/\\\/www.polonia.travel\\\/es\\\/\"},{\"@type\":\"ListItem\",\"position\":2,\"name\":\"\u00bfC\u00f3mo viajar?\",\"item\":\"https:\\\/\\\/www.polonia.travel\\\/es\\\/category\\\/como-viajar\\\/\"},{\"@type\":\"ListItem\",\"position\":3,\"name\":\"Consejos Pr\u00e1cticos\",\"item\":\"https:\\\/\\\/www.polonia.travel\\\/es\\\/category\\\/como-viajar\\\/consejos-practicos\\\/\"},{\"@type\":\"ListItem\",\"position\":4,\"name\":\"El verano en Polonia\"}]},{\"@type\":\"WebSite\",\"@id\":\"https:\\\/\\\/www.polonia.travel\\\/es\\\/#website\",\"url\":\"https:\\\/\\\/www.polonia.travel\\\/es\\\/\",\"name\":\"Polonia Travel (ES)\",\"description\":\"...\",\"publisher\":{\"@id\":\"https:\\\/\\\/www.polonia.travel\\\/es\\\/#organization\"},\"potentialAction\":[{\"@type\":\"SearchAction\",\"target\":{\"@type\":\"EntryPoint\",\"urlTemplate\":\"https:\\\/\\\/www.polonia.travel\\\/es\\\/?s={search_term_string}\"},\"query-input\":{\"@type\":\"PropertyValueSpecification\",\"valueRequired\":true,\"valueName\":\"search_term_string\"}}],\"inLanguage\":\"pl-PL\"},{\"@type\":\"Organization\",\"@id\":\"https:\\\/\\\/www.polonia.travel\\\/es\\\/#organization\",\"name\":\"Polonia Travel (ES)\",\"url\":\"https:\\\/\\\/www.polonia.travel\\\/es\\\/\",\"logo\":{\"@type\":\"ImageObject\",\"inLanguage\":\"pl-PL\",\"@id\":\"https:\\\/\\\/www.polonia.travel\\\/es\\\/#\\\/schema\\\/logo\\\/image\\\/\",\"url\":\"\",\"contentUrl\":\"\",\"caption\":\"Polonia Travel (ES)\"},\"image\":{\"@id\":\"https:\\\/\\\/www.polonia.travel\\\/es\\\/#\\\/schema\\\/logo\\\/image\\\/\"}},{\"@type\":\"Person\",\"@id\":\"\"}]}<\/script>\n<!-- \/ Yoast SEO plugin. -->","yoast_head_json":{"title":"El verano en Polonia - Polonia Travel (ES)","robots":{"index":"index","follow":"follow","max-snippet":"max-snippet:-1","max-image-preview":"max-image-preview:large","max-video-preview":"max-video-preview:-1"},"canonical":"https:\/\/www.polonia.travel\/es\/el-verano-en-polonia\/","og_locale":"pl_PL","og_type":"article","og_title":"El verano en Polonia - Polonia Travel (ES)","og_description":"El verano en Polonia Las terrazas en grandes ciudades se llenan de gente, y las calles y plazas se convierten en escenarios musicales. En las zonas tradicionales de descanso, como la Costa B\u00e1ltica o la regi\u00f3n de Masuria los turistas vienen para encontrar aqu\u00ed el verde de los bosques y el azul de aguas de [&hellip;]","og_url":"https:\/\/www.polonia.travel\/es\/el-verano-en-polonia\/","og_site_name":"Polonia Travel (ES)","article_published_time":"2024-08-14T09:37:12+00:00","article_modified_time":"2025-01-30T12:13:59+00:00","og_image":[{"width":2037,"height":1079,"url":"https:\/\/www.polonia.travel\/es\/wp-content\/uploads\/sites\/18\/2023\/06\/top_Wladyslawowo-Plaza_JW_HR-e1686133524173.jpg","type":"image\/jpeg"}],"twitter_card":"summary_large_image","twitter_misc":{"Napisane przez":"","Szacowany czas czytania":"4 minuty"},"schema":{"@context":"https:\/\/schema.org","@graph":[{"@type":"Article","@id":"https:\/\/www.polonia.travel\/es\/el-verano-en-polonia\/#article","isPartOf":{"@id":"https:\/\/www.polonia.travel\/es\/el-verano-en-polonia\/"},"author":{"name":"","@id":""},"headline":"El verano en Polonia","datePublished":"2024-08-14T09:37:12+00:00","dateModified":"2025-01-30T12:13:59+00:00","mainEntityOfPage":{"@id":"https:\/\/www.polonia.travel\/es\/el-verano-en-polonia\/"},"wordCount":332,"commentCount":0,"publisher":{"@id":"https:\/\/www.polonia.travel\/es\/#organization"},"image":{"@id":"https:\/\/www.polonia.travel\/es\/el-verano-en-polonia\/#primaryimage"},"thumbnailUrl":"https:\/\/www.polonia.travel\/es\/wp-content\/uploads\/sites\/18\/2023\/06\/top_Wladyslawowo-Plaza_JW_HR-e1686133524173.jpg","keywords":["interesante","verano","es","ciudades"],"articleSection":["Consejos Pr\u00e1cticos"],"inLanguage":"pl-PL"},{"@type":"WebPage","@id":"https:\/\/www.polonia.travel\/es\/el-verano-en-polonia\/","url":"https:\/\/www.polonia.travel\/es\/el-verano-en-polonia\/","name":"El verano en Polonia - Polonia Travel (ES)","isPartOf":{"@id":"https:\/\/www.polonia.travel\/es\/#website"},"primaryImageOfPage":{"@id":"https:\/\/www.polonia.travel\/es\/el-verano-en-polonia\/#primaryimage"},"image":{"@id":"https:\/\/www.polonia.travel\/es\/el-verano-en-polonia\/#primaryimage"},"thumbnailUrl":"https:\/\/www.polonia.travel\/es\/wp-content\/uploads\/sites\/18\/2023\/06\/top_Wladyslawowo-Plaza_JW_HR-e1686133524173.jpg","datePublished":"2024-08-14T09:37:12+00:00","dateModified":"2025-01-30T12:13:59+00:00","breadcrumb":{"@id":"https:\/\/www.polonia.travel\/es\/el-verano-en-polonia\/#breadcrumb"},"inLanguage":"pl-PL","potentialAction":[{"@type":"ReadAction","target":["https:\/\/www.polonia.travel\/es\/el-verano-en-polonia\/"]}]},{"@type":"ImageObject","inLanguage":"pl-PL","@id":"https:\/\/www.polonia.travel\/es\/el-verano-en-polonia\/#primaryimage","url":"https:\/\/www.polonia.travel\/es\/wp-content\/uploads\/sites\/18\/2023\/06\/top_Wladyslawowo-Plaza_JW_HR-e1686133524173.jpg","contentUrl":"https:\/\/www.polonia.travel\/es\/wp-content\/uploads\/sites\/18\/2023\/06\/top_Wladyslawowo-Plaza_JW_HR-e1686133524173.jpg","width":2037,"height":1079},{"@type":"BreadcrumbList","@id":"https:\/\/www.polonia.travel\/es\/el-verano-en-polonia\/#breadcrumb","itemListElement":[{"@type":"ListItem","position":1,"name":"Home page","item":"https:\/\/www.polonia.travel\/es\/"},{"@type":"ListItem","position":2,"name":"\u00bfC\u00f3mo viajar?","item":"https:\/\/www.polonia.travel\/es\/category\/como-viajar\/"},{"@type":"ListItem","position":3,"name":"Consejos Pr\u00e1cticos","item":"https:\/\/www.polonia.travel\/es\/category\/como-viajar\/consejos-practicos\/"},{"@type":"ListItem","position":4,"name":"El verano en Polonia"}]},{"@type":"WebSite","@id":"https:\/\/www.polonia.travel\/es\/#website","url":"https:\/\/www.polonia.travel\/es\/","name":"Polonia Travel (ES)","description":"...","publisher":{"@id":"https:\/\/www.polonia.travel\/es\/#organization"},"potentialAction":[{"@type":"SearchAction","target":{"@type":"EntryPoint","urlTemplate":"https:\/\/www.polonia.travel\/es\/?s={search_term_string}"},"query-input":{"@type":"PropertyValueSpecification","valueRequired":true,"valueName":"search_term_string"}}],"inLanguage":"pl-PL"},{"@type":"Organization","@id":"https:\/\/www.polonia.travel\/es\/#organization","name":"Polonia Travel (ES)","url":"https:\/\/www.polonia.travel\/es\/","logo":{"@type":"ImageObject","inLanguage":"pl-PL","@id":"https:\/\/www.polonia.travel\/es\/#\/schema\/logo\/image\/","url":"","contentUrl":"","caption":"Polonia Travel (ES)"},"image":{"@id":"https:\/\/www.polonia.travel\/es\/#\/schema\/logo\/image\/"}},{"@type":"Person","@id":""}]}},"_links":{"self":[{"href":"https:\/\/www.polonia.travel\/es\/wp-json\/wp\/v2\/posts\/31148","targetHints":{"allow":["GET"]}}],"collection":[{"href":"https:\/\/www.polonia.travel\/es\/wp-json\/wp\/v2\/posts"}],"about":[{"href":"https:\/\/www.polonia.travel\/es\/wp-json\/wp\/v2\/types\/post"}],"author":[{"embeddable":true,"href":"https:\/\/www.polonia.travel\/es\/wp-json\/wp\/v2\/users\/1"}],"replies":[{"embeddable":true,"href":"https:\/\/www.polonia.travel\/es\/wp-json\/wp\/v2\/comments?post=31148"}],"version-history":[{"count":30,"href":"https:\/\/www.polonia.travel\/es\/wp-json\/wp\/v2\/posts\/31148\/revisions"}],"predecessor-version":[{"id":36683,"href":"https:\/\/www.polonia.travel\/es\/wp-json\/wp\/v2\/posts\/31148\/revisions\/36683"}],"wp:featuredmedia":[{"embeddable":true,"href":"https:\/\/www.polonia.travel\/es\/wp-json\/wp\/v2\/media\/26020"}],"wp:attachment":[{"href":"https:\/\/www.polonia.travel\/es\/wp-json\/wp\/v2\/media?parent=31148"}],"wp:term":[{"taxonomy":"category","embeddable":true,"href":"https:\/\/www.polonia.travel\/es\/wp-json\/wp\/v2\/categories?post=31148"}],"curies":[{"name":"wp","href":"https:\/\/api.w.org\/{rel}","templated":true}]}}