{"id":31141,"date":"2024-05-20T17:09:13","date_gmt":"2024-05-20T15:09:13","guid":{"rendered":"https:\/\/wp-es.poland.travel\/?p=31141"},"modified":"2024-08-19T14:13:52","modified_gmt":"2024-08-19T12:13:52","slug":"huso-horario-y-horarios-comerciales","status":"publish","type":"post","link":"https:\/\/www.polonia.travel\/es\/huso-horario-y-horarios-comerciales\/","title":{"rendered":"Huso horario y horarios comerciales"},"content":{"rendered":"\n<div class=\"wp-block-group\"><div class=\"wp-block-group__inner-container is-layout-constrained wp-block-group-is-layout-constrained\">\n<div class=\"wp-block-group is-style-container-medium\"><div class=\"wp-block-group__inner-container is-layout-constrained wp-block-group-is-layout-constrained\">\n<h2 class=\"wp-block-heading\">Huso horario y horarios comerciales<\/h2>\n\n\n\n<div style=\"height:100px\" aria-hidden=\"true\" class=\"wp-block-spacer is-style-spacer-small\"><\/div>\n\n\n\n<h3 class=\"wp-block-heading\">Huso horario<\/h3>\n\n\n\n<p>El&nbsp;huso&nbsp;horario&nbsp;en Polonia es el mismo que en Espa\u00f1a. La \u00fanica diferencia radica en la hora en que amanece y se pone el sol, pues ello ocurre dos horas antes que en Espa\u00f1a.<\/p>\n<\/div><\/div>\n\n\n\n<div style=\"height:100px\" aria-hidden=\"true\" class=\"wp-block-spacer is-style-spacer-small\"><\/div>\n\n\n<div class=\"wp-block-image\">\n<figure class=\"aligncenter size-full\"><img loading=\"lazy\" decoding=\"async\" width=\"1170\" height=\"780\" src=\"https:\/\/www.polonia.travel\/es\/wp-content\/uploads\/sites\/18\/2022\/12\/warszawa_lazienki_zegar_sloneczny_1170.jpg\" alt=\"\" class=\"wp-image-10325\" srcset=\"https:\/\/www.polonia.travel\/es\/wp-content\/uploads\/sites\/18\/2022\/12\/warszawa_lazienki_zegar_sloneczny_1170.jpg 1170w, https:\/\/www.polonia.travel\/es\/wp-content\/uploads\/sites\/18\/2022\/12\/warszawa_lazienki_zegar_sloneczny_1170-600x400.jpg 600w, https:\/\/www.polonia.travel\/es\/wp-content\/uploads\/sites\/18\/2022\/12\/warszawa_lazienki_zegar_sloneczny_1170-768x512.jpg 768w\" sizes=\"auto, (max-width: 1170px) 100vw, 1170px\" \/><\/figure><\/div>\n\n\n<div style=\"height:100px\" aria-hidden=\"true\" class=\"wp-block-spacer is-style-spacer-medium\"><\/div>\n\n\n\n<div class=\"wp-block-group is-style-container-medium\"><div class=\"wp-block-group__inner-container is-layout-constrained wp-block-group-is-layout-constrained\">\n<h3 class=\"wp-block-heading\">Horarios comerciales<\/h3>\n<\/div><\/div>\n\n\n\n<div class=\"wp-block-group is-style-container-medium\"><div class=\"wp-block-group__inner-container is-layout-constrained wp-block-group-is-layout-constrained\">\n<p>El mercado libre ha liberalizado los horarios comerciales, que actualmente son mucho m\u00e1s amplios que hace algunos a\u00f1os.<\/p>\n\n\n\n<p>El horario de apertura de las <strong>grandes superficies<\/strong> es de 10.00 a 21.00 o a 22.00 h.<\/p>\n\n\n\n<p>El <strong>peque\u00f1o comercio<\/strong> suele abrir desde las 11.00 hasta las 19.00 o 20.00 horas, y no cierra al mediod\u00eda. En La Lonja de los Pa\u00f1os de Cracovia el horario es m\u00e1s amplio, pues abren la mayor\u00eda de domingos y festivos. El horario de peque\u00f1os y medianos supermercados tambi\u00e9n es muy c\u00f3modo: algunas tiendas abren desde las 7.00 de la ma\u00f1ana hasta las 9 de la noche. Y en grandes ciudades hay peque\u00f1os supermercados abiertos las 24 h (salvo que cambie la legislaci\u00f3n).<\/p>\n\n\n\n<p>S\u00ed hay que tener en cuenta que seg\u00fan la nueva ley (2018), <strong>los domingos los comercios est\u00e1n cerrados<\/strong>, salvo pocas excepciones (normalmente los domingos antes de festivos como Navidad o Pascua). Como recurso, se pueden adquirir productos alimenticios, algunas medicinas que no requieren prescripci\u00f3n m\u00e9dica en las estaciones de servicio y en tiendas que tienen el servicio de mensajer\u00eda (aunque tambi\u00e9n puede quedar restringido).<\/p>\n\n\n\n<p>Es obligatoria la visita a los <strong>mercadillos de alimentos<\/strong>, donde se pueden comprar productos frescos y naturales, como el pan de horno, las <strong>t\u00edpicas salchichas polacas<\/strong>, fruta y verdura de temporada. No obstante, en estos sitios el horario es m\u00e1s limitado; la mayor\u00eda cierra sobre las 16.00 horas.<\/p>\n\n\n\n<p>Los <strong>mercadillos de antig\u00fcedades<\/strong> se encuentran en las grandes ciudades. Los coleccionistas pueden conseguir&nbsp;muebles, cuadros y peque\u00f1os objetos&nbsp;en Gdansk, cada verano&nbsp;durante la <strong>Feria de Santo Domingo<\/strong>. El d\u00eda y horario de cada una de estas ferias var\u00eda cada a\u00f1o.<\/p>\n<\/div><\/div>\n<\/div><\/div>\n\n\n\n<div style=\"height:100px\" aria-hidden=\"true\" class=\"wp-block-spacer is-style-spacer-small\"><\/div>\n\n\n<div class=\"wp-block-image\">\n<figure class=\"aligncenter size-full\"><img loading=\"lazy\" decoding=\"async\" width=\"1170\" height=\"778\" src=\"https:\/\/www.polonia.travel\/es\/wp-content\/uploads\/sites\/18\/2024\/04\/Zakupy1170-1.jpg\" alt=\"\" class=\"wp-image-32148\" srcset=\"https:\/\/www.polonia.travel\/es\/wp-content\/uploads\/sites\/18\/2024\/04\/Zakupy1170-1.jpg 1170w, https:\/\/www.polonia.travel\/es\/wp-content\/uploads\/sites\/18\/2024\/04\/Zakupy1170-1-600x399.jpg 600w, https:\/\/www.polonia.travel\/es\/wp-content\/uploads\/sites\/18\/2024\/04\/Zakupy1170-1-768x511.jpg 768w\" sizes=\"auto, (max-width: 1170px) 100vw, 1170px\" \/><\/figure><\/div>\n\n\n<div style=\"height:100px\" aria-hidden=\"true\" class=\"wp-block-spacer is-style-spacer-medium\"><\/div>\n\n\n\n<div class=\"wp-block-group has-background\" style=\"background-color:#eeeeee\"><div class=\"wp-block-group__inner-container is-layout-constrained wp-block-group-is-layout-constrained\">\n<div style=\"height:100px\" aria-hidden=\"true\" class=\"wp-block-spacer is-style-spacer-small\"><\/div>\n\n\n\n<div class=\"wp-block-group is-style-container\"><div class=\"wp-block-group__inner-container is-layout-constrained wp-block-group-is-layout-constrained\">\n<h3 class=\"wp-block-heading\">Lee m\u00e1s art\u00edculos<\/h3>\n\n\n<div class=\"overflow\">\n  <div class=\"post-slider swiper post-slider--small\" data-schema=\"small\">\n\n    <div class=\"swiper-wrapper\">\n              <div class=\"swiper-slide post-slide\">\n                      <a href=\"https:\/\/www.polonia.travel\/es\/viajar-con-mascotas\/\" class=\"post-box post-box--small\" style=\" background-image: url(https:\/\/www.polonia.travel\/es\/wp-content\/uploads\/sites\/18\/2023\/08\/079_Pies-600x419.jpg);\">\n          <div class=\"post-box__hover\" style=\"background-image: url(https:\/\/www.polonia.travel\/es\/wp-content\/uploads\/sites\/18\/2025\/05\/03520_Swolowo_KK_HR.jpg);\"><\/div>\n        <div class=\"post-box__info\">\n            <div class=\"post-box__title\">Viajar con mascotas<\/div>\n      <div class=\"post-box__more\">Leer m\u00e1s<\/div>\n    <\/div>\n  <\/a>\n\n          <\/div>\n              <div class=\"swiper-slide post-slide\">\n                      <a href=\"https:\/\/www.polonia.travel\/es\/el-verano-en-polonia\/\" class=\"post-box post-box--small\" style=\" background-image: url(https:\/\/www.polonia.travel\/es\/wp-content\/uploads\/sites\/18\/2024\/04\/Plaza20PROT20540x36020IMG_3891_DONE.jpg);\">\n          <div class=\"post-box__hover\" style=\"background-image: url(https:\/\/www.polonia.travel\/es\/wp-content\/uploads\/sites\/18\/2023\/07\/HOSPITALITY_0004_2790_WrocC582aw_festiwal_Bieli-600x400.jpg);\"><\/div>\n        <div class=\"post-box__info\">\n            <div class=\"post-box__title\">El verano en Polonia<\/div>\n      <div class=\"post-box__more\">Leer m\u00e1s<\/div>\n    <\/div>\n  <\/a>\n\n          <\/div>\n              <div class=\"swiper-slide post-slide\">\n                      <a href=\"https:\/\/www.polonia.travel\/es\/campings-y-autocaravanas\/\" class=\"post-box post-box--small\" style=\" background-image: url(https:\/\/www.polonia.travel\/es\/wp-content\/uploads\/sites\/18\/2022\/12\/jezioro_drawsko_camping_1_1170-600x400.jpg);\">\n          <div class=\"post-box__hover\" style=\"background-image: url(https:\/\/www.polonia.travel\/es\/wp-content\/uploads\/sites\/18\/2022\/12\/rzeka_krutynia_camping_1_1170-600x400.jpg);\"><\/div>\n        <div class=\"post-box__info\">\n            <div class=\"post-box__title\">Campings y autocaravanas<\/div>\n      <div class=\"post-box__more\">Leer m\u00e1s<\/div>\n    <\/div>\n  <\/a>\n\n          <\/div>\n              <div class=\"swiper-slide post-slide\">\n                      <a href=\"https:\/\/www.polonia.travel\/es\/polonia-historia-milenaria\/\" class=\"post-box post-box--small\" style=\" background-image: url(https:\/\/www.polonia.travel\/es\/wp-content\/uploads\/sites\/18\/2023\/07\/zamek_malbork_1170-600x400.jpg);\">\n          <div class=\"post-box__hover\" style=\"background-image: url(https:\/\/www.polonia.travel\/es\/wp-content\/uploads\/sites\/18\/2022\/12\/warszawa_wilanow_palac_1170-600x400.jpg);\"><\/div>\n        <div class=\"post-box__info\">\n            <div class=\"post-box__title\">Polonia, historia milenaria<\/div>\n      <div class=\"post-box__more\">Leer m\u00e1s<\/div>\n    <\/div>\n  <\/a>\n\n          <\/div>\n              <div class=\"swiper-slide post-slide\">\n                      <a href=\"https:\/\/www.polonia.travel\/es\/polonia-a-traves-de-la-cultura-y-el-arte\/\" class=\"post-box post-box--small\" style=\" background-image: url(https:\/\/www.polonia.travel\/es\/wp-content\/uploads\/sites\/18\/2022\/12\/warszawa_muzeum_chopina_wnetrze_1_1170-1-600x400.jpg);\">\n          <div class=\"post-box__hover\" style=\"background-image: url(https:\/\/www.polonia.travel\/es\/wp-content\/uploads\/sites\/18\/2023\/07\/muzeum_powstania_warszawskiego__1170-600x400.jpg);\"><\/div>\n        <div class=\"post-box__info\">\n            <div class=\"post-box__title\">Polonia a trav\u00e9s de la cultura y el arte<\/div>\n      <div class=\"post-box__more\">Leer m\u00e1s<\/div>\n    <\/div>\n  <\/a>\n\n          <\/div>\n              <div class=\"swiper-slide post-slide\">\n                      <a href=\"https:\/\/www.polonia.travel\/es\/personajes-celebres\/\" class=\"post-box post-box--small\" style=\" background-image: url(https:\/\/www.polonia.travel\/es\/wp-content\/uploads\/sites\/18\/2024\/04\/Maria-Sklodowska-Curie_540.jpg);\">\n          <div class=\"post-box__hover\" style=\"background-image: url(https:\/\/www.polonia.travel\/es\/wp-content\/uploads\/sites\/18\/2024\/04\/5_ToruC584_MikoC582aj_Kopernik_MH-fotopolska-pot-pl_recorte-600x473.jpg);\"><\/div>\n        <div class=\"post-box__info\">\n            <div class=\"post-box__title\">Personajes c\u00e9lebres<\/div>\n      <div class=\"post-box__more\">Leer m\u00e1s<\/div>\n    <\/div>\n  <\/a>\n\n          <\/div>\n              <div class=\"swiper-slide post-slide\">\n                      <a href=\"https:\/\/www.polonia.travel\/es\/ciudades-cuyos-nombres-parecen-trabalenguas\/\" class=\"post-box post-box--small\" style=\" background-image: url(https:\/\/www.polonia.travel\/es\/wp-content\/uploads\/sites\/18\/2023\/07\/Lodz-mural-NGT20Custom-1-600x394.png);\">\n          <div class=\"post-box__hover\" style=\"background-image: url(https:\/\/www.polonia.travel\/es\/wp-content\/uploads\/sites\/18\/2022\/12\/szczecin_waly_chrobrego_odra_zachodnia_1170-600x400.jpg);\"><\/div>\n        <div class=\"post-box__info\">\n            <div class=\"post-box__title\">Ciudades cuyos nombres parecen trabalenguas<\/div>\n      <div class=\"post-box__more\">Leer m\u00e1s<\/div>\n    <\/div>\n  <\/a>\n\n          <\/div>\n              <div class=\"swiper-slide post-slide\">\n                      <a href=\"https:\/\/www.polonia.travel\/es\/clima-en-polonia-no-siempre-hace-frio\/\" class=\"post-box post-box--small\" style=\" background-image: url(https:\/\/www.polonia.travel\/es\/wp-content\/uploads\/sites\/18\/2022\/12\/warszawa_pomnik_chopina_lazienki_kroleskie_jesien_1_1170-1-600x400.jpg);\">\n          <div class=\"post-box__hover\" style=\"background-image: url(https:\/\/www.polonia.travel\/es\/wp-content\/uploads\/sites\/18\/2022\/12\/warszawa_lazienki_krolewskie_pomnik_chopina_500x500.jpg);\"><\/div>\n        <div class=\"post-box__info\">\n            <div class=\"post-box__title\">Clima: \u00a1En Polonia no siempre hace fr\u00edo!<\/div>\n      <div class=\"post-box__more\">Leer m\u00e1s<\/div>\n    <\/div>\n  <\/a>\n\n          <\/div>\n              <div class=\"swiper-slide post-slide\">\n                      <a href=\"https:\/\/www.polonia.travel\/es\/costumbres-polacas\/\" class=\"post-box post-box--small\" style=\" background-image: url(https:\/\/www.polonia.travel\/es\/wp-content\/uploads\/sites\/18\/2023\/07\/mazowsze_zespol_2_1170-600x400.jpg);\">\n          <div class=\"post-box__hover\" style=\"background-image: url(https:\/\/www.polonia.travel\/es\/wp-content\/uploads\/sites\/18\/2023\/07\/Krakow5402.jpg);\"><\/div>\n        <div class=\"post-box__info\">\n            <div class=\"post-box__title\">Costumbres polacas<\/div>\n      <div class=\"post-box__more\">Leer m\u00e1s<\/div>\n    <\/div>\n  <\/a>\n\n          <\/div>\n              <div class=\"swiper-slide post-slide\">\n                      <a href=\"https:\/\/www.polonia.travel\/es\/polonia-en-europa\/\" class=\"post-box post-box--small\" style=\" background-image: url(https:\/\/www.polonia.travel\/es\/wp-content\/uploads\/sites\/18\/2023\/08\/1_Lato23-600x349.jpg);\">\n          <div class=\"post-box__hover\" style=\"background-image: url(https:\/\/www.polonia.travel\/es\/wp-content\/uploads\/sites\/18\/2024\/04\/KRAKOW_4-600x400.jpg);\"><\/div>\n        <div class=\"post-box__info\">\n            <div class=\"post-box__title\">Polonia en Europa<\/div>\n      <div class=\"post-box__more\">Leer m\u00e1s<\/div>\n    <\/div>\n  <\/a>\n\n          <\/div>\n          <\/div>\n    <div class=\"post-slider__pagination\"><\/div>\n  <\/div>\n<\/div>\n<\/div><\/div>\n\n\n\n<div style=\"height:100px\" aria-hidden=\"true\" class=\"wp-block-spacer is-style-spacer-small\"><\/div>\n<\/div><\/div>\n","protected":false},"excerpt":{"rendered":"<p>Huso horario y horarios comerciales Huso horario El&nbsp;huso&nbsp;horario&nbsp;en Polonia es el mismo que en Espa\u00f1a. La \u00fanica diferencia radica en la hora en que amanece y se pone el sol, pues ello ocurre dos horas antes que en Espa\u00f1a. Horarios comerciales El mercado libre ha liberalizado los horarios comerciales, que actualmente son mucho m\u00e1s amplios [&hellip;]<\/p>\n","protected":false},"author":1,"featured_media":32911,"comment_status":"open","ping_status":"open","sticky":false,"template":"","format":"standard","meta":{"_acf_changed":false,"footnotes":""},"categories":[1050],"class_list":["post-31141","post","type-post","status-publish","format-standard","has-post-thumbnail","hentry","category-consejos-practicos"],"acf":[],"yoast_head":"<!-- This site is optimized with the Yoast SEO plugin v27.4 - https:\/\/yoast.com\/product\/yoast-seo-wordpress\/ -->\n<title>Huso horario y horarios comerciales - Polonia Travel (ES)<\/title>\n<meta name=\"robots\" content=\"index, follow, max-snippet:-1, max-image-preview:large, max-video-preview:-1\" \/>\n<link rel=\"canonical\" href=\"https:\/\/www.polonia.travel\/es\/huso-horario-y-horarios-comerciales\/\" \/>\n<meta property=\"og:locale\" content=\"pl_PL\" \/>\n<meta property=\"og:type\" content=\"article\" \/>\n<meta property=\"og:title\" content=\"Huso horario y horarios comerciales - Polonia Travel (ES)\" \/>\n<meta property=\"og:description\" content=\"Huso horario y horarios comerciales Huso horario El&nbsp;huso&nbsp;horario&nbsp;en Polonia es el mismo que en Espa\u00f1a. La \u00fanica diferencia radica en la hora en que amanece y se pone el sol, pues ello ocurre dos horas antes que en Espa\u00f1a. Horarios comerciales El mercado libre ha liberalizado los horarios comerciales, que actualmente son mucho m\u00e1s amplios [&hellip;]\" \/>\n<meta property=\"og:url\" content=\"https:\/\/www.polonia.travel\/es\/huso-horario-y-horarios-comerciales\/\" \/>\n<meta property=\"og:site_name\" content=\"Polonia Travel (ES)\" \/>\n<meta property=\"article:published_time\" content=\"2024-05-20T15:09:13+00:00\" \/>\n<meta property=\"article:modified_time\" content=\"2024-08-19T12:13:52+00:00\" \/>\n<meta property=\"og:image\" content=\"https:\/\/www.polonia.travel\/es\/wp-content\/uploads\/sites\/18\/2024\/04\/Bursztyn_Gdansk_GettyImages-484706290-1200x800.jpg\" \/>\n\t<meta property=\"og:image:width\" content=\"1200\" \/>\n\t<meta property=\"og:image:height\" content=\"800\" \/>\n\t<meta property=\"og:image:type\" content=\"image\/jpeg\" \/>\n<meta name=\"twitter:card\" content=\"summary_large_image\" \/>\n<meta name=\"twitter:label1\" content=\"Napisane przez\" \/>\n\t<meta name=\"twitter:data1\" content=\"\" \/>\n\t<meta name=\"twitter:label2\" content=\"Szacowany czas czytania\" \/>\n\t<meta name=\"twitter:data2\" content=\"3 minuty\" \/>\n<script type=\"application\/ld+json\" class=\"yoast-schema-graph\">{\"@context\":\"https:\\\/\\\/schema.org\",\"@graph\":[{\"@type\":\"Article\",\"@id\":\"https:\\\/\\\/www.polonia.travel\\\/es\\\/huso-horario-y-horarios-comerciales\\\/#article\",\"isPartOf\":{\"@id\":\"https:\\\/\\\/www.polonia.travel\\\/es\\\/huso-horario-y-horarios-comerciales\\\/\"},\"author\":{\"name\":\"\",\"@id\":\"\"},\"headline\":\"Huso horario y horarios comerciales\",\"datePublished\":\"2024-05-20T15:09:13+00:00\",\"dateModified\":\"2024-08-19T12:13:52+00:00\",\"mainEntityOfPage\":{\"@id\":\"https:\\\/\\\/www.polonia.travel\\\/es\\\/huso-horario-y-horarios-comerciales\\\/\"},\"wordCount\":349,\"commentCount\":0,\"publisher\":{\"@id\":\"https:\\\/\\\/www.polonia.travel\\\/es\\\/#organization\"},\"image\":{\"@id\":\"https:\\\/\\\/www.polonia.travel\\\/es\\\/huso-horario-y-horarios-comerciales\\\/#primaryimage\"},\"thumbnailUrl\":\"https:\\\/\\\/www.polonia.travel\\\/es\\\/wp-content\\\/uploads\\\/sites\\\/18\\\/2024\\\/04\\\/Bursztyn_Gdansk_GettyImages-484706290.jpg\",\"keywords\":[\"es\",\"antes-del-viaje\",\"informaciones-utiles-y-consejos\"],\"articleSection\":[\"Consejos Pr\u00e1cticos\"],\"inLanguage\":\"pl-PL\"},{\"@type\":\"WebPage\",\"@id\":\"https:\\\/\\\/www.polonia.travel\\\/es\\\/huso-horario-y-horarios-comerciales\\\/\",\"url\":\"https:\\\/\\\/www.polonia.travel\\\/es\\\/huso-horario-y-horarios-comerciales\\\/\",\"name\":\"Huso horario y horarios comerciales - Polonia Travel (ES)\",\"isPartOf\":{\"@id\":\"https:\\\/\\\/www.polonia.travel\\\/es\\\/#website\"},\"primaryImageOfPage\":{\"@id\":\"https:\\\/\\\/www.polonia.travel\\\/es\\\/huso-horario-y-horarios-comerciales\\\/#primaryimage\"},\"image\":{\"@id\":\"https:\\\/\\\/www.polonia.travel\\\/es\\\/huso-horario-y-horarios-comerciales\\\/#primaryimage\"},\"thumbnailUrl\":\"https:\\\/\\\/www.polonia.travel\\\/es\\\/wp-content\\\/uploads\\\/sites\\\/18\\\/2024\\\/04\\\/Bursztyn_Gdansk_GettyImages-484706290.jpg\",\"datePublished\":\"2024-05-20T15:09:13+00:00\",\"dateModified\":\"2024-08-19T12:13:52+00:00\",\"breadcrumb\":{\"@id\":\"https:\\\/\\\/www.polonia.travel\\\/es\\\/huso-horario-y-horarios-comerciales\\\/#breadcrumb\"},\"inLanguage\":\"pl-PL\",\"potentialAction\":[{\"@type\":\"ReadAction\",\"target\":[\"https:\\\/\\\/www.polonia.travel\\\/es\\\/huso-horario-y-horarios-comerciales\\\/\"]}]},{\"@type\":\"ImageObject\",\"inLanguage\":\"pl-PL\",\"@id\":\"https:\\\/\\\/www.polonia.travel\\\/es\\\/huso-horario-y-horarios-comerciales\\\/#primaryimage\",\"url\":\"https:\\\/\\\/www.polonia.travel\\\/es\\\/wp-content\\\/uploads\\\/sites\\\/18\\\/2024\\\/04\\\/Bursztyn_Gdansk_GettyImages-484706290.jpg\",\"contentUrl\":\"https:\\\/\\\/www.polonia.travel\\\/es\\\/wp-content\\\/uploads\\\/sites\\\/18\\\/2024\\\/04\\\/Bursztyn_Gdansk_GettyImages-484706290.jpg\",\"width\":1536,\"height\":1024},{\"@type\":\"BreadcrumbList\",\"@id\":\"https:\\\/\\\/www.polonia.travel\\\/es\\\/huso-horario-y-horarios-comerciales\\\/#breadcrumb\",\"itemListElement\":[{\"@type\":\"ListItem\",\"position\":1,\"name\":\"Home page\",\"item\":\"https:\\\/\\\/www.polonia.travel\\\/es\\\/\"},{\"@type\":\"ListItem\",\"position\":2,\"name\":\"\u00bfC\u00f3mo viajar?\",\"item\":\"https:\\\/\\\/www.polonia.travel\\\/es\\\/category\\\/como-viajar\\\/\"},{\"@type\":\"ListItem\",\"position\":3,\"name\":\"Consejos Pr\u00e1cticos\",\"item\":\"https:\\\/\\\/www.polonia.travel\\\/es\\\/category\\\/como-viajar\\\/consejos-practicos\\\/\"},{\"@type\":\"ListItem\",\"position\":4,\"name\":\"Huso horario y horarios comerciales\"}]},{\"@type\":\"WebSite\",\"@id\":\"https:\\\/\\\/www.polonia.travel\\\/es\\\/#website\",\"url\":\"https:\\\/\\\/www.polonia.travel\\\/es\\\/\",\"name\":\"Polonia Travel (ES)\",\"description\":\"...\",\"publisher\":{\"@id\":\"https:\\\/\\\/www.polonia.travel\\\/es\\\/#organization\"},\"potentialAction\":[{\"@type\":\"SearchAction\",\"target\":{\"@type\":\"EntryPoint\",\"urlTemplate\":\"https:\\\/\\\/www.polonia.travel\\\/es\\\/?s={search_term_string}\"},\"query-input\":{\"@type\":\"PropertyValueSpecification\",\"valueRequired\":true,\"valueName\":\"search_term_string\"}}],\"inLanguage\":\"pl-PL\"},{\"@type\":\"Organization\",\"@id\":\"https:\\\/\\\/www.polonia.travel\\\/es\\\/#organization\",\"name\":\"Polonia Travel (ES)\",\"url\":\"https:\\\/\\\/www.polonia.travel\\\/es\\\/\",\"logo\":{\"@type\":\"ImageObject\",\"inLanguage\":\"pl-PL\",\"@id\":\"https:\\\/\\\/www.polonia.travel\\\/es\\\/#\\\/schema\\\/logo\\\/image\\\/\",\"url\":\"\",\"contentUrl\":\"\",\"caption\":\"Polonia Travel (ES)\"},\"image\":{\"@id\":\"https:\\\/\\\/www.polonia.travel\\\/es\\\/#\\\/schema\\\/logo\\\/image\\\/\"}},{\"@type\":\"Person\",\"@id\":\"\"}]}<\/script>\n<!-- \/ Yoast SEO plugin. -->","yoast_head_json":{"title":"Huso horario y horarios comerciales - Polonia Travel (ES)","robots":{"index":"index","follow":"follow","max-snippet":"max-snippet:-1","max-image-preview":"max-image-preview:large","max-video-preview":"max-video-preview:-1"},"canonical":"https:\/\/www.polonia.travel\/es\/huso-horario-y-horarios-comerciales\/","og_locale":"pl_PL","og_type":"article","og_title":"Huso horario y horarios comerciales - Polonia Travel (ES)","og_description":"Huso horario y horarios comerciales Huso horario El&nbsp;huso&nbsp;horario&nbsp;en Polonia es el mismo que en Espa\u00f1a. La \u00fanica diferencia radica en la hora en que amanece y se pone el sol, pues ello ocurre dos horas antes que en Espa\u00f1a. Horarios comerciales El mercado libre ha liberalizado los horarios comerciales, que actualmente son mucho m\u00e1s amplios [&hellip;]","og_url":"https:\/\/www.polonia.travel\/es\/huso-horario-y-horarios-comerciales\/","og_site_name":"Polonia Travel (ES)","article_published_time":"2024-05-20T15:09:13+00:00","article_modified_time":"2024-08-19T12:13:52+00:00","og_image":[{"width":1200,"height":800,"url":"https:\/\/www.polonia.travel\/es\/wp-content\/uploads\/sites\/18\/2024\/04\/Bursztyn_Gdansk_GettyImages-484706290-1200x800.jpg","type":"image\/jpeg"}],"twitter_card":"summary_large_image","twitter_misc":{"Napisane przez":"","Szacowany czas czytania":"3 minuty"},"schema":{"@context":"https:\/\/schema.org","@graph":[{"@type":"Article","@id":"https:\/\/www.polonia.travel\/es\/huso-horario-y-horarios-comerciales\/#article","isPartOf":{"@id":"https:\/\/www.polonia.travel\/es\/huso-horario-y-horarios-comerciales\/"},"author":{"name":"","@id":""},"headline":"Huso horario y horarios comerciales","datePublished":"2024-05-20T15:09:13+00:00","dateModified":"2024-08-19T12:13:52+00:00","mainEntityOfPage":{"@id":"https:\/\/www.polonia.travel\/es\/huso-horario-y-horarios-comerciales\/"},"wordCount":349,"commentCount":0,"publisher":{"@id":"https:\/\/www.polonia.travel\/es\/#organization"},"image":{"@id":"https:\/\/www.polonia.travel\/es\/huso-horario-y-horarios-comerciales\/#primaryimage"},"thumbnailUrl":"https:\/\/www.polonia.travel\/es\/wp-content\/uploads\/sites\/18\/2024\/04\/Bursztyn_Gdansk_GettyImages-484706290.jpg","keywords":["es","antes-del-viaje","informaciones-utiles-y-consejos"],"articleSection":["Consejos Pr\u00e1cticos"],"inLanguage":"pl-PL"},{"@type":"WebPage","@id":"https:\/\/www.polonia.travel\/es\/huso-horario-y-horarios-comerciales\/","url":"https:\/\/www.polonia.travel\/es\/huso-horario-y-horarios-comerciales\/","name":"Huso horario y horarios comerciales - Polonia Travel (ES)","isPartOf":{"@id":"https:\/\/www.polonia.travel\/es\/#website"},"primaryImageOfPage":{"@id":"https:\/\/www.polonia.travel\/es\/huso-horario-y-horarios-comerciales\/#primaryimage"},"image":{"@id":"https:\/\/www.polonia.travel\/es\/huso-horario-y-horarios-comerciales\/#primaryimage"},"thumbnailUrl":"https:\/\/www.polonia.travel\/es\/wp-content\/uploads\/sites\/18\/2024\/04\/Bursztyn_Gdansk_GettyImages-484706290.jpg","datePublished":"2024-05-20T15:09:13+00:00","dateModified":"2024-08-19T12:13:52+00:00","breadcrumb":{"@id":"https:\/\/www.polonia.travel\/es\/huso-horario-y-horarios-comerciales\/#breadcrumb"},"inLanguage":"pl-PL","potentialAction":[{"@type":"ReadAction","target":["https:\/\/www.polonia.travel\/es\/huso-horario-y-horarios-comerciales\/"]}]},{"@type":"ImageObject","inLanguage":"pl-PL","@id":"https:\/\/www.polonia.travel\/es\/huso-horario-y-horarios-comerciales\/#primaryimage","url":"https:\/\/www.polonia.travel\/es\/wp-content\/uploads\/sites\/18\/2024\/04\/Bursztyn_Gdansk_GettyImages-484706290.jpg","contentUrl":"https:\/\/www.polonia.travel\/es\/wp-content\/uploads\/sites\/18\/2024\/04\/Bursztyn_Gdansk_GettyImages-484706290.jpg","width":1536,"height":1024},{"@type":"BreadcrumbList","@id":"https:\/\/www.polonia.travel\/es\/huso-horario-y-horarios-comerciales\/#breadcrumb","itemListElement":[{"@type":"ListItem","position":1,"name":"Home page","item":"https:\/\/www.polonia.travel\/es\/"},{"@type":"ListItem","position":2,"name":"\u00bfC\u00f3mo viajar?","item":"https:\/\/www.polonia.travel\/es\/category\/como-viajar\/"},{"@type":"ListItem","position":3,"name":"Consejos Pr\u00e1cticos","item":"https:\/\/www.polonia.travel\/es\/category\/como-viajar\/consejos-practicos\/"},{"@type":"ListItem","position":4,"name":"Huso horario y horarios comerciales"}]},{"@type":"WebSite","@id":"https:\/\/www.polonia.travel\/es\/#website","url":"https:\/\/www.polonia.travel\/es\/","name":"Polonia Travel (ES)","description":"...","publisher":{"@id":"https:\/\/www.polonia.travel\/es\/#organization"},"potentialAction":[{"@type":"SearchAction","target":{"@type":"EntryPoint","urlTemplate":"https:\/\/www.polonia.travel\/es\/?s={search_term_string}"},"query-input":{"@type":"PropertyValueSpecification","valueRequired":true,"valueName":"search_term_string"}}],"inLanguage":"pl-PL"},{"@type":"Organization","@id":"https:\/\/www.polonia.travel\/es\/#organization","name":"Polonia Travel (ES)","url":"https:\/\/www.polonia.travel\/es\/","logo":{"@type":"ImageObject","inLanguage":"pl-PL","@id":"https:\/\/www.polonia.travel\/es\/#\/schema\/logo\/image\/","url":"","contentUrl":"","caption":"Polonia Travel (ES)"},"image":{"@id":"https:\/\/www.polonia.travel\/es\/#\/schema\/logo\/image\/"}},{"@type":"Person","@id":""}]}},"_links":{"self":[{"href":"https:\/\/www.polonia.travel\/es\/wp-json\/wp\/v2\/posts\/31141","targetHints":{"allow":["GET"]}}],"collection":[{"href":"https:\/\/www.polonia.travel\/es\/wp-json\/wp\/v2\/posts"}],"about":[{"href":"https:\/\/www.polonia.travel\/es\/wp-json\/wp\/v2\/types\/post"}],"author":[{"embeddable":true,"href":"https:\/\/www.polonia.travel\/es\/wp-json\/wp\/v2\/users\/1"}],"replies":[{"embeddable":true,"href":"https:\/\/www.polonia.travel\/es\/wp-json\/wp\/v2\/comments?post=31141"}],"version-history":[{"count":7,"href":"https:\/\/www.polonia.travel\/es\/wp-json\/wp\/v2\/posts\/31141\/revisions"}],"predecessor-version":[{"id":35534,"href":"https:\/\/www.polonia.travel\/es\/wp-json\/wp\/v2\/posts\/31141\/revisions\/35534"}],"wp:featuredmedia":[{"embeddable":true,"href":"https:\/\/www.polonia.travel\/es\/wp-json\/wp\/v2\/media\/32911"}],"wp:attachment":[{"href":"https:\/\/www.polonia.travel\/es\/wp-json\/wp\/v2\/media?parent=31141"}],"wp:term":[{"taxonomy":"category","embeddable":true,"href":"https:\/\/www.polonia.travel\/es\/wp-json\/wp\/v2\/categories?post=31141"}],"curies":[{"name":"wp","href":"https:\/\/api.w.org\/{rel}","templated":true}]}}