{"id":31063,"date":"2024-07-30T15:55:23","date_gmt":"2024-07-30T13:55:23","guid":{"rendered":"https:\/\/wp-es.poland.travel\/?p=31063"},"modified":"2024-07-30T15:55:40","modified_gmt":"2024-07-30T13:55:40","slug":"gastronomia-de-los-subcarpatos","status":"publish","type":"post","link":"https:\/\/www.polonia.travel\/es\/gastronomia-de-los-subcarpatos\/","title":{"rendered":"Gastronom\u00eda de los Subc\u00e1rpatos"},"content":{"rendered":"\n<div class=\"wp-block-group is-style-container-medium\"><div class=\"wp-block-group__inner-container is-layout-constrained wp-block-group-is-layout-constrained\">\n<h2 class=\"wp-block-heading\">Gastronom\u00eda de los Subc\u00e1rpatos<\/h2>\n\n\n\n<p>En esta regi\u00f3n del sureste polaco encontrar\u00e1s la naturaleza salvaje en los Montes de Bieszczady y ciudades monumentales como <strong>\u0141a\u0144cut<\/strong>, <strong>Przemy\u015bl<\/strong> o <strong>Jaros\u0142aw<\/strong>.\u00a0Es tambi\u00e9n la patria de tortas llamadas <em><strong>proziak<\/strong><\/em>. Su nombre viene de la versi\u00f3n regional de bicarbonato de sodio, <em><strong>proza<\/strong><\/em>. Son muy esponjosos tambi\u00e9n gracias al uso de suero de leche mezclada con la harina. La masa en forma de tortas se fr\u00ede en una plancha sin grasa y una vez hechas, se acompa\u00f1a con mantequilla con ajo. En los Montes de Bieszczady ha sobrevivido la tradici\u00f3n de la elaboraci\u00f3n de quesos, heredada de antiguos habitantes de la zona. Haciendo senderismo, uno puede encontrar peque\u00f1as casas de madera (bac\u00f3wka) donde se elaboran quesos de leche de oveja; hay muchas queser\u00edas artesanales en las fincas agr\u00edcolas de la zona para degustar tambi\u00e9n quesos de cabra.<\/p>\n<\/div><\/div>\n\n\n\n<div class=\"wp-block-group has-background\" style=\"background-color:#eeeeee\"><div class=\"wp-block-group__inner-container is-layout-constrained wp-block-group-is-layout-constrained\">\n<div style=\"height:100px\" aria-hidden=\"true\" class=\"wp-block-spacer is-style-spacer-small\"><\/div>\n\n\n\n<div class=\"wp-block-group is-style-container\"><div class=\"wp-block-group__inner-container is-layout-constrained wp-block-group-is-layout-constrained\">\n<h3 class=\"wp-block-heading\">Lee m\u00e1s art\u00edculos<\/h3>\n\n\n\n<div style=\"height:100px\" aria-hidden=\"true\" class=\"wp-block-spacer is-style-spacer-small\"><\/div>\n\n\n<div class=\"overflow\">\n  <div class=\"post-slider swiper post-slider--small\" data-schema=\"small\">\n\n    <div class=\"swiper-wrapper\">\n              <div class=\"swiper-slide post-slide\">\n                      <a href=\"https:\/\/www.polonia.travel\/es\/gdansk-con-buen-sabor-de-boca\/\" class=\"post-box post-box--small\" style=\" background-image: url(https:\/\/www.polonia.travel\/es\/wp-content\/uploads\/sites\/18\/2024\/04\/MIASTA_ALL-540x355-Gdansk-panorama76.jpg);\">\n          <div class=\"post-box__hover\" style=\"background-image: url(https:\/\/www.polonia.travel\/es\/wp-content\/uploads\/sites\/18\/2023\/07\/119607857_Oscypek_Gdansk-600x400.jpg);\"><\/div>\n        <div class=\"post-box__info\">\n            <div class=\"post-box__title\">Gda\u0144sk, con buen sabor de boca<\/div>\n      <div class=\"post-box__more\">Leer m\u00e1s<\/div>\n    <\/div>\n  <\/a>\n\n          <\/div>\n              <div class=\"swiper-slide post-slide\">\n                      <a href=\"https:\/\/www.polonia.travel\/es\/gastronomia-de-los-subcarpatos\/\" class=\"post-box post-box--small\" style=\" background-image: url(https:\/\/www.polonia.travel\/es\/wp-content\/uploads\/sites\/18\/2022\/12\/proziaki_540.jpg);\">\n          <div class=\"post-box__hover\" style=\"background-image: url(https:\/\/www.polonia.travel\/es\/wp-content\/uploads\/sites\/18\/2022\/12\/proziaki_540-1.jpg);\"><\/div>\n        <div class=\"post-box__info\">\n            <div class=\"post-box__title\">Gastronom\u00eda de los Subc\u00e1rpatos<\/div>\n      <div class=\"post-box__more\">Leer m\u00e1s<\/div>\n    <\/div>\n  <\/a>\n\n          <\/div>\n              <div class=\"swiper-slide post-slide\">\n                      <a href=\"https:\/\/www.polonia.travel\/es\/platos-iconicos-en-silesia\/\" class=\"post-box post-box--small\" style=\" background-image: url(https:\/\/www.polonia.travel\/es\/wp-content\/uploads\/sites\/18\/2022\/12\/89_Fotolia_kulinarne_Kluski_slaskie_HR-600x400.jpg);\">\n          <div class=\"post-box__hover\" style=\"background-image: url(https:\/\/www.polonia.travel\/es\/wp-content\/uploads\/sites\/18\/2023\/07\/kluskislaskie390-1.jpg);\"><\/div>\n        <div class=\"post-box__info\">\n            <div class=\"post-box__title\">Platos ic\u00f3nicos en Silesia<\/div>\n      <div class=\"post-box__more\">Leer m\u00e1s<\/div>\n    <\/div>\n  <\/a>\n\n          <\/div>\n              <div class=\"swiper-slide post-slide\">\n                      <a href=\"https:\/\/www.polonia.travel\/es\/sabores-de-siempre\/\" class=\"post-box post-box--small\" style=\" background-image: url(https:\/\/www.polonia.travel\/es\/wp-content\/uploads\/sites\/18\/2022\/12\/zurek_1170-600x400.jpg);\">\n          <div class=\"post-box__hover\" style=\"background-image: url(https:\/\/www.polonia.travel\/es\/wp-content\/uploads\/sites\/18\/2022\/12\/zurek_540.jpg);\"><\/div>\n        <div class=\"post-box__info\">\n            <div class=\"post-box__title\">Sabores de siempre<\/div>\n      <div class=\"post-box__more\">Leer m\u00e1s<\/div>\n    <\/div>\n  <\/a>\n\n          <\/div>\n              <div class=\"swiper-slide post-slide\">\n                      <a href=\"https:\/\/www.polonia.travel\/es\/sobre-todo-pescado\/\" class=\"post-box post-box--small\" style=\" background-image: url(https:\/\/www.polonia.travel\/es\/wp-content\/uploads\/sites\/18\/2024\/04\/59_Fotolia_kulinarne_Zupa20Rybna_P2054020x20405.jpg);\">\n        <div class=\"post-box__info\">\n            <div class=\"post-box__title\">Sobre todo, pescado<\/div>\n      <div class=\"post-box__more\">Leer m\u00e1s<\/div>\n    <\/div>\n  <\/a>\n\n          <\/div>\n              <div class=\"swiper-slide post-slide\">\n                      <a href=\"https:\/\/www.polonia.travel\/es\/la-famosa-rosquilla-y-quesos-del-sur\/\" class=\"post-box post-box--small\" style=\" background-image: url(https:\/\/www.polonia.travel\/es\/wp-content\/uploads\/sites\/18\/2024\/04\/obwarz.20rozne20mt181102_KRK_ECGC_006820540x405.jpg);\">\n          <div class=\"post-box__hover\" style=\"background-image: url(https:\/\/www.polonia.travel\/es\/wp-content\/uploads\/sites\/18\/2023\/07\/oscypki_wyrabianie_1170-600x400.jpg);\"><\/div>\n        <div class=\"post-box__info\">\n            <div class=\"post-box__title\">La famosa rosquilla y quesos del sur<\/div>\n      <div class=\"post-box__more\">Leer m\u00e1s<\/div>\n    <\/div>\n  <\/a>\n\n          <\/div>\n              <div class=\"swiper-slide post-slide\">\n                      <a href=\"https:\/\/www.polonia.travel\/es\/maridaje-polaco-lituano\/\" class=\"post-box post-box--small\" style=\" background-image: url(https:\/\/www.polonia.travel\/es\/wp-content\/uploads\/sites\/18\/2022\/12\/1873_Sekacz_ZP_HD-600x400.jpg);\">\n          <div class=\"post-box__hover\" style=\"background-image: url(https:\/\/www.polonia.travel\/es\/wp-content\/uploads\/sites\/18\/2024\/04\/sekacz20220360x439.jpg);\"><\/div>\n        <div class=\"post-box__info\">\n            <div class=\"post-box__title\">Maridaje polaco-lituano<\/div>\n      <div class=\"post-box__more\">Leer m\u00e1s<\/div>\n    <\/div>\n  <\/a>\n\n          <\/div>\n              <div class=\"swiper-slide post-slide\">\n                      <a href=\"https:\/\/www.polonia.travel\/es\/sabores-del-oeste-polaco\/\" class=\"post-box post-box--small\" style=\" background-image: url(https:\/\/www.polonia.travel\/es\/wp-content\/uploads\/sites\/18\/2023\/07\/rogal_swietomarcinski_1170-600x399.jpg);\">\n          <div class=\"post-box__hover\" style=\"background-image: url(https:\/\/www.polonia.travel\/es\/wp-content\/uploads\/sites\/18\/2024\/04\/Zupa20ziemniaki20grzyby2054020x203602043_Fotolia_kulinarne_Zupa_P.jpg);\"><\/div>\n        <div class=\"post-box__info\">\n            <div class=\"post-box__title\">Sabores del oeste polaco<\/div>\n      <div class=\"post-box__more\">Leer m\u00e1s<\/div>\n    <\/div>\n  <\/a>\n\n          <\/div>\n              <div class=\"swiper-slide post-slide\">\n                      <a href=\"https:\/\/www.polonia.travel\/es\/pescados-tambien-de-agua-dulce\/\" class=\"post-box post-box--small\" style=\" background-image: url(https:\/\/www.polonia.travel\/es\/wp-content\/uploads\/sites\/18\/2024\/04\/lubuskie_540.jpg);\">\n          <div class=\"post-box__hover\" style=\"background-image: url(https:\/\/www.polonia.travel\/es\/wp-content\/uploads\/sites\/18\/2023\/07\/Lubuskie202-600x400.jpg);\"><\/div>\n        <div class=\"post-box__info\">\n            <div class=\"post-box__title\">Pescados, tambi\u00e9n de agua dulce<\/div>\n      <div class=\"post-box__more\">Leer m\u00e1s<\/div>\n    <\/div>\n  <\/a>\n\n          <\/div>\n              <div class=\"swiper-slide post-slide\">\n                      <a href=\"https:\/\/www.polonia.travel\/es\/los-sabores-del-este-de-polonia\/\" class=\"post-box post-box--small\" style=\" background-image: url(https:\/\/www.polonia.travel\/es\/wp-content\/uploads\/sites\/18\/2024\/04\/9567_Lublin_cebularz_MC_HR20540x360.jpg);\">\n          <div class=\"post-box__hover\" style=\"background-image: url(https:\/\/www.polonia.travel\/es\/wp-content\/uploads\/sites\/18\/2022\/12\/cebularz_lubelski_1170-600x399.jpg);\"><\/div>\n        <div class=\"post-box__info\">\n            <div class=\"post-box__title\">Los sabores del este de Polonia<\/div>\n      <div class=\"post-box__more\">Leer m\u00e1s<\/div>\n    <\/div>\n  <\/a>\n\n          <\/div>\n          <\/div>\n    <div class=\"post-slider__pagination\"><\/div>\n  <\/div>\n<\/div>\n<\/div><\/div>\n\n\n\n<div style=\"height:100px\" aria-hidden=\"true\" class=\"wp-block-spacer is-style-spacer-small\"><\/div>\n<\/div><\/div>\n","protected":false},"excerpt":{"rendered":"<p>Gastronom\u00eda de los Subc\u00e1rpatos En esta regi\u00f3n del sureste polaco encontrar\u00e1s la naturaleza salvaje en los Montes de Bieszczady y ciudades monumentales como \u0141a\u0144cut, Przemy\u015bl o Jaros\u0142aw.\u00a0Es tambi\u00e9n la patria de tortas llamadas proziak. Su nombre viene de la versi\u00f3n regional de bicarbonato de sodio, proza. Son muy esponjosos tambi\u00e9n gracias al uso de suero [&hellip;]<\/p>\n","protected":false},"author":1,"featured_media":0,"comment_status":"open","ping_status":"open","sticky":false,"template":"","format":"standard","meta":{"_acf_changed":false,"footnotes":""},"categories":[1230],"class_list":["post-31063","post","type-post","status-publish","format-standard","hentry","category-saboreando-gastronomia-regional"],"acf":[],"yoast_head":"<!-- This site is optimized with the Yoast SEO plugin v27.4 - https:\/\/yoast.com\/product\/yoast-seo-wordpress\/ -->\n<title>Gastronom\u00eda de los Subc\u00e1rpatos - Polonia Travel (ES)<\/title>\n<meta name=\"robots\" content=\"index, follow, max-snippet:-1, max-image-preview:large, max-video-preview:-1\" \/>\n<link rel=\"canonical\" href=\"https:\/\/www.polonia.travel\/es\/gastronomia-de-los-subcarpatos\/\" \/>\n<meta property=\"og:locale\" content=\"pl_PL\" \/>\n<meta property=\"og:type\" content=\"article\" \/>\n<meta property=\"og:title\" content=\"Gastronom\u00eda de los Subc\u00e1rpatos - Polonia Travel (ES)\" \/>\n<meta property=\"og:description\" content=\"Gastronom\u00eda de los Subc\u00e1rpatos En esta regi\u00f3n del sureste polaco encontrar\u00e1s la naturaleza salvaje en los Montes de Bieszczady y ciudades monumentales como \u0141a\u0144cut, Przemy\u015bl o Jaros\u0142aw.\u00a0Es tambi\u00e9n la patria de tortas llamadas proziak. Su nombre viene de la versi\u00f3n regional de bicarbonato de sodio, proza. Son muy esponjosos tambi\u00e9n gracias al uso de suero [&hellip;]\" \/>\n<meta property=\"og:url\" content=\"https:\/\/www.polonia.travel\/es\/gastronomia-de-los-subcarpatos\/\" \/>\n<meta property=\"og:site_name\" content=\"Polonia Travel (ES)\" \/>\n<meta property=\"article:published_time\" content=\"2024-07-30T13:55:23+00:00\" \/>\n<meta property=\"article:modified_time\" content=\"2024-07-30T13:55:40+00:00\" \/>\n<meta name=\"twitter:card\" content=\"summary_large_image\" \/>\n<meta name=\"twitter:label1\" content=\"Napisane przez\" \/>\n\t<meta name=\"twitter:data1\" content=\"\" \/>\n\t<meta name=\"twitter:label2\" content=\"Szacowany czas czytania\" \/>\n\t<meta name=\"twitter:data2\" content=\"1 minuta\" \/>\n<script type=\"application\/ld+json\" class=\"yoast-schema-graph\">{\"@context\":\"https:\\\/\\\/schema.org\",\"@graph\":[{\"@type\":\"Article\",\"@id\":\"https:\\\/\\\/www.polonia.travel\\\/es\\\/gastronomia-de-los-subcarpatos\\\/#article\",\"isPartOf\":{\"@id\":\"https:\\\/\\\/www.polonia.travel\\\/es\\\/gastronomia-de-los-subcarpatos\\\/\"},\"author\":{\"name\":\"\",\"@id\":\"\"},\"headline\":\"Gastronom\u00eda de los Subc\u00e1rpatos\",\"datePublished\":\"2024-07-30T13:55:23+00:00\",\"dateModified\":\"2024-07-30T13:55:40+00:00\",\"mainEntityOfPage\":{\"@id\":\"https:\\\/\\\/www.polonia.travel\\\/es\\\/gastronomia-de-los-subcarpatos\\\/\"},\"wordCount\":171,\"commentCount\":0,\"publisher\":{\"@id\":\"https:\\\/\\\/www.polonia.travel\\\/es\\\/#organization\"},\"keywords\":[\"es\",\"sobre-polonia\",\"gastronomia\",\"saboreando-gastronomia-regional\"],\"articleSection\":[\"Saboreando gastronom\u00eda regional\"],\"inLanguage\":\"pl-PL\"},{\"@type\":\"WebPage\",\"@id\":\"https:\\\/\\\/www.polonia.travel\\\/es\\\/gastronomia-de-los-subcarpatos\\\/\",\"url\":\"https:\\\/\\\/www.polonia.travel\\\/es\\\/gastronomia-de-los-subcarpatos\\\/\",\"name\":\"Gastronom\u00eda de los Subc\u00e1rpatos - Polonia Travel (ES)\",\"isPartOf\":{\"@id\":\"https:\\\/\\\/www.polonia.travel\\\/es\\\/#website\"},\"datePublished\":\"2024-07-30T13:55:23+00:00\",\"dateModified\":\"2024-07-30T13:55:40+00:00\",\"breadcrumb\":{\"@id\":\"https:\\\/\\\/www.polonia.travel\\\/es\\\/gastronomia-de-los-subcarpatos\\\/#breadcrumb\"},\"inLanguage\":\"pl-PL\",\"potentialAction\":[{\"@type\":\"ReadAction\",\"target\":[\"https:\\\/\\\/www.polonia.travel\\\/es\\\/gastronomia-de-los-subcarpatos\\\/\"]}]},{\"@type\":\"BreadcrumbList\",\"@id\":\"https:\\\/\\\/www.polonia.travel\\\/es\\\/gastronomia-de-los-subcarpatos\\\/#breadcrumb\",\"itemListElement\":[{\"@type\":\"ListItem\",\"position\":1,\"name\":\"Home page\",\"item\":\"https:\\\/\\\/www.polonia.travel\\\/es\\\/\"},{\"@type\":\"ListItem\",\"position\":2,\"name\":\"Saboreando gastronom\u00eda regional\",\"item\":\"https:\\\/\\\/www.polonia.travel\\\/es\\\/category\\\/saboreando-gastronomia-regional\\\/\"},{\"@type\":\"ListItem\",\"position\":3,\"name\":\"Gastronom\u00eda de los Subc\u00e1rpatos\"}]},{\"@type\":\"WebSite\",\"@id\":\"https:\\\/\\\/www.polonia.travel\\\/es\\\/#website\",\"url\":\"https:\\\/\\\/www.polonia.travel\\\/es\\\/\",\"name\":\"Polonia Travel (ES)\",\"description\":\"...\",\"publisher\":{\"@id\":\"https:\\\/\\\/www.polonia.travel\\\/es\\\/#organization\"},\"potentialAction\":[{\"@type\":\"SearchAction\",\"target\":{\"@type\":\"EntryPoint\",\"urlTemplate\":\"https:\\\/\\\/www.polonia.travel\\\/es\\\/?s={search_term_string}\"},\"query-input\":{\"@type\":\"PropertyValueSpecification\",\"valueRequired\":true,\"valueName\":\"search_term_string\"}}],\"inLanguage\":\"pl-PL\"},{\"@type\":\"Organization\",\"@id\":\"https:\\\/\\\/www.polonia.travel\\\/es\\\/#organization\",\"name\":\"Polonia Travel (ES)\",\"url\":\"https:\\\/\\\/www.polonia.travel\\\/es\\\/\",\"logo\":{\"@type\":\"ImageObject\",\"inLanguage\":\"pl-PL\",\"@id\":\"https:\\\/\\\/www.polonia.travel\\\/es\\\/#\\\/schema\\\/logo\\\/image\\\/\",\"url\":\"\",\"contentUrl\":\"\",\"caption\":\"Polonia Travel (ES)\"},\"image\":{\"@id\":\"https:\\\/\\\/www.polonia.travel\\\/es\\\/#\\\/schema\\\/logo\\\/image\\\/\"}},{\"@type\":\"Person\",\"@id\":\"\"}]}<\/script>\n<!-- \/ Yoast SEO plugin. -->","yoast_head_json":{"title":"Gastronom\u00eda de los Subc\u00e1rpatos - Polonia Travel (ES)","robots":{"index":"index","follow":"follow","max-snippet":"max-snippet:-1","max-image-preview":"max-image-preview:large","max-video-preview":"max-video-preview:-1"},"canonical":"https:\/\/www.polonia.travel\/es\/gastronomia-de-los-subcarpatos\/","og_locale":"pl_PL","og_type":"article","og_title":"Gastronom\u00eda de los Subc\u00e1rpatos - Polonia Travel (ES)","og_description":"Gastronom\u00eda de los Subc\u00e1rpatos En esta regi\u00f3n del sureste polaco encontrar\u00e1s la naturaleza salvaje en los Montes de Bieszczady y ciudades monumentales como \u0141a\u0144cut, Przemy\u015bl o Jaros\u0142aw.\u00a0Es tambi\u00e9n la patria de tortas llamadas proziak. Su nombre viene de la versi\u00f3n regional de bicarbonato de sodio, proza. Son muy esponjosos tambi\u00e9n gracias al uso de suero [&hellip;]","og_url":"https:\/\/www.polonia.travel\/es\/gastronomia-de-los-subcarpatos\/","og_site_name":"Polonia Travel (ES)","article_published_time":"2024-07-30T13:55:23+00:00","article_modified_time":"2024-07-30T13:55:40+00:00","twitter_card":"summary_large_image","twitter_misc":{"Napisane przez":"","Szacowany czas czytania":"1 minuta"},"schema":{"@context":"https:\/\/schema.org","@graph":[{"@type":"Article","@id":"https:\/\/www.polonia.travel\/es\/gastronomia-de-los-subcarpatos\/#article","isPartOf":{"@id":"https:\/\/www.polonia.travel\/es\/gastronomia-de-los-subcarpatos\/"},"author":{"name":"","@id":""},"headline":"Gastronom\u00eda de los Subc\u00e1rpatos","datePublished":"2024-07-30T13:55:23+00:00","dateModified":"2024-07-30T13:55:40+00:00","mainEntityOfPage":{"@id":"https:\/\/www.polonia.travel\/es\/gastronomia-de-los-subcarpatos\/"},"wordCount":171,"commentCount":0,"publisher":{"@id":"https:\/\/www.polonia.travel\/es\/#organization"},"keywords":["es","sobre-polonia","gastronomia","saboreando-gastronomia-regional"],"articleSection":["Saboreando gastronom\u00eda regional"],"inLanguage":"pl-PL"},{"@type":"WebPage","@id":"https:\/\/www.polonia.travel\/es\/gastronomia-de-los-subcarpatos\/","url":"https:\/\/www.polonia.travel\/es\/gastronomia-de-los-subcarpatos\/","name":"Gastronom\u00eda de los Subc\u00e1rpatos - Polonia Travel (ES)","isPartOf":{"@id":"https:\/\/www.polonia.travel\/es\/#website"},"datePublished":"2024-07-30T13:55:23+00:00","dateModified":"2024-07-30T13:55:40+00:00","breadcrumb":{"@id":"https:\/\/www.polonia.travel\/es\/gastronomia-de-los-subcarpatos\/#breadcrumb"},"inLanguage":"pl-PL","potentialAction":[{"@type":"ReadAction","target":["https:\/\/www.polonia.travel\/es\/gastronomia-de-los-subcarpatos\/"]}]},{"@type":"BreadcrumbList","@id":"https:\/\/www.polonia.travel\/es\/gastronomia-de-los-subcarpatos\/#breadcrumb","itemListElement":[{"@type":"ListItem","position":1,"name":"Home page","item":"https:\/\/www.polonia.travel\/es\/"},{"@type":"ListItem","position":2,"name":"Saboreando gastronom\u00eda regional","item":"https:\/\/www.polonia.travel\/es\/category\/saboreando-gastronomia-regional\/"},{"@type":"ListItem","position":3,"name":"Gastronom\u00eda de los Subc\u00e1rpatos"}]},{"@type":"WebSite","@id":"https:\/\/www.polonia.travel\/es\/#website","url":"https:\/\/www.polonia.travel\/es\/","name":"Polonia Travel (ES)","description":"...","publisher":{"@id":"https:\/\/www.polonia.travel\/es\/#organization"},"potentialAction":[{"@type":"SearchAction","target":{"@type":"EntryPoint","urlTemplate":"https:\/\/www.polonia.travel\/es\/?s={search_term_string}"},"query-input":{"@type":"PropertyValueSpecification","valueRequired":true,"valueName":"search_term_string"}}],"inLanguage":"pl-PL"},{"@type":"Organization","@id":"https:\/\/www.polonia.travel\/es\/#organization","name":"Polonia Travel (ES)","url":"https:\/\/www.polonia.travel\/es\/","logo":{"@type":"ImageObject","inLanguage":"pl-PL","@id":"https:\/\/www.polonia.travel\/es\/#\/schema\/logo\/image\/","url":"","contentUrl":"","caption":"Polonia Travel (ES)"},"image":{"@id":"https:\/\/www.polonia.travel\/es\/#\/schema\/logo\/image\/"}},{"@type":"Person","@id":""}]}},"_links":{"self":[{"href":"https:\/\/www.polonia.travel\/es\/wp-json\/wp\/v2\/posts\/31063","targetHints":{"allow":["GET"]}}],"collection":[{"href":"https:\/\/www.polonia.travel\/es\/wp-json\/wp\/v2\/posts"}],"about":[{"href":"https:\/\/www.polonia.travel\/es\/wp-json\/wp\/v2\/types\/post"}],"author":[{"embeddable":true,"href":"https:\/\/www.polonia.travel\/es\/wp-json\/wp\/v2\/users\/1"}],"replies":[{"embeddable":true,"href":"https:\/\/www.polonia.travel\/es\/wp-json\/wp\/v2\/comments?post=31063"}],"version-history":[{"count":4,"href":"https:\/\/www.polonia.travel\/es\/wp-json\/wp\/v2\/posts\/31063\/revisions"}],"predecessor-version":[{"id":34737,"href":"https:\/\/www.polonia.travel\/es\/wp-json\/wp\/v2\/posts\/31063\/revisions\/34737"}],"wp:attachment":[{"href":"https:\/\/www.polonia.travel\/es\/wp-json\/wp\/v2\/media?parent=31063"}],"wp:term":[{"taxonomy":"category","embeddable":true,"href":"https:\/\/www.polonia.travel\/es\/wp-json\/wp\/v2\/categories?post=31063"}],"curies":[{"name":"wp","href":"https:\/\/api.w.org\/{rel}","templated":true}]}}