{"id":31059,"date":"2024-07-26T11:22:40","date_gmt":"2024-07-26T09:22:40","guid":{"rendered":"https:\/\/wp-es.poland.travel\/?p=31059"},"modified":"2024-07-26T11:22:41","modified_gmt":"2024-07-26T09:22:41","slug":"celebrando-la-llegada-de-la-primavera","status":"publish","type":"post","link":"https:\/\/www.polonia.travel\/es\/celebrando-la-llegada-de-la-primavera\/","title":{"rendered":"Celebrando la llegada de la primavera"},"content":{"rendered":"\n<div class=\"wp-block-group is-style-container-medium\"><div class=\"wp-block-group__inner-container is-layout-constrained wp-block-group-is-layout-constrained\">\n<h2 class=\"wp-block-heading\">Celebrando la llegada de la primavera<\/h2>\n\n\n\n<p>La primavera astron\u00f3mica llega el 21 de marzo y en Polonia, seg\u00fan muchos, es la estaci\u00f3n&nbsp;m\u00e1s larga y bella del a\u00f1o. Se vislumbra a trav\u00e9s de campos en flor, como los de colza, que cubren grandes superficies naturales de intenso color amarillo. Los sauces, \u00e1rboles muy comunes en la Polonia central, asombran con sus verdes hojas. Es una \u00e9poca muy buena para viajar por el pa\u00eds, admirar el paisaje y conocer uno de los rasgos que mejor define a los polacos: su hospitalidad. Este rasgo est\u00e1 presente en las ciudades&nbsp;aunque&nbsp;es aun m\u00e1s palpable en zonas rurales, cada vez m\u00e1s preparadas para recibir a los turistas en alojamientos de agroturismo, en los que experimentar su riqueza cultural y gastron\u00f3mica, y sumergirse en las tradiciones locales. Estas experiencias se intensifican durante la Semana Santa.<\/p>\n\n\n\n<p>Entre otras tradiciones que todav\u00eda recuerdan a tiempos muy remotos destaca el &#8222;ahogamiento de <em><strong>Marzanna<\/strong><\/em>&#8222;. Los protagonistas son unos mu\u00f1ecos hechos tradicionalmente de paja u otros materiales que se arrojan al agua. Simbolizan a la pagana diosa eslava de invierno y la muerte. Adornados con cintas, collares u otros detalles, los <em>marzanna<\/em> se hunden poco a poco en el agua, igual que las \u00faltimas nieves se derriten, simbolizando el fin del invierno. De origen popular y muy presente en el entorno rural, ha pasado a ser un evento que tambi\u00e9n se celebra en grandes ciudades&nbsp;en un ambiente festivo a orillas de r\u00edos o lagos.<\/p>\n<\/div><\/div>\n\n\n\n<div style=\"height:100px\" aria-hidden=\"true\" class=\"wp-block-spacer is-style-spacer-small\"><\/div>\n\n\n\n<div class=\"wp-block-group is-style-container\"><div class=\"wp-block-group__inner-container is-layout-constrained wp-block-group-is-layout-constrained\"><div class=\"wp-block-image\">\n<figure class=\"aligncenter\"><img decoding=\"async\" src=\"https:\/\/wp-es.poland.travel\/wp-content\/uploads\/sites\/18\/2024\/04\/wagary2054020x2036020AdobeStock_221161817.jpg\" alt=\"J\u00f3venes con mochilas al hombro vistos de espalda paseando por el parque\"\/><\/figure><\/div><\/div><\/div>\n\n\n\n<div style=\"height:100px\" aria-hidden=\"true\" class=\"wp-block-spacer is-style-spacer-small\"><\/div>\n\n\n\n<div class=\"wp-block-group is-style-container-medium\"><div class=\"wp-block-group__inner-container is-layout-constrained wp-block-group-is-layout-constrained\">\n<p>El buen tiempo invita a salir, estar al aire libre&nbsp;y a olvidarse de las obligaciones. Lo mismo le ocurre a los estudiantes, que en esta \u00e9poca suelen <strong>hacer novillos<\/strong>, hasta tal punto que, recientemente, en Polonia se ha comenzado a celebrar el &#8222;<strong>D\u00eda de hacer novillos<\/strong>&#8222;. Ese d\u00eda los profesores hacen la vista gorda e&nbsp;incluso acompa\u00f1an a sus estudiantes en sus actividades al aire libre.<\/p>\n<\/div><\/div>\n\n\n\n<div style=\"height:100px\" aria-hidden=\"true\" class=\"wp-block-spacer is-style-spacer-small\"><\/div>\n\n\n\n<div class=\"wp-block-group is-style-container\"><div class=\"wp-block-group__inner-container is-layout-constrained wp-block-group-is-layout-constrained\"><div class=\"wp-block-image\">\n<figure class=\"aligncenter\"><img decoding=\"async\" src=\"https:\/\/wp-es.poland.travel\/wp-content\/uploads\/sites\/18\/2024\/04\/387_Grill20w20ogrodzie_P20360x540.jpg\" alt=\"Un joven haciendo barbacoa en una espacio al aire libre\"\/><\/figure><\/div><\/div><\/div>\n\n\n\n<div style=\"height:100px\" aria-hidden=\"true\" class=\"wp-block-spacer is-style-spacer-small\"><\/div>\n\n\n\n<div class=\"wp-block-group is-style-container-medium\"><div class=\"wp-block-group__inner-container is-layout-constrained wp-block-group-is-layout-constrained\">\n<p>El primer puente del a\u00f1o coincide con la fiesta del 1 y el 3 de mayo (D\u00eda de los Trabajadores y de la Constituci\u00f3n, respectivamente). Para los polacos la mejor manera de celebrarlo es pasando esos d\u00edas al aire libre haciendo barbacoas, cuando el&nbsp;olor a carnes condimentadas, morcillas y salchichas asadas impregna el aire. Por estas fechas suele hacer buen tiempo, todo florece y las temperaturas pueden ser altas, permitiendo incluso ba\u00f1arse en alg\u00fan r\u00edo o lago. Cualquier espacio al aire libre (siempre que est\u00e9 permitido hacer fuego) sirve para pasar un buen rato en familia o con amigos.<\/p>\n<\/div><\/div>\n\n\n\n<div class=\"wp-block-group has-background\" style=\"background-color:#eeeeee\"><div class=\"wp-block-group__inner-container is-layout-constrained wp-block-group-is-layout-constrained\">\n<div style=\"height:100px\" aria-hidden=\"true\" class=\"wp-block-spacer is-style-spacer-small\"><\/div>\n\n\n\n<div class=\"wp-block-group is-style-container\"><div class=\"wp-block-group__inner-container is-layout-constrained wp-block-group-is-layout-constrained\">\n<h3 class=\"wp-block-heading\">Lee m\u00e1s art\u00edculos<\/h3>\n\n\n\n<div style=\"height:100px\" aria-hidden=\"true\" class=\"wp-block-spacer is-style-spacer-small\"><\/div>\n\n\n<div class=\"overflow\">\n  <div class=\"post-slider swiper post-slider--small\" data-schema=\"small\">\n\n    <div class=\"swiper-wrapper\">\n              <div class=\"swiper-slide post-slide\">\n                      <a href=\"https:\/\/www.polonia.travel\/es\/la-gran-orquesta-solidaria-de-navidad\/\" class=\"post-box post-box--small\" style=\" background-image: url(https:\/\/www.polonia.travel\/es\/wp-content\/uploads\/sites\/18\/2024\/05\/Wielka-Orkiestra-Swiatecznej-Pomocy-web-8.jpg);\">\n          <div class=\"post-box__hover\" style=\"background-image: url(https:\/\/www.polonia.travel\/es\/wp-content\/uploads\/sites\/18\/2024\/04\/SERDUSZKO_WOSP_ES_podglad.jpg);\"><\/div>\n        <div class=\"post-box__info\">\n            <div class=\"post-box__title\">La Gran Orquesta Solidaria de Navidad<\/div>\n      <div class=\"post-box__more\">Leer m\u00e1s<\/div>\n    <\/div>\n  <\/a>\n\n          <\/div>\n              <div class=\"swiper-slide post-slide\">\n                      <a href=\"https:\/\/www.polonia.travel\/es\/idiomas-y-dialectos-en-polonia\/\" class=\"post-box post-box--small\" style=\" background-image: url(https:\/\/www.polonia.travel\/es\/wp-content\/uploads\/sites\/18\/2025\/06\/34-Warszawa-zielona-Ogrod-Saski-fot-Jaroslaw-Marciuk-480x600.jpg);\">\n        <div class=\"post-box__info\">\n            <div class=\"post-box__title\">Idiomas y dialectos en Polonia<\/div>\n      <div class=\"post-box__more\">Leer m\u00e1s<\/div>\n    <\/div>\n  <\/a>\n\n          <\/div>\n              <div class=\"swiper-slide post-slide\">\n                      <a href=\"https:\/\/www.polonia.travel\/es\/la-noche-de-san-juan\/\" class=\"post-box post-box--small\" style=\" background-image: url(https:\/\/www.polonia.travel\/es\/wp-content\/uploads\/sites\/18\/2024\/04\/707_noc-swietojanska-nad-rzeka-bug-w_HR-600x398.jpg);\">\n          <div class=\"post-box__hover\" style=\"background-image: url(https:\/\/www.polonia.travel\/es\/wp-content\/uploads\/sites\/18\/2024\/07\/Noc-Kupaly-600x407.jpg);\"><\/div>\n        <div class=\"post-box__info\">\n            <div class=\"post-box__title\">La Noche de San Juan<\/div>\n      <div class=\"post-box__more\">Leer m\u00e1s<\/div>\n    <\/div>\n  <\/a>\n\n          <\/div>\n              <div class=\"swiper-slide post-slide\">\n                      <a href=\"https:\/\/www.polonia.travel\/es\/semana-santa\/\" class=\"post-box post-box--small\" style=\" background-image: url(https:\/\/www.polonia.travel\/es\/wp-content\/uploads\/sites\/18\/2024\/04\/pisanki20skrobane20rozmiar20web-1.jpg);\">\n          <div class=\"post-box__hover\" style=\"background-image: url(https:\/\/www.polonia.travel\/es\/wp-content\/uploads\/sites\/18\/2025\/03\/PENT9471-1.jpg);\"><\/div>\n        <div class=\"post-box__info\">\n            <div class=\"post-box__title\">Semana Santa<\/div>\n      <div class=\"post-box__more\">Leer m\u00e1s<\/div>\n    <\/div>\n  <\/a>\n\n          <\/div>\n              <div class=\"swiper-slide post-slide\">\n                      <a href=\"https:\/\/www.polonia.travel\/es\/por-todos-los-santos\/\" class=\"post-box post-box--small\" style=\" background-image: url(https:\/\/www.polonia.travel\/es\/wp-content\/uploads\/sites\/18\/2023\/04\/009690_Cmentarz_MC_P-600x400.jpg);\">\n          <div class=\"post-box__hover\" style=\"background-image: url(https:\/\/www.polonia.travel\/es\/wp-content\/uploads\/sites\/18\/2023\/09\/9472_00001_Cmentarz_DSC-Custom-600x349.jpg);\"><\/div>\n        <div class=\"post-box__info\">\n            <div class=\"post-box__title\">\u00a1Por todos los Santos!<\/div>\n      <div class=\"post-box__more\">Leer m\u00e1s<\/div>\n    <\/div>\n  <\/a>\n\n          <\/div>\n              <div class=\"swiper-slide post-slide\">\n                      <a href=\"https:\/\/www.polonia.travel\/es\/noche-de-adivinanzas\/\" class=\"post-box post-box--small\" style=\" background-image: url(https:\/\/www.polonia.travel\/es\/wp-content\/uploads\/sites\/18\/2024\/07\/OMD82504-600x400.jpg);\">\n          <div class=\"post-box__hover\" style=\"background-image: url(https:\/\/www.polonia.travel\/es\/wp-content\/uploads\/sites\/18\/2024\/04\/andrzejki.jpg);\"><\/div>\n        <div class=\"post-box__info\">\n            <div class=\"post-box__title\">Noche de adivinanzas<\/div>\n      <div class=\"post-box__more\">Leer m\u00e1s<\/div>\n    <\/div>\n  <\/a>\n\n          <\/div>\n              <div class=\"swiper-slide post-slide\">\n                      <a href=\"https:\/\/www.polonia.travel\/es\/navidad-a-la-polaca\/\" class=\"post-box post-box--small\" style=\" background-image: url(https:\/\/www.polonia.travel\/es\/wp-content\/uploads\/sites\/18\/2022\/12\/oplatek_wigilijny_1170-600x400.jpg);\">\n          <div class=\"post-box__hover\" style=\"background-image: url(https:\/\/www.polonia.travel\/es\/wp-content\/uploads\/sites\/18\/2024\/04\/79_Fotolia_kulinarne_Barszcz_HR-600x398.jpg);\"><\/div>\n        <div class=\"post-box__info\">\n            <div class=\"post-box__title\">Navidad a la polaca<\/div>\n      <div class=\"post-box__more\">Leer m\u00e1s<\/div>\n    <\/div>\n  <\/a>\n\n          <\/div>\n              <div class=\"swiper-slide post-slide\">\n                      <a href=\"https:\/\/www.polonia.travel\/es\/jueves-lardero\/\" class=\"post-box post-box--small\" style=\" background-image: url(https:\/\/www.polonia.travel\/es\/wp-content\/uploads\/sites\/18\/2022\/12\/paczki_tlusty_czwartek_1170-600x401.jpg);\">\n          <div class=\"post-box__hover\" style=\"background-image: url(https:\/\/www.polonia.travel\/es\/wp-content\/uploads\/sites\/18\/2022\/12\/faworki_tlusty_czwartek_1170-600x400.jpeg);\"><\/div>\n        <div class=\"post-box__info\">\n            <div class=\"post-box__title\">Jueves Lardero<\/div>\n      <div class=\"post-box__more\">Leer m\u00e1s<\/div>\n    <\/div>\n  <\/a>\n\n          <\/div>\n              <div class=\"swiper-slide post-slide\">\n                      <a href=\"https:\/\/www.polonia.travel\/es\/supersticiones-y-remedios-para-evitar-mala-suerte\/\" class=\"post-box post-box--small\" style=\" background-image: url(https:\/\/www.polonia.travel\/es\/wp-content\/uploads\/sites\/18\/2024\/04\/koniczyna20420listna20540x36020AdobeStock_218540796.jpg);\">\n          <div class=\"post-box__hover\" style=\"background-image: url(https:\/\/www.polonia.travel\/es\/wp-content\/uploads\/sites\/18\/2023\/07\/kot-1170-600x437.jpg);\"><\/div>\n        <div class=\"post-box__info\">\n            <div class=\"post-box__title\">Supersticiones y remedios para evitar mala suerte<\/div>\n      <div class=\"post-box__more\">Leer m\u00e1s<\/div>\n    <\/div>\n  <\/a>\n\n          <\/div>\n              <div class=\"swiper-slide post-slide\">\n                      <a href=\"https:\/\/www.polonia.travel\/es\/costumbres-y-habitos\/\" class=\"post-box post-box--small\" style=\" background-image: url(https:\/\/www.polonia.travel\/es\/wp-content\/uploads\/sites\/18\/2023\/07\/kapcie-600x343.jpg);\">\n          <div class=\"post-box__hover\" style=\"background-image: url(https:\/\/www.polonia.travel\/es\/wp-content\/uploads\/sites\/18\/2024\/04\/Kapcie20540x36020AdobeStock_140532167.jpg);\"><\/div>\n        <div class=\"post-box__info\">\n            <div class=\"post-box__title\">Costumbres y h\u00e1bitos<\/div>\n      <div class=\"post-box__more\">Leer m\u00e1s<\/div>\n    <\/div>\n  <\/a>\n\n          <\/div>\n              <div class=\"swiper-slide post-slide\">\n                      <a href=\"https:\/\/www.polonia.travel\/es\/celebrando-la-llegada-de-la-primavera\/\" class=\"post-box post-box--small\" style=\" background-image: url(https:\/\/www.polonia.travel\/es\/wp-content\/uploads\/sites\/18\/2023\/07\/marzanna-600x400.png);\">\n          <div class=\"post-box__hover\" style=\"background-image: url(https:\/\/www.polonia.travel\/es\/wp-content\/uploads\/sites\/18\/2024\/04\/312497117_Grill_Adobe-600x400.jpg);\"><\/div>\n        <div class=\"post-box__info\">\n            <div class=\"post-box__title\">Celebrando la llegada de la primavera<\/div>\n      <div class=\"post-box__more\">Leer m\u00e1s<\/div>\n    <\/div>\n  <\/a>\n\n          <\/div>\n              <div class=\"swiper-slide post-slide\">\n                      <a href=\"https:\/\/www.polonia.travel\/es\/costumbres-polacas\/\" class=\"post-box post-box--small\" style=\" background-image: url(https:\/\/www.polonia.travel\/es\/wp-content\/uploads\/sites\/18\/2023\/07\/mazowsze_zespol_2_1170-600x400.jpg);\">\n          <div class=\"post-box__hover\" style=\"background-image: url(https:\/\/www.polonia.travel\/es\/wp-content\/uploads\/sites\/18\/2023\/07\/Krakow5402.jpg);\"><\/div>\n        <div class=\"post-box__info\">\n            <div class=\"post-box__title\">Costumbres polacas<\/div>\n      <div class=\"post-box__more\">Leer m\u00e1s<\/div>\n    <\/div>\n  <\/a>\n\n          <\/div>\n          <\/div>\n    <div class=\"post-slider__pagination\"><\/div>\n  <\/div>\n<\/div>\n<\/div><\/div>\n\n\n\n<div style=\"height:100px\" aria-hidden=\"true\" class=\"wp-block-spacer is-style-spacer-small\"><\/div>\n<\/div><\/div>\n","protected":false},"excerpt":{"rendered":"<p>Celebrando la llegada de la primavera La primavera astron\u00f3mica llega el 21 de marzo y en Polonia, seg\u00fan muchos, es la estaci\u00f3n&nbsp;m\u00e1s larga y bella del a\u00f1o. Se vislumbra a trav\u00e9s de campos en flor, como los de colza, que cubren grandes superficies naturales de intenso color amarillo. Los sauces, \u00e1rboles muy comunes en la [&hellip;]<\/p>\n","protected":false},"author":1,"featured_media":34445,"comment_status":"open","ping_status":"open","sticky":false,"template":"","format":"standard","meta":{"_acf_changed":false,"footnotes":""},"categories":[1222],"class_list":["post-31059","post","type-post","status-publish","format-standard","has-post-thumbnail","hentry","category-fiestas-costumbres-y-tradiciones"],"acf":[],"yoast_head":"<!-- This site is optimized with the Yoast SEO plugin v27.4 - https:\/\/yoast.com\/product\/yoast-seo-wordpress\/ -->\n<title>Celebrando la llegada de la primavera - Polonia Travel (ES)<\/title>\n<meta name=\"robots\" content=\"index, follow, max-snippet:-1, max-image-preview:large, max-video-preview:-1\" \/>\n<link rel=\"canonical\" href=\"https:\/\/www.polonia.travel\/es\/celebrando-la-llegada-de-la-primavera\/\" \/>\n<meta property=\"og:locale\" content=\"pl_PL\" \/>\n<meta property=\"og:type\" content=\"article\" \/>\n<meta property=\"og:title\" content=\"Celebrando la llegada de la primavera - Polonia Travel (ES)\" \/>\n<meta property=\"og:description\" content=\"Celebrando la llegada de la primavera La primavera astron\u00f3mica llega el 21 de marzo y en Polonia, seg\u00fan muchos, es la estaci\u00f3n&nbsp;m\u00e1s larga y bella del a\u00f1o. Se vislumbra a trav\u00e9s de campos en flor, como los de colza, que cubren grandes superficies naturales de intenso color amarillo. Los sauces, \u00e1rboles muy comunes en la [&hellip;]\" \/>\n<meta property=\"og:url\" content=\"https:\/\/www.polonia.travel\/es\/celebrando-la-llegada-de-la-primavera\/\" \/>\n<meta property=\"og:site_name\" content=\"Polonia Travel (ES)\" \/>\n<meta property=\"article:published_time\" content=\"2024-07-26T09:22:40+00:00\" \/>\n<meta property=\"article:modified_time\" content=\"2024-07-26T09:22:41+00:00\" \/>\n<meta property=\"og:image\" content=\"https:\/\/www.polonia.travel\/es\/wp-content\/uploads\/sites\/18\/2024\/04\/312497117_Grill_Adobe.jpg\" \/>\n\t<meta property=\"og:image:width\" content=\"2000\" \/>\n\t<meta property=\"og:image:height\" content=\"1333\" \/>\n\t<meta property=\"og:image:type\" content=\"image\/jpeg\" \/>\n<meta name=\"twitter:card\" content=\"summary_large_image\" \/>\n<meta name=\"twitter:label1\" content=\"Napisane przez\" \/>\n\t<meta name=\"twitter:data1\" content=\"\" \/>\n\t<meta name=\"twitter:label2\" content=\"Szacowany czas czytania\" \/>\n\t<meta name=\"twitter:data2\" content=\"3 minuty\" \/>\n<script type=\"application\/ld+json\" class=\"yoast-schema-graph\">{\"@context\":\"https:\\\/\\\/schema.org\",\"@graph\":[{\"@type\":\"Article\",\"@id\":\"https:\\\/\\\/www.polonia.travel\\\/es\\\/celebrando-la-llegada-de-la-primavera\\\/#article\",\"isPartOf\":{\"@id\":\"https:\\\/\\\/www.polonia.travel\\\/es\\\/celebrando-la-llegada-de-la-primavera\\\/\"},\"author\":{\"name\":\"\",\"@id\":\"\"},\"headline\":\"Celebrando la llegada de la primavera\",\"datePublished\":\"2024-07-26T09:22:40+00:00\",\"dateModified\":\"2024-07-26T09:22:41+00:00\",\"mainEntityOfPage\":{\"@id\":\"https:\\\/\\\/www.polonia.travel\\\/es\\\/celebrando-la-llegada-de-la-primavera\\\/\"},\"wordCount\":452,\"commentCount\":0,\"publisher\":{\"@id\":\"https:\\\/\\\/www.polonia.travel\\\/es\\\/#organization\"},\"image\":{\"@id\":\"https:\\\/\\\/www.polonia.travel\\\/es\\\/celebrando-la-llegada-de-la-primavera\\\/#primaryimage\"},\"thumbnailUrl\":\"https:\\\/\\\/www.polonia.travel\\\/es\\\/wp-content\\\/uploads\\\/sites\\\/18\\\/2024\\\/04\\\/312497117_Grill_Adobe.jpg\",\"keywords\":[\"es\",\"sobre-polonia\",\"fiestas-y-tradiciones\"],\"articleSection\":[\"Fiestas, costumbres y tradiciones\"],\"inLanguage\":\"pl-PL\"},{\"@type\":\"WebPage\",\"@id\":\"https:\\\/\\\/www.polonia.travel\\\/es\\\/celebrando-la-llegada-de-la-primavera\\\/\",\"url\":\"https:\\\/\\\/www.polonia.travel\\\/es\\\/celebrando-la-llegada-de-la-primavera\\\/\",\"name\":\"Celebrando la llegada de la primavera - Polonia Travel (ES)\",\"isPartOf\":{\"@id\":\"https:\\\/\\\/www.polonia.travel\\\/es\\\/#website\"},\"primaryImageOfPage\":{\"@id\":\"https:\\\/\\\/www.polonia.travel\\\/es\\\/celebrando-la-llegada-de-la-primavera\\\/#primaryimage\"},\"image\":{\"@id\":\"https:\\\/\\\/www.polonia.travel\\\/es\\\/celebrando-la-llegada-de-la-primavera\\\/#primaryimage\"},\"thumbnailUrl\":\"https:\\\/\\\/www.polonia.travel\\\/es\\\/wp-content\\\/uploads\\\/sites\\\/18\\\/2024\\\/04\\\/312497117_Grill_Adobe.jpg\",\"datePublished\":\"2024-07-26T09:22:40+00:00\",\"dateModified\":\"2024-07-26T09:22:41+00:00\",\"breadcrumb\":{\"@id\":\"https:\\\/\\\/www.polonia.travel\\\/es\\\/celebrando-la-llegada-de-la-primavera\\\/#breadcrumb\"},\"inLanguage\":\"pl-PL\",\"potentialAction\":[{\"@type\":\"ReadAction\",\"target\":[\"https:\\\/\\\/www.polonia.travel\\\/es\\\/celebrando-la-llegada-de-la-primavera\\\/\"]}]},{\"@type\":\"ImageObject\",\"inLanguage\":\"pl-PL\",\"@id\":\"https:\\\/\\\/www.polonia.travel\\\/es\\\/celebrando-la-llegada-de-la-primavera\\\/#primaryimage\",\"url\":\"https:\\\/\\\/www.polonia.travel\\\/es\\\/wp-content\\\/uploads\\\/sites\\\/18\\\/2024\\\/04\\\/312497117_Grill_Adobe.jpg\",\"contentUrl\":\"https:\\\/\\\/www.polonia.travel\\\/es\\\/wp-content\\\/uploads\\\/sites\\\/18\\\/2024\\\/04\\\/312497117_Grill_Adobe.jpg\",\"width\":2000,\"height\":1333,\"caption\":\"Low section of woman preparing food in barbecue grill with friends on pier\"},{\"@type\":\"BreadcrumbList\",\"@id\":\"https:\\\/\\\/www.polonia.travel\\\/es\\\/celebrando-la-llegada-de-la-primavera\\\/#breadcrumb\",\"itemListElement\":[{\"@type\":\"ListItem\",\"position\":1,\"name\":\"Home page\",\"item\":\"https:\\\/\\\/www.polonia.travel\\\/es\\\/\"},{\"@type\":\"ListItem\",\"position\":2,\"name\":\"Inspiraciones de viaje\",\"item\":\"https:\\\/\\\/www.polonia.travel\\\/es\\\/category\\\/inspiraciones-de-viaje\\\/\"},{\"@type\":\"ListItem\",\"position\":3,\"name\":\"Fiestas, costumbres y tradiciones\",\"item\":\"https:\\\/\\\/www.polonia.travel\\\/es\\\/category\\\/inspiraciones-de-viaje\\\/fiestas-costumbres-y-tradiciones\\\/\"},{\"@type\":\"ListItem\",\"position\":4,\"name\":\"Celebrando la llegada de la primavera\"}]},{\"@type\":\"WebSite\",\"@id\":\"https:\\\/\\\/www.polonia.travel\\\/es\\\/#website\",\"url\":\"https:\\\/\\\/www.polonia.travel\\\/es\\\/\",\"name\":\"Polonia Travel (ES)\",\"description\":\"...\",\"publisher\":{\"@id\":\"https:\\\/\\\/www.polonia.travel\\\/es\\\/#organization\"},\"potentialAction\":[{\"@type\":\"SearchAction\",\"target\":{\"@type\":\"EntryPoint\",\"urlTemplate\":\"https:\\\/\\\/www.polonia.travel\\\/es\\\/?s={search_term_string}\"},\"query-input\":{\"@type\":\"PropertyValueSpecification\",\"valueRequired\":true,\"valueName\":\"search_term_string\"}}],\"inLanguage\":\"pl-PL\"},{\"@type\":\"Organization\",\"@id\":\"https:\\\/\\\/www.polonia.travel\\\/es\\\/#organization\",\"name\":\"Polonia Travel (ES)\",\"url\":\"https:\\\/\\\/www.polonia.travel\\\/es\\\/\",\"logo\":{\"@type\":\"ImageObject\",\"inLanguage\":\"pl-PL\",\"@id\":\"https:\\\/\\\/www.polonia.travel\\\/es\\\/#\\\/schema\\\/logo\\\/image\\\/\",\"url\":\"\",\"contentUrl\":\"\",\"caption\":\"Polonia Travel (ES)\"},\"image\":{\"@id\":\"https:\\\/\\\/www.polonia.travel\\\/es\\\/#\\\/schema\\\/logo\\\/image\\\/\"}},{\"@type\":\"Person\",\"@id\":\"\"}]}<\/script>\n<!-- \/ Yoast SEO plugin. -->","yoast_head_json":{"title":"Celebrando la llegada de la primavera - Polonia Travel (ES)","robots":{"index":"index","follow":"follow","max-snippet":"max-snippet:-1","max-image-preview":"max-image-preview:large","max-video-preview":"max-video-preview:-1"},"canonical":"https:\/\/www.polonia.travel\/es\/celebrando-la-llegada-de-la-primavera\/","og_locale":"pl_PL","og_type":"article","og_title":"Celebrando la llegada de la primavera - Polonia Travel (ES)","og_description":"Celebrando la llegada de la primavera La primavera astron\u00f3mica llega el 21 de marzo y en Polonia, seg\u00fan muchos, es la estaci\u00f3n&nbsp;m\u00e1s larga y bella del a\u00f1o. Se vislumbra a trav\u00e9s de campos en flor, como los de colza, que cubren grandes superficies naturales de intenso color amarillo. Los sauces, \u00e1rboles muy comunes en la [&hellip;]","og_url":"https:\/\/www.polonia.travel\/es\/celebrando-la-llegada-de-la-primavera\/","og_site_name":"Polonia Travel (ES)","article_published_time":"2024-07-26T09:22:40+00:00","article_modified_time":"2024-07-26T09:22:41+00:00","og_image":[{"width":2000,"height":1333,"url":"https:\/\/www.polonia.travel\/es\/wp-content\/uploads\/sites\/18\/2024\/04\/312497117_Grill_Adobe.jpg","type":"image\/jpeg"}],"twitter_card":"summary_large_image","twitter_misc":{"Napisane przez":"","Szacowany czas czytania":"3 minuty"},"schema":{"@context":"https:\/\/schema.org","@graph":[{"@type":"Article","@id":"https:\/\/www.polonia.travel\/es\/celebrando-la-llegada-de-la-primavera\/#article","isPartOf":{"@id":"https:\/\/www.polonia.travel\/es\/celebrando-la-llegada-de-la-primavera\/"},"author":{"name":"","@id":""},"headline":"Celebrando la llegada de la primavera","datePublished":"2024-07-26T09:22:40+00:00","dateModified":"2024-07-26T09:22:41+00:00","mainEntityOfPage":{"@id":"https:\/\/www.polonia.travel\/es\/celebrando-la-llegada-de-la-primavera\/"},"wordCount":452,"commentCount":0,"publisher":{"@id":"https:\/\/www.polonia.travel\/es\/#organization"},"image":{"@id":"https:\/\/www.polonia.travel\/es\/celebrando-la-llegada-de-la-primavera\/#primaryimage"},"thumbnailUrl":"https:\/\/www.polonia.travel\/es\/wp-content\/uploads\/sites\/18\/2024\/04\/312497117_Grill_Adobe.jpg","keywords":["es","sobre-polonia","fiestas-y-tradiciones"],"articleSection":["Fiestas, costumbres y tradiciones"],"inLanguage":"pl-PL"},{"@type":"WebPage","@id":"https:\/\/www.polonia.travel\/es\/celebrando-la-llegada-de-la-primavera\/","url":"https:\/\/www.polonia.travel\/es\/celebrando-la-llegada-de-la-primavera\/","name":"Celebrando la llegada de la primavera - Polonia Travel (ES)","isPartOf":{"@id":"https:\/\/www.polonia.travel\/es\/#website"},"primaryImageOfPage":{"@id":"https:\/\/www.polonia.travel\/es\/celebrando-la-llegada-de-la-primavera\/#primaryimage"},"image":{"@id":"https:\/\/www.polonia.travel\/es\/celebrando-la-llegada-de-la-primavera\/#primaryimage"},"thumbnailUrl":"https:\/\/www.polonia.travel\/es\/wp-content\/uploads\/sites\/18\/2024\/04\/312497117_Grill_Adobe.jpg","datePublished":"2024-07-26T09:22:40+00:00","dateModified":"2024-07-26T09:22:41+00:00","breadcrumb":{"@id":"https:\/\/www.polonia.travel\/es\/celebrando-la-llegada-de-la-primavera\/#breadcrumb"},"inLanguage":"pl-PL","potentialAction":[{"@type":"ReadAction","target":["https:\/\/www.polonia.travel\/es\/celebrando-la-llegada-de-la-primavera\/"]}]},{"@type":"ImageObject","inLanguage":"pl-PL","@id":"https:\/\/www.polonia.travel\/es\/celebrando-la-llegada-de-la-primavera\/#primaryimage","url":"https:\/\/www.polonia.travel\/es\/wp-content\/uploads\/sites\/18\/2024\/04\/312497117_Grill_Adobe.jpg","contentUrl":"https:\/\/www.polonia.travel\/es\/wp-content\/uploads\/sites\/18\/2024\/04\/312497117_Grill_Adobe.jpg","width":2000,"height":1333,"caption":"Low section of woman preparing food in barbecue grill with friends on pier"},{"@type":"BreadcrumbList","@id":"https:\/\/www.polonia.travel\/es\/celebrando-la-llegada-de-la-primavera\/#breadcrumb","itemListElement":[{"@type":"ListItem","position":1,"name":"Home page","item":"https:\/\/www.polonia.travel\/es\/"},{"@type":"ListItem","position":2,"name":"Inspiraciones de viaje","item":"https:\/\/www.polonia.travel\/es\/category\/inspiraciones-de-viaje\/"},{"@type":"ListItem","position":3,"name":"Fiestas, costumbres y tradiciones","item":"https:\/\/www.polonia.travel\/es\/category\/inspiraciones-de-viaje\/fiestas-costumbres-y-tradiciones\/"},{"@type":"ListItem","position":4,"name":"Celebrando la llegada de la primavera"}]},{"@type":"WebSite","@id":"https:\/\/www.polonia.travel\/es\/#website","url":"https:\/\/www.polonia.travel\/es\/","name":"Polonia Travel (ES)","description":"...","publisher":{"@id":"https:\/\/www.polonia.travel\/es\/#organization"},"potentialAction":[{"@type":"SearchAction","target":{"@type":"EntryPoint","urlTemplate":"https:\/\/www.polonia.travel\/es\/?s={search_term_string}"},"query-input":{"@type":"PropertyValueSpecification","valueRequired":true,"valueName":"search_term_string"}}],"inLanguage":"pl-PL"},{"@type":"Organization","@id":"https:\/\/www.polonia.travel\/es\/#organization","name":"Polonia Travel (ES)","url":"https:\/\/www.polonia.travel\/es\/","logo":{"@type":"ImageObject","inLanguage":"pl-PL","@id":"https:\/\/www.polonia.travel\/es\/#\/schema\/logo\/image\/","url":"","contentUrl":"","caption":"Polonia Travel (ES)"},"image":{"@id":"https:\/\/www.polonia.travel\/es\/#\/schema\/logo\/image\/"}},{"@type":"Person","@id":""}]}},"_links":{"self":[{"href":"https:\/\/www.polonia.travel\/es\/wp-json\/wp\/v2\/posts\/31059","targetHints":{"allow":["GET"]}}],"collection":[{"href":"https:\/\/www.polonia.travel\/es\/wp-json\/wp\/v2\/posts"}],"about":[{"href":"https:\/\/www.polonia.travel\/es\/wp-json\/wp\/v2\/types\/post"}],"author":[{"embeddable":true,"href":"https:\/\/www.polonia.travel\/es\/wp-json\/wp\/v2\/users\/1"}],"replies":[{"embeddable":true,"href":"https:\/\/www.polonia.travel\/es\/wp-json\/wp\/v2\/comments?post=31059"}],"version-history":[{"count":4,"href":"https:\/\/www.polonia.travel\/es\/wp-json\/wp\/v2\/posts\/31059\/revisions"}],"predecessor-version":[{"id":34448,"href":"https:\/\/www.polonia.travel\/es\/wp-json\/wp\/v2\/posts\/31059\/revisions\/34448"}],"wp:featuredmedia":[{"embeddable":true,"href":"https:\/\/www.polonia.travel\/es\/wp-json\/wp\/v2\/media\/34445"}],"wp:attachment":[{"href":"https:\/\/www.polonia.travel\/es\/wp-json\/wp\/v2\/media?parent=31059"}],"wp:term":[{"taxonomy":"category","embeddable":true,"href":"https:\/\/www.polonia.travel\/es\/wp-json\/wp\/v2\/categories?post=31059"}],"curies":[{"name":"wp","href":"https:\/\/api.w.org\/{rel}","templated":true}]}}