{"id":31048,"date":"2024-07-26T14:16:21","date_gmt":"2024-07-26T12:16:21","guid":{"rendered":"https:\/\/wp-es.poland.travel\/?p=31048"},"modified":"2024-07-26T14:16:22","modified_gmt":"2024-07-26T12:16:22","slug":"navidad-a-la-polaca","status":"publish","type":"post","link":"https:\/\/www.polonia.travel\/es\/navidad-a-la-polaca\/","title":{"rendered":"Navidad a la polaca"},"content":{"rendered":"\n<div class=\"wp-block-group is-style-container-medium\"><div class=\"wp-block-group__inner-container is-layout-constrained wp-block-group-is-layout-constrained\">\n<h2 class=\"wp-block-heading\">Navidad a la polaca<\/h2>\n\n\n\n<p>La Navidad es una \u00e9poca muy se\u00f1alada para los polacos, y la Nochebuena su d\u00eda m\u00e1s importante, cuando los familiares se re\u00fanen alrededor de la mesa con un abundante men\u00fa que consta de <strong>doce platos<\/strong>. Aunque se trata de una fiesta familiar, cada vez es m\u00e1s com\u00fan celebrar estas fechas fuera de casa, en un restaurante, para evitar tener que preparar tanta comida. La mayor\u00eda de estos cierra el d\u00eda de Nochebuena, sin embargo algunos ofrecen men\u00fas especiales para este d\u00eda. Las comilonas siguen durante los d\u00edas 25 y 26 de diciembre, que son festivos nacionales. Los museos, el resto de restaurantes y algunos supermercados vuelven a abrir el segundo d\u00eda festivo.<\/p>\n\n\n\n<p>Los <strong>mercadillos de Navidad<\/strong> suelen abrir sus puertas a finales de noviembre, coincidiendo con la inauguraci\u00f3n de las decoraciones navide\u00f1as en las calles del pa\u00eds. Varsovia organiza todos los a\u00f1os una ceremonia de inauguraci\u00f3n con instalaciones temporales espectaculares que se mueven entre lo elegante y lo rompedor. Por su parte,&nbsp;el mercadillo de la Plaza Mayor de Cracovia suele ser el m\u00e1s grande y el m\u00e1s variado del pa\u00eds. Los puestos acostumbran a abrir desde por la ma\u00f1ana hasta bien entrada la noche, dependiendo, en cualquier caso, de la afluencia del p\u00fablico. Los mercadillos exponen los t\u00edpicos art\u00edculos de Navidad hasta el 24 de diciembre. La artesan\u00eda de las bolas de Navidad es una tradici\u00f3n de largo recorrido en Polonia, as\u00ed que&nbsp;aunque se trata de un art\u00edculo muy delicado, puede suponer un buen suvenir que llevarse a casa en esta \u00e9poca del a\u00f1o.<\/p>\n<\/div><\/div>\n\n\n\n<div style=\"height:100px\" aria-hidden=\"true\" class=\"wp-block-spacer is-style-spacer-small\"><\/div>\n\n\n\n<div class=\"wp-block-group is-style-container\"><div class=\"wp-block-group__inner-container is-layout-constrained wp-block-group-is-layout-constrained\">  <div class=\"gallery-tiles gallery-tiles--rows-3-2 lightgallery\">\r\n          <a href=\"https:\/\/www.polonia.travel\/es\/wp-content\/uploads\/sites\/18\/2023\/07\/TRADITION_0001_304715171_Wigilia_oplatek_Adobe.jpg\" class=\"gallery-tiles__item\" data-src=\"https:\/\/www.polonia.travel\/es\/wp-content\/uploads\/sites\/18\/2023\/07\/TRADITION_0001_304715171_Wigilia_oplatek_Adobe.jpg\"\r\n        aria-label=\"Otw\u00f3rz powi\u0119kszone zdj\u0119cie: TRADITION_0001_304715171_Wigilia_oplatek_Adobe\">\r\n        <img loading=\"lazy\" decoding=\"async\" width=\"1170\" height=\"780\" src=\"https:\/\/www.polonia.travel\/es\/wp-content\/uploads\/sites\/18\/2023\/07\/TRADITION_0001_304715171_Wigilia_oplatek_Adobe.jpg\" class=\"gallery-tiles__thumb\" alt=\"\" srcset=\"https:\/\/www.polonia.travel\/es\/wp-content\/uploads\/sites\/18\/2023\/07\/TRADITION_0001_304715171_Wigilia_oplatek_Adobe.jpg 1170w, https:\/\/www.polonia.travel\/es\/wp-content\/uploads\/sites\/18\/2023\/07\/TRADITION_0001_304715171_Wigilia_oplatek_Adobe-600x400.jpg 600w, https:\/\/www.polonia.travel\/es\/wp-content\/uploads\/sites\/18\/2023\/07\/TRADITION_0001_304715171_Wigilia_oplatek_Adobe-768x512.jpg 768w\" sizes=\"auto, (max-width: 1170px) 100vw, 1170px\" \/>      <\/a>\r\n          <a href=\"https:\/\/www.polonia.travel\/es\/wp-content\/uploads\/sites\/18\/2023\/09\/28_Fotolia_kulinarne_Zupa_grzybowa_HR-Custom.jpg\" class=\"gallery-tiles__item\" data-src=\"https:\/\/www.polonia.travel\/es\/wp-content\/uploads\/sites\/18\/2023\/09\/28_Fotolia_kulinarne_Zupa_grzybowa_HR-Custom.jpg\"\r\n        aria-label=\"Otw\u00f3rz powi\u0119kszone zdj\u0119cie: Danie wigiljne, zupa grzybowa\">\r\n        <img loading=\"lazy\" decoding=\"async\" width=\"1170\" height=\"680\" src=\"https:\/\/www.polonia.travel\/es\/wp-content\/uploads\/sites\/18\/2023\/09\/28_Fotolia_kulinarne_Zupa_grzybowa_HR-Custom.jpg\" class=\"gallery-tiles__thumb\" alt=\"\" srcset=\"https:\/\/www.polonia.travel\/es\/wp-content\/uploads\/sites\/18\/2023\/09\/28_Fotolia_kulinarne_Zupa_grzybowa_HR-Custom.jpg 1170w, https:\/\/www.polonia.travel\/es\/wp-content\/uploads\/sites\/18\/2023\/09\/28_Fotolia_kulinarne_Zupa_grzybowa_HR-Custom-600x349.jpg 600w, https:\/\/www.polonia.travel\/es\/wp-content\/uploads\/sites\/18\/2023\/09\/28_Fotolia_kulinarne_Zupa_grzybowa_HR-Custom-768x446.jpg 768w\" sizes=\"auto, (max-width: 1170px) 100vw, 1170px\" \/>      <\/a>\r\n          <a href=\"https:\/\/www.polonia.travel\/es\/wp-content\/uploads\/sites\/18\/2024\/04\/56_Fotolia_kulinarne_Barszcz_z_uszkami_HR.jpg\" class=\"gallery-tiles__item\" data-src=\"https:\/\/www.polonia.travel\/es\/wp-content\/uploads\/sites\/18\/2024\/04\/56_Fotolia_kulinarne_Barszcz_z_uszkami_HR.jpg\"\r\n        aria-label=\"Otw\u00f3rz powi\u0119kszone zdj\u0119cie: 56_Fotolia_kulinarne_Barszcz_z_uszkami_HR\">\r\n        <img loading=\"lazy\" decoding=\"async\" width=\"1200\" height=\"800\" src=\"https:\/\/www.polonia.travel\/es\/wp-content\/uploads\/sites\/18\/2024\/04\/56_Fotolia_kulinarne_Barszcz_z_uszkami_HR-1200x800.jpg\" class=\"gallery-tiles__thumb\" alt=\"\" srcset=\"https:\/\/www.polonia.travel\/es\/wp-content\/uploads\/sites\/18\/2024\/04\/56_Fotolia_kulinarne_Barszcz_z_uszkami_HR-1200x800.jpg 1200w, https:\/\/www.polonia.travel\/es\/wp-content\/uploads\/sites\/18\/2024\/04\/56_Fotolia_kulinarne_Barszcz_z_uszkami_HR-600x400.jpg 600w, https:\/\/www.polonia.travel\/es\/wp-content\/uploads\/sites\/18\/2024\/04\/56_Fotolia_kulinarne_Barszcz_z_uszkami_HR-768x512.jpg 768w, https:\/\/www.polonia.travel\/es\/wp-content\/uploads\/sites\/18\/2024\/04\/56_Fotolia_kulinarne_Barszcz_z_uszkami_HR.jpg 1536w\" sizes=\"auto, (max-width: 1200px) 100vw, 1200px\" \/>      <\/a>\r\n          <a href=\"https:\/\/www.polonia.travel\/es\/wp-content\/uploads\/sites\/18\/2024\/04\/Jarmark20C3B9wiC391teczny_fot.20F.20Kwiatkowski204.jpg\" class=\"gallery-tiles__item\" data-src=\"https:\/\/www.polonia.travel\/es\/wp-content\/uploads\/sites\/18\/2024\/04\/Jarmark20C3B9wiC391teczny_fot.20F.20Kwiatkowski204.jpg\"\r\n        aria-label=\"Otw\u00f3rz powi\u0119kszone zdj\u0119cie: Jarmark20C3B9wiC391teczny_fot.20F.20Kwiatkowski204\">\r\n        <img loading=\"lazy\" decoding=\"async\" width=\"1024\" height=\"682\" src=\"https:\/\/www.polonia.travel\/es\/wp-content\/uploads\/sites\/18\/2024\/04\/Jarmark20C3B9wiC391teczny_fot.20F.20Kwiatkowski204.jpg\" class=\"gallery-tiles__thumb\" alt=\"\" srcset=\"https:\/\/www.polonia.travel\/es\/wp-content\/uploads\/sites\/18\/2024\/04\/Jarmark20C3B9wiC391teczny_fot.20F.20Kwiatkowski204.jpg 1024w, https:\/\/www.polonia.travel\/es\/wp-content\/uploads\/sites\/18\/2024\/04\/Jarmark20C3B9wiC391teczny_fot.20F.20Kwiatkowski204-600x400.jpg 600w, https:\/\/www.polonia.travel\/es\/wp-content\/uploads\/sites\/18\/2024\/04\/Jarmark20C3B9wiC391teczny_fot.20F.20Kwiatkowski204-768x512.jpg 768w\" sizes=\"auto, (max-width: 1024px) 100vw, 1024px\" \/>      <\/a>\r\n          <a href=\"https:\/\/www.polonia.travel\/es\/wp-content\/uploads\/sites\/18\/2024\/04\/DSC_4861_WrocC582aw_Jarmark20BoC5BConarodzeniowy.jpg\" class=\"gallery-tiles__item\" data-src=\"https:\/\/www.polonia.travel\/es\/wp-content\/uploads\/sites\/18\/2024\/04\/DSC_4861_WrocC582aw_Jarmark20BoC5BConarodzeniowy.jpg\"\r\n        aria-label=\"Otw\u00f3rz powi\u0119kszone zdj\u0119cie: DSC_4861_WrocC582aw_Jarmark20BoC5BConarodzeniowy\">\r\n        <img loading=\"lazy\" decoding=\"async\" width=\"1200\" height=\"800\" src=\"https:\/\/www.polonia.travel\/es\/wp-content\/uploads\/sites\/18\/2024\/04\/DSC_4861_WrocC582aw_Jarmark20BoC5BConarodzeniowy-1200x800.jpg\" class=\"gallery-tiles__thumb\" alt=\"\" srcset=\"https:\/\/www.polonia.travel\/es\/wp-content\/uploads\/sites\/18\/2024\/04\/DSC_4861_WrocC582aw_Jarmark20BoC5BConarodzeniowy-1200x800.jpg 1200w, https:\/\/www.polonia.travel\/es\/wp-content\/uploads\/sites\/18\/2024\/04\/DSC_4861_WrocC582aw_Jarmark20BoC5BConarodzeniowy-600x400.jpg 600w, https:\/\/www.polonia.travel\/es\/wp-content\/uploads\/sites\/18\/2024\/04\/DSC_4861_WrocC582aw_Jarmark20BoC5BConarodzeniowy-768x512.jpg 768w, https:\/\/www.polonia.travel\/es\/wp-content\/uploads\/sites\/18\/2024\/04\/DSC_4861_WrocC582aw_Jarmark20BoC5BConarodzeniowy.jpg 1536w\" sizes=\"auto, (max-width: 1200px) 100vw, 1200px\" \/>      <\/a>\r\n      <\/div>\r\n<\/div><\/div>\n\n\n\n<div style=\"height:100px\" aria-hidden=\"true\" class=\"wp-block-spacer is-style-spacer-small\"><\/div>\n\n\n\n<div class=\"wp-block-group is-style-container-medium\"><div class=\"wp-block-group__inner-container is-layout-constrained wp-block-group-is-layout-constrained\">\n<p>Los polacos, que est\u00e1n acostumbrados al fr\u00edo, intentan disfrutar del&nbsp;<strong>tiempo al aire libre<\/strong>. Cuando hay buenas condiciones de nieve es recomendable planificar alguna actividad fuera de las grandes ciudades: practicar&nbsp;<a href=\"https:\/\/www.youtube.com\/watch?v=4FKrtb7GrIM\">esqu\u00ed alpino<\/a>, esqu\u00ed de fondo o simplemente contratar un paseo en trineo de caballos, <a href=\"https:\/\/www.youtube.com\/watch?v=D5bAV_ZtI1g\">una actividad&nbsp;muy popular&nbsp;en toda Polonia<\/a>. Si prefieres quedarte en la ciudad, \u00e9stas suelen poner a disposici\u00f3n de habitantes y viajeros pistas de patinaje al aire libre, algunas de ellas en los centros hist\u00f3ricos (como la Plaza del Mercado de Varsovia) o en otros lugares atractivos donde se ampl\u00eda la oferta (el <strong>Estadio Nacional de Varsovia<\/strong> abre dos pistas de patinaje sobre hielo, un <em>skatepark<\/em>, una pista de curling, un <em>icebar<\/em>, zona de espect\u00e1culos, etc.). Estos espacios suelen abrir a partir de primeros de diciembre hasta que termina el carnaval.<\/p>\n\n\n\n<p>El fin de fiesta lo pone, obviamente, la Nochevieja, que al contrario que la Nochebuena deja de tener car\u00e1cter familiar. Las fiestas suelen empezar sobre las 20 o 21 h, y hay gran variedad de propuestas. Ciudades como Varsovia, Cracovia, Wroc\u0142aw, Gda\u0144sk&nbsp;o Pozna\u0144 organizan macro fiestas al aire libre en plazas hist\u00f3ricas (como las de Cracovia y Wroc\u0142aw) o en otros espacios abiertos (como el Estadio Nacional de Varsovia), mientras que hoteles y restaurantes nos invitan a recibir el A\u00f1o Nuevo en sus&nbsp;cenas con cotill\u00f3n. En las zonas m\u00e1s concurridas de turismo activo y de naturaleza (la capital invernal en este sentido es <strong>Zakopane<\/strong>) se organizan fiestas en las pistas de esqu\u00ed o en alguno de los balnearios geotermales.<\/p>\n\n\n\n<p>Aunque en menor medida que en Espa\u00f1a, durante la v\u00edspera del festivo de los Reyes Magos se organizan desfiles callejeros, siendo el m\u00e1s vistoso el que organiza la capital.<\/p>\n<\/div><\/div>\n\n\n\n<div class=\"wp-block-group has-background\" style=\"background-color:#eeeeee\"><div class=\"wp-block-group__inner-container is-layout-constrained wp-block-group-is-layout-constrained\">\n<div style=\"height:100px\" aria-hidden=\"true\" class=\"wp-block-spacer is-style-spacer-small\"><\/div>\n\n\n\n<div class=\"wp-block-group is-style-container\"><div class=\"wp-block-group__inner-container is-layout-constrained wp-block-group-is-layout-constrained\">\n<h3 class=\"wp-block-heading\">Lee m\u00e1s art\u00edculos<\/h3>\n\n\n\n<div style=\"height:100px\" aria-hidden=\"true\" class=\"wp-block-spacer is-style-spacer-small\"><\/div>\n\n\n<div class=\"overflow\">\n  <div class=\"post-slider swiper post-slider--small\" data-schema=\"small\">\n\n    <div class=\"swiper-wrapper\">\n              <div class=\"swiper-slide post-slide\">\n                      <a href=\"https:\/\/www.polonia.travel\/es\/la-gran-orquesta-solidaria-de-navidad\/\" class=\"post-box post-box--small\" style=\" background-image: url(https:\/\/www.polonia.travel\/es\/wp-content\/uploads\/sites\/18\/2024\/05\/Wielka-Orkiestra-Swiatecznej-Pomocy-web-8.jpg);\">\n          <div class=\"post-box__hover\" style=\"background-image: url(https:\/\/www.polonia.travel\/es\/wp-content\/uploads\/sites\/18\/2024\/04\/SERDUSZKO_WOSP_ES_podglad.jpg);\"><\/div>\n        <div class=\"post-box__info\">\n            <div class=\"post-box__title\">La Gran Orquesta Solidaria de Navidad<\/div>\n      <div class=\"post-box__more\">Leer m\u00e1s<\/div>\n    <\/div>\n  <\/a>\n\n          <\/div>\n              <div class=\"swiper-slide post-slide\">\n                      <a href=\"https:\/\/www.polonia.travel\/es\/idiomas-y-dialectos-en-polonia\/\" class=\"post-box post-box--small\" style=\" background-image: url(https:\/\/www.polonia.travel\/es\/wp-content\/uploads\/sites\/18\/2025\/06\/34-Warszawa-zielona-Ogrod-Saski-fot-Jaroslaw-Marciuk-480x600.jpg);\">\n        <div class=\"post-box__info\">\n            <div class=\"post-box__title\">Idiomas y dialectos en Polonia<\/div>\n      <div class=\"post-box__more\">Leer m\u00e1s<\/div>\n    <\/div>\n  <\/a>\n\n          <\/div>\n              <div class=\"swiper-slide post-slide\">\n                      <a href=\"https:\/\/www.polonia.travel\/es\/la-noche-de-san-juan\/\" class=\"post-box post-box--small\" style=\" background-image: url(https:\/\/www.polonia.travel\/es\/wp-content\/uploads\/sites\/18\/2024\/04\/707_noc-swietojanska-nad-rzeka-bug-w_HR-600x398.jpg);\">\n          <div class=\"post-box__hover\" style=\"background-image: url(https:\/\/www.polonia.travel\/es\/wp-content\/uploads\/sites\/18\/2024\/07\/Noc-Kupaly-600x407.jpg);\"><\/div>\n        <div class=\"post-box__info\">\n            <div class=\"post-box__title\">La Noche de San Juan<\/div>\n      <div class=\"post-box__more\">Leer m\u00e1s<\/div>\n    <\/div>\n  <\/a>\n\n          <\/div>\n              <div class=\"swiper-slide post-slide\">\n                      <a href=\"https:\/\/www.polonia.travel\/es\/semana-santa\/\" class=\"post-box post-box--small\" style=\" background-image: url(https:\/\/www.polonia.travel\/es\/wp-content\/uploads\/sites\/18\/2024\/04\/pisanki20skrobane20rozmiar20web-1.jpg);\">\n          <div class=\"post-box__hover\" style=\"background-image: url(https:\/\/www.polonia.travel\/es\/wp-content\/uploads\/sites\/18\/2025\/03\/PENT9471-1.jpg);\"><\/div>\n        <div class=\"post-box__info\">\n            <div class=\"post-box__title\">Semana Santa<\/div>\n      <div class=\"post-box__more\">Leer m\u00e1s<\/div>\n    <\/div>\n  <\/a>\n\n          <\/div>\n              <div class=\"swiper-slide post-slide\">\n                      <a href=\"https:\/\/www.polonia.travel\/es\/por-todos-los-santos\/\" class=\"post-box post-box--small\" style=\" background-image: url(https:\/\/www.polonia.travel\/es\/wp-content\/uploads\/sites\/18\/2023\/04\/009690_Cmentarz_MC_P-600x400.jpg);\">\n          <div class=\"post-box__hover\" style=\"background-image: url(https:\/\/www.polonia.travel\/es\/wp-content\/uploads\/sites\/18\/2023\/09\/9472_00001_Cmentarz_DSC-Custom-600x349.jpg);\"><\/div>\n        <div class=\"post-box__info\">\n            <div class=\"post-box__title\">\u00a1Por todos los Santos!<\/div>\n      <div class=\"post-box__more\">Leer m\u00e1s<\/div>\n    <\/div>\n  <\/a>\n\n          <\/div>\n              <div class=\"swiper-slide post-slide\">\n                      <a href=\"https:\/\/www.polonia.travel\/es\/noche-de-adivinanzas\/\" class=\"post-box post-box--small\" style=\" background-image: url(https:\/\/www.polonia.travel\/es\/wp-content\/uploads\/sites\/18\/2024\/07\/OMD82504-600x400.jpg);\">\n          <div class=\"post-box__hover\" style=\"background-image: url(https:\/\/www.polonia.travel\/es\/wp-content\/uploads\/sites\/18\/2024\/04\/andrzejki.jpg);\"><\/div>\n        <div class=\"post-box__info\">\n            <div class=\"post-box__title\">Noche de adivinanzas<\/div>\n      <div class=\"post-box__more\">Leer m\u00e1s<\/div>\n    <\/div>\n  <\/a>\n\n          <\/div>\n              <div class=\"swiper-slide post-slide\">\n                      <a href=\"https:\/\/www.polonia.travel\/es\/navidad-a-la-polaca\/\" class=\"post-box post-box--small\" style=\" background-image: url(https:\/\/www.polonia.travel\/es\/wp-content\/uploads\/sites\/18\/2022\/12\/oplatek_wigilijny_1170-600x400.jpg);\">\n          <div class=\"post-box__hover\" style=\"background-image: url(https:\/\/www.polonia.travel\/es\/wp-content\/uploads\/sites\/18\/2024\/04\/79_Fotolia_kulinarne_Barszcz_HR-600x398.jpg);\"><\/div>\n        <div class=\"post-box__info\">\n            <div class=\"post-box__title\">Navidad a la polaca<\/div>\n      <div class=\"post-box__more\">Leer m\u00e1s<\/div>\n    <\/div>\n  <\/a>\n\n          <\/div>\n              <div class=\"swiper-slide post-slide\">\n                      <a href=\"https:\/\/www.polonia.travel\/es\/jueves-lardero\/\" class=\"post-box post-box--small\" style=\" background-image: url(https:\/\/www.polonia.travel\/es\/wp-content\/uploads\/sites\/18\/2022\/12\/paczki_tlusty_czwartek_1170-600x401.jpg);\">\n          <div class=\"post-box__hover\" style=\"background-image: url(https:\/\/www.polonia.travel\/es\/wp-content\/uploads\/sites\/18\/2022\/12\/faworki_tlusty_czwartek_1170-600x400.jpeg);\"><\/div>\n        <div class=\"post-box__info\">\n            <div class=\"post-box__title\">Jueves Lardero<\/div>\n      <div class=\"post-box__more\">Leer m\u00e1s<\/div>\n    <\/div>\n  <\/a>\n\n          <\/div>\n              <div class=\"swiper-slide post-slide\">\n                      <a href=\"https:\/\/www.polonia.travel\/es\/supersticiones-y-remedios-para-evitar-mala-suerte\/\" class=\"post-box post-box--small\" style=\" background-image: url(https:\/\/www.polonia.travel\/es\/wp-content\/uploads\/sites\/18\/2024\/04\/koniczyna20420listna20540x36020AdobeStock_218540796.jpg);\">\n          <div class=\"post-box__hover\" style=\"background-image: url(https:\/\/www.polonia.travel\/es\/wp-content\/uploads\/sites\/18\/2023\/07\/kot-1170-600x437.jpg);\"><\/div>\n        <div class=\"post-box__info\">\n            <div class=\"post-box__title\">Supersticiones y remedios para evitar mala suerte<\/div>\n      <div class=\"post-box__more\">Leer m\u00e1s<\/div>\n    <\/div>\n  <\/a>\n\n          <\/div>\n              <div class=\"swiper-slide post-slide\">\n                      <a href=\"https:\/\/www.polonia.travel\/es\/costumbres-y-habitos\/\" class=\"post-box post-box--small\" style=\" background-image: url(https:\/\/www.polonia.travel\/es\/wp-content\/uploads\/sites\/18\/2023\/07\/kapcie-600x343.jpg);\">\n          <div class=\"post-box__hover\" style=\"background-image: url(https:\/\/www.polonia.travel\/es\/wp-content\/uploads\/sites\/18\/2024\/04\/Kapcie20540x36020AdobeStock_140532167.jpg);\"><\/div>\n        <div class=\"post-box__info\">\n            <div class=\"post-box__title\">Costumbres y h\u00e1bitos<\/div>\n      <div class=\"post-box__more\">Leer m\u00e1s<\/div>\n    <\/div>\n  <\/a>\n\n          <\/div>\n              <div class=\"swiper-slide post-slide\">\n                      <a href=\"https:\/\/www.polonia.travel\/es\/celebrando-la-llegada-de-la-primavera\/\" class=\"post-box post-box--small\" style=\" background-image: url(https:\/\/www.polonia.travel\/es\/wp-content\/uploads\/sites\/18\/2023\/07\/marzanna-600x400.png);\">\n          <div class=\"post-box__hover\" style=\"background-image: url(https:\/\/www.polonia.travel\/es\/wp-content\/uploads\/sites\/18\/2024\/04\/312497117_Grill_Adobe-600x400.jpg);\"><\/div>\n        <div class=\"post-box__info\">\n            <div class=\"post-box__title\">Celebrando la llegada de la primavera<\/div>\n      <div class=\"post-box__more\">Leer m\u00e1s<\/div>\n    <\/div>\n  <\/a>\n\n          <\/div>\n              <div class=\"swiper-slide post-slide\">\n                      <a href=\"https:\/\/www.polonia.travel\/es\/costumbres-polacas\/\" class=\"post-box post-box--small\" style=\" background-image: url(https:\/\/www.polonia.travel\/es\/wp-content\/uploads\/sites\/18\/2023\/07\/mazowsze_zespol_2_1170-600x400.jpg);\">\n          <div class=\"post-box__hover\" style=\"background-image: url(https:\/\/www.polonia.travel\/es\/wp-content\/uploads\/sites\/18\/2023\/07\/Krakow5402.jpg);\"><\/div>\n        <div class=\"post-box__info\">\n            <div class=\"post-box__title\">Costumbres polacas<\/div>\n      <div class=\"post-box__more\">Leer m\u00e1s<\/div>\n    <\/div>\n  <\/a>\n\n          <\/div>\n          <\/div>\n    <div class=\"post-slider__pagination\"><\/div>\n  <\/div>\n<\/div>\n<\/div><\/div>\n\n\n\n<div style=\"height:100px\" aria-hidden=\"true\" class=\"wp-block-spacer is-style-spacer-small\"><\/div>\n<\/div><\/div>\n","protected":false},"excerpt":{"rendered":"<p>Navidad a la polaca La Navidad es una \u00e9poca muy se\u00f1alada para los polacos, y la Nochebuena su d\u00eda m\u00e1s importante, cuando los familiares se re\u00fanen alrededor de la mesa con un abundante men\u00fa que consta de doce platos. Aunque se trata de una fiesta familiar, cada vez es m\u00e1s com\u00fan celebrar estas fechas fuera [&hellip;]<\/p>\n","protected":false},"author":1,"featured_media":19755,"comment_status":"open","ping_status":"open","sticky":false,"template":"","format":"standard","meta":{"_acf_changed":false,"footnotes":""},"categories":[1222],"class_list":["post-31048","post","type-post","status-publish","format-standard","has-post-thumbnail","hentry","category-fiestas-costumbres-y-tradiciones"],"acf":[],"yoast_head":"<!-- This site is optimized with the Yoast SEO plugin v27.4 - https:\/\/yoast.com\/product\/yoast-seo-wordpress\/ -->\n<title>Navidad a la polaca - Polonia Travel (ES)<\/title>\n<meta name=\"robots\" content=\"index, follow, max-snippet:-1, max-image-preview:large, max-video-preview:-1\" \/>\n<link rel=\"canonical\" href=\"https:\/\/www.polonia.travel\/es\/navidad-a-la-polaca\/\" \/>\n<meta property=\"og:locale\" content=\"pl_PL\" \/>\n<meta property=\"og:type\" content=\"article\" \/>\n<meta property=\"og:title\" content=\"Navidad a la polaca - Polonia Travel (ES)\" \/>\n<meta property=\"og:description\" content=\"Navidad a la polaca La Navidad es una \u00e9poca muy se\u00f1alada para los polacos, y la Nochebuena su d\u00eda m\u00e1s importante, cuando los familiares se re\u00fanen alrededor de la mesa con un abundante men\u00fa que consta de doce platos. Aunque se trata de una fiesta familiar, cada vez es m\u00e1s com\u00fan celebrar estas fechas fuera [&hellip;]\" \/>\n<meta property=\"og:url\" content=\"https:\/\/www.polonia.travel\/es\/navidad-a-la-polaca\/\" \/>\n<meta property=\"og:site_name\" content=\"Polonia Travel (ES)\" \/>\n<meta property=\"article:published_time\" content=\"2024-07-26T12:16:21+00:00\" \/>\n<meta property=\"article:modified_time\" content=\"2024-07-26T12:16:22+00:00\" \/>\n<meta property=\"og:image\" content=\"https:\/\/www.polonia.travel\/es\/wp-content\/uploads\/sites\/18\/2023\/02\/123715355_Fotolia_Jarmark_Bozonarodz_HR.jpg\" \/>\n\t<meta property=\"og:image:width\" content=\"1920\" \/>\n\t<meta property=\"og:image:height\" content=\"640\" \/>\n\t<meta property=\"og:image:type\" content=\"image\/jpeg\" \/>\n<meta name=\"twitter:card\" content=\"summary_large_image\" \/>\n<meta name=\"twitter:label1\" content=\"Napisane przez\" \/>\n\t<meta name=\"twitter:data1\" content=\"\" \/>\n\t<meta name=\"twitter:label2\" content=\"Szacowany czas czytania\" \/>\n\t<meta name=\"twitter:data2\" content=\"4 minuty\" \/>\n<script type=\"application\/ld+json\" class=\"yoast-schema-graph\">{\"@context\":\"https:\\\/\\\/schema.org\",\"@graph\":[{\"@type\":\"Article\",\"@id\":\"https:\\\/\\\/www.polonia.travel\\\/es\\\/navidad-a-la-polaca\\\/#article\",\"isPartOf\":{\"@id\":\"https:\\\/\\\/www.polonia.travel\\\/es\\\/navidad-a-la-polaca\\\/\"},\"author\":{\"name\":\"\",\"@id\":\"\"},\"headline\":\"Navidad a la polaca\",\"datePublished\":\"2024-07-26T12:16:21+00:00\",\"dateModified\":\"2024-07-26T12:16:22+00:00\",\"mainEntityOfPage\":{\"@id\":\"https:\\\/\\\/www.polonia.travel\\\/es\\\/navidad-a-la-polaca\\\/\"},\"wordCount\":603,\"commentCount\":0,\"publisher\":{\"@id\":\"https:\\\/\\\/www.polonia.travel\\\/es\\\/#organization\"},\"image\":{\"@id\":\"https:\\\/\\\/www.polonia.travel\\\/es\\\/navidad-a-la-polaca\\\/#primaryimage\"},\"thumbnailUrl\":\"https:\\\/\\\/www.polonia.travel\\\/es\\\/wp-content\\\/uploads\\\/sites\\\/18\\\/2023\\\/02\\\/123715355_Fotolia_Jarmark_Bozonarodz_HR.jpg\",\"keywords\":[\"fiestas-y-tradiciones\",\"es\",\"antes-del-viaje\",\"sobre-polonia\"],\"articleSection\":[\"Fiestas, costumbres y tradiciones\"],\"inLanguage\":\"pl-PL\"},{\"@type\":\"WebPage\",\"@id\":\"https:\\\/\\\/www.polonia.travel\\\/es\\\/navidad-a-la-polaca\\\/\",\"url\":\"https:\\\/\\\/www.polonia.travel\\\/es\\\/navidad-a-la-polaca\\\/\",\"name\":\"Navidad a la polaca - Polonia Travel (ES)\",\"isPartOf\":{\"@id\":\"https:\\\/\\\/www.polonia.travel\\\/es\\\/#website\"},\"primaryImageOfPage\":{\"@id\":\"https:\\\/\\\/www.polonia.travel\\\/es\\\/navidad-a-la-polaca\\\/#primaryimage\"},\"image\":{\"@id\":\"https:\\\/\\\/www.polonia.travel\\\/es\\\/navidad-a-la-polaca\\\/#primaryimage\"},\"thumbnailUrl\":\"https:\\\/\\\/www.polonia.travel\\\/es\\\/wp-content\\\/uploads\\\/sites\\\/18\\\/2023\\\/02\\\/123715355_Fotolia_Jarmark_Bozonarodz_HR.jpg\",\"datePublished\":\"2024-07-26T12:16:21+00:00\",\"dateModified\":\"2024-07-26T12:16:22+00:00\",\"breadcrumb\":{\"@id\":\"https:\\\/\\\/www.polonia.travel\\\/es\\\/navidad-a-la-polaca\\\/#breadcrumb\"},\"inLanguage\":\"pl-PL\",\"potentialAction\":[{\"@type\":\"ReadAction\",\"target\":[\"https:\\\/\\\/www.polonia.travel\\\/es\\\/navidad-a-la-polaca\\\/\"]}]},{\"@type\":\"ImageObject\",\"inLanguage\":\"pl-PL\",\"@id\":\"https:\\\/\\\/www.polonia.travel\\\/es\\\/navidad-a-la-polaca\\\/#primaryimage\",\"url\":\"https:\\\/\\\/www.polonia.travel\\\/es\\\/wp-content\\\/uploads\\\/sites\\\/18\\\/2023\\\/02\\\/123715355_Fotolia_Jarmark_Bozonarodz_HR.jpg\",\"contentUrl\":\"https:\\\/\\\/www.polonia.travel\\\/es\\\/wp-content\\\/uploads\\\/sites\\\/18\\\/2023\\\/02\\\/123715355_Fotolia_Jarmark_Bozonarodz_HR.jpg\",\"width\":1920,\"height\":640,\"caption\":\"Portrait of smiling young brunette choosing Christmas decoration at market\"},{\"@type\":\"BreadcrumbList\",\"@id\":\"https:\\\/\\\/www.polonia.travel\\\/es\\\/navidad-a-la-polaca\\\/#breadcrumb\",\"itemListElement\":[{\"@type\":\"ListItem\",\"position\":1,\"name\":\"Home page\",\"item\":\"https:\\\/\\\/www.polonia.travel\\\/es\\\/\"},{\"@type\":\"ListItem\",\"position\":2,\"name\":\"Inspiraciones de viaje\",\"item\":\"https:\\\/\\\/www.polonia.travel\\\/es\\\/category\\\/inspiraciones-de-viaje\\\/\"},{\"@type\":\"ListItem\",\"position\":3,\"name\":\"Fiestas, costumbres y tradiciones\",\"item\":\"https:\\\/\\\/www.polonia.travel\\\/es\\\/category\\\/inspiraciones-de-viaje\\\/fiestas-costumbres-y-tradiciones\\\/\"},{\"@type\":\"ListItem\",\"position\":4,\"name\":\"Navidad a la polaca\"}]},{\"@type\":\"WebSite\",\"@id\":\"https:\\\/\\\/www.polonia.travel\\\/es\\\/#website\",\"url\":\"https:\\\/\\\/www.polonia.travel\\\/es\\\/\",\"name\":\"Polonia Travel (ES)\",\"description\":\"...\",\"publisher\":{\"@id\":\"https:\\\/\\\/www.polonia.travel\\\/es\\\/#organization\"},\"potentialAction\":[{\"@type\":\"SearchAction\",\"target\":{\"@type\":\"EntryPoint\",\"urlTemplate\":\"https:\\\/\\\/www.polonia.travel\\\/es\\\/?s={search_term_string}\"},\"query-input\":{\"@type\":\"PropertyValueSpecification\",\"valueRequired\":true,\"valueName\":\"search_term_string\"}}],\"inLanguage\":\"pl-PL\"},{\"@type\":\"Organization\",\"@id\":\"https:\\\/\\\/www.polonia.travel\\\/es\\\/#organization\",\"name\":\"Polonia Travel (ES)\",\"url\":\"https:\\\/\\\/www.polonia.travel\\\/es\\\/\",\"logo\":{\"@type\":\"ImageObject\",\"inLanguage\":\"pl-PL\",\"@id\":\"https:\\\/\\\/www.polonia.travel\\\/es\\\/#\\\/schema\\\/logo\\\/image\\\/\",\"url\":\"\",\"contentUrl\":\"\",\"caption\":\"Polonia Travel (ES)\"},\"image\":{\"@id\":\"https:\\\/\\\/www.polonia.travel\\\/es\\\/#\\\/schema\\\/logo\\\/image\\\/\"}},{\"@type\":\"Person\",\"@id\":\"\"}]}<\/script>\n<!-- \/ Yoast SEO plugin. -->","yoast_head_json":{"title":"Navidad a la polaca - Polonia Travel (ES)","robots":{"index":"index","follow":"follow","max-snippet":"max-snippet:-1","max-image-preview":"max-image-preview:large","max-video-preview":"max-video-preview:-1"},"canonical":"https:\/\/www.polonia.travel\/es\/navidad-a-la-polaca\/","og_locale":"pl_PL","og_type":"article","og_title":"Navidad a la polaca - Polonia Travel (ES)","og_description":"Navidad a la polaca La Navidad es una \u00e9poca muy se\u00f1alada para los polacos, y la Nochebuena su d\u00eda m\u00e1s importante, cuando los familiares se re\u00fanen alrededor de la mesa con un abundante men\u00fa que consta de doce platos. Aunque se trata de una fiesta familiar, cada vez es m\u00e1s com\u00fan celebrar estas fechas fuera [&hellip;]","og_url":"https:\/\/www.polonia.travel\/es\/navidad-a-la-polaca\/","og_site_name":"Polonia Travel (ES)","article_published_time":"2024-07-26T12:16:21+00:00","article_modified_time":"2024-07-26T12:16:22+00:00","og_image":[{"width":1920,"height":640,"url":"https:\/\/www.polonia.travel\/es\/wp-content\/uploads\/sites\/18\/2023\/02\/123715355_Fotolia_Jarmark_Bozonarodz_HR.jpg","type":"image\/jpeg"}],"twitter_card":"summary_large_image","twitter_misc":{"Napisane przez":"","Szacowany czas czytania":"4 minuty"},"schema":{"@context":"https:\/\/schema.org","@graph":[{"@type":"Article","@id":"https:\/\/www.polonia.travel\/es\/navidad-a-la-polaca\/#article","isPartOf":{"@id":"https:\/\/www.polonia.travel\/es\/navidad-a-la-polaca\/"},"author":{"name":"","@id":""},"headline":"Navidad a la polaca","datePublished":"2024-07-26T12:16:21+00:00","dateModified":"2024-07-26T12:16:22+00:00","mainEntityOfPage":{"@id":"https:\/\/www.polonia.travel\/es\/navidad-a-la-polaca\/"},"wordCount":603,"commentCount":0,"publisher":{"@id":"https:\/\/www.polonia.travel\/es\/#organization"},"image":{"@id":"https:\/\/www.polonia.travel\/es\/navidad-a-la-polaca\/#primaryimage"},"thumbnailUrl":"https:\/\/www.polonia.travel\/es\/wp-content\/uploads\/sites\/18\/2023\/02\/123715355_Fotolia_Jarmark_Bozonarodz_HR.jpg","keywords":["fiestas-y-tradiciones","es","antes-del-viaje","sobre-polonia"],"articleSection":["Fiestas, costumbres y tradiciones"],"inLanguage":"pl-PL"},{"@type":"WebPage","@id":"https:\/\/www.polonia.travel\/es\/navidad-a-la-polaca\/","url":"https:\/\/www.polonia.travel\/es\/navidad-a-la-polaca\/","name":"Navidad a la polaca - Polonia Travel (ES)","isPartOf":{"@id":"https:\/\/www.polonia.travel\/es\/#website"},"primaryImageOfPage":{"@id":"https:\/\/www.polonia.travel\/es\/navidad-a-la-polaca\/#primaryimage"},"image":{"@id":"https:\/\/www.polonia.travel\/es\/navidad-a-la-polaca\/#primaryimage"},"thumbnailUrl":"https:\/\/www.polonia.travel\/es\/wp-content\/uploads\/sites\/18\/2023\/02\/123715355_Fotolia_Jarmark_Bozonarodz_HR.jpg","datePublished":"2024-07-26T12:16:21+00:00","dateModified":"2024-07-26T12:16:22+00:00","breadcrumb":{"@id":"https:\/\/www.polonia.travel\/es\/navidad-a-la-polaca\/#breadcrumb"},"inLanguage":"pl-PL","potentialAction":[{"@type":"ReadAction","target":["https:\/\/www.polonia.travel\/es\/navidad-a-la-polaca\/"]}]},{"@type":"ImageObject","inLanguage":"pl-PL","@id":"https:\/\/www.polonia.travel\/es\/navidad-a-la-polaca\/#primaryimage","url":"https:\/\/www.polonia.travel\/es\/wp-content\/uploads\/sites\/18\/2023\/02\/123715355_Fotolia_Jarmark_Bozonarodz_HR.jpg","contentUrl":"https:\/\/www.polonia.travel\/es\/wp-content\/uploads\/sites\/18\/2023\/02\/123715355_Fotolia_Jarmark_Bozonarodz_HR.jpg","width":1920,"height":640,"caption":"Portrait of smiling young brunette choosing Christmas decoration at market"},{"@type":"BreadcrumbList","@id":"https:\/\/www.polonia.travel\/es\/navidad-a-la-polaca\/#breadcrumb","itemListElement":[{"@type":"ListItem","position":1,"name":"Home page","item":"https:\/\/www.polonia.travel\/es\/"},{"@type":"ListItem","position":2,"name":"Inspiraciones de viaje","item":"https:\/\/www.polonia.travel\/es\/category\/inspiraciones-de-viaje\/"},{"@type":"ListItem","position":3,"name":"Fiestas, costumbres y tradiciones","item":"https:\/\/www.polonia.travel\/es\/category\/inspiraciones-de-viaje\/fiestas-costumbres-y-tradiciones\/"},{"@type":"ListItem","position":4,"name":"Navidad a la polaca"}]},{"@type":"WebSite","@id":"https:\/\/www.polonia.travel\/es\/#website","url":"https:\/\/www.polonia.travel\/es\/","name":"Polonia Travel (ES)","description":"...","publisher":{"@id":"https:\/\/www.polonia.travel\/es\/#organization"},"potentialAction":[{"@type":"SearchAction","target":{"@type":"EntryPoint","urlTemplate":"https:\/\/www.polonia.travel\/es\/?s={search_term_string}"},"query-input":{"@type":"PropertyValueSpecification","valueRequired":true,"valueName":"search_term_string"}}],"inLanguage":"pl-PL"},{"@type":"Organization","@id":"https:\/\/www.polonia.travel\/es\/#organization","name":"Polonia Travel (ES)","url":"https:\/\/www.polonia.travel\/es\/","logo":{"@type":"ImageObject","inLanguage":"pl-PL","@id":"https:\/\/www.polonia.travel\/es\/#\/schema\/logo\/image\/","url":"","contentUrl":"","caption":"Polonia Travel (ES)"},"image":{"@id":"https:\/\/www.polonia.travel\/es\/#\/schema\/logo\/image\/"}},{"@type":"Person","@id":""}]}},"_links":{"self":[{"href":"https:\/\/www.polonia.travel\/es\/wp-json\/wp\/v2\/posts\/31048","targetHints":{"allow":["GET"]}}],"collection":[{"href":"https:\/\/www.polonia.travel\/es\/wp-json\/wp\/v2\/posts"}],"about":[{"href":"https:\/\/www.polonia.travel\/es\/wp-json\/wp\/v2\/types\/post"}],"author":[{"embeddable":true,"href":"https:\/\/www.polonia.travel\/es\/wp-json\/wp\/v2\/users\/1"}],"replies":[{"embeddable":true,"href":"https:\/\/www.polonia.travel\/es\/wp-json\/wp\/v2\/comments?post=31048"}],"version-history":[{"count":3,"href":"https:\/\/www.polonia.travel\/es\/wp-json\/wp\/v2\/posts\/31048\/revisions"}],"predecessor-version":[{"id":34479,"href":"https:\/\/www.polonia.travel\/es\/wp-json\/wp\/v2\/posts\/31048\/revisions\/34479"}],"wp:featuredmedia":[{"embeddable":true,"href":"https:\/\/www.polonia.travel\/es\/wp-json\/wp\/v2\/media\/19755"}],"wp:attachment":[{"href":"https:\/\/www.polonia.travel\/es\/wp-json\/wp\/v2\/media?parent=31048"}],"wp:term":[{"taxonomy":"category","embeddable":true,"href":"https:\/\/www.polonia.travel\/es\/wp-json\/wp\/v2\/categories?post=31048"}],"curies":[{"name":"wp","href":"https:\/\/api.w.org\/{rel}","templated":true}]}}