{"id":31046,"date":"2024-05-19T12:37:00","date_gmt":"2024-05-19T10:37:00","guid":{"rendered":"https:\/\/wp-es.poland.travel\/?p=31046"},"modified":"2024-05-21T12:37:42","modified_gmt":"2024-05-21T10:37:42","slug":"dias-festivos-en-polonia-2","status":"publish","type":"post","link":"https:\/\/www.polonia.travel\/es\/dias-festivos-en-polonia-2\/","title":{"rendered":"D\u00edas festivos en Polonia (2)"},"content":{"rendered":"\n<div class=\"wp-block-group is-style-container-medium\"><div class=\"wp-block-group__inner-container is-layout-constrained wp-block-group-is-layout-constrained\">\n<h2 class=\"wp-block-heading\">D\u00edas festivos en Polonia (2)<\/h2>\n\n\n\n<p>En Polonia hay una serie de d\u00edas festivos en los que la mayor\u00eda de los comercios y bancos permanecen cerrados.<\/p>\n\n\n\n<ul class=\"wp-block-list\">\n<li><strong>1 de enero<\/strong>: A\u00f1o Nuevo. Pr\u00e1cticamente todo est\u00e1 cerrado, aunque por la tarde pueden abrir algunos supermercados y locales gastron\u00f3micos.&nbsp;Las gasolineras permanecen abiertas.<\/li>\n\n\n\n<li><strong>6 de enero<\/strong>: Reyes Magos. En algunas ciudades se celebran cabalgatas.<\/li>\n\n\n\n<li><strong>Pascua<\/strong>: Domingo de Resurrecci\u00f3n y Lunes de Pascua.<\/li>\n\n\n\n<li><strong>1 de mayo<\/strong>: D\u00eda del trabajador.<\/li>\n\n\n\n<li><strong>3 de mayo<\/strong>: D\u00eda de la Constituci\u00f3n. Se celebra el aniversario de la proclamaci\u00f3n de la primera Constituci\u00f3n polaca, de 3 de mayo de 1791. Suele hacerse un puente&nbsp;que enlaza con la festividad del 1 de mayo.<\/li>\n\n\n\n<li><strong>Corpus Christi<\/strong>: el jueves de la novena semana despu\u00e9s de Pascua. Se celebra con grandes procesiones en las que participan ni\u00f1os vestidos de blanco. En los pueblos, la gente se suele poner trajes regionales.<\/li>\n\n\n\n<li><strong>15 de agosto<\/strong>: Asunci\u00f3n de la Virgen&nbsp;y D\u00eda de las Fuerzas Armadas de Polonia. Se celebra el aniversario de la victoria en una batalla contra el ej\u00e9rcito ruso que tuvo lugar en las afueras de Varsovia en 1920.<\/li>\n\n\n\n<li><strong>1 de noviembre<\/strong>: D\u00eda de Todos los Santos. Adem\u00e1s de visitar los cementerios, se organizan recolectas en necr\u00f3polis hist\u00f3ricas para la restauraci\u00f3n de l\u00e1pidas.<\/li>\n\n\n\n<li><strong>11 de noviembre<\/strong>: Fiesta Nacional de la Independencia. Se conmemora la fecha en la que, en&nbsp;1918, Polonia recuper\u00f3 su independencia tras 123 a\u00f1os en la que permaneci\u00f3 desmembrada entre tres imperios europeos.<\/li>\n\n\n\n<li><strong>25 y 26 de diciembre<\/strong>: Navidad. Cierra la mayor\u00eda de los comercios, pero el d\u00eda 26 abren algunas tiendas y museos.<\/li>\n<\/ul>\n<\/div><\/div>\n\n\n\n<div class=\"wp-block-group has-background\" style=\"background-color:#eeeeee\"><div class=\"wp-block-group__inner-container is-layout-constrained wp-block-group-is-layout-constrained\">\n<div style=\"height:100px\" aria-hidden=\"true\" class=\"wp-block-spacer is-style-spacer-small\"><\/div>\n\n\n\n<div class=\"wp-block-group is-style-container\"><div class=\"wp-block-group__inner-container is-layout-constrained wp-block-group-is-layout-constrained\">\n<h3 class=\"wp-block-heading\">Lee m\u00e1s art\u00edculos<\/h3>\n\n\n<div class=\"overflow\">\n  <div class=\"post-slider swiper post-slider--small\" data-schema=\"small\">\n\n    <div class=\"swiper-wrapper\">\n              <div class=\"swiper-slide post-slide\">\n                      <a href=\"https:\/\/www.polonia.travel\/es\/festivales-estrellas-y-mucho-mas-conciertos-en-2026\/\" class=\"post-box post-box--small\" style=\" background-image: url(https:\/\/www.polonia.travel\/es\/wp-content\/uploads\/sites\/18\/2024\/05\/45471132_Fotolia_Koncert_dlonie_P-600x450.jpg);\">\n          <div class=\"post-box__hover\" style=\"background-image: url(https:\/\/www.polonia.travel\/es\/wp-content\/uploads\/sites\/18\/2024\/04\/Koncert-przed-PKiN_1170-600x416.jpg);\"><\/div>\n        <div class=\"post-box__info\">\n            <div class=\"post-box__title\">Festivales, estrellas y mucho m\u00e1s: conciertos en 2026<\/div>\n      <div class=\"post-box__more\">Leer m\u00e1s<\/div>\n    <\/div>\n  <\/a>\n\n          <\/div>\n              <div class=\"swiper-slide post-slide\">\n                      <a href=\"https:\/\/www.polonia.travel\/es\/varsovia-el-destino-europeo-perfecto-para-combinar-ocio-y-negocios\/\" class=\"post-box post-box--small\" style=\" background-image: url(https:\/\/www.polonia.travel\/es\/wp-content\/uploads\/sites\/18\/2025\/09\/Warszawa_GettyImages-1050760854-2-600x408.jpg);\">\n          <div class=\"post-box__hover\" style=\"background-image: url(https:\/\/www.polonia.travel\/es\/wp-content\/uploads\/sites\/18\/2024\/08\/2024_BUY_POLAND_Warszawa_S1-600x442.jpg);\"><\/div>\n        <div class=\"post-box__info\">\n            <div class=\"post-box__title\">Varsovia: el destino europeo perfecto para combinar ocio y negocios<\/div>\n      <div class=\"post-box__more\">Leer m\u00e1s<\/div>\n    <\/div>\n  <\/a>\n\n          <\/div>\n              <div class=\"swiper-slide post-slide\">\n                      <a href=\"https:\/\/www.polonia.travel\/es\/vuelos-directos-a-polonia-verano-26\/\" class=\"post-box post-box--small\" style=\" background-image: url(https:\/\/www.polonia.travel\/es\/wp-content\/uploads\/sites\/18\/2026\/01\/GettyImages-959289774_wroclaw_ostrow_tumski-600x400.jpg);\">\n          <div class=\"post-box__hover\" style=\"background-image: url(https:\/\/www.polonia.travel\/es\/wp-content\/uploads\/sites\/18\/2024\/05\/172720969_Samolot_Adobe-1-600x462.jpg);\"><\/div>\n        <div class=\"post-box__info\">\n            <div class=\"post-box__title\">VUELOS DIRECTOS A POLONIA (VERANO 26)<\/div>\n      <div class=\"post-box__more\">Leer m\u00e1s<\/div>\n    <\/div>\n  <\/a>\n\n          <\/div>\n              <div class=\"swiper-slide post-slide\">\n                      <a href=\"https:\/\/www.polonia.travel\/es\/nuestra-cita-con-la-comunidad-viajera-en-fitur-2026\/\" class=\"post-box post-box--small\" style=\" background-image: url(https:\/\/www.polonia.travel\/es\/wp-content\/uploads\/sites\/18\/2024\/08\/wizualizacja-1-600x337.jpg);\">\n          <div class=\"post-box__hover\" style=\"background-image: url(https:\/\/www.polonia.travel\/es\/wp-content\/uploads\/sites\/18\/2026\/01\/09_26_1117_Bannery_FITUR_2026__2_kafelek-600x413.jpg);\"><\/div>\n        <div class=\"post-box__info\">\n            <div class=\"post-box__title\">Nuestra cita con la comunidad viajera en Fitur 2026<\/div>\n      <div class=\"post-box__more\">Leer m\u00e1s<\/div>\n    <\/div>\n  <\/a>\n\n          <\/div>\n              <div class=\"swiper-slide post-slide\">\n                      <a href=\"https:\/\/www.polonia.travel\/es\/la-gran-orquesta-solidaria-de-navidad\/\" class=\"post-box post-box--small\" style=\" background-image: url(https:\/\/www.polonia.travel\/es\/wp-content\/uploads\/sites\/18\/2024\/05\/Wielka-Orkiestra-Swiatecznej-Pomocy-web-8.jpg);\">\n          <div class=\"post-box__hover\" style=\"background-image: url(https:\/\/www.polonia.travel\/es\/wp-content\/uploads\/sites\/18\/2024\/04\/SERDUSZKO_WOSP_ES_podglad.jpg);\"><\/div>\n        <div class=\"post-box__info\">\n            <div class=\"post-box__title\">La Gran Orquesta Solidaria de Navidad<\/div>\n      <div class=\"post-box__more\">Leer m\u00e1s<\/div>\n    <\/div>\n  <\/a>\n\n          <\/div>\n              <div class=\"swiper-slide post-slide\">\n                      <a href=\"https:\/\/www.polonia.travel\/es\/prepara-tu-primer-viaje-a-polonia-seminario-informativo\/\" class=\"post-box post-box--small\" style=\" background-image: url(https:\/\/www.polonia.travel\/es\/wp-content\/uploads\/sites\/18\/2025\/07\/257253974_Biznes_Adobe-600x400.jpg);\">\n          <div class=\"post-box__hover\" style=\"background-image: url(https:\/\/www.polonia.travel\/es\/wp-content\/uploads\/sites\/18\/2024\/04\/DSC_5825_Warszawa_Jarmark-Bozonarodzeniowy-600x450.jpg);\"><\/div>\n        <div class=\"post-box__info\">\n            <div class=\"post-box__title\">Prepara tu viaje a Polonia: Mercados de Navidad &#8211; seminario informativo<\/div>\n      <div class=\"post-box__more\">Leer m\u00e1s<\/div>\n    <\/div>\n  <\/a>\n\n          <\/div>\n              <div class=\"swiper-slide post-slide\">\n                      <a href=\"https:\/\/www.polonia.travel\/es\/vuelos-directos-a-polonia-invierno-2025-26\/\" class=\"post-box post-box--small\" style=\" background-image: url(https:\/\/www.polonia.travel\/es\/wp-content\/uploads\/sites\/18\/2024\/04\/Wroclaw_GettyImages-845954698-600x386.jpg);\">\n          <div class=\"post-box__hover\" style=\"background-image: url(https:\/\/www.polonia.travel\/es\/wp-content\/uploads\/sites\/18\/2024\/05\/90555838_Fotolia_Samolot_HR-600x419.jpg);\"><\/div>\n        <div class=\"post-box__info\">\n            <div class=\"post-box__title\">VUELOS DIRECTOS A POLONIA (INVIERNO 2025-26)<\/div>\n      <div class=\"post-box__more\">Leer m\u00e1s<\/div>\n    <\/div>\n  <\/a>\n\n          <\/div>\n              <div class=\"swiper-slide post-slide\">\n                      <a href=\"https:\/\/www.polonia.travel\/es\/gdansk-con-buen-sabor-de-boca\/\" class=\"post-box post-box--small\" style=\" background-image: url(https:\/\/www.polonia.travel\/es\/wp-content\/uploads\/sites\/18\/2024\/04\/MIASTA_ALL-540x355-Gdansk-panorama76.jpg);\">\n          <div class=\"post-box__hover\" style=\"background-image: url(https:\/\/www.polonia.travel\/es\/wp-content\/uploads\/sites\/18\/2023\/07\/119607857_Oscypek_Gdansk-600x400.jpg);\"><\/div>\n        <div class=\"post-box__info\">\n            <div class=\"post-box__title\">Gda\u0144sk, con buen sabor de boca<\/div>\n      <div class=\"post-box__more\">Leer m\u00e1s<\/div>\n    <\/div>\n  <\/a>\n\n          <\/div>\n              <div class=\"swiper-slide post-slide\">\n                      <a href=\"https:\/\/www.polonia.travel\/es\/vuelos-directos-a-polonia-verano-25\/\" class=\"post-box post-box--small\" style=\" background-image: url(https:\/\/www.polonia.travel\/es\/wp-content\/uploads\/sites\/18\/2024\/04\/Poznan_kamieniczki-1-600x400.jpg);\">\n          <div class=\"post-box__hover\" style=\"background-image: url(https:\/\/www.polonia.travel\/es\/wp-content\/uploads\/sites\/18\/2024\/05\/172720969_Samolot_Adobe-1-600x462.jpg);\"><\/div>\n        <div class=\"post-box__info\">\n            <div class=\"post-box__title\">VUELOS DIRECTOS A POLONIA (VERANO 25)<\/div>\n      <div class=\"post-box__more\">Leer m\u00e1s<\/div>\n    <\/div>\n  <\/a>\n\n          <\/div>\n              <div class=\"swiper-slide post-slide\">\n                      <a href=\"https:\/\/www.polonia.travel\/es\/cracovia-y-su-leyenda-del-dragon\/\" class=\"post-box post-box--small\" style=\" background-image: url(https:\/\/www.polonia.travel\/es\/wp-content\/uploads\/sites\/18\/2024\/04\/parada-smokow-600x428.jpg);\">\n          <div class=\"post-box__hover\" style=\"background-image: url(https:\/\/www.polonia.travel\/es\/wp-content\/uploads\/sites\/18\/2022\/12\/krakow_smok_wawelski_1170-600x400.jpg);\"><\/div>\n        <div class=\"post-box__info\">\n            <div class=\"post-box__title\">Cracovia y su leyenda del drag\u00f3n<\/div>\n      <div class=\"post-box__more\">Leer m\u00e1s<\/div>\n    <\/div>\n  <\/a>\n\n          <\/div>\n              <div class=\"swiper-slide post-slide\">\n                      <a href=\"https:\/\/www.polonia.travel\/es\/viaje-con-sabor-a-polonia\/\" class=\"post-box post-box--small\" style=\" background-image: url(https:\/\/www.polonia.travel\/es\/wp-content\/uploads\/sites\/18\/2024\/04\/01_23_0685_MICHELIN_Krakow_1200x1200-600x600.jpg);\">\n          <div class=\"post-box__hover\" style=\"background-image: url(https:\/\/www.polonia.travel\/es\/wp-content\/uploads\/sites\/18\/2024\/04\/obw20540x405mt181105_KRK_ECGC_0067.jpg);\"><\/div>\n        <div class=\"post-box__info\">\n            <div class=\"post-box__title\">Viaje con sabor a Polonia<\/div>\n      <div class=\"post-box__more\">Leer m\u00e1s<\/div>\n    <\/div>\n  <\/a>\n\n          <\/div>\n              <div class=\"swiper-slide post-slide\">\n                      <a href=\"https:\/\/www.polonia.travel\/es\/dias-festivos-en-polonia-2\/\" class=\"post-box post-box--small\" style=\" background-image: url(https:\/\/www.polonia.travel\/es\/wp-content\/uploads\/sites\/18\/2023\/07\/warszawa_la_playa_2170-600x400.jpg);\">\n          <div class=\"post-box__hover\" style=\"background-image: url(https:\/\/www.polonia.travel\/es\/wp-content\/uploads\/sites\/18\/2023\/07\/warszawa_lazienki_krolewskie_koncert_chopinowski_1170-600x400.jpg);\"><\/div>\n        <div class=\"post-box__info\">\n            <div class=\"post-box__title\">D\u00edas festivos en Polonia (2)<\/div>\n      <div class=\"post-box__more\">Leer m\u00e1s<\/div>\n    <\/div>\n  <\/a>\n\n          <\/div>\n          <\/div>\n    <div class=\"post-slider__pagination\"><\/div>\n  <\/div>\n<\/div>\n<\/div><\/div>\n\n\n\n<div style=\"height:100px\" aria-hidden=\"true\" class=\"wp-block-spacer is-style-spacer-small\"><\/div>\n<\/div><\/div>\n","protected":false},"excerpt":{"rendered":"<p>D\u00edas festivos en Polonia (2) En Polonia hay una serie de d\u00edas festivos en los que la mayor\u00eda de los comercios y bancos permanecen cerrados. Lee m\u00e1s art\u00edculos<\/p>\n","protected":false},"author":1,"featured_media":31692,"comment_status":"open","ping_status":"open","sticky":false,"template":"","format":"standard","meta":{"_acf_changed":false,"footnotes":""},"categories":[1052],"class_list":["post-31046","post","type-post","status-publish","format-standard","has-post-thumbnail","hentry","category-noticias"],"acf":[],"yoast_head":"<!-- This site is optimized with the Yoast SEO plugin v27.4 - https:\/\/yoast.com\/product\/yoast-seo-wordpress\/ -->\n<title>D\u00edas festivos en Polonia (2) - Polonia Travel (ES)<\/title>\n<meta name=\"robots\" content=\"index, follow, max-snippet:-1, max-image-preview:large, max-video-preview:-1\" \/>\n<link rel=\"canonical\" href=\"https:\/\/www.polonia.travel\/es\/dias-festivos-en-polonia-2\/\" \/>\n<meta property=\"og:locale\" content=\"pl_PL\" \/>\n<meta property=\"og:type\" content=\"article\" \/>\n<meta property=\"og:title\" content=\"D\u00edas festivos en Polonia (2) - Polonia Travel (ES)\" \/>\n<meta property=\"og:description\" content=\"D\u00edas festivos en Polonia (2) En Polonia hay una serie de d\u00edas festivos en los que la mayor\u00eda de los comercios y bancos permanecen cerrados. Lee m\u00e1s art\u00edculos\" \/>\n<meta property=\"og:url\" content=\"https:\/\/www.polonia.travel\/es\/dias-festivos-en-polonia-2\/\" \/>\n<meta property=\"og:site_name\" content=\"Polonia Travel (ES)\" \/>\n<meta property=\"article:published_time\" content=\"2024-05-19T10:37:00+00:00\" \/>\n<meta property=\"article:modified_time\" content=\"2024-05-21T10:37:42+00:00\" \/>\n<meta property=\"og:image\" content=\"https:\/\/www.polonia.travel\/es\/wp-content\/uploads\/sites\/18\/2024\/04\/warszawa_wisla_1900x890.jpg\" \/>\n\t<meta property=\"og:image:width\" content=\"1900\" \/>\n\t<meta property=\"og:image:height\" content=\"890\" \/>\n\t<meta property=\"og:image:type\" content=\"image\/jpeg\" \/>\n<meta name=\"twitter:card\" content=\"summary_large_image\" \/>\n<meta name=\"twitter:label1\" content=\"Napisane przez\" \/>\n\t<meta name=\"twitter:data1\" content=\"\" \/>\n\t<meta name=\"twitter:label2\" content=\"Szacowany czas czytania\" \/>\n\t<meta name=\"twitter:data2\" content=\"2 minuty\" \/>\n<script type=\"application\/ld+json\" class=\"yoast-schema-graph\">{\"@context\":\"https:\\\/\\\/schema.org\",\"@graph\":[{\"@type\":\"Article\",\"@id\":\"https:\\\/\\\/www.polonia.travel\\\/es\\\/dias-festivos-en-polonia-2\\\/#article\",\"isPartOf\":{\"@id\":\"https:\\\/\\\/www.polonia.travel\\\/es\\\/dias-festivos-en-polonia-2\\\/\"},\"author\":{\"name\":\"\",\"@id\":\"\"},\"headline\":\"D\u00edas festivos en Polonia (2)\",\"datePublished\":\"2024-05-19T10:37:00+00:00\",\"dateModified\":\"2024-05-21T10:37:42+00:00\",\"mainEntityOfPage\":{\"@id\":\"https:\\\/\\\/www.polonia.travel\\\/es\\\/dias-festivos-en-polonia-2\\\/\"},\"wordCount\":286,\"commentCount\":0,\"publisher\":{\"@id\":\"https:\\\/\\\/www.polonia.travel\\\/es\\\/#organization\"},\"image\":{\"@id\":\"https:\\\/\\\/www.polonia.travel\\\/es\\\/dias-festivos-en-polonia-2\\\/#primaryimage\"},\"thumbnailUrl\":\"https:\\\/\\\/www.polonia.travel\\\/es\\\/wp-content\\\/uploads\\\/sites\\\/18\\\/2024\\\/04\\\/warszawa_wisla_1900x890.jpg\",\"keywords\":[\"antes-del-viaje\",\"sobre-polonia\",\"fiestas-y-tradiciones\",\"es\"],\"articleSection\":[\"Noticias\"],\"inLanguage\":\"pl-PL\"},{\"@type\":\"WebPage\",\"@id\":\"https:\\\/\\\/www.polonia.travel\\\/es\\\/dias-festivos-en-polonia-2\\\/\",\"url\":\"https:\\\/\\\/www.polonia.travel\\\/es\\\/dias-festivos-en-polonia-2\\\/\",\"name\":\"D\u00edas festivos en Polonia (2) - Polonia Travel (ES)\",\"isPartOf\":{\"@id\":\"https:\\\/\\\/www.polonia.travel\\\/es\\\/#website\"},\"primaryImageOfPage\":{\"@id\":\"https:\\\/\\\/www.polonia.travel\\\/es\\\/dias-festivos-en-polonia-2\\\/#primaryimage\"},\"image\":{\"@id\":\"https:\\\/\\\/www.polonia.travel\\\/es\\\/dias-festivos-en-polonia-2\\\/#primaryimage\"},\"thumbnailUrl\":\"https:\\\/\\\/www.polonia.travel\\\/es\\\/wp-content\\\/uploads\\\/sites\\\/18\\\/2024\\\/04\\\/warszawa_wisla_1900x890.jpg\",\"datePublished\":\"2024-05-19T10:37:00+00:00\",\"dateModified\":\"2024-05-21T10:37:42+00:00\",\"breadcrumb\":{\"@id\":\"https:\\\/\\\/www.polonia.travel\\\/es\\\/dias-festivos-en-polonia-2\\\/#breadcrumb\"},\"inLanguage\":\"pl-PL\",\"potentialAction\":[{\"@type\":\"ReadAction\",\"target\":[\"https:\\\/\\\/www.polonia.travel\\\/es\\\/dias-festivos-en-polonia-2\\\/\"]}]},{\"@type\":\"ImageObject\",\"inLanguage\":\"pl-PL\",\"@id\":\"https:\\\/\\\/www.polonia.travel\\\/es\\\/dias-festivos-en-polonia-2\\\/#primaryimage\",\"url\":\"https:\\\/\\\/www.polonia.travel\\\/es\\\/wp-content\\\/uploads\\\/sites\\\/18\\\/2024\\\/04\\\/warszawa_wisla_1900x890.jpg\",\"contentUrl\":\"https:\\\/\\\/www.polonia.travel\\\/es\\\/wp-content\\\/uploads\\\/sites\\\/18\\\/2024\\\/04\\\/warszawa_wisla_1900x890.jpg\",\"width\":1900,\"height\":890},{\"@type\":\"BreadcrumbList\",\"@id\":\"https:\\\/\\\/www.polonia.travel\\\/es\\\/dias-festivos-en-polonia-2\\\/#breadcrumb\",\"itemListElement\":[{\"@type\":\"ListItem\",\"position\":1,\"name\":\"Home page\",\"item\":\"https:\\\/\\\/www.polonia.travel\\\/es\\\/\"},{\"@type\":\"ListItem\",\"position\":2,\"name\":\"Inspiraciones de viaje\",\"item\":\"https:\\\/\\\/www.polonia.travel\\\/es\\\/category\\\/inspiraciones-de-viaje\\\/\"},{\"@type\":\"ListItem\",\"position\":3,\"name\":\"Noticias\",\"item\":\"https:\\\/\\\/www.polonia.travel\\\/es\\\/category\\\/inspiraciones-de-viaje\\\/noticias\\\/\"},{\"@type\":\"ListItem\",\"position\":4,\"name\":\"D\u00edas festivos en Polonia (2)\"}]},{\"@type\":\"WebSite\",\"@id\":\"https:\\\/\\\/www.polonia.travel\\\/es\\\/#website\",\"url\":\"https:\\\/\\\/www.polonia.travel\\\/es\\\/\",\"name\":\"Polonia Travel (ES)\",\"description\":\"...\",\"publisher\":{\"@id\":\"https:\\\/\\\/www.polonia.travel\\\/es\\\/#organization\"},\"potentialAction\":[{\"@type\":\"SearchAction\",\"target\":{\"@type\":\"EntryPoint\",\"urlTemplate\":\"https:\\\/\\\/www.polonia.travel\\\/es\\\/?s={search_term_string}\"},\"query-input\":{\"@type\":\"PropertyValueSpecification\",\"valueRequired\":true,\"valueName\":\"search_term_string\"}}],\"inLanguage\":\"pl-PL\"},{\"@type\":\"Organization\",\"@id\":\"https:\\\/\\\/www.polonia.travel\\\/es\\\/#organization\",\"name\":\"Polonia Travel (ES)\",\"url\":\"https:\\\/\\\/www.polonia.travel\\\/es\\\/\",\"logo\":{\"@type\":\"ImageObject\",\"inLanguage\":\"pl-PL\",\"@id\":\"https:\\\/\\\/www.polonia.travel\\\/es\\\/#\\\/schema\\\/logo\\\/image\\\/\",\"url\":\"\",\"contentUrl\":\"\",\"caption\":\"Polonia Travel (ES)\"},\"image\":{\"@id\":\"https:\\\/\\\/www.polonia.travel\\\/es\\\/#\\\/schema\\\/logo\\\/image\\\/\"}},{\"@type\":\"Person\",\"@id\":\"\"}]}<\/script>\n<!-- \/ Yoast SEO plugin. -->","yoast_head_json":{"title":"D\u00edas festivos en Polonia (2) - Polonia Travel (ES)","robots":{"index":"index","follow":"follow","max-snippet":"max-snippet:-1","max-image-preview":"max-image-preview:large","max-video-preview":"max-video-preview:-1"},"canonical":"https:\/\/www.polonia.travel\/es\/dias-festivos-en-polonia-2\/","og_locale":"pl_PL","og_type":"article","og_title":"D\u00edas festivos en Polonia (2) - Polonia Travel (ES)","og_description":"D\u00edas festivos en Polonia (2) En Polonia hay una serie de d\u00edas festivos en los que la mayor\u00eda de los comercios y bancos permanecen cerrados. Lee m\u00e1s art\u00edculos","og_url":"https:\/\/www.polonia.travel\/es\/dias-festivos-en-polonia-2\/","og_site_name":"Polonia Travel (ES)","article_published_time":"2024-05-19T10:37:00+00:00","article_modified_time":"2024-05-21T10:37:42+00:00","og_image":[{"width":1900,"height":890,"url":"https:\/\/www.polonia.travel\/es\/wp-content\/uploads\/sites\/18\/2024\/04\/warszawa_wisla_1900x890.jpg","type":"image\/jpeg"}],"twitter_card":"summary_large_image","twitter_misc":{"Napisane przez":"","Szacowany czas czytania":"2 minuty"},"schema":{"@context":"https:\/\/schema.org","@graph":[{"@type":"Article","@id":"https:\/\/www.polonia.travel\/es\/dias-festivos-en-polonia-2\/#article","isPartOf":{"@id":"https:\/\/www.polonia.travel\/es\/dias-festivos-en-polonia-2\/"},"author":{"name":"","@id":""},"headline":"D\u00edas festivos en Polonia (2)","datePublished":"2024-05-19T10:37:00+00:00","dateModified":"2024-05-21T10:37:42+00:00","mainEntityOfPage":{"@id":"https:\/\/www.polonia.travel\/es\/dias-festivos-en-polonia-2\/"},"wordCount":286,"commentCount":0,"publisher":{"@id":"https:\/\/www.polonia.travel\/es\/#organization"},"image":{"@id":"https:\/\/www.polonia.travel\/es\/dias-festivos-en-polonia-2\/#primaryimage"},"thumbnailUrl":"https:\/\/www.polonia.travel\/es\/wp-content\/uploads\/sites\/18\/2024\/04\/warszawa_wisla_1900x890.jpg","keywords":["antes-del-viaje","sobre-polonia","fiestas-y-tradiciones","es"],"articleSection":["Noticias"],"inLanguage":"pl-PL"},{"@type":"WebPage","@id":"https:\/\/www.polonia.travel\/es\/dias-festivos-en-polonia-2\/","url":"https:\/\/www.polonia.travel\/es\/dias-festivos-en-polonia-2\/","name":"D\u00edas festivos en Polonia (2) - Polonia Travel (ES)","isPartOf":{"@id":"https:\/\/www.polonia.travel\/es\/#website"},"primaryImageOfPage":{"@id":"https:\/\/www.polonia.travel\/es\/dias-festivos-en-polonia-2\/#primaryimage"},"image":{"@id":"https:\/\/www.polonia.travel\/es\/dias-festivos-en-polonia-2\/#primaryimage"},"thumbnailUrl":"https:\/\/www.polonia.travel\/es\/wp-content\/uploads\/sites\/18\/2024\/04\/warszawa_wisla_1900x890.jpg","datePublished":"2024-05-19T10:37:00+00:00","dateModified":"2024-05-21T10:37:42+00:00","breadcrumb":{"@id":"https:\/\/www.polonia.travel\/es\/dias-festivos-en-polonia-2\/#breadcrumb"},"inLanguage":"pl-PL","potentialAction":[{"@type":"ReadAction","target":["https:\/\/www.polonia.travel\/es\/dias-festivos-en-polonia-2\/"]}]},{"@type":"ImageObject","inLanguage":"pl-PL","@id":"https:\/\/www.polonia.travel\/es\/dias-festivos-en-polonia-2\/#primaryimage","url":"https:\/\/www.polonia.travel\/es\/wp-content\/uploads\/sites\/18\/2024\/04\/warszawa_wisla_1900x890.jpg","contentUrl":"https:\/\/www.polonia.travel\/es\/wp-content\/uploads\/sites\/18\/2024\/04\/warszawa_wisla_1900x890.jpg","width":1900,"height":890},{"@type":"BreadcrumbList","@id":"https:\/\/www.polonia.travel\/es\/dias-festivos-en-polonia-2\/#breadcrumb","itemListElement":[{"@type":"ListItem","position":1,"name":"Home page","item":"https:\/\/www.polonia.travel\/es\/"},{"@type":"ListItem","position":2,"name":"Inspiraciones de viaje","item":"https:\/\/www.polonia.travel\/es\/category\/inspiraciones-de-viaje\/"},{"@type":"ListItem","position":3,"name":"Noticias","item":"https:\/\/www.polonia.travel\/es\/category\/inspiraciones-de-viaje\/noticias\/"},{"@type":"ListItem","position":4,"name":"D\u00edas festivos en Polonia (2)"}]},{"@type":"WebSite","@id":"https:\/\/www.polonia.travel\/es\/#website","url":"https:\/\/www.polonia.travel\/es\/","name":"Polonia Travel (ES)","description":"...","publisher":{"@id":"https:\/\/www.polonia.travel\/es\/#organization"},"potentialAction":[{"@type":"SearchAction","target":{"@type":"EntryPoint","urlTemplate":"https:\/\/www.polonia.travel\/es\/?s={search_term_string}"},"query-input":{"@type":"PropertyValueSpecification","valueRequired":true,"valueName":"search_term_string"}}],"inLanguage":"pl-PL"},{"@type":"Organization","@id":"https:\/\/www.polonia.travel\/es\/#organization","name":"Polonia Travel (ES)","url":"https:\/\/www.polonia.travel\/es\/","logo":{"@type":"ImageObject","inLanguage":"pl-PL","@id":"https:\/\/www.polonia.travel\/es\/#\/schema\/logo\/image\/","url":"","contentUrl":"","caption":"Polonia Travel (ES)"},"image":{"@id":"https:\/\/www.polonia.travel\/es\/#\/schema\/logo\/image\/"}},{"@type":"Person","@id":""}]}},"_links":{"self":[{"href":"https:\/\/www.polonia.travel\/es\/wp-json\/wp\/v2\/posts\/31046","targetHints":{"allow":["GET"]}}],"collection":[{"href":"https:\/\/www.polonia.travel\/es\/wp-json\/wp\/v2\/posts"}],"about":[{"href":"https:\/\/www.polonia.travel\/es\/wp-json\/wp\/v2\/types\/post"}],"author":[{"embeddable":true,"href":"https:\/\/www.polonia.travel\/es\/wp-json\/wp\/v2\/users\/1"}],"replies":[{"embeddable":true,"href":"https:\/\/www.polonia.travel\/es\/wp-json\/wp\/v2\/comments?post=31046"}],"version-history":[{"count":4,"href":"https:\/\/www.polonia.travel\/es\/wp-json\/wp\/v2\/posts\/31046\/revisions"}],"predecessor-version":[{"id":33914,"href":"https:\/\/www.polonia.travel\/es\/wp-json\/wp\/v2\/posts\/31046\/revisions\/33914"}],"wp:featuredmedia":[{"embeddable":true,"href":"https:\/\/www.polonia.travel\/es\/wp-json\/wp\/v2\/media\/31692"}],"wp:attachment":[{"href":"https:\/\/www.polonia.travel\/es\/wp-json\/wp\/v2\/media?parent=31046"}],"wp:term":[{"taxonomy":"category","embeddable":true,"href":"https:\/\/www.polonia.travel\/es\/wp-json\/wp\/v2\/categories?post=31046"}],"curies":[{"name":"wp","href":"https:\/\/api.w.org\/{rel}","templated":true}]}}