{"id":31043,"date":"2024-05-21T10:04:15","date_gmt":"2024-05-21T08:04:15","guid":{"rendered":"https:\/\/wp-es.poland.travel\/?p=31043"},"modified":"2024-08-01T10:33:02","modified_gmt":"2024-08-01T08:33:02","slug":"personajes-celebres","status":"publish","type":"post","link":"https:\/\/www.polonia.travel\/es\/personajes-celebres\/","title":{"rendered":"Personajes c\u00e9lebres"},"content":{"rendered":"\n<div class=\"wp-block-group is-style-container-medium\"><div class=\"wp-block-group__inner-container is-layout-constrained wp-block-group-is-layout-constrained\">\n<h2 class=\"wp-block-heading\">Personajes c\u00e9lebres<\/h2>\n\n\n\n<p>Varios personajes han dejado su huella en la historia com\u00fan de Europa y del mundo:<\/p>\n\n\n\n<p><strong>Nicol\u00e1s Cop\u00e9rnico<\/strong>: astr\u00f3nomo nacido en Torun. Curs\u00f3 sus estudios en la Universidad Jaguell\u00f3nica de Cracovia. Su obra fundamental, <em>De revolutionibus orbium coelestium<\/em> (Teor\u00eda revolucionaria helioc\u00e9ntrica), explic\u00f3 nuestro sistema solar desde&nbsp;un punto de vista cient\u00edfico, llegando a la conclusi\u00f3n de que la tierra gira alrededor del sol y no al rev\u00e9s.<\/p>\n\n\n\n<p><strong>Juan III Sobieski<\/strong>: rey de Polonia. Venci\u00f3 a los turcos en Viena en 1683 alejando de Europa la invasi\u00f3n musulmana.<\/p>\n\n\n\n<p><strong>Fryderyk Chopin<\/strong>: compositor exponente del romanticismo. Naci\u00f3 en los alrededores de Varsovia de madre polaca y padre franc\u00e9s. Viaj\u00f3 a Viena y posteriormente a Par\u00eds para continuar sus estudios musicales. Nunca volvi\u00f3 a Polonia porque \u00e9sta se encontraba sumida en revueltas libertarias como consecuencia de la p\u00e9rdida de la independencia del pa\u00eds.<\/p>\n\n\n\n<p><strong>Maria Sk\u0142odowska-Curie<\/strong>: la primera mujer en recibir dos veces el Premio Nobel (de F\u00edsica y de Qu\u00edmica). Nacida en Varsovia, en la capital se puede visitar la casa en la que creci\u00f3. Viaj\u00f3 a Par\u00eds para continuar sus estudios. Al igual que Chopin, nunca olvid\u00f3 su tierra y comparti\u00f3 el anhelo de los polacos por recuperar su independencia. Por eso denomin\u00f3 polonio al primer elemento que descubri\u00f3 (y por el que recibi\u00f3 asimismo su primer Premio Nobel).<\/p>\n\n\n\n<p><strong>Karol Wojty\u0142a<\/strong>: arzobispo de Cracovia y Papa Juan Pablo II. Fue el primer pont\u00edfice eslavo en la historia de la Iglesia Cat\u00f3lica.<\/p>\n\n\n\n<p><strong>Lech Wa\u0142\u0119sa<\/strong>: premio Nobel de la Paz, sindicalista y presidente de Polonia.&nbsp;Inici\u00f3 las huelgas de 1980 en los famosos astilleros de Gdansk.<\/p>\n\n\n\n<p><strong>Henryk Sienkiewicz<\/strong>: autor de <em>Quo Vadis<\/em>, la novela cuya adaptaci\u00f3n al cine se emite cada Semana Santa en Espa\u00f1a. Recibi\u00f3 el Premio Nobel de Literatura. Otros polacos galardonados con el Nobel fueron Wladyslaw Reymont, Czeslaw Milosz y Wislawa Szymborska;&nbsp;en su&nbsp;ceremonia de investidura como lehendakari, Patxi Lopez cit\u00f3 el&nbsp;fragmento de un poema de esta poetisa.<\/p>\n\n\n\n<p><strong>Roman Pola\u0144ski<\/strong>: el director de cine m\u00e1s internacional de Polonia. Curs\u00f3 sus estudios en la Academia Superior de Cine de L\u00f3dz. Entre sus obras, siempre universales, destaca la pel\u00edcula <em>El Pianista<\/em>, por la que recibi\u00f3 un Oscar.<\/p>\n\n\n\n<p><strong>Jan Karski<\/strong>: Graduado en Derecho y Diplomacia, Jan Karski (1914-2000) se incorpor\u00f3 al ministerio de Asuntos Exteriores unos pocos meses antes de que se iniciara la ocupaci\u00f3n alemana de 1939. Cuando la opini\u00f3n p\u00fablica mundial a\u00fan desconoc\u00eda la existencia de los campos de exterminio nazi, en 1942 Jan Karski arriesg\u00f3 su vida por documentar la masacre, sacarla a la luz y pedir ayuda a los gobiernos del mundo.<\/p>\n\n\n\n<p><strong>Irena Sendlerowa<\/strong>: llamada &#8222;el \u00e1ngel del gueto de Varsovia&#8221; por haber salvado a m\u00e1s de 2.500 ni\u00f1os jud\u00edos durante la II Guerra Mundial en Varsovia. <a href=\"https:\/\/es.wikipedia.org\/wiki\/Irena_Sendler\">M\u00e1s informaci\u00f3n<\/a><\/p>\n<\/div><\/div>\n\n\n\n<div class=\"wp-block-group has-background\" style=\"background-color:#eeeeee\"><div class=\"wp-block-group__inner-container is-layout-constrained wp-block-group-is-layout-constrained\">\n<div style=\"height:100px\" aria-hidden=\"true\" class=\"wp-block-spacer is-style-spacer-small\"><\/div>\n\n\n\n<div class=\"wp-block-group is-style-container\"><div class=\"wp-block-group__inner-container is-layout-constrained wp-block-group-is-layout-constrained\">\n<h3 class=\"wp-block-heading\">Lee m\u00e1s art\u00edculos<\/h3>\n\n\n<div class=\"overflow\">\n  <div class=\"post-slider swiper post-slider--small\" data-schema=\"small\">\n\n    <div class=\"swiper-wrapper\">\n              <div class=\"swiper-slide post-slide\">\n                      <a href=\"https:\/\/www.polonia.travel\/es\/viajar-con-mascotas\/\" class=\"post-box post-box--small\" style=\" background-image: url(https:\/\/www.polonia.travel\/es\/wp-content\/uploads\/sites\/18\/2023\/08\/079_Pies-600x419.jpg);\">\n          <div class=\"post-box__hover\" style=\"background-image: url(https:\/\/www.polonia.travel\/es\/wp-content\/uploads\/sites\/18\/2025\/05\/03520_Swolowo_KK_HR.jpg);\"><\/div>\n        <div class=\"post-box__info\">\n            <div class=\"post-box__title\">Viajar con mascotas<\/div>\n      <div class=\"post-box__more\">Leer m\u00e1s<\/div>\n    <\/div>\n  <\/a>\n\n          <\/div>\n              <div class=\"swiper-slide post-slide\">\n                      <a href=\"https:\/\/www.polonia.travel\/es\/el-verano-en-polonia\/\" class=\"post-box post-box--small\" style=\" background-image: url(https:\/\/www.polonia.travel\/es\/wp-content\/uploads\/sites\/18\/2024\/04\/Plaza20PROT20540x36020IMG_3891_DONE.jpg);\">\n          <div class=\"post-box__hover\" style=\"background-image: url(https:\/\/www.polonia.travel\/es\/wp-content\/uploads\/sites\/18\/2023\/07\/HOSPITALITY_0004_2790_WrocC582aw_festiwal_Bieli-600x400.jpg);\"><\/div>\n        <div class=\"post-box__info\">\n            <div class=\"post-box__title\">El verano en Polonia<\/div>\n      <div class=\"post-box__more\">Leer m\u00e1s<\/div>\n    <\/div>\n  <\/a>\n\n          <\/div>\n              <div class=\"swiper-slide post-slide\">\n                      <a href=\"https:\/\/www.polonia.travel\/es\/campings-y-autocaravanas\/\" class=\"post-box post-box--small\" style=\" background-image: url(https:\/\/www.polonia.travel\/es\/wp-content\/uploads\/sites\/18\/2022\/12\/jezioro_drawsko_camping_1_1170-600x400.jpg);\">\n          <div class=\"post-box__hover\" style=\"background-image: url(https:\/\/www.polonia.travel\/es\/wp-content\/uploads\/sites\/18\/2022\/12\/rzeka_krutynia_camping_1_1170-600x400.jpg);\"><\/div>\n        <div class=\"post-box__info\">\n            <div class=\"post-box__title\">Campings y autocaravanas<\/div>\n      <div class=\"post-box__more\">Leer m\u00e1s<\/div>\n    <\/div>\n  <\/a>\n\n          <\/div>\n              <div class=\"swiper-slide post-slide\">\n                      <a href=\"https:\/\/www.polonia.travel\/es\/polonia-historia-milenaria\/\" class=\"post-box post-box--small\" style=\" background-image: url(https:\/\/www.polonia.travel\/es\/wp-content\/uploads\/sites\/18\/2023\/07\/zamek_malbork_1170-600x400.jpg);\">\n          <div class=\"post-box__hover\" style=\"background-image: url(https:\/\/www.polonia.travel\/es\/wp-content\/uploads\/sites\/18\/2022\/12\/warszawa_wilanow_palac_1170-600x400.jpg);\"><\/div>\n        <div class=\"post-box__info\">\n            <div class=\"post-box__title\">Polonia, historia milenaria<\/div>\n      <div class=\"post-box__more\">Leer m\u00e1s<\/div>\n    <\/div>\n  <\/a>\n\n          <\/div>\n              <div class=\"swiper-slide post-slide\">\n                      <a href=\"https:\/\/www.polonia.travel\/es\/polonia-a-traves-de-la-cultura-y-el-arte\/\" class=\"post-box post-box--small\" style=\" background-image: url(https:\/\/www.polonia.travel\/es\/wp-content\/uploads\/sites\/18\/2022\/12\/warszawa_muzeum_chopina_wnetrze_1_1170-1-600x400.jpg);\">\n          <div class=\"post-box__hover\" style=\"background-image: url(https:\/\/www.polonia.travel\/es\/wp-content\/uploads\/sites\/18\/2023\/07\/muzeum_powstania_warszawskiego__1170-600x400.jpg);\"><\/div>\n        <div class=\"post-box__info\">\n            <div class=\"post-box__title\">Polonia a trav\u00e9s de la cultura y el arte<\/div>\n      <div class=\"post-box__more\">Leer m\u00e1s<\/div>\n    <\/div>\n  <\/a>\n\n          <\/div>\n              <div class=\"swiper-slide post-slide\">\n                      <a href=\"https:\/\/www.polonia.travel\/es\/personajes-celebres\/\" class=\"post-box post-box--small\" style=\" background-image: url(https:\/\/www.polonia.travel\/es\/wp-content\/uploads\/sites\/18\/2024\/04\/Maria-Sklodowska-Curie_540.jpg);\">\n          <div class=\"post-box__hover\" style=\"background-image: url(https:\/\/www.polonia.travel\/es\/wp-content\/uploads\/sites\/18\/2024\/04\/5_ToruC584_MikoC582aj_Kopernik_MH-fotopolska-pot-pl_recorte-600x473.jpg);\"><\/div>\n        <div class=\"post-box__info\">\n            <div class=\"post-box__title\">Personajes c\u00e9lebres<\/div>\n      <div class=\"post-box__more\">Leer m\u00e1s<\/div>\n    <\/div>\n  <\/a>\n\n          <\/div>\n              <div class=\"swiper-slide post-slide\">\n                      <a href=\"https:\/\/www.polonia.travel\/es\/ciudades-cuyos-nombres-parecen-trabalenguas\/\" class=\"post-box post-box--small\" style=\" background-image: url(https:\/\/www.polonia.travel\/es\/wp-content\/uploads\/sites\/18\/2023\/07\/Lodz-mural-NGT20Custom-1-600x394.png);\">\n          <div class=\"post-box__hover\" style=\"background-image: url(https:\/\/www.polonia.travel\/es\/wp-content\/uploads\/sites\/18\/2022\/12\/szczecin_waly_chrobrego_odra_zachodnia_1170-600x400.jpg);\"><\/div>\n        <div class=\"post-box__info\">\n            <div class=\"post-box__title\">Ciudades cuyos nombres parecen trabalenguas<\/div>\n      <div class=\"post-box__more\">Leer m\u00e1s<\/div>\n    <\/div>\n  <\/a>\n\n          <\/div>\n              <div class=\"swiper-slide post-slide\">\n                      <a href=\"https:\/\/www.polonia.travel\/es\/clima-en-polonia-no-siempre-hace-frio\/\" class=\"post-box post-box--small\" style=\" background-image: url(https:\/\/www.polonia.travel\/es\/wp-content\/uploads\/sites\/18\/2022\/12\/warszawa_pomnik_chopina_lazienki_kroleskie_jesien_1_1170-1-600x400.jpg);\">\n          <div class=\"post-box__hover\" style=\"background-image: url(https:\/\/www.polonia.travel\/es\/wp-content\/uploads\/sites\/18\/2022\/12\/warszawa_lazienki_krolewskie_pomnik_chopina_500x500.jpg);\"><\/div>\n        <div class=\"post-box__info\">\n            <div class=\"post-box__title\">Clima: \u00a1En Polonia no siempre hace fr\u00edo!<\/div>\n      <div class=\"post-box__more\">Leer m\u00e1s<\/div>\n    <\/div>\n  <\/a>\n\n          <\/div>\n              <div class=\"swiper-slide post-slide\">\n                      <a href=\"https:\/\/www.polonia.travel\/es\/costumbres-polacas\/\" class=\"post-box post-box--small\" style=\" background-image: url(https:\/\/www.polonia.travel\/es\/wp-content\/uploads\/sites\/18\/2023\/07\/mazowsze_zespol_2_1170-600x400.jpg);\">\n          <div class=\"post-box__hover\" style=\"background-image: url(https:\/\/www.polonia.travel\/es\/wp-content\/uploads\/sites\/18\/2023\/07\/Krakow5402.jpg);\"><\/div>\n        <div class=\"post-box__info\">\n            <div class=\"post-box__title\">Costumbres polacas<\/div>\n      <div class=\"post-box__more\">Leer m\u00e1s<\/div>\n    <\/div>\n  <\/a>\n\n          <\/div>\n              <div class=\"swiper-slide post-slide\">\n                      <a href=\"https:\/\/www.polonia.travel\/es\/polonia-en-europa\/\" class=\"post-box post-box--small\" style=\" background-image: url(https:\/\/www.polonia.travel\/es\/wp-content\/uploads\/sites\/18\/2023\/08\/1_Lato23-600x349.jpg);\">\n          <div class=\"post-box__hover\" style=\"background-image: url(https:\/\/www.polonia.travel\/es\/wp-content\/uploads\/sites\/18\/2024\/04\/KRAKOW_4-600x400.jpg);\"><\/div>\n        <div class=\"post-box__info\">\n            <div class=\"post-box__title\">Polonia en Europa<\/div>\n      <div class=\"post-box__more\">Leer m\u00e1s<\/div>\n    <\/div>\n  <\/a>\n\n          <\/div>\n              <div class=\"swiper-slide post-slide\">\n                      <a href=\"https:\/\/www.polonia.travel\/es\/huso-horario-y-horarios-comerciales\/\" class=\"post-box post-box--small\" style=\" background-image: url(https:\/\/www.polonia.travel\/es\/wp-content\/uploads\/sites\/18\/2024\/04\/124376765_Fotolia_Zakupy_Swieta_P-600x400.jpg);\">\n          <div class=\"post-box__hover\" style=\"background-image: url(https:\/\/www.polonia.travel\/es\/wp-content\/uploads\/sites\/18\/2024\/05\/Krakow-Cracovia-Plaza-Mayor-600x400.jpg);\"><\/div>\n        <div class=\"post-box__info\">\n            <div class=\"post-box__title\">Huso horario y horarios comerciales<\/div>\n      <div class=\"post-box__more\">Leer m\u00e1s<\/div>\n    <\/div>\n  <\/a>\n\n          <\/div>\n              <div class=\"swiper-slide post-slide\">\n                      <a href=\"https:\/\/www.polonia.travel\/es\/seguro-medico-y-emergencias-telefonos-utiles\/\" class=\"post-box post-box--small\" style=\" background-image: url(https:\/\/www.polonia.travel\/es\/wp-content\/uploads\/sites\/18\/2024\/04\/AdobeStock_373839889_telefon-600x400.jpeg);\">\n          <div class=\"post-box__hover\" style=\"background-image: url(https:\/\/www.polonia.travel\/es\/wp-content\/uploads\/sites\/18\/2024\/05\/126747172_Fotolia_Doktor_HR-600x383.jpg);\"><\/div>\n        <div class=\"post-box__info\">\n            <div class=\"post-box__title\">Seguro m\u00e9dico y emergencias (tel\u00e9fonos \u00fatiles)<\/div>\n      <div class=\"post-box__more\">Leer m\u00e1s<\/div>\n    <\/div>\n  <\/a>\n\n          <\/div>\n              <div class=\"swiper-slide post-slide\">\n                      <a href=\"https:\/\/www.polonia.travel\/es\/moneda\/\" class=\"post-box post-box--small\" style=\" background-image: url(https:\/\/www.polonia.travel\/es\/wp-content\/uploads\/sites\/18\/2023\/11\/3956_pieniadze_DSC-xl-600x450.jpg);\">\n          <div class=\"post-box__hover\" style=\"background-image: url(https:\/\/www.polonia.travel\/es\/wp-content\/uploads\/sites\/18\/2023\/11\/425277450_Polskie_banknoty-xl-600x400.jpg);\"><\/div>\n        <div class=\"post-box__info\">\n            <div class=\"post-box__title\">Moneda<\/div>\n      <div class=\"post-box__more\">Leer m\u00e1s<\/div>\n    <\/div>\n  <\/a>\n\n          <\/div>\n              <div class=\"swiper-slide post-slide\">\n                      <a href=\"https:\/\/www.polonia.travel\/es\/documentos-para-viajar-a-polonia\/\" class=\"post-box post-box--small\" style=\" background-image: url(https:\/\/www.polonia.travel\/es\/wp-content\/uploads\/sites\/18\/2024\/04\/Dokumenty_540_360.jpg);\">\n          <div class=\"post-box__hover\" style=\"background-image: url(https:\/\/www.polonia.travel\/es\/wp-content\/uploads\/sites\/18\/2024\/04\/KRAKC393W20WAWEL_WIOSNA20540x360.jpg);\"><\/div>\n        <div class=\"post-box__info\">\n            <div class=\"post-box__title\">Documentos para viajar a Polonia<\/div>\n      <div class=\"post-box__more\">Leer m\u00e1s<\/div>\n    <\/div>\n  <\/a>\n\n          <\/div>\n          <\/div>\n    <div class=\"post-slider__pagination\"><\/div>\n  <\/div>\n<\/div>\n<\/div><\/div>\n\n\n\n<div style=\"height:100px\" aria-hidden=\"true\" class=\"wp-block-spacer is-style-spacer-small\"><\/div>\n<\/div><\/div>\n","protected":false},"excerpt":{"rendered":"<p>Personajes c\u00e9lebres Varios personajes han dejado su huella en la historia com\u00fan de Europa y del mundo: Nicol\u00e1s Cop\u00e9rnico: astr\u00f3nomo nacido en Torun. Curs\u00f3 sus estudios en la Universidad Jaguell\u00f3nica de Cracovia. Su obra fundamental, De revolutionibus orbium coelestium (Teor\u00eda revolucionaria helioc\u00e9ntrica), explic\u00f3 nuestro sistema solar desde&nbsp;un punto de vista cient\u00edfico, llegando a la conclusi\u00f3n [&hellip;]<\/p>\n","protected":false},"author":1,"featured_media":20597,"comment_status":"open","ping_status":"open","sticky":false,"template":"","format":"standard","meta":{"_acf_changed":false,"footnotes":""},"categories":[1050,1229],"class_list":["post-31043","post","type-post","status-publish","format-standard","has-post-thumbnail","hentry","category-consejos-practicos","category-historia-idioma-y-mas"],"acf":[],"yoast_head":"<!-- This site is optimized with the Yoast SEO plugin v27.4 - https:\/\/yoast.com\/product\/yoast-seo-wordpress\/ -->\n<title>Personajes c\u00e9lebres - Polonia Travel (ES)<\/title>\n<meta name=\"robots\" content=\"index, follow, max-snippet:-1, max-image-preview:large, max-video-preview:-1\" \/>\n<link rel=\"canonical\" href=\"https:\/\/www.polonia.travel\/es\/personajes-celebres\/\" \/>\n<meta property=\"og:locale\" content=\"pl_PL\" \/>\n<meta property=\"og:type\" content=\"article\" \/>\n<meta property=\"og:title\" content=\"Personajes c\u00e9lebres - Polonia Travel (ES)\" \/>\n<meta property=\"og:description\" content=\"Personajes c\u00e9lebres Varios personajes han dejado su huella en la historia com\u00fan de Europa y del mundo: Nicol\u00e1s Cop\u00e9rnico: astr\u00f3nomo nacido en Torun. Curs\u00f3 sus estudios en la Universidad Jaguell\u00f3nica de Cracovia. Su obra fundamental, De revolutionibus orbium coelestium (Teor\u00eda revolucionaria helioc\u00e9ntrica), explic\u00f3 nuestro sistema solar desde&nbsp;un punto de vista cient\u00edfico, llegando a la conclusi\u00f3n [&hellip;]\" \/>\n<meta property=\"og:url\" content=\"https:\/\/www.polonia.travel\/es\/personajes-celebres\/\" \/>\n<meta property=\"og:site_name\" content=\"Polonia Travel (ES)\" \/>\n<meta property=\"article:published_time\" content=\"2024-05-21T08:04:15+00:00\" \/>\n<meta property=\"article:modified_time\" content=\"2024-08-01T08:33:02+00:00\" \/>\n<meta property=\"og:image\" content=\"https:\/\/www.polonia.travel\/es\/wp-content\/uploads\/sites\/18\/2023\/02\/7__Torun_panorama_MH_HD.jpg\" \/>\n\t<meta property=\"og:image:width\" content=\"1920\" \/>\n\t<meta property=\"og:image:height\" content=\"514\" \/>\n\t<meta property=\"og:image:type\" content=\"image\/jpeg\" \/>\n<meta name=\"twitter:card\" content=\"summary_large_image\" \/>\n<meta name=\"twitter:label1\" content=\"Napisane przez\" \/>\n\t<meta name=\"twitter:data1\" content=\"\" \/>\n\t<meta name=\"twitter:label2\" content=\"Szacowany czas czytania\" \/>\n\t<meta name=\"twitter:data2\" content=\"3 minuty\" \/>\n<script type=\"application\/ld+json\" class=\"yoast-schema-graph\">{\"@context\":\"https:\\\/\\\/schema.org\",\"@graph\":[{\"@type\":\"Article\",\"@id\":\"https:\\\/\\\/www.polonia.travel\\\/es\\\/personajes-celebres\\\/#article\",\"isPartOf\":{\"@id\":\"https:\\\/\\\/www.polonia.travel\\\/es\\\/personajes-celebres\\\/\"},\"author\":{\"name\":\"\",\"@id\":\"\"},\"headline\":\"Personajes c\u00e9lebres\",\"datePublished\":\"2024-05-21T08:04:15+00:00\",\"dateModified\":\"2024-08-01T08:33:02+00:00\",\"mainEntityOfPage\":{\"@id\":\"https:\\\/\\\/www.polonia.travel\\\/es\\\/personajes-celebres\\\/\"},\"wordCount\":499,\"commentCount\":0,\"publisher\":{\"@id\":\"https:\\\/\\\/www.polonia.travel\\\/es\\\/#organization\"},\"image\":{\"@id\":\"https:\\\/\\\/www.polonia.travel\\\/es\\\/personajes-celebres\\\/#primaryimage\"},\"thumbnailUrl\":\"https:\\\/\\\/www.polonia.travel\\\/es\\\/wp-content\\\/uploads\\\/sites\\\/18\\\/2023\\\/02\\\/7__Torun_panorama_MH_HD.jpg\",\"keywords\":[\"es\",\"antes-del-viaje\",\"sobre-polonia\",\"polonia-geografia-y-otros-aspectos-basicos\"],\"articleSection\":[\"Consejos Pr\u00e1cticos\",\"Historia, idioma y m\u00e1s\"],\"inLanguage\":\"pl-PL\"},{\"@type\":\"WebPage\",\"@id\":\"https:\\\/\\\/www.polonia.travel\\\/es\\\/personajes-celebres\\\/\",\"url\":\"https:\\\/\\\/www.polonia.travel\\\/es\\\/personajes-celebres\\\/\",\"name\":\"Personajes c\u00e9lebres - Polonia Travel (ES)\",\"isPartOf\":{\"@id\":\"https:\\\/\\\/www.polonia.travel\\\/es\\\/#website\"},\"primaryImageOfPage\":{\"@id\":\"https:\\\/\\\/www.polonia.travel\\\/es\\\/personajes-celebres\\\/#primaryimage\"},\"image\":{\"@id\":\"https:\\\/\\\/www.polonia.travel\\\/es\\\/personajes-celebres\\\/#primaryimage\"},\"thumbnailUrl\":\"https:\\\/\\\/www.polonia.travel\\\/es\\\/wp-content\\\/uploads\\\/sites\\\/18\\\/2023\\\/02\\\/7__Torun_panorama_MH_HD.jpg\",\"datePublished\":\"2024-05-21T08:04:15+00:00\",\"dateModified\":\"2024-08-01T08:33:02+00:00\",\"breadcrumb\":{\"@id\":\"https:\\\/\\\/www.polonia.travel\\\/es\\\/personajes-celebres\\\/#breadcrumb\"},\"inLanguage\":\"pl-PL\",\"potentialAction\":[{\"@type\":\"ReadAction\",\"target\":[\"https:\\\/\\\/www.polonia.travel\\\/es\\\/personajes-celebres\\\/\"]}]},{\"@type\":\"ImageObject\",\"inLanguage\":\"pl-PL\",\"@id\":\"https:\\\/\\\/www.polonia.travel\\\/es\\\/personajes-celebres\\\/#primaryimage\",\"url\":\"https:\\\/\\\/www.polonia.travel\\\/es\\\/wp-content\\\/uploads\\\/sites\\\/18\\\/2023\\\/02\\\/7__Torun_panorama_MH_HD.jpg\",\"contentUrl\":\"https:\\\/\\\/www.polonia.travel\\\/es\\\/wp-content\\\/uploads\\\/sites\\\/18\\\/2023\\\/02\\\/7__Torun_panorama_MH_HD.jpg\",\"width\":1920,\"height\":514},{\"@type\":\"BreadcrumbList\",\"@id\":\"https:\\\/\\\/www.polonia.travel\\\/es\\\/personajes-celebres\\\/#breadcrumb\",\"itemListElement\":[{\"@type\":\"ListItem\",\"position\":1,\"name\":\"Home page\",\"item\":\"https:\\\/\\\/www.polonia.travel\\\/es\\\/\"},{\"@type\":\"ListItem\",\"position\":2,\"name\":\"\u00bfC\u00f3mo viajar?\",\"item\":\"https:\\\/\\\/www.polonia.travel\\\/es\\\/category\\\/como-viajar\\\/\"},{\"@type\":\"ListItem\",\"position\":3,\"name\":\"Consejos Pr\u00e1cticos\",\"item\":\"https:\\\/\\\/www.polonia.travel\\\/es\\\/category\\\/como-viajar\\\/consejos-practicos\\\/\"},{\"@type\":\"ListItem\",\"position\":4,\"name\":\"Personajes c\u00e9lebres\"}]},{\"@type\":\"WebSite\",\"@id\":\"https:\\\/\\\/www.polonia.travel\\\/es\\\/#website\",\"url\":\"https:\\\/\\\/www.polonia.travel\\\/es\\\/\",\"name\":\"Polonia Travel (ES)\",\"description\":\"...\",\"publisher\":{\"@id\":\"https:\\\/\\\/www.polonia.travel\\\/es\\\/#organization\"},\"potentialAction\":[{\"@type\":\"SearchAction\",\"target\":{\"@type\":\"EntryPoint\",\"urlTemplate\":\"https:\\\/\\\/www.polonia.travel\\\/es\\\/?s={search_term_string}\"},\"query-input\":{\"@type\":\"PropertyValueSpecification\",\"valueRequired\":true,\"valueName\":\"search_term_string\"}}],\"inLanguage\":\"pl-PL\"},{\"@type\":\"Organization\",\"@id\":\"https:\\\/\\\/www.polonia.travel\\\/es\\\/#organization\",\"name\":\"Polonia Travel (ES)\",\"url\":\"https:\\\/\\\/www.polonia.travel\\\/es\\\/\",\"logo\":{\"@type\":\"ImageObject\",\"inLanguage\":\"pl-PL\",\"@id\":\"https:\\\/\\\/www.polonia.travel\\\/es\\\/#\\\/schema\\\/logo\\\/image\\\/\",\"url\":\"\",\"contentUrl\":\"\",\"caption\":\"Polonia Travel (ES)\"},\"image\":{\"@id\":\"https:\\\/\\\/www.polonia.travel\\\/es\\\/#\\\/schema\\\/logo\\\/image\\\/\"}},{\"@type\":\"Person\",\"@id\":\"\"}]}<\/script>\n<!-- \/ Yoast SEO plugin. -->","yoast_head_json":{"title":"Personajes c\u00e9lebres - Polonia Travel (ES)","robots":{"index":"index","follow":"follow","max-snippet":"max-snippet:-1","max-image-preview":"max-image-preview:large","max-video-preview":"max-video-preview:-1"},"canonical":"https:\/\/www.polonia.travel\/es\/personajes-celebres\/","og_locale":"pl_PL","og_type":"article","og_title":"Personajes c\u00e9lebres - Polonia Travel (ES)","og_description":"Personajes c\u00e9lebres Varios personajes han dejado su huella en la historia com\u00fan de Europa y del mundo: Nicol\u00e1s Cop\u00e9rnico: astr\u00f3nomo nacido en Torun. Curs\u00f3 sus estudios en la Universidad Jaguell\u00f3nica de Cracovia. Su obra fundamental, De revolutionibus orbium coelestium (Teor\u00eda revolucionaria helioc\u00e9ntrica), explic\u00f3 nuestro sistema solar desde&nbsp;un punto de vista cient\u00edfico, llegando a la conclusi\u00f3n [&hellip;]","og_url":"https:\/\/www.polonia.travel\/es\/personajes-celebres\/","og_site_name":"Polonia Travel (ES)","article_published_time":"2024-05-21T08:04:15+00:00","article_modified_time":"2024-08-01T08:33:02+00:00","og_image":[{"width":1920,"height":514,"url":"https:\/\/www.polonia.travel\/es\/wp-content\/uploads\/sites\/18\/2023\/02\/7__Torun_panorama_MH_HD.jpg","type":"image\/jpeg"}],"twitter_card":"summary_large_image","twitter_misc":{"Napisane przez":"","Szacowany czas czytania":"3 minuty"},"schema":{"@context":"https:\/\/schema.org","@graph":[{"@type":"Article","@id":"https:\/\/www.polonia.travel\/es\/personajes-celebres\/#article","isPartOf":{"@id":"https:\/\/www.polonia.travel\/es\/personajes-celebres\/"},"author":{"name":"","@id":""},"headline":"Personajes c\u00e9lebres","datePublished":"2024-05-21T08:04:15+00:00","dateModified":"2024-08-01T08:33:02+00:00","mainEntityOfPage":{"@id":"https:\/\/www.polonia.travel\/es\/personajes-celebres\/"},"wordCount":499,"commentCount":0,"publisher":{"@id":"https:\/\/www.polonia.travel\/es\/#organization"},"image":{"@id":"https:\/\/www.polonia.travel\/es\/personajes-celebres\/#primaryimage"},"thumbnailUrl":"https:\/\/www.polonia.travel\/es\/wp-content\/uploads\/sites\/18\/2023\/02\/7__Torun_panorama_MH_HD.jpg","keywords":["es","antes-del-viaje","sobre-polonia","polonia-geografia-y-otros-aspectos-basicos"],"articleSection":["Consejos Pr\u00e1cticos","Historia, idioma y m\u00e1s"],"inLanguage":"pl-PL"},{"@type":"WebPage","@id":"https:\/\/www.polonia.travel\/es\/personajes-celebres\/","url":"https:\/\/www.polonia.travel\/es\/personajes-celebres\/","name":"Personajes c\u00e9lebres - Polonia Travel (ES)","isPartOf":{"@id":"https:\/\/www.polonia.travel\/es\/#website"},"primaryImageOfPage":{"@id":"https:\/\/www.polonia.travel\/es\/personajes-celebres\/#primaryimage"},"image":{"@id":"https:\/\/www.polonia.travel\/es\/personajes-celebres\/#primaryimage"},"thumbnailUrl":"https:\/\/www.polonia.travel\/es\/wp-content\/uploads\/sites\/18\/2023\/02\/7__Torun_panorama_MH_HD.jpg","datePublished":"2024-05-21T08:04:15+00:00","dateModified":"2024-08-01T08:33:02+00:00","breadcrumb":{"@id":"https:\/\/www.polonia.travel\/es\/personajes-celebres\/#breadcrumb"},"inLanguage":"pl-PL","potentialAction":[{"@type":"ReadAction","target":["https:\/\/www.polonia.travel\/es\/personajes-celebres\/"]}]},{"@type":"ImageObject","inLanguage":"pl-PL","@id":"https:\/\/www.polonia.travel\/es\/personajes-celebres\/#primaryimage","url":"https:\/\/www.polonia.travel\/es\/wp-content\/uploads\/sites\/18\/2023\/02\/7__Torun_panorama_MH_HD.jpg","contentUrl":"https:\/\/www.polonia.travel\/es\/wp-content\/uploads\/sites\/18\/2023\/02\/7__Torun_panorama_MH_HD.jpg","width":1920,"height":514},{"@type":"BreadcrumbList","@id":"https:\/\/www.polonia.travel\/es\/personajes-celebres\/#breadcrumb","itemListElement":[{"@type":"ListItem","position":1,"name":"Home page","item":"https:\/\/www.polonia.travel\/es\/"},{"@type":"ListItem","position":2,"name":"\u00bfC\u00f3mo viajar?","item":"https:\/\/www.polonia.travel\/es\/category\/como-viajar\/"},{"@type":"ListItem","position":3,"name":"Consejos Pr\u00e1cticos","item":"https:\/\/www.polonia.travel\/es\/category\/como-viajar\/consejos-practicos\/"},{"@type":"ListItem","position":4,"name":"Personajes c\u00e9lebres"}]},{"@type":"WebSite","@id":"https:\/\/www.polonia.travel\/es\/#website","url":"https:\/\/www.polonia.travel\/es\/","name":"Polonia Travel (ES)","description":"...","publisher":{"@id":"https:\/\/www.polonia.travel\/es\/#organization"},"potentialAction":[{"@type":"SearchAction","target":{"@type":"EntryPoint","urlTemplate":"https:\/\/www.polonia.travel\/es\/?s={search_term_string}"},"query-input":{"@type":"PropertyValueSpecification","valueRequired":true,"valueName":"search_term_string"}}],"inLanguage":"pl-PL"},{"@type":"Organization","@id":"https:\/\/www.polonia.travel\/es\/#organization","name":"Polonia Travel (ES)","url":"https:\/\/www.polonia.travel\/es\/","logo":{"@type":"ImageObject","inLanguage":"pl-PL","@id":"https:\/\/www.polonia.travel\/es\/#\/schema\/logo\/image\/","url":"","contentUrl":"","caption":"Polonia Travel (ES)"},"image":{"@id":"https:\/\/www.polonia.travel\/es\/#\/schema\/logo\/image\/"}},{"@type":"Person","@id":""}]}},"_links":{"self":[{"href":"https:\/\/www.polonia.travel\/es\/wp-json\/wp\/v2\/posts\/31043","targetHints":{"allow":["GET"]}}],"collection":[{"href":"https:\/\/www.polonia.travel\/es\/wp-json\/wp\/v2\/posts"}],"about":[{"href":"https:\/\/www.polonia.travel\/es\/wp-json\/wp\/v2\/types\/post"}],"author":[{"embeddable":true,"href":"https:\/\/www.polonia.travel\/es\/wp-json\/wp\/v2\/users\/1"}],"replies":[{"embeddable":true,"href":"https:\/\/www.polonia.travel\/es\/wp-json\/wp\/v2\/comments?post=31043"}],"version-history":[{"count":3,"href":"https:\/\/www.polonia.travel\/es\/wp-json\/wp\/v2\/posts\/31043\/revisions"}],"predecessor-version":[{"id":33892,"href":"https:\/\/www.polonia.travel\/es\/wp-json\/wp\/v2\/posts\/31043\/revisions\/33892"}],"wp:featuredmedia":[{"embeddable":true,"href":"https:\/\/www.polonia.travel\/es\/wp-json\/wp\/v2\/media\/20597"}],"wp:attachment":[{"href":"https:\/\/www.polonia.travel\/es\/wp-json\/wp\/v2\/media?parent=31043"}],"wp:term":[{"taxonomy":"category","embeddable":true,"href":"https:\/\/www.polonia.travel\/es\/wp-json\/wp\/v2\/categories?post=31043"}],"curies":[{"name":"wp","href":"https:\/\/api.w.org\/{rel}","templated":true}]}}