{"id":31041,"date":"2024-08-01T12:10:39","date_gmt":"2024-08-01T10:10:39","guid":{"rendered":"https:\/\/wp-es.poland.travel\/?p=31041"},"modified":"2024-08-13T16:07:31","modified_gmt":"2024-08-13T14:07:31","slug":"viajar-a-polonia-en-otono-invierno","status":"publish","type":"post","link":"https:\/\/www.polonia.travel\/es\/viajar-a-polonia-en-otono-invierno\/","title":{"rendered":"\u00bfViajar a Polonia en oto\u00f1o\/invierno?"},"content":{"rendered":"\n<div class=\"wp-block-group is-style-container-medium\"><div class=\"wp-block-group__inner-container is-layout-constrained wp-block-group-is-layout-constrained\">\n<h2 class=\"wp-block-heading\">\u00bfViajar a Polonia en oto\u00f1o\/invierno?<\/h2>\n\n\n\n<div style=\"height:100px\" aria-hidden=\"true\" class=\"wp-block-spacer is-style-spacer-small\"><\/div>\n\n\n\n<p><img alt=\"\"><img alt=\"\">\u00bfTe&nbsp;planteas&nbsp;aprovechar&nbsp;alg\u00fan&nbsp;puente en oto\u00f1o? \u00bfQuieres hacer una escapada durante las Navidades?&nbsp;Si no te asusta el fr\u00edo, no te importa que oscurezca pronto en invierno y la nieve te parece divertida,&nbsp;definitivamente puedes empezar a&nbsp;planificar un viaje a Polonia durante el oto\u00f1o o invierno. Las ventajas de viajar en esta \u00e9poca del a\u00f1o son, a grandes rasgos, las siguientes:<\/p>\n\n\n\n<ul class=\"wp-block-list\">\n<li>el horario de los museos&nbsp;es m\u00e1s corto, pero te permitir\u00e1 ver lo esencial con mucha menos afluencia que en verano<\/li>\n\n\n\n<li>los vuelos son m\u00e1s econ\u00f3micos y los hoteles suelen bajar los precios (no as\u00ed en zonas de turismo de naturaleza invernal durante las vacaciones blancas escolares, por ejemplo en los montes Tatra)<\/li>\n\n\n\n<li>la agenda cultural, aunque es menos intensa, \u00a1sigue palpitando!<\/li>\n\n\n\n<li>cada a\u00f1o alg\u00fan mercadillo de Navidad en Polonia se convierte en el Mejor de Europa (European Best Destintion); las tradiciones navide\u00f1as est\u00e1n muy arraigadas y la oferta cultural y l\u00fadica en esta \u00e9poca del a\u00f1o va mucho m\u00e1s all\u00e1 de puestos de regalos y comida en las principales plazas de las ciudades hist\u00f3ricas. M\u00e1s informaci\u00f3n<\/li>\n\n\n\n<li>con suerte, si nieva&nbsp;mucho, puedes a\u00f1adir a tu plan de viaje un paseo en trineo de caballos,&nbsp;una batalla de&nbsp;bolas de nieve en sus numerosos parques&nbsp;urbanos&nbsp;e incluso un ba\u00f1o&nbsp;en una piscina de agua caliente al aire libre con&nbsp;vistas a los Tatra mientras caen copos de nieve sobre tu cabeza<\/li>\n\n\n\n<li>conocer de cerca c\u00f3mo nos las ingeniamos&nbsp;los centroeuropeos para divertirnos en oto\u00f1o e invierno<\/li>\n<\/ul>\n<\/div><\/div>\n\n\n\n<div class=\"wp-block-group has-background\" style=\"background-color:#eeeeee\"><div class=\"wp-block-group__inner-container is-layout-constrained wp-block-group-is-layout-constrained\">\n<div style=\"height:100px\" aria-hidden=\"true\" class=\"wp-block-spacer is-style-spacer-small\"><\/div>\n\n\n\n<div class=\"wp-block-group is-style-container\"><div class=\"wp-block-group__inner-container is-layout-constrained wp-block-group-is-layout-constrained\">\n<h3 class=\"wp-block-heading\">Lee m\u00e1s art\u00edculos<\/h3>\n\n\n\n<div style=\"height:100px\" aria-hidden=\"true\" class=\"wp-block-spacer is-style-spacer-small\"><\/div>\n\n\n<div class=\"overflow\">\n  <div class=\"post-slider swiper post-slider--small\" data-schema=\"small\">\n\n    <div class=\"swiper-wrapper\">\n              <div class=\"swiper-slide post-slide\">\n                      <a href=\"https:\/\/www.polonia.travel\/es\/vocabulario-basico\/\" class=\"post-box post-box--small\" style=\" background-image: url(https:\/\/www.polonia.travel\/es\/wp-content\/uploads\/sites\/18\/2024\/04\/Ludzie2_1170-600x399.jpg);\">\n          <div class=\"post-box__hover\" style=\"background-image: url(https:\/\/www.polonia.travel\/es\/wp-content\/uploads\/sites\/18\/2023\/07\/mlodzi-ludzie-600x400.jpg);\"><\/div>\n        <div class=\"post-box__info\">\n            <div class=\"post-box__title\">Vocabulario b\u00e1sico<\/div>\n      <div class=\"post-box__more\">Leer m\u00e1s<\/div>\n    <\/div>\n  <\/a>\n\n          <\/div>\n              <div class=\"swiper-slide post-slide\">\n                      <a href=\"https:\/\/www.polonia.travel\/es\/el-polaco-un-idioma-por-descubrir\/\" class=\"post-box post-box--small\" style=\" background-image: url(https:\/\/www.polonia.travel\/es\/wp-content\/uploads\/sites\/18\/2024\/08\/177429831_Kotylion_Polska-600x402.jpg);\">\n        <div class=\"post-box__info\">\n            <div class=\"post-box__title\">El polaco, un idioma por descubrir<\/div>\n      <div class=\"post-box__more\">Leer m\u00e1s<\/div>\n    <\/div>\n  <\/a>\n\n          <\/div>\n              <div class=\"swiper-slide post-slide\">\n                      <a href=\"https:\/\/www.polonia.travel\/es\/la-belleza-natural-de-polonia\/\" class=\"post-box post-box--small\" style=\" background-image: url(https:\/\/www.polonia.travel\/es\/wp-content\/uploads\/sites\/18\/2024\/04\/bialowieza-las1170x780-600x400.jpg);\">\n          <div class=\"post-box__hover\" style=\"background-image: url(https:\/\/www.polonia.travel\/es\/wp-content\/uploads\/sites\/18\/2024\/04\/AdobeStock_398429625_Tatry-kadr-600x400.jpeg);\"><\/div>\n        <div class=\"post-box__info\">\n            <div class=\"post-box__title\">La belleza natural de Polonia<\/div>\n      <div class=\"post-box__more\">Leer m\u00e1s<\/div>\n    <\/div>\n  <\/a>\n\n          <\/div>\n              <div class=\"swiper-slide post-slide\">\n                      <a href=\"https:\/\/www.polonia.travel\/es\/polonia-historia-milenaria\/\" class=\"post-box post-box--small\" style=\" background-image: url(https:\/\/www.polonia.travel\/es\/wp-content\/uploads\/sites\/18\/2023\/07\/zamek_malbork_1170-600x400.jpg);\">\n          <div class=\"post-box__hover\" style=\"background-image: url(https:\/\/www.polonia.travel\/es\/wp-content\/uploads\/sites\/18\/2022\/12\/warszawa_wilanow_palac_1170-600x400.jpg);\"><\/div>\n        <div class=\"post-box__info\">\n            <div class=\"post-box__title\">Polonia, historia milenaria<\/div>\n      <div class=\"post-box__more\">Leer m\u00e1s<\/div>\n    <\/div>\n  <\/a>\n\n          <\/div>\n              <div class=\"swiper-slide post-slide\">\n                      <a href=\"https:\/\/www.polonia.travel\/es\/polonia-a-traves-de-la-cultura-y-el-arte\/\" class=\"post-box post-box--small\" style=\" background-image: url(https:\/\/www.polonia.travel\/es\/wp-content\/uploads\/sites\/18\/2022\/12\/warszawa_muzeum_chopina_wnetrze_1_1170-1-600x400.jpg);\">\n          <div class=\"post-box__hover\" style=\"background-image: url(https:\/\/www.polonia.travel\/es\/wp-content\/uploads\/sites\/18\/2023\/07\/muzeum_powstania_warszawskiego__1170-600x400.jpg);\"><\/div>\n        <div class=\"post-box__info\">\n            <div class=\"post-box__title\">Polonia a trav\u00e9s de la cultura y el arte<\/div>\n      <div class=\"post-box__more\">Leer m\u00e1s<\/div>\n    <\/div>\n  <\/a>\n\n          <\/div>\n              <div class=\"swiper-slide post-slide\">\n                      <a href=\"https:\/\/www.polonia.travel\/es\/personajes-celebres\/\" class=\"post-box post-box--small\" style=\" background-image: url(https:\/\/www.polonia.travel\/es\/wp-content\/uploads\/sites\/18\/2024\/04\/Maria-Sklodowska-Curie_540.jpg);\">\n          <div class=\"post-box__hover\" style=\"background-image: url(https:\/\/www.polonia.travel\/es\/wp-content\/uploads\/sites\/18\/2024\/04\/5_ToruC584_MikoC582aj_Kopernik_MH-fotopolska-pot-pl_recorte-600x473.jpg);\"><\/div>\n        <div class=\"post-box__info\">\n            <div class=\"post-box__title\">Personajes c\u00e9lebres<\/div>\n      <div class=\"post-box__more\">Leer m\u00e1s<\/div>\n    <\/div>\n  <\/a>\n\n          <\/div>\n              <div class=\"swiper-slide post-slide\">\n                      <a href=\"https:\/\/www.polonia.travel\/es\/ciudades-cuyos-nombres-parecen-trabalenguas\/\" class=\"post-box post-box--small\" style=\" background-image: url(https:\/\/www.polonia.travel\/es\/wp-content\/uploads\/sites\/18\/2023\/07\/Lodz-mural-NGT20Custom-1-600x394.png);\">\n          <div class=\"post-box__hover\" style=\"background-image: url(https:\/\/www.polonia.travel\/es\/wp-content\/uploads\/sites\/18\/2022\/12\/szczecin_waly_chrobrego_odra_zachodnia_1170-600x400.jpg);\"><\/div>\n        <div class=\"post-box__info\">\n            <div class=\"post-box__title\">Ciudades cuyos nombres parecen trabalenguas<\/div>\n      <div class=\"post-box__more\">Leer m\u00e1s<\/div>\n    <\/div>\n  <\/a>\n\n          <\/div>\n              <div class=\"swiper-slide post-slide\">\n                      <a href=\"https:\/\/www.polonia.travel\/es\/polonia-en-europa\/\" class=\"post-box post-box--small\" style=\" background-image: url(https:\/\/www.polonia.travel\/es\/wp-content\/uploads\/sites\/18\/2023\/08\/1_Lato23-600x349.jpg);\">\n          <div class=\"post-box__hover\" style=\"background-image: url(https:\/\/www.polonia.travel\/es\/wp-content\/uploads\/sites\/18\/2024\/04\/KRAKOW_4-600x400.jpg);\"><\/div>\n        <div class=\"post-box__info\">\n            <div class=\"post-box__title\">Polonia en Europa<\/div>\n      <div class=\"post-box__more\">Leer m\u00e1s<\/div>\n    <\/div>\n  <\/a>\n\n          <\/div>\n          <\/div>\n    <div class=\"post-slider__pagination\"><\/div>\n  <\/div>\n<\/div>\n<\/div><\/div>\n\n\n\n<div style=\"height:100px\" aria-hidden=\"true\" class=\"wp-block-spacer is-style-spacer-small\"><\/div>\n<\/div><\/div>\n","protected":false},"excerpt":{"rendered":"<p>\u00bfViajar a Polonia en oto\u00f1o\/invierno? \u00bfTe&nbsp;planteas&nbsp;aprovechar&nbsp;alg\u00fan&nbsp;puente en oto\u00f1o? \u00bfQuieres hacer una escapada durante las Navidades?&nbsp;Si no te asusta el fr\u00edo, no te importa que oscurezca pronto en invierno y la nieve te parece divertida,&nbsp;definitivamente puedes empezar a&nbsp;planificar un viaje a Polonia durante el oto\u00f1o o invierno. Las ventajas de viajar en esta \u00e9poca del a\u00f1o [&hellip;]<\/p>\n","protected":false},"author":1,"featured_media":34502,"comment_status":"open","ping_status":"open","sticky":false,"template":"","format":"standard","meta":{"_acf_changed":false,"footnotes":""},"categories":[1055],"class_list":["post-31041","post","type-post","status-publish","format-standard","has-post-thumbnail","hentry","category-other"],"acf":[],"yoast_head":"<!-- This site is optimized with the Yoast SEO plugin v27.4 - https:\/\/yoast.com\/product\/yoast-seo-wordpress\/ -->\n<title>\u00bfViajar a Polonia en oto\u00f1o\/invierno? - Polonia Travel (ES)<\/title>\n<meta name=\"robots\" content=\"index, follow, max-snippet:-1, max-image-preview:large, max-video-preview:-1\" \/>\n<link rel=\"canonical\" href=\"https:\/\/www.polonia.travel\/es\/viajar-a-polonia-en-otono-invierno\/\" \/>\n<meta property=\"og:locale\" content=\"pl_PL\" \/>\n<meta property=\"og:type\" content=\"article\" \/>\n<meta property=\"og:title\" content=\"\u00bfViajar a Polonia en oto\u00f1o\/invierno? - Polonia Travel (ES)\" \/>\n<meta property=\"og:description\" content=\"\u00bfViajar a Polonia en oto\u00f1o\/invierno? \u00bfTe&nbsp;planteas&nbsp;aprovechar&nbsp;alg\u00fan&nbsp;puente en oto\u00f1o? \u00bfQuieres hacer una escapada durante las Navidades?&nbsp;Si no te asusta el fr\u00edo, no te importa que oscurezca pronto en invierno y la nieve te parece divertida,&nbsp;definitivamente puedes empezar a&nbsp;planificar un viaje a Polonia durante el oto\u00f1o o invierno. Las ventajas de viajar en esta \u00e9poca del a\u00f1o [&hellip;]\" \/>\n<meta property=\"og:url\" content=\"https:\/\/www.polonia.travel\/es\/viajar-a-polonia-en-otono-invierno\/\" \/>\n<meta property=\"og:site_name\" content=\"Polonia Travel (ES)\" \/>\n<meta property=\"article:published_time\" content=\"2024-08-01T10:10:39+00:00\" \/>\n<meta property=\"article:modified_time\" content=\"2024-08-13T14:07:31+00:00\" \/>\n<meta property=\"og:image\" content=\"https:\/\/www.polonia.travel\/es\/wp-content\/uploads\/sites\/18\/2024\/04\/festiwal2000.jpg\" \/>\n\t<meta property=\"og:image:width\" content=\"2000\" \/>\n\t<meta property=\"og:image:height\" content=\"494\" \/>\n\t<meta property=\"og:image:type\" content=\"image\/jpeg\" \/>\n<meta name=\"twitter:card\" content=\"summary_large_image\" \/>\n<meta name=\"twitter:label1\" content=\"Napisane przez\" \/>\n\t<meta name=\"twitter:data1\" content=\"\" \/>\n\t<meta name=\"twitter:label2\" content=\"Szacowany czas czytania\" \/>\n\t<meta name=\"twitter:data2\" content=\"2 minuty\" \/>\n<script type=\"application\/ld+json\" class=\"yoast-schema-graph\">{\"@context\":\"https:\\\/\\\/schema.org\",\"@graph\":[{\"@type\":\"Article\",\"@id\":\"https:\\\/\\\/www.polonia.travel\\\/es\\\/viajar-a-polonia-en-otono-invierno\\\/#article\",\"isPartOf\":{\"@id\":\"https:\\\/\\\/www.polonia.travel\\\/es\\\/viajar-a-polonia-en-otono-invierno\\\/\"},\"author\":{\"name\":\"\",\"@id\":\"\"},\"headline\":\"\u00bfViajar a Polonia en oto\u00f1o\\\/invierno?\",\"datePublished\":\"2024-08-01T10:10:39+00:00\",\"dateModified\":\"2024-08-13T14:07:31+00:00\",\"mainEntityOfPage\":{\"@id\":\"https:\\\/\\\/www.polonia.travel\\\/es\\\/viajar-a-polonia-en-otono-invierno\\\/\"},\"wordCount\":307,\"commentCount\":0,\"publisher\":{\"@id\":\"https:\\\/\\\/www.polonia.travel\\\/es\\\/#organization\"},\"image\":{\"@id\":\"https:\\\/\\\/www.polonia.travel\\\/es\\\/viajar-a-polonia-en-otono-invierno\\\/#primaryimage\"},\"thumbnailUrl\":\"https:\\\/\\\/www.polonia.travel\\\/es\\\/wp-content\\\/uploads\\\/sites\\\/18\\\/2024\\\/04\\\/festiwal2000.jpg\",\"keywords\":[\"sobre-polonia\",\"polonia-geografia-historia-e-idioma\",\"es\",\"antes-del-viaje\"],\"articleSection\":[\"Other\"],\"inLanguage\":\"pl-PL\"},{\"@type\":\"WebPage\",\"@id\":\"https:\\\/\\\/www.polonia.travel\\\/es\\\/viajar-a-polonia-en-otono-invierno\\\/\",\"url\":\"https:\\\/\\\/www.polonia.travel\\\/es\\\/viajar-a-polonia-en-otono-invierno\\\/\",\"name\":\"\u00bfViajar a Polonia en oto\u00f1o\\\/invierno? - Polonia Travel (ES)\",\"isPartOf\":{\"@id\":\"https:\\\/\\\/www.polonia.travel\\\/es\\\/#website\"},\"primaryImageOfPage\":{\"@id\":\"https:\\\/\\\/www.polonia.travel\\\/es\\\/viajar-a-polonia-en-otono-invierno\\\/#primaryimage\"},\"image\":{\"@id\":\"https:\\\/\\\/www.polonia.travel\\\/es\\\/viajar-a-polonia-en-otono-invierno\\\/#primaryimage\"},\"thumbnailUrl\":\"https:\\\/\\\/www.polonia.travel\\\/es\\\/wp-content\\\/uploads\\\/sites\\\/18\\\/2024\\\/04\\\/festiwal2000.jpg\",\"datePublished\":\"2024-08-01T10:10:39+00:00\",\"dateModified\":\"2024-08-13T14:07:31+00:00\",\"breadcrumb\":{\"@id\":\"https:\\\/\\\/www.polonia.travel\\\/es\\\/viajar-a-polonia-en-otono-invierno\\\/#breadcrumb\"},\"inLanguage\":\"pl-PL\",\"potentialAction\":[{\"@type\":\"ReadAction\",\"target\":[\"https:\\\/\\\/www.polonia.travel\\\/es\\\/viajar-a-polonia-en-otono-invierno\\\/\"]}]},{\"@type\":\"ImageObject\",\"inLanguage\":\"pl-PL\",\"@id\":\"https:\\\/\\\/www.polonia.travel\\\/es\\\/viajar-a-polonia-en-otono-invierno\\\/#primaryimage\",\"url\":\"https:\\\/\\\/www.polonia.travel\\\/es\\\/wp-content\\\/uploads\\\/sites\\\/18\\\/2024\\\/04\\\/festiwal2000.jpg\",\"contentUrl\":\"https:\\\/\\\/www.polonia.travel\\\/es\\\/wp-content\\\/uploads\\\/sites\\\/18\\\/2024\\\/04\\\/festiwal2000.jpg\",\"width\":2000,\"height\":494},{\"@type\":\"BreadcrumbList\",\"@id\":\"https:\\\/\\\/www.polonia.travel\\\/es\\\/viajar-a-polonia-en-otono-invierno\\\/#breadcrumb\",\"itemListElement\":[{\"@type\":\"ListItem\",\"position\":1,\"name\":\"Home page\",\"item\":\"https:\\\/\\\/www.polonia.travel\\\/es\\\/\"},{\"@type\":\"ListItem\",\"position\":2,\"name\":\"Other\",\"item\":\"https:\\\/\\\/www.polonia.travel\\\/es\\\/category\\\/other\\\/\"},{\"@type\":\"ListItem\",\"position\":3,\"name\":\"\u00bfViajar a Polonia en oto\u00f1o\\\/invierno?\"}]},{\"@type\":\"WebSite\",\"@id\":\"https:\\\/\\\/www.polonia.travel\\\/es\\\/#website\",\"url\":\"https:\\\/\\\/www.polonia.travel\\\/es\\\/\",\"name\":\"Polonia Travel (ES)\",\"description\":\"...\",\"publisher\":{\"@id\":\"https:\\\/\\\/www.polonia.travel\\\/es\\\/#organization\"},\"potentialAction\":[{\"@type\":\"SearchAction\",\"target\":{\"@type\":\"EntryPoint\",\"urlTemplate\":\"https:\\\/\\\/www.polonia.travel\\\/es\\\/?s={search_term_string}\"},\"query-input\":{\"@type\":\"PropertyValueSpecification\",\"valueRequired\":true,\"valueName\":\"search_term_string\"}}],\"inLanguage\":\"pl-PL\"},{\"@type\":\"Organization\",\"@id\":\"https:\\\/\\\/www.polonia.travel\\\/es\\\/#organization\",\"name\":\"Polonia Travel (ES)\",\"url\":\"https:\\\/\\\/www.polonia.travel\\\/es\\\/\",\"logo\":{\"@type\":\"ImageObject\",\"inLanguage\":\"pl-PL\",\"@id\":\"https:\\\/\\\/www.polonia.travel\\\/es\\\/#\\\/schema\\\/logo\\\/image\\\/\",\"url\":\"\",\"contentUrl\":\"\",\"caption\":\"Polonia Travel (ES)\"},\"image\":{\"@id\":\"https:\\\/\\\/www.polonia.travel\\\/es\\\/#\\\/schema\\\/logo\\\/image\\\/\"}},{\"@type\":\"Person\",\"@id\":\"\"}]}<\/script>\n<!-- \/ Yoast SEO plugin. -->","yoast_head_json":{"title":"\u00bfViajar a Polonia en oto\u00f1o\/invierno? - Polonia Travel (ES)","robots":{"index":"index","follow":"follow","max-snippet":"max-snippet:-1","max-image-preview":"max-image-preview:large","max-video-preview":"max-video-preview:-1"},"canonical":"https:\/\/www.polonia.travel\/es\/viajar-a-polonia-en-otono-invierno\/","og_locale":"pl_PL","og_type":"article","og_title":"\u00bfViajar a Polonia en oto\u00f1o\/invierno? - Polonia Travel (ES)","og_description":"\u00bfViajar a Polonia en oto\u00f1o\/invierno? \u00bfTe&nbsp;planteas&nbsp;aprovechar&nbsp;alg\u00fan&nbsp;puente en oto\u00f1o? \u00bfQuieres hacer una escapada durante las Navidades?&nbsp;Si no te asusta el fr\u00edo, no te importa que oscurezca pronto en invierno y la nieve te parece divertida,&nbsp;definitivamente puedes empezar a&nbsp;planificar un viaje a Polonia durante el oto\u00f1o o invierno. Las ventajas de viajar en esta \u00e9poca del a\u00f1o [&hellip;]","og_url":"https:\/\/www.polonia.travel\/es\/viajar-a-polonia-en-otono-invierno\/","og_site_name":"Polonia Travel (ES)","article_published_time":"2024-08-01T10:10:39+00:00","article_modified_time":"2024-08-13T14:07:31+00:00","og_image":[{"width":2000,"height":494,"url":"https:\/\/www.polonia.travel\/es\/wp-content\/uploads\/sites\/18\/2024\/04\/festiwal2000.jpg","type":"image\/jpeg"}],"twitter_card":"summary_large_image","twitter_misc":{"Napisane przez":"","Szacowany czas czytania":"2 minuty"},"schema":{"@context":"https:\/\/schema.org","@graph":[{"@type":"Article","@id":"https:\/\/www.polonia.travel\/es\/viajar-a-polonia-en-otono-invierno\/#article","isPartOf":{"@id":"https:\/\/www.polonia.travel\/es\/viajar-a-polonia-en-otono-invierno\/"},"author":{"name":"","@id":""},"headline":"\u00bfViajar a Polonia en oto\u00f1o\/invierno?","datePublished":"2024-08-01T10:10:39+00:00","dateModified":"2024-08-13T14:07:31+00:00","mainEntityOfPage":{"@id":"https:\/\/www.polonia.travel\/es\/viajar-a-polonia-en-otono-invierno\/"},"wordCount":307,"commentCount":0,"publisher":{"@id":"https:\/\/www.polonia.travel\/es\/#organization"},"image":{"@id":"https:\/\/www.polonia.travel\/es\/viajar-a-polonia-en-otono-invierno\/#primaryimage"},"thumbnailUrl":"https:\/\/www.polonia.travel\/es\/wp-content\/uploads\/sites\/18\/2024\/04\/festiwal2000.jpg","keywords":["sobre-polonia","polonia-geografia-historia-e-idioma","es","antes-del-viaje"],"articleSection":["Other"],"inLanguage":"pl-PL"},{"@type":"WebPage","@id":"https:\/\/www.polonia.travel\/es\/viajar-a-polonia-en-otono-invierno\/","url":"https:\/\/www.polonia.travel\/es\/viajar-a-polonia-en-otono-invierno\/","name":"\u00bfViajar a Polonia en oto\u00f1o\/invierno? - Polonia Travel (ES)","isPartOf":{"@id":"https:\/\/www.polonia.travel\/es\/#website"},"primaryImageOfPage":{"@id":"https:\/\/www.polonia.travel\/es\/viajar-a-polonia-en-otono-invierno\/#primaryimage"},"image":{"@id":"https:\/\/www.polonia.travel\/es\/viajar-a-polonia-en-otono-invierno\/#primaryimage"},"thumbnailUrl":"https:\/\/www.polonia.travel\/es\/wp-content\/uploads\/sites\/18\/2024\/04\/festiwal2000.jpg","datePublished":"2024-08-01T10:10:39+00:00","dateModified":"2024-08-13T14:07:31+00:00","breadcrumb":{"@id":"https:\/\/www.polonia.travel\/es\/viajar-a-polonia-en-otono-invierno\/#breadcrumb"},"inLanguage":"pl-PL","potentialAction":[{"@type":"ReadAction","target":["https:\/\/www.polonia.travel\/es\/viajar-a-polonia-en-otono-invierno\/"]}]},{"@type":"ImageObject","inLanguage":"pl-PL","@id":"https:\/\/www.polonia.travel\/es\/viajar-a-polonia-en-otono-invierno\/#primaryimage","url":"https:\/\/www.polonia.travel\/es\/wp-content\/uploads\/sites\/18\/2024\/04\/festiwal2000.jpg","contentUrl":"https:\/\/www.polonia.travel\/es\/wp-content\/uploads\/sites\/18\/2024\/04\/festiwal2000.jpg","width":2000,"height":494},{"@type":"BreadcrumbList","@id":"https:\/\/www.polonia.travel\/es\/viajar-a-polonia-en-otono-invierno\/#breadcrumb","itemListElement":[{"@type":"ListItem","position":1,"name":"Home page","item":"https:\/\/www.polonia.travel\/es\/"},{"@type":"ListItem","position":2,"name":"Other","item":"https:\/\/www.polonia.travel\/es\/category\/other\/"},{"@type":"ListItem","position":3,"name":"\u00bfViajar a Polonia en oto\u00f1o\/invierno?"}]},{"@type":"WebSite","@id":"https:\/\/www.polonia.travel\/es\/#website","url":"https:\/\/www.polonia.travel\/es\/","name":"Polonia Travel (ES)","description":"...","publisher":{"@id":"https:\/\/www.polonia.travel\/es\/#organization"},"potentialAction":[{"@type":"SearchAction","target":{"@type":"EntryPoint","urlTemplate":"https:\/\/www.polonia.travel\/es\/?s={search_term_string}"},"query-input":{"@type":"PropertyValueSpecification","valueRequired":true,"valueName":"search_term_string"}}],"inLanguage":"pl-PL"},{"@type":"Organization","@id":"https:\/\/www.polonia.travel\/es\/#organization","name":"Polonia Travel (ES)","url":"https:\/\/www.polonia.travel\/es\/","logo":{"@type":"ImageObject","inLanguage":"pl-PL","@id":"https:\/\/www.polonia.travel\/es\/#\/schema\/logo\/image\/","url":"","contentUrl":"","caption":"Polonia Travel (ES)"},"image":{"@id":"https:\/\/www.polonia.travel\/es\/#\/schema\/logo\/image\/"}},{"@type":"Person","@id":""}]}},"_links":{"self":[{"href":"https:\/\/www.polonia.travel\/es\/wp-json\/wp\/v2\/posts\/31041","targetHints":{"allow":["GET"]}}],"collection":[{"href":"https:\/\/www.polonia.travel\/es\/wp-json\/wp\/v2\/posts"}],"about":[{"href":"https:\/\/www.polonia.travel\/es\/wp-json\/wp\/v2\/types\/post"}],"author":[{"embeddable":true,"href":"https:\/\/www.polonia.travel\/es\/wp-json\/wp\/v2\/users\/1"}],"replies":[{"embeddable":true,"href":"https:\/\/www.polonia.travel\/es\/wp-json\/wp\/v2\/comments?post=31041"}],"version-history":[{"count":4,"href":"https:\/\/www.polonia.travel\/es\/wp-json\/wp\/v2\/posts\/31041\/revisions"}],"predecessor-version":[{"id":35275,"href":"https:\/\/www.polonia.travel\/es\/wp-json\/wp\/v2\/posts\/31041\/revisions\/35275"}],"wp:featuredmedia":[{"embeddable":true,"href":"https:\/\/www.polonia.travel\/es\/wp-json\/wp\/v2\/media\/34502"}],"wp:attachment":[{"href":"https:\/\/www.polonia.travel\/es\/wp-json\/wp\/v2\/media?parent=31041"}],"wp:term":[{"taxonomy":"category","embeddable":true,"href":"https:\/\/www.polonia.travel\/es\/wp-json\/wp\/v2\/categories?post=31041"}],"curies":[{"name":"wp","href":"https:\/\/api.w.org\/{rel}","templated":true}]}}