{"id":31034,"date":"2024-05-21T10:40:37","date_gmt":"2024-05-21T08:40:37","guid":{"rendered":"https:\/\/wp-es.poland.travel\/?p=31034"},"modified":"2024-08-13T17:01:39","modified_gmt":"2024-08-13T15:01:39","slug":"polonia-historia-milenaria","status":"publish","type":"post","link":"https:\/\/www.polonia.travel\/es\/polonia-historia-milenaria\/","title":{"rendered":"Polonia, historia milenaria"},"content":{"rendered":"\n<div class=\"wp-block-group is-style-container-medium\"><div class=\"wp-block-group__inner-container is-layout-constrained wp-block-group-is-layout-constrained\">\n<h2 class=\"wp-block-heading\">Polonia, historia milenaria<\/h2>\n\n\n\n<div style=\"height:100px\" aria-hidden=\"true\" class=\"wp-block-spacer is-style-spacer-medium\"><\/div>\n\n\n\n<p>En su obra <em>La vida es sue\u00f1o<\/em>, <strong>Calder\u00f3n de la Barca<\/strong> habla de un rey procedente de Polonia. Espa\u00f1a y Polonia no han mantenido relaciones muy estrechas en el pasado. Puede incluso que, a ojos de los espa\u00f1oles, la historia de Polonia se perciba como tr\u00e1gica, triste, rom\u00e1ntica&nbsp;e incluso&nbsp;poco arraigada. Sin embargo, en 2016 se cumplieron 1050 a\u00f1os de la entrada de Polonia en la liga de pa\u00edses cristianos y, as\u00ed, en el seno de la cultura de la Europa occidental y mediterr\u00e1nea, lo que supuso la creaci\u00f3n de las bases del Estado polaco. Te invitamos a descubrir los hechos y leyendas m\u00e1s importantes de la historia polaca.<\/p>\n\n\n\n<div style=\"height:100px\" aria-hidden=\"true\" class=\"wp-block-spacer is-style-spacer-small\"><\/div>\n\n\n\n<h3 class=\"wp-block-heading\"><strong>La leyenda de los tres hermanos<\/strong><\/h3>\n\n\n\n<p>Existe una leyenda eslava que explica el nacimiento&nbsp;y origen de Polonia. Sus protagonistas son tres hermanos (Lech, Czech y Rus) que llegaron a estas tierras y se asentaron junto a sus tribus entre los r\u00edos V\u00edstula y Oder. Entre las colinas divisaron un roble muy frondoso en el que encontraron un nido de \u00e1guilas. Lech decidi\u00f3 quedarse a vivir en ese lugar y cre\u00f3 su propio pa\u00eds (Polonia) dibujando un \u00e1guila blanca en su bandera. Czech prefiri\u00f3 instalarse m\u00e1s al sur, y Rus al este, estableci\u00e9ndose respectivamente la Rep\u00fablica Checa y Rusia.<\/p>\n\n\n\n<figure class=\"wp-block-image size-large\"><img loading=\"lazy\" decoding=\"async\" width=\"1200\" height=\"800\" src=\"https:\/\/www.polonia.travel\/es\/wp-content\/uploads\/sites\/18\/2024\/08\/AdobeStock_515794702_Gniezno_pomnik_Lecha-1200x800.jpeg\" alt=\"\" class=\"wp-image-35330\" srcset=\"https:\/\/www.polonia.travel\/es\/wp-content\/uploads\/sites\/18\/2024\/08\/AdobeStock_515794702_Gniezno_pomnik_Lecha-1200x800.jpeg 1200w, https:\/\/www.polonia.travel\/es\/wp-content\/uploads\/sites\/18\/2024\/08\/AdobeStock_515794702_Gniezno_pomnik_Lecha-600x400.jpeg 600w, https:\/\/www.polonia.travel\/es\/wp-content\/uploads\/sites\/18\/2024\/08\/AdobeStock_515794702_Gniezno_pomnik_Lecha-768x512.jpeg 768w, https:\/\/www.polonia.travel\/es\/wp-content\/uploads\/sites\/18\/2024\/08\/AdobeStock_515794702_Gniezno_pomnik_Lecha-1536x1024.jpeg 1536w, https:\/\/www.polonia.travel\/es\/wp-content\/uploads\/sites\/18\/2024\/08\/AdobeStock_515794702_Gniezno_pomnik_Lecha-2048x1366.jpeg 2048w, https:\/\/www.polonia.travel\/es\/wp-content\/uploads\/sites\/18\/2024\/08\/AdobeStock_515794702_Gniezno_pomnik_Lecha-1920x1280.jpeg 1920w\" sizes=\"auto, (max-width: 1200px) 100vw, 1200px\" \/><\/figure>\n\n\n\n<div style=\"height:100px\" aria-hidden=\"true\" class=\"wp-block-spacer is-style-spacer-small\"><\/div>\n\n\n\n<h3 class=\"wp-block-heading\"><strong>Los acontecimientos hist\u00f3ricos m\u00e1s importantes de Polonia<\/strong><\/h3>\n\n\n\n<p>Se tiene constancia de que los primeros&nbsp;asentamientos eslavos en&nbsp;territorio polaco se remontan al siglo VI entorno a la ciudad de&nbsp;<strong>Gniezno<\/strong>, que fue la&nbsp;<strong>primera capital<\/strong> del pa\u00eds y sede de la dinast\u00eda Piast, que gobern\u00f3 Polonia hasta el a\u00f1o 1370. En esta \u00e9poca se establecieron dos de los asentamientos m\u00e1s importantes de la historia del pa\u00eds: los Polanos, que ocuparon la actual&nbsp;Wielkopolska (Gran Polonia), y los Wislanos, que se establecieron en Malopolska (Peque\u00f1a Polonia).<\/p>\n\n\n\n<p>En este pa\u00eds, tradicionalmente pagano, el cristianismo se introdujo en el a\u00f1o 966 por iniciativa de Mieszko I (primer soberano polaco, que contrajo matrimonio con la princesa checa Dobrawa).<\/p>\n\n\n\n<p>A pesar de la llegada del <strong>cristianismo<\/strong>, a\u00fan exist\u00edan muchas tribus paganas en Polonia. Por eso el pr\u00edncipe Konrad de Mazowia invit\u00f3 a Polonia a los Caballeros Teut\u00f3nicos en 1226 para que le ayudasen a combatirlas.&nbsp;Con el paso del tiempo, los Caballeros Teut\u00f3nicos se hicieron tan poderosos&nbsp;que la corona Polonia se vio amenazada. Por este motivo se libr\u00f3 una de las mayores batallas de la Europa Medieval:&nbsp;en el a\u00f1o 1410, en los campos de Grunwald, una&nbsp;alianza polaco-lituana luch\u00f3 contra la orden de los Caballeros Teut\u00f3nicos.<\/p>\n\n\n\n<p>El primer monarca de Polonia fue Boleslaw Chrobry (a\u00f1o 1025). Sin embargo, fue a partir del reinado de Casimiro el Grande (Kazimierz Wielki, 1333-1370) cuando el pa\u00eds alcanz\u00f3 su <strong>Edad de Oro<\/strong>. Esta \u00e9poca de plenitud que vivi\u00f3 Polonia se materializ\u00f3 en la restauraci\u00f3n del castillo de Wawel en Cracovia y en la apertura, en el a\u00f1o 1364, de la Universidad de la misma ciudad, la primera escuela superior polaca, en la que se formaron grandes cient\u00edficos como <strong>Nicol\u00e1s Cop\u00e9rnico<\/strong>, a quien debemos el descubrimiento de que es la Tierra la que gira alrededor del Sol y no al rev\u00e9s.<\/p>\n\n\n\n<p>El florecimiento del arte, la cultura y agricultura, junto a las importantes conquistas territoriales,&nbsp;se prolongaron hasta la muerte del \u00faltimo rey de la dinast\u00eda de los Jaguellones, a finales del siglo XVI.<\/p>\n\n\n\n<p>Durante todo este tiempo, Polonia y Lituania formaron la denominada<strong>&nbsp;Rep\u00fablica de las Dos Naciones<\/strong>, cuya capital fue Cracovia. De esta forma, Polonia y Lituania lograron superar militarmente a los Caballeros Teutones, que pretend\u00edan ampliar su territorio. As\u00ed, la Rep\u00fablica de las Dos Naciones consigui\u00f3 ampliar considerablemente sus fronteras hasta el mar Negro y favoreci\u00f3 la aparici\u00f3n de una abundante clase noble.<\/p>\n\n\n\n<p>Precisamente la excesiva libertad de la que goz\u00f3 la nobleza fue, seg\u00fan los historiadores, el principal motivo que acab\u00f3 con el Reino de Polonia. A partir de la muerte del \u00faltimo monarca Jaquell\u00f3n, que no dej\u00f3 descendientes, los nobles se encargaron de elegir a sus monarcas, es decir, que Polonia dej\u00f3 de ser una monarqu\u00eda hereditaria.<\/p>\n\n\n\n<div style=\"height:100px\" aria-hidden=\"true\" class=\"wp-block-spacer is-style-spacer-small\"><\/div>\n\n\n\n<figure class=\"wp-block-image size-full\"><img loading=\"lazy\" decoding=\"async\" width=\"1170\" height=\"780\" src=\"https:\/\/www.polonia.travel\/es\/wp-content\/uploads\/sites\/18\/2023\/07\/wilanow_palac_1170.jpg\" alt=\"\" class=\"wp-image-28674\" srcset=\"https:\/\/www.polonia.travel\/es\/wp-content\/uploads\/sites\/18\/2023\/07\/wilanow_palac_1170.jpg 1170w, https:\/\/www.polonia.travel\/es\/wp-content\/uploads\/sites\/18\/2023\/07\/wilanow_palac_1170-600x400.jpg 600w, https:\/\/www.polonia.travel\/es\/wp-content\/uploads\/sites\/18\/2023\/07\/wilanow_palac_1170-768x512.jpg 768w\" sizes=\"auto, (max-width: 1170px) 100vw, 1170px\" \/><\/figure>\n\n\n\n<div style=\"height:100px\" aria-hidden=\"true\" class=\"wp-block-spacer is-style-spacer-small\"><\/div>\n\n\n\n<p>Con el tiempo, el territorio del reino fue menguando puesto que las familias arist\u00f3cratas, centradas en sus intereses particulares, compet\u00edan entre s\u00ed por el trono, olvid\u00e1ndose de autorizar estrategias b\u00e9licas de defensa ante las amenazas exteriores.&nbsp;Todo ello cre\u00f3 el caldo de cultivo perfecto para que las tres potencias vecinas (Austria, Prusia y Rusia) se repartieran el territorio polaco a finales del siglo XVIII, con la consecuente <strong>desaparici\u00f3n del Estado<\/strong>&nbsp;hasta el a\u00f1o 1918.<\/p>\n\n\n\n<p>Aunque fue por poco tiempo, durante el periodo de entreguerras&nbsp;Polonia recuper\u00f3 su independencia. Impulsados por el entusiasmo y el optimismo que provoc\u00f3 la recuperaci\u00f3n de la libertad,&nbsp;durante aquellos a\u00f1os los polacos construyeron&nbsp;las s\u00f3lidas bases de un Estado que, una vez m\u00e1s, se encontraba en la encrucijada de las dos Europas. La construcci\u00f3n del puerto de Gdynia asegur\u00f3 el acceso al mar B\u00e1ltico de este &#8222;joven&#8221; pa\u00eds. Una gran noticia que, a la vez, evidenciaba la comprometida situaci\u00f3n&nbsp;que sufr\u00eda el pa\u00eds: su puerto hist\u00f3rico, el de Gdansk, ten\u00eda un gobierno compartido entre&nbsp;Polonia y Alemania.<\/p>\n\n\n\n<p>Finalizada la Segunda Guerra Mundial, de acuerdo a las resoluciones de la Conferencia de Yalta Polonia perdi\u00f3 los territorios en su franja oriental aunque recuper\u00f3 otros en la parte occidental que hab\u00edan sido cuna del Estado polaco. Este nuevo orden pol\u00edtico conllev\u00f3 que Polonia entrara en la \u00f3rbita de influencia de la extinta URSS, formando parte del bloque popularmente conocido&nbsp;como \u201c<strong>la Europa tras el tel\u00f3n de acero<\/strong>\u201d.<\/p>\n\n\n\n<p>Las multitudinarias huelgas obreras que se produjeron en Gdansk junto a la creaci\u00f3n del primer sindicato independiente del gobierno en 1980, fueron dos hitos claves para la historia polaca. Estos movimientos llegaron mucho m\u00e1s lejos de lo que se entiende como&nbsp;una protesta sindical: las protestas&nbsp;se extendieron a los pa\u00edses vecinos de la \u00f3rbita sovi\u00e9tica, lo que provoc\u00f3 la ca\u00edda del Muro de Berl\u00edn en 1989 y la reunificaci\u00f3n de Europa.<\/p>\n\n\n\n<p>En este cortometraje de animaci\u00f3n, presentado en el Pabell\u00f3n de Polonia durante la EXPO 2010 de Shanghai, pod\u00e9is descubrir la historia de Polonia: <a href=\"http:\/\/www.youtube.com\/watch?v=2DrXgj1NwN8\">ver pel\u00edcula<\/a><\/p>\n\n\n\n<div style=\"height:100px\" aria-hidden=\"true\" class=\"wp-block-spacer is-style-spacer-small\"><\/div>\n\n\n\n<p><strong>\u00bfSab\u00edas que\u2026?<\/strong><\/p>\n\n\n\n<p>Polonia ha tenido<strong> tres capitales<\/strong> distintas. La primera de ellas fue Gniezno, que despu\u00e9s fue sustituida por Cracovia durante alg\u00fan tiempo. M\u00e1s tarde, por decisi\u00f3n del monarca sueco Segismundo III Vasa, coronado rey de Polonia en 1587, Varsovia se convirti\u00f3 en la capital del pa\u00eds a partir de&nbsp;1596, y as\u00ed sigue si\u00e9ndolo hasta nuestros d\u00edas.<\/p>\n\n\n\n<p>Polonia no particip\u00f3 en ninguna de las guerras religiosas que tuvieron lugar en Europa, por lo que fue declarada \u201c<strong>tierra sin hogueras<\/strong>\u201d, convirti\u00e9ndose as\u00ed en destino clave para fieles de diversas religiones.<\/p>\n\n\n\n<p>Polonia aprob\u00f3 la <strong>primera Constituci\u00f3n de Europa<\/strong> (Constituci\u00f3n de 3 de Mayo)&nbsp;y la segunda del mundo&nbsp;por detr\u00e1s de la de Estados Unidos, un estatuto que&nbsp;firm\u00f3 el rey Stanis\u0142aw August Poniatowski en el a\u00f1o 1791. En el infructuoso intento de reformar el Estado antes de su desaparici\u00f3n a finales del siglo XVIII, se cre\u00f3 la Comisi\u00f3n de la Educaci\u00f3n Nacional, es decir, el primer Ministerio de Educaci\u00f3n del mundo.<\/p>\n\n\n\n<div style=\"height:100px\" aria-hidden=\"true\" class=\"wp-block-spacer is-style-spacer-small\"><\/div>\n\n\n\n<figure class=\"wp-block-image size-large\"><img loading=\"lazy\" decoding=\"async\" width=\"1200\" height=\"696\" src=\"https:\/\/www.polonia.travel\/es\/wp-content\/uploads\/sites\/18\/2024\/08\/AdobeStock_259802976_flaga_konstytucja-1200x696.jpeg\" alt=\"\" class=\"wp-image-35331\" srcset=\"https:\/\/www.polonia.travel\/es\/wp-content\/uploads\/sites\/18\/2024\/08\/AdobeStock_259802976_flaga_konstytucja-1200x696.jpeg 1200w, https:\/\/www.polonia.travel\/es\/wp-content\/uploads\/sites\/18\/2024\/08\/AdobeStock_259802976_flaga_konstytucja-600x348.jpeg 600w, https:\/\/www.polonia.travel\/es\/wp-content\/uploads\/sites\/18\/2024\/08\/AdobeStock_259802976_flaga_konstytucja-768x446.jpeg 768w, https:\/\/www.polonia.travel\/es\/wp-content\/uploads\/sites\/18\/2024\/08\/AdobeStock_259802976_flaga_konstytucja-1536x891.jpeg 1536w, https:\/\/www.polonia.travel\/es\/wp-content\/uploads\/sites\/18\/2024\/08\/AdobeStock_259802976_flaga_konstytucja-2048x1189.jpeg 2048w, https:\/\/www.polonia.travel\/es\/wp-content\/uploads\/sites\/18\/2024\/08\/AdobeStock_259802976_flaga_konstytucja-1920x1114.jpeg 1920w\" sizes=\"auto, (max-width: 1200px) 100vw, 1200px\" \/><\/figure>\n\n\n\n<div style=\"height:100px\" aria-hidden=\"true\" class=\"wp-block-spacer is-style-spacer-small\"><\/div>\n\n\n\n<p>Napole\u00f3n Bonaparte recibi\u00f3 apoyo polaco en sus operaciones militares&nbsp;en base a la promesa de restablecer el Estado. Los soldados polacos, integrados en el ej\u00e9rcito de Napole\u00f3n, llegaron a luchar en la Pen\u00ednsula Ib\u00e9rica. Una de las grandes haza\u00f1as militares polacas, de las m\u00e1s conocidas en el pa\u00eds, es la acontecida&nbsp;en la batalla de <strong>Somosierra<\/strong> (Madrid), aunque los soldados lamentaban tener que luchar contra terceras naciones, como Espa\u00f1a o Santo Domingo, para recuperar su independencia.<\/p>\n\n\n\n<p>La pol\u00edtica de <strong>elecci\u00f3n de reyes<\/strong> por parte de la nobleza provocaba que accedieran al trono personajes que no eran necesariamente aptos para dirigir un reino. Sin embargo, entre ellos cabe destacar la figura de <strong>Juan III Sobieski<\/strong>, cuya fama traspas\u00f3 las fronteras de Polonia a finales del siglo XVII. A petici\u00f3n del Papa, el monarca acudi\u00f3 a <strong>Viena<\/strong> para rescatar la ciudad del asedio de las tropas turcas (1683).<\/p>\n\n\n\n<p>Los polacos nunca se resignaron al haber perdido su independencia. La historia del pa\u00eds suma varios episodios b\u00e9licos cuyo fin era recuperarla.&nbsp;Se produjeron numerosos levantamientos, principalmente en los territorios ocupados por Rusia,&nbsp;aunque el \u00fanico que result\u00f3 victorioso fue el de Wielkopolska (Polonia Mayor, Poznan) en 1918, gracias al cual una Polonia nuevamente independiente recuperaba estas tierras. El \u00faltimo de los alzamientos tuvo lugar en 1944 en Varsovia, dirigido contra las tropas nazis que ocupaban la ciudad. El&nbsp; Museo de la Insurrecci\u00f3n de Varsovia, uno de los m\u00e1s importantes de la capital, recrea el d\u00eda a d\u00eda de los ciudadanos durante el levantamiento contra las tropas alemanas.<\/p>\n<\/div><\/div>\n\n\n\n<div class=\"wp-block-group has-background\" style=\"background-color:#eeeeee\"><div class=\"wp-block-group__inner-container is-layout-constrained wp-block-group-is-layout-constrained\">\n<div style=\"height:100px\" aria-hidden=\"true\" class=\"wp-block-spacer is-style-spacer-small\"><\/div>\n\n\n\n<div class=\"wp-block-group is-style-container\"><div class=\"wp-block-group__inner-container is-layout-constrained wp-block-group-is-layout-constrained\">\n<h3 class=\"wp-block-heading\">Lee m\u00e1s art\u00edculos<\/h3>\n\n\n<div class=\"overflow\">\n  <div class=\"post-slider swiper post-slider--small\" data-schema=\"small\">\n\n    <div class=\"swiper-wrapper\">\n              <div class=\"swiper-slide post-slide\">\n                      <a href=\"https:\/\/www.polonia.travel\/es\/viajar-con-mascotas\/\" class=\"post-box post-box--small\" style=\" background-image: url(https:\/\/www.polonia.travel\/es\/wp-content\/uploads\/sites\/18\/2023\/08\/079_Pies-600x419.jpg);\">\n          <div class=\"post-box__hover\" style=\"background-image: url(https:\/\/www.polonia.travel\/es\/wp-content\/uploads\/sites\/18\/2025\/05\/03520_Swolowo_KK_HR.jpg);\"><\/div>\n        <div class=\"post-box__info\">\n            <div class=\"post-box__title\">Viajar con mascotas<\/div>\n      <div class=\"post-box__more\">Leer m\u00e1s<\/div>\n    <\/div>\n  <\/a>\n\n          <\/div>\n              <div class=\"swiper-slide post-slide\">\n                      <a href=\"https:\/\/www.polonia.travel\/es\/el-verano-en-polonia\/\" class=\"post-box post-box--small\" style=\" background-image: url(https:\/\/www.polonia.travel\/es\/wp-content\/uploads\/sites\/18\/2024\/04\/Plaza20PROT20540x36020IMG_3891_DONE.jpg);\">\n          <div class=\"post-box__hover\" style=\"background-image: url(https:\/\/www.polonia.travel\/es\/wp-content\/uploads\/sites\/18\/2023\/07\/HOSPITALITY_0004_2790_WrocC582aw_festiwal_Bieli-600x400.jpg);\"><\/div>\n        <div class=\"post-box__info\">\n            <div class=\"post-box__title\">El verano en Polonia<\/div>\n      <div class=\"post-box__more\">Leer m\u00e1s<\/div>\n    <\/div>\n  <\/a>\n\n          <\/div>\n              <div class=\"swiper-slide post-slide\">\n                      <a href=\"https:\/\/www.polonia.travel\/es\/campings-y-autocaravanas\/\" class=\"post-box post-box--small\" style=\" background-image: url(https:\/\/www.polonia.travel\/es\/wp-content\/uploads\/sites\/18\/2022\/12\/jezioro_drawsko_camping_1_1170-600x400.jpg);\">\n          <div class=\"post-box__hover\" style=\"background-image: url(https:\/\/www.polonia.travel\/es\/wp-content\/uploads\/sites\/18\/2022\/12\/rzeka_krutynia_camping_1_1170-600x400.jpg);\"><\/div>\n        <div class=\"post-box__info\">\n            <div class=\"post-box__title\">Campings y autocaravanas<\/div>\n      <div class=\"post-box__more\">Leer m\u00e1s<\/div>\n    <\/div>\n  <\/a>\n\n          <\/div>\n              <div class=\"swiper-slide post-slide\">\n                      <a href=\"https:\/\/www.polonia.travel\/es\/polonia-historia-milenaria\/\" class=\"post-box post-box--small\" style=\" background-image: url(https:\/\/www.polonia.travel\/es\/wp-content\/uploads\/sites\/18\/2023\/07\/zamek_malbork_1170-600x400.jpg);\">\n          <div class=\"post-box__hover\" style=\"background-image: url(https:\/\/www.polonia.travel\/es\/wp-content\/uploads\/sites\/18\/2022\/12\/warszawa_wilanow_palac_1170-600x400.jpg);\"><\/div>\n        <div class=\"post-box__info\">\n            <div class=\"post-box__title\">Polonia, historia milenaria<\/div>\n      <div class=\"post-box__more\">Leer m\u00e1s<\/div>\n    <\/div>\n  <\/a>\n\n          <\/div>\n              <div class=\"swiper-slide post-slide\">\n                      <a href=\"https:\/\/www.polonia.travel\/es\/polonia-a-traves-de-la-cultura-y-el-arte\/\" class=\"post-box post-box--small\" style=\" background-image: url(https:\/\/www.polonia.travel\/es\/wp-content\/uploads\/sites\/18\/2022\/12\/warszawa_muzeum_chopina_wnetrze_1_1170-1-600x400.jpg);\">\n          <div class=\"post-box__hover\" style=\"background-image: url(https:\/\/www.polonia.travel\/es\/wp-content\/uploads\/sites\/18\/2023\/07\/muzeum_powstania_warszawskiego__1170-600x400.jpg);\"><\/div>\n        <div class=\"post-box__info\">\n            <div class=\"post-box__title\">Polonia a trav\u00e9s de la cultura y el arte<\/div>\n      <div class=\"post-box__more\">Leer m\u00e1s<\/div>\n    <\/div>\n  <\/a>\n\n          <\/div>\n              <div class=\"swiper-slide post-slide\">\n                      <a href=\"https:\/\/www.polonia.travel\/es\/personajes-celebres\/\" class=\"post-box post-box--small\" style=\" background-image: url(https:\/\/www.polonia.travel\/es\/wp-content\/uploads\/sites\/18\/2024\/04\/Maria-Sklodowska-Curie_540.jpg);\">\n          <div class=\"post-box__hover\" style=\"background-image: url(https:\/\/www.polonia.travel\/es\/wp-content\/uploads\/sites\/18\/2024\/04\/5_ToruC584_MikoC582aj_Kopernik_MH-fotopolska-pot-pl_recorte-600x473.jpg);\"><\/div>\n        <div class=\"post-box__info\">\n            <div class=\"post-box__title\">Personajes c\u00e9lebres<\/div>\n      <div class=\"post-box__more\">Leer m\u00e1s<\/div>\n    <\/div>\n  <\/a>\n\n          <\/div>\n              <div class=\"swiper-slide post-slide\">\n                      <a href=\"https:\/\/www.polonia.travel\/es\/ciudades-cuyos-nombres-parecen-trabalenguas\/\" class=\"post-box post-box--small\" style=\" background-image: url(https:\/\/www.polonia.travel\/es\/wp-content\/uploads\/sites\/18\/2023\/07\/Lodz-mural-NGT20Custom-1-600x394.png);\">\n          <div class=\"post-box__hover\" style=\"background-image: url(https:\/\/www.polonia.travel\/es\/wp-content\/uploads\/sites\/18\/2022\/12\/szczecin_waly_chrobrego_odra_zachodnia_1170-600x400.jpg);\"><\/div>\n        <div class=\"post-box__info\">\n            <div class=\"post-box__title\">Ciudades cuyos nombres parecen trabalenguas<\/div>\n      <div class=\"post-box__more\">Leer m\u00e1s<\/div>\n    <\/div>\n  <\/a>\n\n          <\/div>\n              <div class=\"swiper-slide post-slide\">\n                      <a href=\"https:\/\/www.polonia.travel\/es\/clima-en-polonia-no-siempre-hace-frio\/\" class=\"post-box post-box--small\" style=\" background-image: url(https:\/\/www.polonia.travel\/es\/wp-content\/uploads\/sites\/18\/2022\/12\/warszawa_pomnik_chopina_lazienki_kroleskie_jesien_1_1170-1-600x400.jpg);\">\n          <div class=\"post-box__hover\" style=\"background-image: url(https:\/\/www.polonia.travel\/es\/wp-content\/uploads\/sites\/18\/2022\/12\/warszawa_lazienki_krolewskie_pomnik_chopina_500x500.jpg);\"><\/div>\n        <div class=\"post-box__info\">\n            <div class=\"post-box__title\">Clima: \u00a1En Polonia no siempre hace fr\u00edo!<\/div>\n      <div class=\"post-box__more\">Leer m\u00e1s<\/div>\n    <\/div>\n  <\/a>\n\n          <\/div>\n              <div class=\"swiper-slide post-slide\">\n                      <a href=\"https:\/\/www.polonia.travel\/es\/costumbres-polacas\/\" class=\"post-box post-box--small\" style=\" background-image: url(https:\/\/www.polonia.travel\/es\/wp-content\/uploads\/sites\/18\/2023\/07\/mazowsze_zespol_2_1170-600x400.jpg);\">\n          <div class=\"post-box__hover\" style=\"background-image: url(https:\/\/www.polonia.travel\/es\/wp-content\/uploads\/sites\/18\/2023\/07\/Krakow5402.jpg);\"><\/div>\n        <div class=\"post-box__info\">\n            <div class=\"post-box__title\">Costumbres polacas<\/div>\n      <div class=\"post-box__more\">Leer m\u00e1s<\/div>\n    <\/div>\n  <\/a>\n\n          <\/div>\n              <div class=\"swiper-slide post-slide\">\n                      <a href=\"https:\/\/www.polonia.travel\/es\/polonia-en-europa\/\" class=\"post-box post-box--small\" style=\" background-image: url(https:\/\/www.polonia.travel\/es\/wp-content\/uploads\/sites\/18\/2023\/08\/1_Lato23-600x349.jpg);\">\n          <div class=\"post-box__hover\" style=\"background-image: url(https:\/\/www.polonia.travel\/es\/wp-content\/uploads\/sites\/18\/2024\/04\/KRAKOW_4-600x400.jpg);\"><\/div>\n        <div class=\"post-box__info\">\n            <div class=\"post-box__title\">Polonia en Europa<\/div>\n      <div class=\"post-box__more\">Leer m\u00e1s<\/div>\n    <\/div>\n  <\/a>\n\n          <\/div>\n              <div class=\"swiper-slide post-slide\">\n                      <a href=\"https:\/\/www.polonia.travel\/es\/huso-horario-y-horarios-comerciales\/\" class=\"post-box post-box--small\" style=\" background-image: url(https:\/\/www.polonia.travel\/es\/wp-content\/uploads\/sites\/18\/2024\/04\/124376765_Fotolia_Zakupy_Swieta_P-600x400.jpg);\">\n          <div class=\"post-box__hover\" style=\"background-image: url(https:\/\/www.polonia.travel\/es\/wp-content\/uploads\/sites\/18\/2024\/05\/Krakow-Cracovia-Plaza-Mayor-600x400.jpg);\"><\/div>\n        <div class=\"post-box__info\">\n            <div class=\"post-box__title\">Huso horario y horarios comerciales<\/div>\n      <div class=\"post-box__more\">Leer m\u00e1s<\/div>\n    <\/div>\n  <\/a>\n\n          <\/div>\n              <div class=\"swiper-slide post-slide\">\n                      <a href=\"https:\/\/www.polonia.travel\/es\/seguro-medico-y-emergencias-telefonos-utiles\/\" class=\"post-box post-box--small\" style=\" background-image: url(https:\/\/www.polonia.travel\/es\/wp-content\/uploads\/sites\/18\/2024\/04\/AdobeStock_373839889_telefon-600x400.jpeg);\">\n          <div class=\"post-box__hover\" style=\"background-image: url(https:\/\/www.polonia.travel\/es\/wp-content\/uploads\/sites\/18\/2024\/05\/126747172_Fotolia_Doktor_HR-600x383.jpg);\"><\/div>\n        <div class=\"post-box__info\">\n            <div class=\"post-box__title\">Seguro m\u00e9dico y emergencias (tel\u00e9fonos \u00fatiles)<\/div>\n      <div class=\"post-box__more\">Leer m\u00e1s<\/div>\n    <\/div>\n  <\/a>\n\n          <\/div>\n              <div class=\"swiper-slide post-slide\">\n                      <a href=\"https:\/\/www.polonia.travel\/es\/moneda\/\" class=\"post-box post-box--small\" style=\" background-image: url(https:\/\/www.polonia.travel\/es\/wp-content\/uploads\/sites\/18\/2023\/11\/3956_pieniadze_DSC-xl-600x450.jpg);\">\n          <div class=\"post-box__hover\" style=\"background-image: url(https:\/\/www.polonia.travel\/es\/wp-content\/uploads\/sites\/18\/2023\/11\/425277450_Polskie_banknoty-xl-600x400.jpg);\"><\/div>\n        <div class=\"post-box__info\">\n            <div class=\"post-box__title\">Moneda<\/div>\n      <div class=\"post-box__more\">Leer m\u00e1s<\/div>\n    <\/div>\n  <\/a>\n\n          <\/div>\n              <div class=\"swiper-slide post-slide\">\n                      <a href=\"https:\/\/www.polonia.travel\/es\/documentos-para-viajar-a-polonia\/\" class=\"post-box post-box--small\" style=\" background-image: url(https:\/\/www.polonia.travel\/es\/wp-content\/uploads\/sites\/18\/2024\/04\/Dokumenty_540_360.jpg);\">\n          <div class=\"post-box__hover\" style=\"background-image: url(https:\/\/www.polonia.travel\/es\/wp-content\/uploads\/sites\/18\/2024\/04\/KRAKC393W20WAWEL_WIOSNA20540x360.jpg);\"><\/div>\n        <div class=\"post-box__info\">\n            <div class=\"post-box__title\">Documentos para viajar a Polonia<\/div>\n      <div class=\"post-box__more\">Leer m\u00e1s<\/div>\n    <\/div>\n  <\/a>\n\n          <\/div>\n          <\/div>\n    <div class=\"post-slider__pagination\"><\/div>\n  <\/div>\n<\/div>\n<\/div><\/div>\n\n\n\n<div style=\"height:100px\" aria-hidden=\"true\" class=\"wp-block-spacer is-style-spacer-small\"><\/div>\n<\/div><\/div>\n","protected":false},"excerpt":{"rendered":"<p>Polonia, historia milenaria En su obra La vida es sue\u00f1o, Calder\u00f3n de la Barca habla de un rey procedente de Polonia. Espa\u00f1a y Polonia no han mantenido relaciones muy estrechas en el pasado. Puede incluso que, a ojos de los espa\u00f1oles, la historia de Polonia se perciba como tr\u00e1gica, triste, rom\u00e1ntica&nbsp;e incluso&nbsp;poco arraigada. Sin embargo, [&hellip;]<\/p>\n","protected":false},"author":1,"featured_media":35168,"comment_status":"open","ping_status":"open","sticky":false,"template":"","format":"standard","meta":{"_acf_changed":false,"footnotes":""},"categories":[1050,1229],"class_list":["post-31034","post","type-post","status-publish","format-standard","has-post-thumbnail","hentry","category-consejos-practicos","category-historia-idioma-y-mas"],"acf":[],"yoast_head":"<!-- This site is optimized with the Yoast SEO plugin v27.4 - https:\/\/yoast.com\/product\/yoast-seo-wordpress\/ -->\n<title>Polonia, historia milenaria - Polonia Travel (ES)<\/title>\n<meta name=\"robots\" content=\"index, follow, max-snippet:-1, max-image-preview:large, max-video-preview:-1\" \/>\n<link rel=\"canonical\" href=\"https:\/\/www.polonia.travel\/es\/polonia-historia-milenaria\/\" \/>\n<meta property=\"og:locale\" content=\"pl_PL\" \/>\n<meta property=\"og:type\" content=\"article\" \/>\n<meta property=\"og:title\" content=\"Polonia, historia milenaria - Polonia Travel (ES)\" \/>\n<meta property=\"og:description\" content=\"Polonia, historia milenaria En su obra La vida es sue\u00f1o, Calder\u00f3n de la Barca habla de un rey procedente de Polonia. Espa\u00f1a y Polonia no han mantenido relaciones muy estrechas en el pasado. Puede incluso que, a ojos de los espa\u00f1oles, la historia de Polonia se perciba como tr\u00e1gica, triste, rom\u00e1ntica&nbsp;e incluso&nbsp;poco arraigada. Sin embargo, [&hellip;]\" \/>\n<meta property=\"og:url\" content=\"https:\/\/www.polonia.travel\/es\/polonia-historia-milenaria\/\" \/>\n<meta property=\"og:site_name\" content=\"Polonia Travel (ES)\" \/>\n<meta property=\"article:published_time\" content=\"2024-05-21T08:40:37+00:00\" \/>\n<meta property=\"article:modified_time\" content=\"2024-08-13T15:01:39+00:00\" \/>\n<meta property=\"og:image\" content=\"https:\/\/www.polonia.travel\/es\/wp-content\/uploads\/sites\/18\/2024\/08\/primavera-en-Cracovia-copia-2.jpg\" \/>\n\t<meta property=\"og:image:width\" content=\"1128\" \/>\n\t<meta property=\"og:image:height\" content=\"270\" \/>\n\t<meta property=\"og:image:type\" content=\"image\/jpeg\" \/>\n<meta name=\"twitter:card\" content=\"summary_large_image\" \/>\n<meta name=\"twitter:label1\" content=\"Napisane przez\" \/>\n\t<meta name=\"twitter:data1\" content=\"\" \/>\n\t<meta name=\"twitter:label2\" content=\"Szacowany czas czytania\" \/>\n\t<meta name=\"twitter:data2\" content=\"10 minut\" \/>\n<script type=\"application\/ld+json\" class=\"yoast-schema-graph\">{\"@context\":\"https:\\\/\\\/schema.org\",\"@graph\":[{\"@type\":\"Article\",\"@id\":\"https:\\\/\\\/www.polonia.travel\\\/es\\\/polonia-historia-milenaria\\\/#article\",\"isPartOf\":{\"@id\":\"https:\\\/\\\/www.polonia.travel\\\/es\\\/polonia-historia-milenaria\\\/\"},\"author\":{\"name\":\"\",\"@id\":\"\"},\"headline\":\"Polonia, historia milenaria\",\"datePublished\":\"2024-05-21T08:40:37+00:00\",\"dateModified\":\"2024-08-13T15:01:39+00:00\",\"mainEntityOfPage\":{\"@id\":\"https:\\\/\\\/www.polonia.travel\\\/es\\\/polonia-historia-milenaria\\\/\"},\"wordCount\":1558,\"commentCount\":0,\"publisher\":{\"@id\":\"https:\\\/\\\/www.polonia.travel\\\/es\\\/#organization\"},\"image\":{\"@id\":\"https:\\\/\\\/www.polonia.travel\\\/es\\\/polonia-historia-milenaria\\\/#primaryimage\"},\"thumbnailUrl\":\"https:\\\/\\\/www.polonia.travel\\\/es\\\/wp-content\\\/uploads\\\/sites\\\/18\\\/2024\\\/08\\\/primavera-en-Cracovia-copia-2.jpg\",\"keywords\":[\"polonia-geografia-y-otros-aspectos-basicos\",\"es\",\"antes-del-viaje\",\"sobre-polonia\"],\"articleSection\":[\"Consejos Pr\u00e1cticos\",\"Historia, idioma y m\u00e1s\"],\"inLanguage\":\"pl-PL\"},{\"@type\":\"WebPage\",\"@id\":\"https:\\\/\\\/www.polonia.travel\\\/es\\\/polonia-historia-milenaria\\\/\",\"url\":\"https:\\\/\\\/www.polonia.travel\\\/es\\\/polonia-historia-milenaria\\\/\",\"name\":\"Polonia, historia milenaria - Polonia Travel (ES)\",\"isPartOf\":{\"@id\":\"https:\\\/\\\/www.polonia.travel\\\/es\\\/#website\"},\"primaryImageOfPage\":{\"@id\":\"https:\\\/\\\/www.polonia.travel\\\/es\\\/polonia-historia-milenaria\\\/#primaryimage\"},\"image\":{\"@id\":\"https:\\\/\\\/www.polonia.travel\\\/es\\\/polonia-historia-milenaria\\\/#primaryimage\"},\"thumbnailUrl\":\"https:\\\/\\\/www.polonia.travel\\\/es\\\/wp-content\\\/uploads\\\/sites\\\/18\\\/2024\\\/08\\\/primavera-en-Cracovia-copia-2.jpg\",\"datePublished\":\"2024-05-21T08:40:37+00:00\",\"dateModified\":\"2024-08-13T15:01:39+00:00\",\"breadcrumb\":{\"@id\":\"https:\\\/\\\/www.polonia.travel\\\/es\\\/polonia-historia-milenaria\\\/#breadcrumb\"},\"inLanguage\":\"pl-PL\",\"potentialAction\":[{\"@type\":\"ReadAction\",\"target\":[\"https:\\\/\\\/www.polonia.travel\\\/es\\\/polonia-historia-milenaria\\\/\"]}]},{\"@type\":\"ImageObject\",\"inLanguage\":\"pl-PL\",\"@id\":\"https:\\\/\\\/www.polonia.travel\\\/es\\\/polonia-historia-milenaria\\\/#primaryimage\",\"url\":\"https:\\\/\\\/www.polonia.travel\\\/es\\\/wp-content\\\/uploads\\\/sites\\\/18\\\/2024\\\/08\\\/primavera-en-Cracovia-copia-2.jpg\",\"contentUrl\":\"https:\\\/\\\/www.polonia.travel\\\/es\\\/wp-content\\\/uploads\\\/sites\\\/18\\\/2024\\\/08\\\/primavera-en-Cracovia-copia-2.jpg\",\"width\":1128,\"height\":270},{\"@type\":\"BreadcrumbList\",\"@id\":\"https:\\\/\\\/www.polonia.travel\\\/es\\\/polonia-historia-milenaria\\\/#breadcrumb\",\"itemListElement\":[{\"@type\":\"ListItem\",\"position\":1,\"name\":\"Home page\",\"item\":\"https:\\\/\\\/www.polonia.travel\\\/es\\\/\"},{\"@type\":\"ListItem\",\"position\":2,\"name\":\"\u00bfC\u00f3mo viajar?\",\"item\":\"https:\\\/\\\/www.polonia.travel\\\/es\\\/category\\\/como-viajar\\\/\"},{\"@type\":\"ListItem\",\"position\":3,\"name\":\"Consejos Pr\u00e1cticos\",\"item\":\"https:\\\/\\\/www.polonia.travel\\\/es\\\/category\\\/como-viajar\\\/consejos-practicos\\\/\"},{\"@type\":\"ListItem\",\"position\":4,\"name\":\"Polonia, historia milenaria\"}]},{\"@type\":\"WebSite\",\"@id\":\"https:\\\/\\\/www.polonia.travel\\\/es\\\/#website\",\"url\":\"https:\\\/\\\/www.polonia.travel\\\/es\\\/\",\"name\":\"Polonia Travel (ES)\",\"description\":\"...\",\"publisher\":{\"@id\":\"https:\\\/\\\/www.polonia.travel\\\/es\\\/#organization\"},\"potentialAction\":[{\"@type\":\"SearchAction\",\"target\":{\"@type\":\"EntryPoint\",\"urlTemplate\":\"https:\\\/\\\/www.polonia.travel\\\/es\\\/?s={search_term_string}\"},\"query-input\":{\"@type\":\"PropertyValueSpecification\",\"valueRequired\":true,\"valueName\":\"search_term_string\"}}],\"inLanguage\":\"pl-PL\"},{\"@type\":\"Organization\",\"@id\":\"https:\\\/\\\/www.polonia.travel\\\/es\\\/#organization\",\"name\":\"Polonia Travel (ES)\",\"url\":\"https:\\\/\\\/www.polonia.travel\\\/es\\\/\",\"logo\":{\"@type\":\"ImageObject\",\"inLanguage\":\"pl-PL\",\"@id\":\"https:\\\/\\\/www.polonia.travel\\\/es\\\/#\\\/schema\\\/logo\\\/image\\\/\",\"url\":\"\",\"contentUrl\":\"\",\"caption\":\"Polonia Travel (ES)\"},\"image\":{\"@id\":\"https:\\\/\\\/www.polonia.travel\\\/es\\\/#\\\/schema\\\/logo\\\/image\\\/\"}},{\"@type\":\"Person\",\"@id\":\"\"}]}<\/script>\n<!-- \/ Yoast SEO plugin. -->","yoast_head_json":{"title":"Polonia, historia milenaria - Polonia Travel (ES)","robots":{"index":"index","follow":"follow","max-snippet":"max-snippet:-1","max-image-preview":"max-image-preview:large","max-video-preview":"max-video-preview:-1"},"canonical":"https:\/\/www.polonia.travel\/es\/polonia-historia-milenaria\/","og_locale":"pl_PL","og_type":"article","og_title":"Polonia, historia milenaria - Polonia Travel (ES)","og_description":"Polonia, historia milenaria En su obra La vida es sue\u00f1o, Calder\u00f3n de la Barca habla de un rey procedente de Polonia. Espa\u00f1a y Polonia no han mantenido relaciones muy estrechas en el pasado. Puede incluso que, a ojos de los espa\u00f1oles, la historia de Polonia se perciba como tr\u00e1gica, triste, rom\u00e1ntica&nbsp;e incluso&nbsp;poco arraigada. Sin embargo, [&hellip;]","og_url":"https:\/\/www.polonia.travel\/es\/polonia-historia-milenaria\/","og_site_name":"Polonia Travel (ES)","article_published_time":"2024-05-21T08:40:37+00:00","article_modified_time":"2024-08-13T15:01:39+00:00","og_image":[{"width":1128,"height":270,"url":"https:\/\/www.polonia.travel\/es\/wp-content\/uploads\/sites\/18\/2024\/08\/primavera-en-Cracovia-copia-2.jpg","type":"image\/jpeg"}],"twitter_card":"summary_large_image","twitter_misc":{"Napisane przez":"","Szacowany czas czytania":"10 minut"},"schema":{"@context":"https:\/\/schema.org","@graph":[{"@type":"Article","@id":"https:\/\/www.polonia.travel\/es\/polonia-historia-milenaria\/#article","isPartOf":{"@id":"https:\/\/www.polonia.travel\/es\/polonia-historia-milenaria\/"},"author":{"name":"","@id":""},"headline":"Polonia, historia milenaria","datePublished":"2024-05-21T08:40:37+00:00","dateModified":"2024-08-13T15:01:39+00:00","mainEntityOfPage":{"@id":"https:\/\/www.polonia.travel\/es\/polonia-historia-milenaria\/"},"wordCount":1558,"commentCount":0,"publisher":{"@id":"https:\/\/www.polonia.travel\/es\/#organization"},"image":{"@id":"https:\/\/www.polonia.travel\/es\/polonia-historia-milenaria\/#primaryimage"},"thumbnailUrl":"https:\/\/www.polonia.travel\/es\/wp-content\/uploads\/sites\/18\/2024\/08\/primavera-en-Cracovia-copia-2.jpg","keywords":["polonia-geografia-y-otros-aspectos-basicos","es","antes-del-viaje","sobre-polonia"],"articleSection":["Consejos Pr\u00e1cticos","Historia, idioma y m\u00e1s"],"inLanguage":"pl-PL"},{"@type":"WebPage","@id":"https:\/\/www.polonia.travel\/es\/polonia-historia-milenaria\/","url":"https:\/\/www.polonia.travel\/es\/polonia-historia-milenaria\/","name":"Polonia, historia milenaria - Polonia Travel (ES)","isPartOf":{"@id":"https:\/\/www.polonia.travel\/es\/#website"},"primaryImageOfPage":{"@id":"https:\/\/www.polonia.travel\/es\/polonia-historia-milenaria\/#primaryimage"},"image":{"@id":"https:\/\/www.polonia.travel\/es\/polonia-historia-milenaria\/#primaryimage"},"thumbnailUrl":"https:\/\/www.polonia.travel\/es\/wp-content\/uploads\/sites\/18\/2024\/08\/primavera-en-Cracovia-copia-2.jpg","datePublished":"2024-05-21T08:40:37+00:00","dateModified":"2024-08-13T15:01:39+00:00","breadcrumb":{"@id":"https:\/\/www.polonia.travel\/es\/polonia-historia-milenaria\/#breadcrumb"},"inLanguage":"pl-PL","potentialAction":[{"@type":"ReadAction","target":["https:\/\/www.polonia.travel\/es\/polonia-historia-milenaria\/"]}]},{"@type":"ImageObject","inLanguage":"pl-PL","@id":"https:\/\/www.polonia.travel\/es\/polonia-historia-milenaria\/#primaryimage","url":"https:\/\/www.polonia.travel\/es\/wp-content\/uploads\/sites\/18\/2024\/08\/primavera-en-Cracovia-copia-2.jpg","contentUrl":"https:\/\/www.polonia.travel\/es\/wp-content\/uploads\/sites\/18\/2024\/08\/primavera-en-Cracovia-copia-2.jpg","width":1128,"height":270},{"@type":"BreadcrumbList","@id":"https:\/\/www.polonia.travel\/es\/polonia-historia-milenaria\/#breadcrumb","itemListElement":[{"@type":"ListItem","position":1,"name":"Home page","item":"https:\/\/www.polonia.travel\/es\/"},{"@type":"ListItem","position":2,"name":"\u00bfC\u00f3mo viajar?","item":"https:\/\/www.polonia.travel\/es\/category\/como-viajar\/"},{"@type":"ListItem","position":3,"name":"Consejos Pr\u00e1cticos","item":"https:\/\/www.polonia.travel\/es\/category\/como-viajar\/consejos-practicos\/"},{"@type":"ListItem","position":4,"name":"Polonia, historia milenaria"}]},{"@type":"WebSite","@id":"https:\/\/www.polonia.travel\/es\/#website","url":"https:\/\/www.polonia.travel\/es\/","name":"Polonia Travel (ES)","description":"...","publisher":{"@id":"https:\/\/www.polonia.travel\/es\/#organization"},"potentialAction":[{"@type":"SearchAction","target":{"@type":"EntryPoint","urlTemplate":"https:\/\/www.polonia.travel\/es\/?s={search_term_string}"},"query-input":{"@type":"PropertyValueSpecification","valueRequired":true,"valueName":"search_term_string"}}],"inLanguage":"pl-PL"},{"@type":"Organization","@id":"https:\/\/www.polonia.travel\/es\/#organization","name":"Polonia Travel (ES)","url":"https:\/\/www.polonia.travel\/es\/","logo":{"@type":"ImageObject","inLanguage":"pl-PL","@id":"https:\/\/www.polonia.travel\/es\/#\/schema\/logo\/image\/","url":"","contentUrl":"","caption":"Polonia Travel (ES)"},"image":{"@id":"https:\/\/www.polonia.travel\/es\/#\/schema\/logo\/image\/"}},{"@type":"Person","@id":""}]}},"_links":{"self":[{"href":"https:\/\/www.polonia.travel\/es\/wp-json\/wp\/v2\/posts\/31034","targetHints":{"allow":["GET"]}}],"collection":[{"href":"https:\/\/www.polonia.travel\/es\/wp-json\/wp\/v2\/posts"}],"about":[{"href":"https:\/\/www.polonia.travel\/es\/wp-json\/wp\/v2\/types\/post"}],"author":[{"embeddable":true,"href":"https:\/\/www.polonia.travel\/es\/wp-json\/wp\/v2\/users\/1"}],"replies":[{"embeddable":true,"href":"https:\/\/www.polonia.travel\/es\/wp-json\/wp\/v2\/comments?post=31034"}],"version-history":[{"count":5,"href":"https:\/\/www.polonia.travel\/es\/wp-json\/wp\/v2\/posts\/31034\/revisions"}],"predecessor-version":[{"id":35333,"href":"https:\/\/www.polonia.travel\/es\/wp-json\/wp\/v2\/posts\/31034\/revisions\/35333"}],"wp:featuredmedia":[{"embeddable":true,"href":"https:\/\/www.polonia.travel\/es\/wp-json\/wp\/v2\/media\/35168"}],"wp:attachment":[{"href":"https:\/\/www.polonia.travel\/es\/wp-json\/wp\/v2\/media?parent=31034"}],"wp:term":[{"taxonomy":"category","embeddable":true,"href":"https:\/\/www.polonia.travel\/es\/wp-json\/wp\/v2\/categories?post=31034"}],"curies":[{"name":"wp","href":"https:\/\/api.w.org\/{rel}","templated":true}]}}